{"id":419588,"date":"2026-03-24T10:28:43","date_gmt":"2026-03-24T13:28:43","guid":{"rendered":"https:\/\/portaltela.pt\/noticias\/2026\/03\/24\/morreu-almeida-antunes-antigo-presidente-do-atletico\/"},"modified":"2026-03-24T10:28:43","modified_gmt":"2026-03-24T13:28:43","slug":"morreu-almeida-antunes-antigo-presidente-do-atletico","status":"publish","type":"post","link":"https:\/\/portaltela.pt\/desporto\/futebol\/2026\/03\/24\/morreu-almeida-antunes-antigo-presidente-do-atletico\/","title":{"rendered":"Morreu Almeida Antunes, antigo presidente do Atl\u00e9tico"},"content":{"rendered":"<p>O antigo presidente do Atl\u00e9tico, Jos\u00e9 de Almeida Antunes, faleceu nesta ter\u00e7a-feira aos 90 anos. Ficou conhecido pelo longo per\u00edodo \u00e0 frente da dire\u00e7\u00e3o do clube de Alc\u00e2ntara.<\/p>\n<p>O vel\u00f3rio est\u00e1 marcado para esta quinta-feira, a partir das 14h30, na Igreja Paroquial da Damaia.<\/p>\n<p>A crema\u00e7\u00e3o ocorre na sexta-feira, \u00e0s 10h30, em Barcarena.<\/p>\n<p>A fam\u00edlia enlutada recebeu publicamente condol\u00eancias da imprensa desportiva.<\/p>\n<p>Record reconhece a trajet\u00f3ria de Almeida Antunes e apresenta as condol\u00eancias \u00e0 fam\u00edlia.<\/p>\n","protected":false},"excerpt":{"rendered":"<ul>\n<li>Morreu esta ter\u00e7a-feira, aos 90 anos, Jos\u00e9 de Almeida Antunes, antigo presidente do Atl\u00e9tico, conhecido pela passagem longa pela dire\u00e7\u00e3o do clube de Alc\u00e2ntara.<\/li>\n<li>O vel\u00f3rio realiza-se quinta-feira, a partir das 14h30, na Igreja Paroquial da Damaia.<\/li>\n<li>A crema\u00e7\u00e3o est\u00e1 marcada para sexta-feira, \u00e0s 10h30, em Barcarena.<\/li>\n<li>A Record apresentou condol\u00eancias \u00e0 fam\u00edlia enlutada.<\/li>\n<\/ul>\n","protected":false},"author":2,"featured_media":419592,"comment_status":"closed","ping_status":"closed","sticky":false,"template":"","format":"standard","meta":{"footnotes":""},"categories":[21,24],"tags":[5366,152,32,506,41,30],"class_list":["post-419588","post","type-post","status-publish","format-standard","has-post-thumbnail","hentry","category-desporto","category-futebol","tag-alcantara","tag-desporto","tag-futebol","tag-imprensa","tag-noticia","tag-presidente"],"yoast_head":"<!-- This site is optimized with the Yoast SEO plugin v27.2 - https:\/\/yoast.com\/product\/yoast-seo-wordpress\/ -->\n<title>Morreu Almeida Antunes, antigo presidente do Atl\u00e9tico - Portal Tela Portugal<\/title>\n<meta name=\"robots\" content=\"index, follow, max-snippet:-1, max-image-preview:large, max-video-preview:-1\" \/>\n<meta property=\"og:locale\" content=\"pt_PT\" \/>\n<meta property=\"og:type\" content=\"article\" \/>\n<meta property=\"og:title\" content=\"Morreu Almeida Antunes, antigo presidente do Atl\u00e9tico - Portal Tela Portugal\" \/>\n<meta property=\"og:description\" content=\"Morreu esta ter\u00e7a-feira, aos 90 anos, Jos\u00e9 de Almeida Antunes, antigo presidente do Atl\u00e9tico, conhecido pela passagem longa pela dire\u00e7\u00e3o do clube de Alc\u00e2ntara. O vel\u00f3rio realiza-se quinta-feira, a partir das 14h30, na Igreja Paroquial da Damaia. A crema\u00e7\u00e3o est\u00e1 marcada para sexta-feira, \u00e0s 10h30, em Barcarena. A Record apresentou condol\u00eancias \u00e0 fam\u00edlia enlutada.\" \/>\n<meta property=\"og:url\" content=\"https:\/\/portaltela.pt\/noticias\/2026\/03\/24\/morreu-almeida-antunes-antigo-presidente-do-atletico\/\" \/>\n<meta property=\"og:site_name\" content=\"Portal Tela Portugal\" \/>\n<meta property=\"article:published_time\" content=\"2026-03-24T13:28:43+00:00\" \/>\n<meta name=\"author\" content=\"Telinha\" \/>\n<meta name=\"twitter:card\" content=\"summary_large_image\" \/>\n<meta name=\"twitter:label1\" content=\"Escrito por\" \/>\n\t<meta name=\"twitter:data1\" content=\"Telinha\" \/>\n<script type=\"application\/ld+json\" class=\"yoast-schema-graph\">{\"@context\":\"https:\/\/schema.org\",\"@graph\":[{\"@type\":\"Article\",\"@id\":\"https:\/\/portaltela.pt\/noticias\/2026\/03\/24\/morreu-almeida-antunes-antigo-presidente-do-atletico\/#article\",\"isPartOf\":{\"@id\":\"https:\/\/portaltela.pt\/noticias\/2026\/03\/24\/morreu-almeida-antunes-antigo-presidente-do-atletico\/\"},\"author\":{\"name\":\"Telinha\",\"@id\":\"https:\/\/portaltela.pt\/#\/schema\/person\/c4278d4a6028830caff9ee44b42d32ed\"},\"headline\":\"Morreu Almeida Antunes, antigo presidente do Atl\u00e9tico\",\"datePublished\":\"2026-03-24T13:28:43+00:00\",\"mainEntityOfPage\":{\"@id\":\"https:\/\/portaltela.pt\/noticias\/2026\/03\/24\/morreu-almeida-antunes-antigo-presidente-do-atletico\/\"},\"wordCount\":92,\"image\":{\"@id\":\"https:\/\/portaltela.pt\/noticias\/2026\/03\/24\/morreu-almeida-antunes-antigo-presidente-do-atletico\/#primaryimage\"},\"thumbnailUrl\":\"https:\/\/portaltela.pt\/s.01k8rhncp4jt1\/2026\/03\/img_920x518uu2014-08-07-02-06-00-891594.jpg\",\"keywords\":[\"Alc\u00e2ntara\",\"desporto\",\"futebol\",\"imprensa\",\"not\u00edcia\",\"presidente\"],\"articleSection\":[\"Desporto\",\"Futebol\"],\"inLanguage\":\"pt-PT\"},{\"@type\":\"WebPage\",\"@id\":\"https:\/\/portaltela.pt\/noticias\/2026\/03\/24\/morreu-almeida-antunes-antigo-presidente-do-atletico\/\",\"url\":\"https:\/\/portaltela.pt\/noticias\/2026\/03\/24\/morreu-almeida-antunes-antigo-presidente-do-atletico\/\",\"name\":\"Morreu Almeida Antunes, antigo presidente do Atl\u00e9tico - Portal Tela Portugal\",\"isPartOf\":{\"@id\":\"https:\/\/portaltela.pt\/#website\"},\"primaryImageOfPage\":{\"@id\":\"https:\/\/portaltela.pt\/noticias\/2026\/03\/24\/morreu-almeida-antunes-antigo-presidente-do-atletico\/#primaryimage\"},\"image\":{\"@id\":\"https:\/\/portaltela.pt\/noticias\/2026\/03\/24\/morreu-almeida-antunes-antigo-presidente-do-atletico\/#primaryimage\"},\"thumbnailUrl\":\"https:\/\/portaltela.pt\/s.01k8rhncp4jt1\/2026\/03\/img_920x518uu2014-08-07-02-06-00-891594.jpg\",\"datePublished\":\"2026-03-24T13:28:43+00:00\",\"author\":{\"@id\":\"https:\/\/portaltela.pt\/#\/schema\/person\/c4278d4a6028830caff9ee44b42d32ed\"},\"breadcrumb\":{\"@id\":\"https:\/\/portaltela.pt\/noticias\/2026\/03\/24\/morreu-almeida-antunes-antigo-presidente-do-atletico\/#breadcrumb\"},\"inLanguage\":\"pt-PT\",\"potentialAction\":[{\"@type\":\"ReadAction\",\"target\":[\"https:\/\/portaltela.pt\/noticias\/2026\/03\/24\/morreu-almeida-antunes-antigo-presidente-do-atletico\/\"]}]},{\"@type\":\"ImageObject\",\"inLanguage\":\"pt-PT\",\"@id\":\"https:\/\/portaltela.pt\/noticias\/2026\/03\/24\/morreu-almeida-antunes-antigo-presidente-do-atletico\/#primaryimage\",\"url\":\"https:\/\/portaltela.pt\/s.01k8rhncp4jt1\/2026\/03\/img_920x518uu2014-08-07-02-06-00-891594.jpg\",\"contentUrl\":\"https:\/\/portaltela.pt\/s.01k8rhncp4jt1\/2026\/03\/img_920x518uu2014-08-07-02-06-00-891594.jpg\",\"width\":796,\"height\":448,\"caption\":\"Almeida Antunes foi presidente do Atl\u00e9tico\"},{\"@type\":\"BreadcrumbList\",\"@id\":\"https:\/\/portaltela.pt\/noticias\/2026\/03\/24\/morreu-almeida-antunes-antigo-presidente-do-atletico\/#breadcrumb\",\"itemListElement\":[{\"@type\":\"ListItem\",\"position\":1,\"name\":\"In\u00edcio\",\"item\":\"https:\/\/portaltela.pt\/\"},{\"@type\":\"ListItem\",\"position\":2,\"name\":\"Morreu Almeida Antunes, antigo presidente do Atl\u00e9tico\"}]},{\"@type\":\"WebSite\",\"@id\":\"https:\/\/portaltela.pt\/#website\",\"url\":\"https:\/\/portaltela.pt\/\",\"name\":\"Portal Tela Portugal\",\"description\":\"\",\"potentialAction\":[{\"@type\":\"SearchAction\",\"target\":{\"@type\":\"EntryPoint\",\"urlTemplate\":\"https:\/\/portaltela.pt\/?s={search_term_string}\"},\"query-input\":{\"@type\":\"PropertyValueSpecification\",\"valueRequired\":true,\"valueName\":\"search_term_string\"}}],\"inLanguage\":\"pt-PT\"},{\"@type\":\"Person\",\"@id\":\"https:\/\/portaltela.pt\/#\/schema\/person\/c4278d4a6028830caff9ee44b42d32ed\",\"name\":\"Telinha\",\"image\":{\"@type\":\"ImageObject\",\"inLanguage\":\"pt-PT\",\"@id\":\"https:\/\/portaltela.pt\/s.01k8rhncp4jt1\/2025\/11\/talking-bot-125x125.png\",\"url\":\"https:\/\/portaltela.pt\/s.01k8rhncp4jt1\/2025\/11\/talking-bot-125x125.png\",\"contentUrl\":\"https:\/\/portaltela.pt\/s.01k8rhncp4jt1\/2025\/11\/talking-bot-125x125.png\",\"caption\":\"Telinha\"},\"sameAs\":[\"https:\/\/portaltela.pt\/\"],\"url\":\"https:\/\/portaltela.pt\/por\/367410592786\/\"}]}<\/script>\n<!-- \/ Yoast SEO plugin. -->","yoast_head_json":{"title":"Morreu Almeida Antunes, antigo presidente do Atl\u00e9tico - Portal Tela Portugal","robots":{"index":"index","follow":"follow","max-snippet":"max-snippet:-1","max-image-preview":"max-image-preview:large","max-video-preview":"max-video-preview:-1"},"og_locale":"pt_PT","og_type":"article","og_title":"Morreu Almeida Antunes, antigo presidente do Atl\u00e9tico - Portal Tela Portugal","og_description":"Morreu esta ter\u00e7a-feira, aos 90 anos, Jos\u00e9 de Almeida Antunes, antigo presidente do Atl\u00e9tico, conhecido pela passagem longa pela dire\u00e7\u00e3o do clube de Alc\u00e2ntara. O vel\u00f3rio realiza-se quinta-feira, a partir das 14h30, na Igreja Paroquial da Damaia. A crema\u00e7\u00e3o est\u00e1 marcada para sexta-feira, \u00e0s 10h30, em Barcarena. A Record apresentou condol\u00eancias \u00e0 fam\u00edlia enlutada.","og_url":"https:\/\/portaltela.pt\/noticias\/2026\/03\/24\/morreu-almeida-antunes-antigo-presidente-do-atletico\/","og_site_name":"Portal Tela Portugal","article_published_time":"2026-03-24T13:28:43+00:00","author":"Telinha","twitter_card":"summary_large_image","twitter_misc":{"Escrito por":"Telinha"},"schema":{"@context":"https:\/\/schema.org","@graph":[{"@type":"Article","@id":"https:\/\/portaltela.pt\/noticias\/2026\/03\/24\/morreu-almeida-antunes-antigo-presidente-do-atletico\/#article","isPartOf":{"@id":"https:\/\/portaltela.pt\/noticias\/2026\/03\/24\/morreu-almeida-antunes-antigo-presidente-do-atletico\/"},"author":{"name":"Telinha","@id":"https:\/\/portaltela.pt\/#\/schema\/person\/c4278d4a6028830caff9ee44b42d32ed"},"headline":"Morreu Almeida Antunes, antigo presidente do Atl\u00e9tico","datePublished":"2026-03-24T13:28:43+00:00","mainEntityOfPage":{"@id":"https:\/\/portaltela.pt\/noticias\/2026\/03\/24\/morreu-almeida-antunes-antigo-presidente-do-atletico\/"},"wordCount":92,"image":{"@id":"https:\/\/portaltela.pt\/noticias\/2026\/03\/24\/morreu-almeida-antunes-antigo-presidente-do-atletico\/#primaryimage"},"thumbnailUrl":"https:\/\/portaltela.pt\/s.01k8rhncp4jt1\/2026\/03\/img_920x518uu2014-08-07-02-06-00-891594.jpg","keywords":["Alc\u00e2ntara","desporto","futebol","imprensa","not\u00edcia","presidente"],"articleSection":["Desporto","Futebol"],"inLanguage":"pt-PT"},{"@type":"WebPage","@id":"https:\/\/portaltela.pt\/noticias\/2026\/03\/24\/morreu-almeida-antunes-antigo-presidente-do-atletico\/","url":"https:\/\/portaltela.pt\/noticias\/2026\/03\/24\/morreu-almeida-antunes-antigo-presidente-do-atletico\/","name":"Morreu Almeida Antunes, antigo presidente do Atl\u00e9tico - Portal Tela Portugal","isPartOf":{"@id":"https:\/\/portaltela.pt\/#website"},"primaryImageOfPage":{"@id":"https:\/\/portaltela.pt\/noticias\/2026\/03\/24\/morreu-almeida-antunes-antigo-presidente-do-atletico\/#primaryimage"},"image":{"@id":"https:\/\/portaltela.pt\/noticias\/2026\/03\/24\/morreu-almeida-antunes-antigo-presidente-do-atletico\/#primaryimage"},"thumbnailUrl":"https:\/\/portaltela.pt\/s.01k8rhncp4jt1\/2026\/03\/img_920x518uu2014-08-07-02-06-00-891594.jpg","datePublished":"2026-03-24T13:28:43+00:00","author":{"@id":"https:\/\/portaltela.pt\/#\/schema\/person\/c4278d4a6028830caff9ee44b42d32ed"},"breadcrumb":{"@id":"https:\/\/portaltela.pt\/noticias\/2026\/03\/24\/morreu-almeida-antunes-antigo-presidente-do-atletico\/#breadcrumb"},"inLanguage":"pt-PT","potentialAction":[{"@type":"ReadAction","target":["https:\/\/portaltela.pt\/noticias\/2026\/03\/24\/morreu-almeida-antunes-antigo-presidente-do-atletico\/"]}]},{"@type":"ImageObject","inLanguage":"pt-PT","@id":"https:\/\/portaltela.pt\/noticias\/2026\/03\/24\/morreu-almeida-antunes-antigo-presidente-do-atletico\/#primaryimage","url":"https:\/\/portaltela.pt\/s.01k8rhncp4jt1\/2026\/03\/img_920x518uu2014-08-07-02-06-00-891594.jpg","contentUrl":"https:\/\/portaltela.pt\/s.01k8rhncp4jt1\/2026\/03\/img_920x518uu2014-08-07-02-06-00-891594.jpg","width":796,"height":448,"caption":"Almeida Antunes foi presidente do Atl\u00e9tico"},{"@type":"BreadcrumbList","@id":"https:\/\/portaltela.pt\/noticias\/2026\/03\/24\/morreu-almeida-antunes-antigo-presidente-do-atletico\/#breadcrumb","itemListElement":[{"@type":"ListItem","position":1,"name":"In\u00edcio","item":"https:\/\/portaltela.pt\/"},{"@type":"ListItem","position":2,"name":"Morreu Almeida Antunes, antigo presidente do Atl\u00e9tico"}]},{"@type":"WebSite","@id":"https:\/\/portaltela.pt\/#website","url":"https:\/\/portaltela.pt\/","name":"Portal Tela Portugal","description":"","potentialAction":[{"@type":"SearchAction","target":{"@type":"EntryPoint","urlTemplate":"https:\/\/portaltela.pt\/?s={search_term_string}"},"query-input":{"@type":"PropertyValueSpecification","valueRequired":true,"valueName":"search_term_string"}}],"inLanguage":"pt-PT"},{"@type":"Person","@id":"https:\/\/portaltela.pt\/#\/schema\/person\/c4278d4a6028830caff9ee44b42d32ed","name":"Telinha","image":{"@type":"ImageObject","inLanguage":"pt-PT","@id":"https:\/\/portaltela.pt\/s.01k8rhncp4jt1\/2025\/11\/talking-bot-125x125.png","url":"https:\/\/portaltela.pt\/s.01k8rhncp4jt1\/2025\/11\/talking-bot-125x125.png","contentUrl":"https:\/\/portaltela.pt\/s.01k8rhncp4jt1\/2025\/11\/talking-bot-125x125.png","caption":"Telinha"},"sameAs":["https:\/\/portaltela.pt\/"],"url":"https:\/\/portaltela.pt\/por\/367410592786\/"}]}},"_links":{"self":[{"href":"https:\/\/portaltela.pt\/api\/wp\/v2\/posts\/419588","targetHints":{"allow":["GET"]}}],"collection":[{"href":"https:\/\/portaltela.pt\/api\/wp\/v2\/posts"}],"about":[{"href":"https:\/\/portaltela.pt\/api\/wp\/v2\/types\/post"}],"author":[{"embeddable":true,"href":"https:\/\/portaltela.pt\/api\/wp\/v2\/users\/2"}],"replies":[{"embeddable":true,"href":"https:\/\/portaltela.pt\/api\/wp\/v2\/comments?post=419588"}],"version-history":[{"count":0,"href":"https:\/\/portaltela.pt\/api\/wp\/v2\/posts\/419588\/revisions"}],"wp:featuredmedia":[{"embeddable":true,"href":"https:\/\/portaltela.pt\/api\/wp\/v2\/media\/419592"}],"wp:attachment":[{"href":"https:\/\/portaltela.pt\/api\/wp\/v2\/media?parent=419588"}],"wp:term":[{"taxonomy":"category","embeddable":true,"href":"https:\/\/portaltela.pt\/api\/wp\/v2\/categories?post=419588"},{"taxonomy":"post_tag","embeddable":true,"href":"https:\/\/portaltela.pt\/api\/wp\/v2\/tags?post=419588"}],"curies":[{"name":"wp","href":"https:\/\/api.w.org\/{rel}","templated":true}]}}