{"id":419587,"date":"2026-03-24T10:17:00","date_gmt":"2026-03-24T13:17:00","guid":{"rendered":"https:\/\/portaltela.pt\/noticias\/2026\/03\/24\/lateral-do-mainz-deixa-o-jogo-para-ir-a-casa-de-banho-durante-a-partida\/"},"modified":"2026-03-24T10:17:00","modified_gmt":"2026-03-24T13:17:00","slug":"lateral-do-mainz-deixa-o-jogo-para-ir-a-casa-de-banho-durante-a-partida","status":"publish","type":"post","link":"https:\/\/portaltela.pt\/desporto\/futebol\/2026\/03\/24\/lateral-do-mainz-deixa-o-jogo-para-ir-a-casa-de-banho-durante-a-partida\/","title":{"rendered":"Lateral do Mainz deixa o jogo para ir \u00e0 casa de banho durante a partida"},"content":{"rendered":"<p>O Mainz venceu o Sigma Olomouc por 2-0 nos oitavos da Liga Confer\u00eancia, no agregado, com a 2.\u00aa m\u00e3o a 19 deste m\u00eas. Aconteceu no campo de Mainz, num d\u00e9rbi de eliminat\u00f3ria, quando o jogo j\u00e1 estava decidido. Acontecimento ins\u00f3lito marcou o encontro em campo.<\/p>\n<p>Aos 85 minutos, Danny da Costa abandonou o terreno de jogo sem ter entrado em substitui\u00e7\u00e3o. O defesa, com ascend\u00eancia angolana e congolesa, pediu para sair por quest\u00f5es m\u00e9dicas, o que deixou o Mainz com um jogador a menos. O treinador n\u00e3o o substituiu de imediato.<\/p>\n<p>O jogador falou sobre o epis\u00f3dio num podcast, revelando que sentiu arrepios e uma press\u00e3o acentuada, e que j\u00e1 n\u00e3o conseguia manter o ritmo. A explica\u00e7\u00e3o envolveu uma indisposi\u00e7\u00e3o intestinal agravada por bebidas energ\u00e9ticas ingeridas ao intervalo.<\/p>\n<p>Ap\u00f3s o recuo para balne\u00e1rio, os analistas riram da situa\u00e7\u00e3o por terem as imagens. O epis\u00f3dio gerou humor no balne\u00e1rio, conforme relato de quem assistiu aos \u00faltimos minutos da partida.<\/p>\n<p>O t\u00e9cnico Urs Fischer comentou o incidente na confer\u00eancia de imprensa, dizendo que o momento foi inusitado e que a substitui\u00e7\u00e3o j\u00e1 tinha ficado conclu\u00edda quando o jogador regressou do balne\u00e1rio. A experi\u00eancia acabou por n\u00e3o alterar o resultado.<\/p>\n<p>O defesa Kak da Costa esteve envolvido no momento decisivo da eliminat\u00f3ria, que acabou com o Mainz a avan\u00e7ar na competi\u00e7\u00e3o. A hist\u00f3ria ganhou destaque por ter ocorrido em jogo oficial, com o atleta regressando posteriormente ao balne\u00e1rio.<\/p>\n","protected":false},"excerpt":{"rendered":"<ul>\n<li>O Mainz venceu o Sigma Olomouc por 2-0 nos oitavos de final da Liga Confer\u00eancia, mas o jogo de 19 deste m\u00eas ficou marcado por um momento inusitado.<\/li>\n<li>Aos 85 minutos, o lateral Danny da Costa abandonou o campo sem substitui\u00e7\u00e3o treinada, levando a equipa a ficar com dez jogadores.<\/li>\n<li>Da Costa explicou, no podcast Copa TS, que sentiu arrepios e precisava de ir \u00e0 casa de banho; s\u00f3 soube da substitui\u00e7\u00e3o quando regressou ao balne\u00e1rio.<\/li>\n<li>O defesa admitiu ter sido alvo de gozo no balne\u00e1rio, pois a situa\u00e7\u00e3o ficou gravada e os analistas fizeram piadas com os \u00faltimos minutos.<\/li>\n<li>O treinador Urs Fischer reconheceu o lado c\u00f3mico do epis\u00f3dio, dizendo ter sido dif\u00edcil perceber o que se passava, j\u00e1 que a substitui\u00e7\u00e3o j\u00e1 tinha acontecido quando ele tentou reentrar.<\/li>\n<\/ul>\n","protected":false},"author":2,"featured_media":419589,"comment_status":"closed","ping_status":"closed","sticky":false,"template":"","format":"standard","meta":{"footnotes":""},"categories":[21,24],"tags":[1603,2361,152,32,242,5903],"class_list":["post-419587","post","type-post","status-publish","format-standard","has-post-thumbnail","hentry","category-desporto","category-futebol","tag-alemanha","tag-conference-league","tag-desporto","tag-futebol","tag-jogadores","tag-republica-checa"],"yoast_head":"<!-- This site is optimized with the Yoast SEO plugin v27.2 - https:\/\/yoast.com\/product\/yoast-seo-wordpress\/ -->\n<title>Lateral do Mainz deixa o jogo para ir \u00e0 casa de banho durante a partida - Portal Tela Portugal<\/title>\n<meta name=\"robots\" content=\"index, follow, max-snippet:-1, max-image-preview:large, max-video-preview:-1\" \/>\n<meta property=\"og:locale\" content=\"pt_PT\" \/>\n<meta property=\"og:type\" content=\"article\" \/>\n<meta property=\"og:title\" content=\"Lateral do Mainz deixa o jogo para ir \u00e0 casa de banho durante a partida - Portal Tela Portugal\" \/>\n<meta property=\"og:description\" content=\"O Mainz venceu o Sigma Olomouc por 2-0 nos oitavos de final da Liga Confer\u00eancia, mas o jogo de 19 deste m\u00eas ficou marcado por um momento inusitado. Aos 85 minutos, o lateral Danny da Costa abandonou o campo sem substitui\u00e7\u00e3o treinada, levando a equipa a ficar com dez jogadores. Da Costa explicou, no podcast Copa TS, que sentiu arrepios e precisava de ir \u00e0 casa de banho; s\u00f3 soube da substitui\u00e7\u00e3o quando regressou ao balne\u00e1rio. O defesa admitiu ter sido alvo de gozo no balne\u00e1rio, pois a situa\u00e7\u00e3o ficou gravada e os analistas fizeram piadas com os \u00faltimos minutos. O treinador Urs Fischer reconheceu o lado c\u00f3mico do epis\u00f3dio, dizendo ter sido dif\u00edcil perceber o que se passava, j\u00e1 que a substitui\u00e7\u00e3o j\u00e1 tinha acontecido quando ele tentou reentrar.\" \/>\n<meta property=\"og:url\" content=\"https:\/\/portaltela.pt\/noticias\/2026\/03\/24\/lateral-do-mainz-deixa-o-jogo-para-ir-a-casa-de-banho-durante-a-partida\/\" \/>\n<meta property=\"og:site_name\" content=\"Portal Tela Portugal\" \/>\n<meta property=\"article:published_time\" content=\"2026-03-24T13:17:00+00:00\" \/>\n<meta name=\"author\" content=\"Telinha\" \/>\n<meta name=\"twitter:card\" content=\"summary_large_image\" \/>\n<meta name=\"twitter:label1\" content=\"Escrito por\" \/>\n\t<meta name=\"twitter:data1\" content=\"Telinha\" \/>\n\t<meta name=\"twitter:label2\" content=\"Tempo estimado de leitura\" \/>\n\t<meta name=\"twitter:data2\" content=\"1 minuto\" \/>\n<script type=\"application\/ld+json\" class=\"yoast-schema-graph\">{\"@context\":\"https:\/\/schema.org\",\"@graph\":[{\"@type\":\"Article\",\"@id\":\"https:\/\/portaltela.pt\/noticias\/2026\/03\/24\/lateral-do-mainz-deixa-o-jogo-para-ir-a-casa-de-banho-durante-a-partida\/#article\",\"isPartOf\":{\"@id\":\"https:\/\/portaltela.pt\/noticias\/2026\/03\/24\/lateral-do-mainz-deixa-o-jogo-para-ir-a-casa-de-banho-durante-a-partida\/\"},\"author\":{\"name\":\"Telinha\",\"@id\":\"https:\/\/portaltela.pt\/#\/schema\/person\/c4278d4a6028830caff9ee44b42d32ed\"},\"headline\":\"Lateral do Mainz deixa o jogo para ir \u00e0 casa de banho durante a partida\",\"datePublished\":\"2026-03-24T13:17:00+00:00\",\"mainEntityOfPage\":{\"@id\":\"https:\/\/portaltela.pt\/noticias\/2026\/03\/24\/lateral-do-mainz-deixa-o-jogo-para-ir-a-casa-de-banho-durante-a-partida\/\"},\"wordCount\":280,\"image\":{\"@id\":\"https:\/\/portaltela.pt\/noticias\/2026\/03\/24\/lateral-do-mainz-deixa-o-jogo-para-ir-a-casa-de-banho-durante-a-partida\/#primaryimage\"},\"thumbnailUrl\":\"https:\/\/portaltela.pt\/s.01k8rhncp4jt1\/2026\/03\/img_920x518uu2026-03-24-13-11-21-2429104-im-639099550769394571.jpg\",\"keywords\":[\"Alemanha\",\"Conference League\",\"desporto\",\"futebol\",\"jogadores\",\"Rep\u00fablica Checa\"],\"articleSection\":[\"Desporto\",\"Futebol\"],\"inLanguage\":\"pt-PT\"},{\"@type\":\"WebPage\",\"@id\":\"https:\/\/portaltela.pt\/noticias\/2026\/03\/24\/lateral-do-mainz-deixa-o-jogo-para-ir-a-casa-de-banho-durante-a-partida\/\",\"url\":\"https:\/\/portaltela.pt\/noticias\/2026\/03\/24\/lateral-do-mainz-deixa-o-jogo-para-ir-a-casa-de-banho-durante-a-partida\/\",\"name\":\"Lateral do Mainz deixa o jogo para ir \u00e0 casa de banho durante a partida - Portal Tela Portugal\",\"isPartOf\":{\"@id\":\"https:\/\/portaltela.pt\/#website\"},\"primaryImageOfPage\":{\"@id\":\"https:\/\/portaltela.pt\/noticias\/2026\/03\/24\/lateral-do-mainz-deixa-o-jogo-para-ir-a-casa-de-banho-durante-a-partida\/#primaryimage\"},\"image\":{\"@id\":\"https:\/\/portaltela.pt\/noticias\/2026\/03\/24\/lateral-do-mainz-deixa-o-jogo-para-ir-a-casa-de-banho-durante-a-partida\/#primaryimage\"},\"thumbnailUrl\":\"https:\/\/portaltela.pt\/s.01k8rhncp4jt1\/2026\/03\/img_920x518uu2026-03-24-13-11-21-2429104-im-639099550769394571.jpg\",\"datePublished\":\"2026-03-24T13:17:00+00:00\",\"author\":{\"@id\":\"https:\/\/portaltela.pt\/#\/schema\/person\/c4278d4a6028830caff9ee44b42d32ed\"},\"breadcrumb\":{\"@id\":\"https:\/\/portaltela.pt\/noticias\/2026\/03\/24\/lateral-do-mainz-deixa-o-jogo-para-ir-a-casa-de-banho-durante-a-partida\/#breadcrumb\"},\"inLanguage\":\"pt-PT\",\"potentialAction\":[{\"@type\":\"ReadAction\",\"target\":[\"https:\/\/portaltela.pt\/noticias\/2026\/03\/24\/lateral-do-mainz-deixa-o-jogo-para-ir-a-casa-de-banho-durante-a-partida\/\"]}]},{\"@type\":\"ImageObject\",\"inLanguage\":\"pt-PT\",\"@id\":\"https:\/\/portaltela.pt\/noticias\/2026\/03\/24\/lateral-do-mainz-deixa-o-jogo-para-ir-a-casa-de-banho-durante-a-partida\/#primaryimage\",\"url\":\"https:\/\/portaltela.pt\/s.01k8rhncp4jt1\/2026\/03\/img_920x518uu2026-03-24-13-11-21-2429104-im-639099550769394571.jpg\",\"contentUrl\":\"https:\/\/portaltela.pt\/s.01k8rhncp4jt1\/2026\/03\/img_920x518uu2026-03-24-13-11-21-2429104-im-639099550769394571.jpg\",\"width\":796,\"height\":448,\"caption\":\"Danny da Costa, jogador do Mainz, viveu epis\u00f3dio surreal\"},{\"@type\":\"BreadcrumbList\",\"@id\":\"https:\/\/portaltela.pt\/noticias\/2026\/03\/24\/lateral-do-mainz-deixa-o-jogo-para-ir-a-casa-de-banho-durante-a-partida\/#breadcrumb\",\"itemListElement\":[{\"@type\":\"ListItem\",\"position\":1,\"name\":\"In\u00edcio\",\"item\":\"https:\/\/portaltela.pt\/\"},{\"@type\":\"ListItem\",\"position\":2,\"name\":\"Lateral do Mainz deixa o jogo para ir \u00e0 casa de banho durante a partida\"}]},{\"@type\":\"WebSite\",\"@id\":\"https:\/\/portaltela.pt\/#website\",\"url\":\"https:\/\/portaltela.pt\/\",\"name\":\"Portal Tela Portugal\",\"description\":\"\",\"potentialAction\":[{\"@type\":\"SearchAction\",\"target\":{\"@type\":\"EntryPoint\",\"urlTemplate\":\"https:\/\/portaltela.pt\/?s={search_term_string}\"},\"query-input\":{\"@type\":\"PropertyValueSpecification\",\"valueRequired\":true,\"valueName\":\"search_term_string\"}}],\"inLanguage\":\"pt-PT\"},{\"@type\":\"Person\",\"@id\":\"https:\/\/portaltela.pt\/#\/schema\/person\/c4278d4a6028830caff9ee44b42d32ed\",\"name\":\"Telinha\",\"image\":{\"@type\":\"ImageObject\",\"inLanguage\":\"pt-PT\",\"@id\":\"https:\/\/portaltela.pt\/s.01k8rhncp4jt1\/2025\/11\/talking-bot-125x125.png\",\"url\":\"https:\/\/portaltela.pt\/s.01k8rhncp4jt1\/2025\/11\/talking-bot-125x125.png\",\"contentUrl\":\"https:\/\/portaltela.pt\/s.01k8rhncp4jt1\/2025\/11\/talking-bot-125x125.png\",\"caption\":\"Telinha\"},\"sameAs\":[\"https:\/\/portaltela.pt\/\"],\"url\":\"https:\/\/portaltela.pt\/por\/367410592786\/\"}]}<\/script>\n<!-- \/ Yoast SEO plugin. -->","yoast_head_json":{"title":"Lateral do Mainz deixa o jogo para ir \u00e0 casa de banho durante a partida - Portal Tela Portugal","robots":{"index":"index","follow":"follow","max-snippet":"max-snippet:-1","max-image-preview":"max-image-preview:large","max-video-preview":"max-video-preview:-1"},"og_locale":"pt_PT","og_type":"article","og_title":"Lateral do Mainz deixa o jogo para ir \u00e0 casa de banho durante a partida - Portal Tela Portugal","og_description":"O Mainz venceu o Sigma Olomouc por 2-0 nos oitavos de final da Liga Confer\u00eancia, mas o jogo de 19 deste m\u00eas ficou marcado por um momento inusitado. Aos 85 minutos, o lateral Danny da Costa abandonou o campo sem substitui\u00e7\u00e3o treinada, levando a equipa a ficar com dez jogadores. Da Costa explicou, no podcast Copa TS, que sentiu arrepios e precisava de ir \u00e0 casa de banho; s\u00f3 soube da substitui\u00e7\u00e3o quando regressou ao balne\u00e1rio. O defesa admitiu ter sido alvo de gozo no balne\u00e1rio, pois a situa\u00e7\u00e3o ficou gravada e os analistas fizeram piadas com os \u00faltimos minutos. O treinador Urs Fischer reconheceu o lado c\u00f3mico do epis\u00f3dio, dizendo ter sido dif\u00edcil perceber o que se passava, j\u00e1 que a substitui\u00e7\u00e3o j\u00e1 tinha acontecido quando ele tentou reentrar.","og_url":"https:\/\/portaltela.pt\/noticias\/2026\/03\/24\/lateral-do-mainz-deixa-o-jogo-para-ir-a-casa-de-banho-durante-a-partida\/","og_site_name":"Portal Tela Portugal","article_published_time":"2026-03-24T13:17:00+00:00","author":"Telinha","twitter_card":"summary_large_image","twitter_misc":{"Escrito por":"Telinha","Tempo estimado de leitura":"1 minuto"},"schema":{"@context":"https:\/\/schema.org","@graph":[{"@type":"Article","@id":"https:\/\/portaltela.pt\/noticias\/2026\/03\/24\/lateral-do-mainz-deixa-o-jogo-para-ir-a-casa-de-banho-durante-a-partida\/#article","isPartOf":{"@id":"https:\/\/portaltela.pt\/noticias\/2026\/03\/24\/lateral-do-mainz-deixa-o-jogo-para-ir-a-casa-de-banho-durante-a-partida\/"},"author":{"name":"Telinha","@id":"https:\/\/portaltela.pt\/#\/schema\/person\/c4278d4a6028830caff9ee44b42d32ed"},"headline":"Lateral do Mainz deixa o jogo para ir \u00e0 casa de banho durante a partida","datePublished":"2026-03-24T13:17:00+00:00","mainEntityOfPage":{"@id":"https:\/\/portaltela.pt\/noticias\/2026\/03\/24\/lateral-do-mainz-deixa-o-jogo-para-ir-a-casa-de-banho-durante-a-partida\/"},"wordCount":280,"image":{"@id":"https:\/\/portaltela.pt\/noticias\/2026\/03\/24\/lateral-do-mainz-deixa-o-jogo-para-ir-a-casa-de-banho-durante-a-partida\/#primaryimage"},"thumbnailUrl":"https:\/\/portaltela.pt\/s.01k8rhncp4jt1\/2026\/03\/img_920x518uu2026-03-24-13-11-21-2429104-im-639099550769394571.jpg","keywords":["Alemanha","Conference League","desporto","futebol","jogadores","Rep\u00fablica Checa"],"articleSection":["Desporto","Futebol"],"inLanguage":"pt-PT"},{"@type":"WebPage","@id":"https:\/\/portaltela.pt\/noticias\/2026\/03\/24\/lateral-do-mainz-deixa-o-jogo-para-ir-a-casa-de-banho-durante-a-partida\/","url":"https:\/\/portaltela.pt\/noticias\/2026\/03\/24\/lateral-do-mainz-deixa-o-jogo-para-ir-a-casa-de-banho-durante-a-partida\/","name":"Lateral do Mainz deixa o jogo para ir \u00e0 casa de banho durante a partida - Portal Tela Portugal","isPartOf":{"@id":"https:\/\/portaltela.pt\/#website"},"primaryImageOfPage":{"@id":"https:\/\/portaltela.pt\/noticias\/2026\/03\/24\/lateral-do-mainz-deixa-o-jogo-para-ir-a-casa-de-banho-durante-a-partida\/#primaryimage"},"image":{"@id":"https:\/\/portaltela.pt\/noticias\/2026\/03\/24\/lateral-do-mainz-deixa-o-jogo-para-ir-a-casa-de-banho-durante-a-partida\/#primaryimage"},"thumbnailUrl":"https:\/\/portaltela.pt\/s.01k8rhncp4jt1\/2026\/03\/img_920x518uu2026-03-24-13-11-21-2429104-im-639099550769394571.jpg","datePublished":"2026-03-24T13:17:00+00:00","author":{"@id":"https:\/\/portaltela.pt\/#\/schema\/person\/c4278d4a6028830caff9ee44b42d32ed"},"breadcrumb":{"@id":"https:\/\/portaltela.pt\/noticias\/2026\/03\/24\/lateral-do-mainz-deixa-o-jogo-para-ir-a-casa-de-banho-durante-a-partida\/#breadcrumb"},"inLanguage":"pt-PT","potentialAction":[{"@type":"ReadAction","target":["https:\/\/portaltela.pt\/noticias\/2026\/03\/24\/lateral-do-mainz-deixa-o-jogo-para-ir-a-casa-de-banho-durante-a-partida\/"]}]},{"@type":"ImageObject","inLanguage":"pt-PT","@id":"https:\/\/portaltela.pt\/noticias\/2026\/03\/24\/lateral-do-mainz-deixa-o-jogo-para-ir-a-casa-de-banho-durante-a-partida\/#primaryimage","url":"https:\/\/portaltela.pt\/s.01k8rhncp4jt1\/2026\/03\/img_920x518uu2026-03-24-13-11-21-2429104-im-639099550769394571.jpg","contentUrl":"https:\/\/portaltela.pt\/s.01k8rhncp4jt1\/2026\/03\/img_920x518uu2026-03-24-13-11-21-2429104-im-639099550769394571.jpg","width":796,"height":448,"caption":"Danny da Costa, jogador do Mainz, viveu epis\u00f3dio surreal"},{"@type":"BreadcrumbList","@id":"https:\/\/portaltela.pt\/noticias\/2026\/03\/24\/lateral-do-mainz-deixa-o-jogo-para-ir-a-casa-de-banho-durante-a-partida\/#breadcrumb","itemListElement":[{"@type":"ListItem","position":1,"name":"In\u00edcio","item":"https:\/\/portaltela.pt\/"},{"@type":"ListItem","position":2,"name":"Lateral do Mainz deixa o jogo para ir \u00e0 casa de banho durante a partida"}]},{"@type":"WebSite","@id":"https:\/\/portaltela.pt\/#website","url":"https:\/\/portaltela.pt\/","name":"Portal Tela Portugal","description":"","potentialAction":[{"@type":"SearchAction","target":{"@type":"EntryPoint","urlTemplate":"https:\/\/portaltela.pt\/?s={search_term_string}"},"query-input":{"@type":"PropertyValueSpecification","valueRequired":true,"valueName":"search_term_string"}}],"inLanguage":"pt-PT"},{"@type":"Person","@id":"https:\/\/portaltela.pt\/#\/schema\/person\/c4278d4a6028830caff9ee44b42d32ed","name":"Telinha","image":{"@type":"ImageObject","inLanguage":"pt-PT","@id":"https:\/\/portaltela.pt\/s.01k8rhncp4jt1\/2025\/11\/talking-bot-125x125.png","url":"https:\/\/portaltela.pt\/s.01k8rhncp4jt1\/2025\/11\/talking-bot-125x125.png","contentUrl":"https:\/\/portaltela.pt\/s.01k8rhncp4jt1\/2025\/11\/talking-bot-125x125.png","caption":"Telinha"},"sameAs":["https:\/\/portaltela.pt\/"],"url":"https:\/\/portaltela.pt\/por\/367410592786\/"}]}},"_links":{"self":[{"href":"https:\/\/portaltela.pt\/api\/wp\/v2\/posts\/419587","targetHints":{"allow":["GET"]}}],"collection":[{"href":"https:\/\/portaltela.pt\/api\/wp\/v2\/posts"}],"about":[{"href":"https:\/\/portaltela.pt\/api\/wp\/v2\/types\/post"}],"author":[{"embeddable":true,"href":"https:\/\/portaltela.pt\/api\/wp\/v2\/users\/2"}],"replies":[{"embeddable":true,"href":"https:\/\/portaltela.pt\/api\/wp\/v2\/comments?post=419587"}],"version-history":[{"count":0,"href":"https:\/\/portaltela.pt\/api\/wp\/v2\/posts\/419587\/revisions"}],"wp:featuredmedia":[{"embeddable":true,"href":"https:\/\/portaltela.pt\/api\/wp\/v2\/media\/419589"}],"wp:attachment":[{"href":"https:\/\/portaltela.pt\/api\/wp\/v2\/media?parent=419587"}],"wp:term":[{"taxonomy":"category","embeddable":true,"href":"https:\/\/portaltela.pt\/api\/wp\/v2\/categories?post=419587"},{"taxonomy":"post_tag","embeddable":true,"href":"https:\/\/portaltela.pt\/api\/wp\/v2\/tags?post=419587"}],"curies":[{"name":"wp","href":"https:\/\/api.w.org\/{rel}","templated":true}]}}