{"id":419584,"date":"2026-03-24T10:23:00","date_gmt":"2026-03-24T13:23:00","guid":{"rendered":"https:\/\/portaltela.pt\/noticias\/2026\/03\/24\/nuno-melo-defende-papel-insubstituivel-do-cds-e-critica-proclamacoes-do-chega\/"},"modified":"2026-03-24T10:23:00","modified_gmt":"2026-03-24T13:23:00","slug":"nuno-melo-defende-papel-insubstituivel-do-cds-e-critica-proclamacoes-do-chega","status":"publish","type":"post","link":"https:\/\/portaltela.pt\/noticias\/politica\/2026\/03\/24\/nuno-melo-defende-papel-insubstituivel-do-cds-e-critica-proclamacoes-do-chega\/","title":{"rendered":"Nuno Melo defende papel insubstitu\u00edvel do CDS e critica proclama\u00e7\u00f5es do Chega"},"content":{"rendered":"<p>Nuno Melo, l\u00edder do CDS-PP, afirmou que o partido \u00e9 insubstitu\u00edvel no sistema pol\u00edtico portugu\u00eas e que o regresso dos centristas \u00e0 Assembleia da Rep\u00fablica representa um passo determinante para o pa\u00eds. O presidente centrista descreveu o CDS como uma for\u00e7a de confian\u00e7a.<\/p>\n<p>O dirigente sustentou que o CDS representa a tradi\u00e7\u00e3o da democracia crist\u00e3 em Portugal, defendendo que nenhum outro partido a representa plenamente. Afirmou ainda que a utilidade pol\u00edtica n\u00e3o resulta de jarg\u00f5es ou proclama\u00e7\u00f5es, mas da capacidade de apresentar solu\u00e7\u00f5es.<\/p>\n<p>No encerramento das jornadas parlamentares do CDS-PP, realizado no Parlamento, Melo destacou o retorno do partido \u00e0 AR ap\u00f3s ter ficado sem representa\u00e7\u00e3o nas legislativas de 2022. O regresso ocorreu em 2024, numa coliga\u00e7\u00e3o com o PSD.<\/p>\n<p>Melo reconheceu que a coliga\u00e7\u00e3o com o PSD foi determinante para a vit\u00f3ria contra o centro-esquerda e para abrir uma \u201cnova esperan\u00e7a\u201d para Portugal. Acrescentou que a uni\u00e3o de esfor\u00e7os ajudou a reposicionar a direita.<\/p>\n<p>O l\u00edder ressaltou ainda a import\u00e2ncia hist\u00f3rica da democracia crist\u00e3 na constru\u00e7\u00e3o da Uni\u00e3o Europeia e a sua continuidade no PPE, grupo ao qual o CDS-PP e o PSD pertencem. Este enquadramento \u00e9 apresentado como fundamenta\u00e7\u00e3o ideol\u00f3gica.<\/p>\n<p>Outra vertente destacada por Melo foi a qualidade dos quadros do CDS e da Juventude Popular, considerados um \u201cviveiro permanente de talentos\u201d com atua\u00e7\u00e3o em v\u00e1rias institui\u00e7\u00f5es, desde a AR ao Parlamento Europeu.<\/p>\n<p>Por fim, o dirigente apontou a confiabilidade como fator-chave para a longevidade do partido. Reiterou que o valor pol\u00edtico resulta da capacidade de oferecer solu\u00e7\u00f5es concretas, n\u00e3o apenas da ret\u00f3rica.<\/p>\n","protected":false},"excerpt":{"rendered":"<ul>\n<li>O l\u00edder do CDS-PP, Nuno Melo, afirmou que o CDS \u00e9 insubstitu\u00edvel no sistema pol\u00edtico portugu\u00eas e representa a social-democracia crist\u00e3.<\/li>\n<li>Afirmou que o regresso dos centristas ao Parlamento, em 2024, ocorreu numa coliga\u00e7\u00e3o com o PSD e abriu uma \u201cnova esperan\u00e7a\u201d para o pa\u00eds.<\/li>\n<li>Criticou, sem mencionar o nome, as proclama\u00e7\u00f5es do Chega, defendendo que a utilidade pol\u00edtica est\u00e1 nas solu\u00e7\u00f5es, n\u00e3o em jarg\u00f5es de direita.<\/li>\n<li>Enfatizou a import\u00e2ncia hist\u00f3rica da democracia crist\u00e3 na constru\u00e7\u00e3o da Uni\u00e3o Europeia e a sua continua\u00e7\u00e3o no Partido Popular Europeu (PPE), que inclui CDS-PP e PSD.<\/li>\n<li>Destacou o \u201cviveiro de talentos\u201d na Juventude Popular e destacou que a confiabilidade do partido vem da capacidade de apresentar solu\u00e7\u00f5es, n\u00e3o de declara\u00e7\u00f5es ideol\u00f3gicas.<\/li>\n<\/ul>\n","protected":false},"author":2,"featured_media":419586,"comment_status":"closed","ping_status":"closed","sticky":false,"template":"","format":"standard","meta":{"footnotes":""},"categories":[1,5],"tags":[1849,2478,2832,3695,2458,2055],"class_list":["post-419584","post","type-post","status-publish","format-standard","has-post-thumbnail","hentry","category-noticias","category-politica","tag-aliancas","tag-cds","tag-politica","tag-psd","tag-psd-cds","tag-uniao-europeia"],"yoast_head":"<!-- This site is optimized with the Yoast SEO plugin v27.2 - https:\/\/yoast.com\/product\/yoast-seo-wordpress\/ -->\n<title>Nuno Melo defende papel insubstitu\u00edvel do CDS e critica proclama\u00e7\u00f5es do Chega - Portal Tela Portugal<\/title>\n<meta name=\"robots\" content=\"index, follow, max-snippet:-1, max-image-preview:large, max-video-preview:-1\" \/>\n<meta property=\"og:locale\" content=\"pt_PT\" \/>\n<meta property=\"og:type\" content=\"article\" \/>\n<meta property=\"og:title\" content=\"Nuno Melo defende papel insubstitu\u00edvel do CDS e critica proclama\u00e7\u00f5es do Chega - Portal Tela Portugal\" \/>\n<meta property=\"og:description\" content=\"O l\u00edder do CDS-PP, Nuno Melo, afirmou que o CDS \u00e9 insubstitu\u00edvel no sistema pol\u00edtico portugu\u00eas e representa a social-democracia crist\u00e3. Afirmou que o regresso dos centristas ao Parlamento, em 2024, ocorreu numa coliga\u00e7\u00e3o com o PSD e abriu uma \u201cnova esperan\u00e7a\u201d para o pa\u00eds. Criticou, sem mencionar o nome, as proclama\u00e7\u00f5es do Chega, defendendo que a utilidade pol\u00edtica est\u00e1 nas solu\u00e7\u00f5es, n\u00e3o em jarg\u00f5es de direita. Enfatizou a import\u00e2ncia hist\u00f3rica da democracia crist\u00e3 na constru\u00e7\u00e3o da Uni\u00e3o Europeia e a sua continua\u00e7\u00e3o no Partido Popular Europeu (PPE), que inclui CDS-PP e PSD. Destacou o \u201cviveiro de talentos\u201d na Juventude Popular e destacou que a confiabilidade do partido vem da capacidade de apresentar solu\u00e7\u00f5es, n\u00e3o de declara\u00e7\u00f5es ideol\u00f3gicas.\" \/>\n<meta property=\"og:url\" content=\"https:\/\/portaltela.pt\/noticias\/2026\/03\/24\/nuno-melo-defende-papel-insubstituivel-do-cds-e-critica-proclamacoes-do-chega\/\" \/>\n<meta property=\"og:site_name\" content=\"Portal Tela Portugal\" \/>\n<meta property=\"article:published_time\" content=\"2026-03-24T13:23:00+00:00\" \/>\n<meta name=\"author\" content=\"Telinha\" \/>\n<meta name=\"twitter:card\" content=\"summary_large_image\" \/>\n<meta name=\"twitter:label1\" content=\"Escrito por\" \/>\n\t<meta name=\"twitter:data1\" content=\"Telinha\" \/>\n\t<meta name=\"twitter:label2\" content=\"Tempo estimado de leitura\" \/>\n\t<meta name=\"twitter:data2\" content=\"1 minuto\" \/>\n<script type=\"application\/ld+json\" class=\"yoast-schema-graph\">{\"@context\":\"https:\/\/schema.org\",\"@graph\":[{\"@type\":\"Article\",\"@id\":\"https:\/\/portaltela.pt\/noticias\/2026\/03\/24\/nuno-melo-defende-papel-insubstituivel-do-cds-e-critica-proclamacoes-do-chega\/#article\",\"isPartOf\":{\"@id\":\"https:\/\/portaltela.pt\/noticias\/2026\/03\/24\/nuno-melo-defende-papel-insubstituivel-do-cds-e-critica-proclamacoes-do-chega\/\"},\"author\":{\"name\":\"Telinha\",\"@id\":\"https:\/\/portaltela.pt\/#\/schema\/person\/c4278d4a6028830caff9ee44b42d32ed\"},\"headline\":\"Nuno Melo defende papel insubstitu\u00edvel do CDS e critica proclama\u00e7\u00f5es do Chega\",\"datePublished\":\"2026-03-24T13:23:00+00:00\",\"mainEntityOfPage\":{\"@id\":\"https:\/\/portaltela.pt\/noticias\/2026\/03\/24\/nuno-melo-defende-papel-insubstituivel-do-cds-e-critica-proclamacoes-do-chega\/\"},\"wordCount\":299,\"image\":{\"@id\":\"https:\/\/portaltela.pt\/noticias\/2026\/03\/24\/nuno-melo-defende-papel-insubstituivel-do-cds-e-critica-proclamacoes-do-chega\/#primaryimage\"},\"thumbnailUrl\":\"https:\/\/portaltela.pt\/s.01k8rhncp4jt1\/2026\/03\/2076521.jpg\",\"keywords\":[\"alian\u00e7as\",\"CDS\",\"pol\u00edtica\",\"PSD\",\"PSD\/CDS\",\"Uni\u00e3o Europeia\"],\"articleSection\":[\"Not\u00edcias\",\"Pol\u00edtica\"],\"inLanguage\":\"pt-PT\"},{\"@type\":\"WebPage\",\"@id\":\"https:\/\/portaltela.pt\/noticias\/2026\/03\/24\/nuno-melo-defende-papel-insubstituivel-do-cds-e-critica-proclamacoes-do-chega\/\",\"url\":\"https:\/\/portaltela.pt\/noticias\/2026\/03\/24\/nuno-melo-defende-papel-insubstituivel-do-cds-e-critica-proclamacoes-do-chega\/\",\"name\":\"Nuno Melo defende papel insubstitu\u00edvel do CDS e critica proclama\u00e7\u00f5es do Chega - Portal Tela Portugal\",\"isPartOf\":{\"@id\":\"https:\/\/portaltela.pt\/#website\"},\"primaryImageOfPage\":{\"@id\":\"https:\/\/portaltela.pt\/noticias\/2026\/03\/24\/nuno-melo-defende-papel-insubstituivel-do-cds-e-critica-proclamacoes-do-chega\/#primaryimage\"},\"image\":{\"@id\":\"https:\/\/portaltela.pt\/noticias\/2026\/03\/24\/nuno-melo-defende-papel-insubstituivel-do-cds-e-critica-proclamacoes-do-chega\/#primaryimage\"},\"thumbnailUrl\":\"https:\/\/portaltela.pt\/s.01k8rhncp4jt1\/2026\/03\/2076521.jpg\",\"datePublished\":\"2026-03-24T13:23:00+00:00\",\"author\":{\"@id\":\"https:\/\/portaltela.pt\/#\/schema\/person\/c4278d4a6028830caff9ee44b42d32ed\"},\"breadcrumb\":{\"@id\":\"https:\/\/portaltela.pt\/noticias\/2026\/03\/24\/nuno-melo-defende-papel-insubstituivel-do-cds-e-critica-proclamacoes-do-chega\/#breadcrumb\"},\"inLanguage\":\"pt-PT\",\"potentialAction\":[{\"@type\":\"ReadAction\",\"target\":[\"https:\/\/portaltela.pt\/noticias\/2026\/03\/24\/nuno-melo-defende-papel-insubstituivel-do-cds-e-critica-proclamacoes-do-chega\/\"]}]},{\"@type\":\"ImageObject\",\"inLanguage\":\"pt-PT\",\"@id\":\"https:\/\/portaltela.pt\/noticias\/2026\/03\/24\/nuno-melo-defende-papel-insubstituivel-do-cds-e-critica-proclamacoes-do-chega\/#primaryimage\",\"url\":\"https:\/\/portaltela.pt\/s.01k8rhncp4jt1\/2026\/03\/2076521.jpg\",\"contentUrl\":\"https:\/\/portaltela.pt\/s.01k8rhncp4jt1\/2026\/03\/2076521.jpg\",\"width\":796,\"height\":448,\"caption\":\"O presidente do CDS-PP, Nuno Melo, fez o discurso de encerramento das jornadas parlamentares do partido\"},{\"@type\":\"BreadcrumbList\",\"@id\":\"https:\/\/portaltela.pt\/noticias\/2026\/03\/24\/nuno-melo-defende-papel-insubstituivel-do-cds-e-critica-proclamacoes-do-chega\/#breadcrumb\",\"itemListElement\":[{\"@type\":\"ListItem\",\"position\":1,\"name\":\"In\u00edcio\",\"item\":\"https:\/\/portaltela.pt\/\"},{\"@type\":\"ListItem\",\"position\":2,\"name\":\"Nuno Melo defende papel insubstitu\u00edvel do CDS e critica proclama\u00e7\u00f5es do Chega\"}]},{\"@type\":\"WebSite\",\"@id\":\"https:\/\/portaltela.pt\/#website\",\"url\":\"https:\/\/portaltela.pt\/\",\"name\":\"Portal Tela Portugal\",\"description\":\"\",\"potentialAction\":[{\"@type\":\"SearchAction\",\"target\":{\"@type\":\"EntryPoint\",\"urlTemplate\":\"https:\/\/portaltela.pt\/?s={search_term_string}\"},\"query-input\":{\"@type\":\"PropertyValueSpecification\",\"valueRequired\":true,\"valueName\":\"search_term_string\"}}],\"inLanguage\":\"pt-PT\"},{\"@type\":\"Person\",\"@id\":\"https:\/\/portaltela.pt\/#\/schema\/person\/c4278d4a6028830caff9ee44b42d32ed\",\"name\":\"Telinha\",\"image\":{\"@type\":\"ImageObject\",\"inLanguage\":\"pt-PT\",\"@id\":\"https:\/\/portaltela.pt\/s.01k8rhncp4jt1\/2025\/11\/talking-bot-125x125.png\",\"url\":\"https:\/\/portaltela.pt\/s.01k8rhncp4jt1\/2025\/11\/talking-bot-125x125.png\",\"contentUrl\":\"https:\/\/portaltela.pt\/s.01k8rhncp4jt1\/2025\/11\/talking-bot-125x125.png\",\"caption\":\"Telinha\"},\"sameAs\":[\"https:\/\/portaltela.pt\/\"],\"url\":\"https:\/\/portaltela.pt\/por\/367410592786\/\"}]}<\/script>\n<!-- \/ Yoast SEO plugin. -->","yoast_head_json":{"title":"Nuno Melo defende papel insubstitu\u00edvel do CDS e critica proclama\u00e7\u00f5es do Chega - Portal Tela Portugal","robots":{"index":"index","follow":"follow","max-snippet":"max-snippet:-1","max-image-preview":"max-image-preview:large","max-video-preview":"max-video-preview:-1"},"og_locale":"pt_PT","og_type":"article","og_title":"Nuno Melo defende papel insubstitu\u00edvel do CDS e critica proclama\u00e7\u00f5es do Chega - Portal Tela Portugal","og_description":"O l\u00edder do CDS-PP, Nuno Melo, afirmou que o CDS \u00e9 insubstitu\u00edvel no sistema pol\u00edtico portugu\u00eas e representa a social-democracia crist\u00e3. Afirmou que o regresso dos centristas ao Parlamento, em 2024, ocorreu numa coliga\u00e7\u00e3o com o PSD e abriu uma \u201cnova esperan\u00e7a\u201d para o pa\u00eds. Criticou, sem mencionar o nome, as proclama\u00e7\u00f5es do Chega, defendendo que a utilidade pol\u00edtica est\u00e1 nas solu\u00e7\u00f5es, n\u00e3o em jarg\u00f5es de direita. Enfatizou a import\u00e2ncia hist\u00f3rica da democracia crist\u00e3 na constru\u00e7\u00e3o da Uni\u00e3o Europeia e a sua continua\u00e7\u00e3o no Partido Popular Europeu (PPE), que inclui CDS-PP e PSD. Destacou o \u201cviveiro de talentos\u201d na Juventude Popular e destacou que a confiabilidade do partido vem da capacidade de apresentar solu\u00e7\u00f5es, n\u00e3o de declara\u00e7\u00f5es ideol\u00f3gicas.","og_url":"https:\/\/portaltela.pt\/noticias\/2026\/03\/24\/nuno-melo-defende-papel-insubstituivel-do-cds-e-critica-proclamacoes-do-chega\/","og_site_name":"Portal Tela Portugal","article_published_time":"2026-03-24T13:23:00+00:00","author":"Telinha","twitter_card":"summary_large_image","twitter_misc":{"Escrito por":"Telinha","Tempo estimado de leitura":"1 minuto"},"schema":{"@context":"https:\/\/schema.org","@graph":[{"@type":"Article","@id":"https:\/\/portaltela.pt\/noticias\/2026\/03\/24\/nuno-melo-defende-papel-insubstituivel-do-cds-e-critica-proclamacoes-do-chega\/#article","isPartOf":{"@id":"https:\/\/portaltela.pt\/noticias\/2026\/03\/24\/nuno-melo-defende-papel-insubstituivel-do-cds-e-critica-proclamacoes-do-chega\/"},"author":{"name":"Telinha","@id":"https:\/\/portaltela.pt\/#\/schema\/person\/c4278d4a6028830caff9ee44b42d32ed"},"headline":"Nuno Melo defende papel insubstitu\u00edvel do CDS e critica proclama\u00e7\u00f5es do Chega","datePublished":"2026-03-24T13:23:00+00:00","mainEntityOfPage":{"@id":"https:\/\/portaltela.pt\/noticias\/2026\/03\/24\/nuno-melo-defende-papel-insubstituivel-do-cds-e-critica-proclamacoes-do-chega\/"},"wordCount":299,"image":{"@id":"https:\/\/portaltela.pt\/noticias\/2026\/03\/24\/nuno-melo-defende-papel-insubstituivel-do-cds-e-critica-proclamacoes-do-chega\/#primaryimage"},"thumbnailUrl":"https:\/\/portaltela.pt\/s.01k8rhncp4jt1\/2026\/03\/2076521.jpg","keywords":["alian\u00e7as","CDS","pol\u00edtica","PSD","PSD\/CDS","Uni\u00e3o Europeia"],"articleSection":["Not\u00edcias","Pol\u00edtica"],"inLanguage":"pt-PT"},{"@type":"WebPage","@id":"https:\/\/portaltela.pt\/noticias\/2026\/03\/24\/nuno-melo-defende-papel-insubstituivel-do-cds-e-critica-proclamacoes-do-chega\/","url":"https:\/\/portaltela.pt\/noticias\/2026\/03\/24\/nuno-melo-defende-papel-insubstituivel-do-cds-e-critica-proclamacoes-do-chega\/","name":"Nuno Melo defende papel insubstitu\u00edvel do CDS e critica proclama\u00e7\u00f5es do Chega - Portal Tela Portugal","isPartOf":{"@id":"https:\/\/portaltela.pt\/#website"},"primaryImageOfPage":{"@id":"https:\/\/portaltela.pt\/noticias\/2026\/03\/24\/nuno-melo-defende-papel-insubstituivel-do-cds-e-critica-proclamacoes-do-chega\/#primaryimage"},"image":{"@id":"https:\/\/portaltela.pt\/noticias\/2026\/03\/24\/nuno-melo-defende-papel-insubstituivel-do-cds-e-critica-proclamacoes-do-chega\/#primaryimage"},"thumbnailUrl":"https:\/\/portaltela.pt\/s.01k8rhncp4jt1\/2026\/03\/2076521.jpg","datePublished":"2026-03-24T13:23:00+00:00","author":{"@id":"https:\/\/portaltela.pt\/#\/schema\/person\/c4278d4a6028830caff9ee44b42d32ed"},"breadcrumb":{"@id":"https:\/\/portaltela.pt\/noticias\/2026\/03\/24\/nuno-melo-defende-papel-insubstituivel-do-cds-e-critica-proclamacoes-do-chega\/#breadcrumb"},"inLanguage":"pt-PT","potentialAction":[{"@type":"ReadAction","target":["https:\/\/portaltela.pt\/noticias\/2026\/03\/24\/nuno-melo-defende-papel-insubstituivel-do-cds-e-critica-proclamacoes-do-chega\/"]}]},{"@type":"ImageObject","inLanguage":"pt-PT","@id":"https:\/\/portaltela.pt\/noticias\/2026\/03\/24\/nuno-melo-defende-papel-insubstituivel-do-cds-e-critica-proclamacoes-do-chega\/#primaryimage","url":"https:\/\/portaltela.pt\/s.01k8rhncp4jt1\/2026\/03\/2076521.jpg","contentUrl":"https:\/\/portaltela.pt\/s.01k8rhncp4jt1\/2026\/03\/2076521.jpg","width":796,"height":448,"caption":"O presidente do CDS-PP, Nuno Melo, fez o discurso de encerramento das jornadas parlamentares do partido"},{"@type":"BreadcrumbList","@id":"https:\/\/portaltela.pt\/noticias\/2026\/03\/24\/nuno-melo-defende-papel-insubstituivel-do-cds-e-critica-proclamacoes-do-chega\/#breadcrumb","itemListElement":[{"@type":"ListItem","position":1,"name":"In\u00edcio","item":"https:\/\/portaltela.pt\/"},{"@type":"ListItem","position":2,"name":"Nuno Melo defende papel insubstitu\u00edvel do CDS e critica proclama\u00e7\u00f5es do Chega"}]},{"@type":"WebSite","@id":"https:\/\/portaltela.pt\/#website","url":"https:\/\/portaltela.pt\/","name":"Portal Tela Portugal","description":"","potentialAction":[{"@type":"SearchAction","target":{"@type":"EntryPoint","urlTemplate":"https:\/\/portaltela.pt\/?s={search_term_string}"},"query-input":{"@type":"PropertyValueSpecification","valueRequired":true,"valueName":"search_term_string"}}],"inLanguage":"pt-PT"},{"@type":"Person","@id":"https:\/\/portaltela.pt\/#\/schema\/person\/c4278d4a6028830caff9ee44b42d32ed","name":"Telinha","image":{"@type":"ImageObject","inLanguage":"pt-PT","@id":"https:\/\/portaltela.pt\/s.01k8rhncp4jt1\/2025\/11\/talking-bot-125x125.png","url":"https:\/\/portaltela.pt\/s.01k8rhncp4jt1\/2025\/11\/talking-bot-125x125.png","contentUrl":"https:\/\/portaltela.pt\/s.01k8rhncp4jt1\/2025\/11\/talking-bot-125x125.png","caption":"Telinha"},"sameAs":["https:\/\/portaltela.pt\/"],"url":"https:\/\/portaltela.pt\/por\/367410592786\/"}]}},"_links":{"self":[{"href":"https:\/\/portaltela.pt\/api\/wp\/v2\/posts\/419584","targetHints":{"allow":["GET"]}}],"collection":[{"href":"https:\/\/portaltela.pt\/api\/wp\/v2\/posts"}],"about":[{"href":"https:\/\/portaltela.pt\/api\/wp\/v2\/types\/post"}],"author":[{"embeddable":true,"href":"https:\/\/portaltela.pt\/api\/wp\/v2\/users\/2"}],"replies":[{"embeddable":true,"href":"https:\/\/portaltela.pt\/api\/wp\/v2\/comments?post=419584"}],"version-history":[{"count":0,"href":"https:\/\/portaltela.pt\/api\/wp\/v2\/posts\/419584\/revisions"}],"wp:featuredmedia":[{"embeddable":true,"href":"https:\/\/portaltela.pt\/api\/wp\/v2\/media\/419586"}],"wp:attachment":[{"href":"https:\/\/portaltela.pt\/api\/wp\/v2\/media?parent=419584"}],"wp:term":[{"taxonomy":"category","embeddable":true,"href":"https:\/\/portaltela.pt\/api\/wp\/v2\/categories?post=419584"},{"taxonomy":"post_tag","embeddable":true,"href":"https:\/\/portaltela.pt\/api\/wp\/v2\/tags?post=419584"}],"curies":[{"name":"wp","href":"https:\/\/api.w.org\/{rel}","templated":true}]}}