{"id":419573,"date":"2026-03-24T09:56:00","date_gmt":"2026-03-24T12:56:00","guid":{"rendered":"https:\/\/portaltela.pt\/noticias\/2026\/03\/24\/camiao-despista-se-e-incendeia-se-na-a1-em-vila-nova-de-gaia-2\/"},"modified":"2026-03-24T09:56:00","modified_gmt":"2026-03-24T12:56:00","slug":"camiao-despista-se-e-incendeia-se-na-a1-em-vila-nova-de-gaia-2","status":"publish","type":"post","link":"https:\/\/portaltela.pt\/noticias\/2026\/03\/24\/camiao-despista-se-e-incendeia-se-na-a1-em-vila-nova-de-gaia-2\/","title":{"rendered":"Cami\u00e3o despista-se e incendeia-se na A1 em Vila Nova de Gaia"},"content":{"rendered":"<p>Um cami\u00e3o despistou-se e incendiou-se na autoestrada A1, em Vila Nova de Gaia, distrito do Porto, por volta das 12h30 de hoje. O fogo provocou o encerramento tempor\u00e1rio de uma faixa. N\u00e3o houve registo de feridos.<\/p>\n<p>Os bombeiros deslocaram-se ao local, conseguiram controlar o inc\u00eandio e remover o cami\u00e3o, al\u00e9m de efetuar a limpeza da via. A circula\u00e7\u00e3o foi restabelecida pouco tempo depois, com apenas transtornos pontuais para os viajantes.<\/p>\n<h3>Causas sob investiga\u00e7\u00e3o<\/h3>\n<p>Segundo a autoridade de tr\u00e2nsito, o acidente ter\u00e1 sido causado por uma falha mec\u00e2nica no ve\u00edculo, que acabou por despistar-se e incendiar-se. As causas exatas continuam a ser apuradas pelas autoridades competentes.<\/p>\n<p>O incidente refor\u00e7a a import\u00e2ncia da manuten\u00e7\u00e3o regular dos ve\u00edculos e de uma condu\u00e7\u00e3o atenta \u00e0s condi\u00e7\u00f5es da estrada, especialmente em situa\u00e7\u00f5es de desgaste mec\u00e2nico.<\/p>\n<p>A imagem do local mostra o cami\u00e3o em chamas na via, com uma coluna de fumo vis\u00edvel a partir da autoestrada.<\/p>\n","protected":false},"excerpt":{"rendered":"<ul>\n<li>Um cami\u00e3o despistou-se e incendiou-se na autoestrada A1, em Vila Nova de Gaia, por volta das 12h30.<\/li>\n<li>Foi encerrada temporariamente uma faixa de rodagem; a circula\u00e7\u00e3o foi restabelecida pouco tempo depois.<\/li>\n<li>N\u00e3o houve feridos; o fogo foi rapidamente debelhado pelos bombeiros, que removeram o cami\u00e3o e procederam \u00e0 limpeza da via.<\/li>\n<li>As causas apontadas sugerem uma falha mec\u00e2nica; as autoridades est\u00e3o a investigar.<\/li>\n<li>O incidente causou transtornos pontuais aos condutores na zona.<\/li>\n<\/ul>\n","protected":false},"author":2,"featured_media":419574,"comment_status":"closed","ping_status":"closed","sticky":false,"template":"","format":"standard","meta":{"footnotes":""},"categories":[6849,1],"tags":[4169,971,1438,982,4916],"class_list":["post-419573","post","type-post","status-publish","format-standard","has-post-thumbnail","hentry","category-acidentes","category-noticias","tag-acidente-rodoviario","tag-bombeiros","tag-incendio","tag-porto","tag-vila-nova-de-gaia"],"yoast_head":"<!-- This site is optimized with the Yoast SEO plugin v27.2 - https:\/\/yoast.com\/product\/yoast-seo-wordpress\/ -->\n<title>Cami\u00e3o despista-se e incendeia-se na A1 em Vila Nova de Gaia - Portal Tela Portugal<\/title>\n<meta name=\"robots\" content=\"index, follow, max-snippet:-1, max-image-preview:large, max-video-preview:-1\" \/>\n<meta property=\"og:locale\" content=\"pt_PT\" \/>\n<meta property=\"og:type\" content=\"article\" \/>\n<meta property=\"og:title\" content=\"Cami\u00e3o despista-se e incendeia-se na A1 em Vila Nova de Gaia - Portal Tela Portugal\" \/>\n<meta property=\"og:description\" content=\"Um cami\u00e3o despistou-se e incendiou-se na autoestrada A1, em Vila Nova de Gaia, por volta das 12h30. Foi encerrada temporariamente uma faixa de rodagem; a circula\u00e7\u00e3o foi restabelecida pouco tempo depois. N\u00e3o houve feridos; o fogo foi rapidamente debelhado pelos bombeiros, que removeram o cami\u00e3o e procederam \u00e0 limpeza da via. As causas apontadas sugerem uma falha mec\u00e2nica; as autoridades est\u00e3o a investigar. O incidente causou transtornos pontuais aos condutores na zona.\" \/>\n<meta property=\"og:url\" content=\"https:\/\/portaltela.pt\/noticias\/2026\/03\/24\/camiao-despista-se-e-incendeia-se-na-a1-em-vila-nova-de-gaia-2\/\" \/>\n<meta property=\"og:site_name\" content=\"Portal Tela Portugal\" \/>\n<meta property=\"article:published_time\" content=\"2026-03-24T12:56:00+00:00\" \/>\n<meta name=\"author\" content=\"Telinha\" \/>\n<meta name=\"twitter:card\" content=\"summary_large_image\" \/>\n<meta name=\"twitter:label1\" content=\"Escrito por\" \/>\n\t<meta name=\"twitter:data1\" content=\"Telinha\" \/>\n\t<meta name=\"twitter:label2\" content=\"Tempo estimado de leitura\" \/>\n\t<meta name=\"twitter:data2\" content=\"1 minuto\" \/>\n<script type=\"application\/ld+json\" class=\"yoast-schema-graph\">{\"@context\":\"https:\/\/schema.org\",\"@graph\":[{\"@type\":\"Article\",\"@id\":\"https:\/\/portaltela.pt\/noticias\/2026\/03\/24\/camiao-despista-se-e-incendeia-se-na-a1-em-vila-nova-de-gaia-2\/#article\",\"isPartOf\":{\"@id\":\"https:\/\/portaltela.pt\/noticias\/2026\/03\/24\/camiao-despista-se-e-incendeia-se-na-a1-em-vila-nova-de-gaia-2\/\"},\"author\":{\"name\":\"Telinha\",\"@id\":\"https:\/\/portaltela.pt\/#\/schema\/person\/c4278d4a6028830caff9ee44b42d32ed\"},\"headline\":\"Cami\u00e3o despista-se e incendeia-se na A1 em Vila Nova de Gaia\",\"datePublished\":\"2026-03-24T12:56:00+00:00\",\"mainEntityOfPage\":{\"@id\":\"https:\/\/portaltela.pt\/noticias\/2026\/03\/24\/camiao-despista-se-e-incendeia-se-na-a1-em-vila-nova-de-gaia-2\/\"},\"wordCount\":184,\"image\":{\"@id\":\"https:\/\/portaltela.pt\/noticias\/2026\/03\/24\/camiao-despista-se-e-incendeia-se-na-a1-em-vila-nova-de-gaia-2\/#primaryimage\"},\"thumbnailUrl\":\"https:\/\/portaltela.pt\/s.01k8rhncp4jt1\/2026\/03\/img_1280x722uu2026-03-24-11-20-55-2274454.jpg\",\"keywords\":[\"acidente rodovi\u00e1rio\",\"bombeiros\",\"inc\u00eandio\",\"Porto\",\"Vila Nova de Gaia\"],\"articleSection\":[\"Acidentes\",\"Not\u00edcias\"],\"inLanguage\":\"pt-PT\"},{\"@type\":\"WebPage\",\"@id\":\"https:\/\/portaltela.pt\/noticias\/2026\/03\/24\/camiao-despista-se-e-incendeia-se-na-a1-em-vila-nova-de-gaia-2\/\",\"url\":\"https:\/\/portaltela.pt\/noticias\/2026\/03\/24\/camiao-despista-se-e-incendeia-se-na-a1-em-vila-nova-de-gaia-2\/\",\"name\":\"Cami\u00e3o despista-se e incendeia-se na A1 em Vila Nova de Gaia - Portal Tela Portugal\",\"isPartOf\":{\"@id\":\"https:\/\/portaltela.pt\/#website\"},\"primaryImageOfPage\":{\"@id\":\"https:\/\/portaltela.pt\/noticias\/2026\/03\/24\/camiao-despista-se-e-incendeia-se-na-a1-em-vila-nova-de-gaia-2\/#primaryimage\"},\"image\":{\"@id\":\"https:\/\/portaltela.pt\/noticias\/2026\/03\/24\/camiao-despista-se-e-incendeia-se-na-a1-em-vila-nova-de-gaia-2\/#primaryimage\"},\"thumbnailUrl\":\"https:\/\/portaltela.pt\/s.01k8rhncp4jt1\/2026\/03\/img_1280x722uu2026-03-24-11-20-55-2274454.jpg\",\"datePublished\":\"2026-03-24T12:56:00+00:00\",\"author\":{\"@id\":\"https:\/\/portaltela.pt\/#\/schema\/person\/c4278d4a6028830caff9ee44b42d32ed\"},\"breadcrumb\":{\"@id\":\"https:\/\/portaltela.pt\/noticias\/2026\/03\/24\/camiao-despista-se-e-incendeia-se-na-a1-em-vila-nova-de-gaia-2\/#breadcrumb\"},\"inLanguage\":\"pt-PT\",\"potentialAction\":[{\"@type\":\"ReadAction\",\"target\":[\"https:\/\/portaltela.pt\/noticias\/2026\/03\/24\/camiao-despista-se-e-incendeia-se-na-a1-em-vila-nova-de-gaia-2\/\"]}]},{\"@type\":\"ImageObject\",\"inLanguage\":\"pt-PT\",\"@id\":\"https:\/\/portaltela.pt\/noticias\/2026\/03\/24\/camiao-despista-se-e-incendeia-se-na-a1-em-vila-nova-de-gaia-2\/#primaryimage\",\"url\":\"https:\/\/portaltela.pt\/s.01k8rhncp4jt1\/2026\/03\/img_1280x722uu2026-03-24-11-20-55-2274454.jpg\",\"contentUrl\":\"https:\/\/portaltela.pt\/s.01k8rhncp4jt1\/2026\/03\/img_1280x722uu2026-03-24-11-20-55-2274454.jpg\",\"width\":1280,\"height\":722,\"caption\":\"Cami\u00e3o despista-se e incendeia-se na A1 em Vila Nova de Gaia\"},{\"@type\":\"BreadcrumbList\",\"@id\":\"https:\/\/portaltela.pt\/noticias\/2026\/03\/24\/camiao-despista-se-e-incendeia-se-na-a1-em-vila-nova-de-gaia-2\/#breadcrumb\",\"itemListElement\":[{\"@type\":\"ListItem\",\"position\":1,\"name\":\"In\u00edcio\",\"item\":\"https:\/\/portaltela.pt\/\"},{\"@type\":\"ListItem\",\"position\":2,\"name\":\"Cami\u00e3o despista-se e incendeia-se na A1 em Vila Nova de Gaia\"}]},{\"@type\":\"WebSite\",\"@id\":\"https:\/\/portaltela.pt\/#website\",\"url\":\"https:\/\/portaltela.pt\/\",\"name\":\"Portal Tela Portugal\",\"description\":\"\",\"potentialAction\":[{\"@type\":\"SearchAction\",\"target\":{\"@type\":\"EntryPoint\",\"urlTemplate\":\"https:\/\/portaltela.pt\/?s={search_term_string}\"},\"query-input\":{\"@type\":\"PropertyValueSpecification\",\"valueRequired\":true,\"valueName\":\"search_term_string\"}}],\"inLanguage\":\"pt-PT\"},{\"@type\":\"Person\",\"@id\":\"https:\/\/portaltela.pt\/#\/schema\/person\/c4278d4a6028830caff9ee44b42d32ed\",\"name\":\"Telinha\",\"image\":{\"@type\":\"ImageObject\",\"inLanguage\":\"pt-PT\",\"@id\":\"https:\/\/portaltela.pt\/s.01k8rhncp4jt1\/2025\/11\/talking-bot-125x125.png\",\"url\":\"https:\/\/portaltela.pt\/s.01k8rhncp4jt1\/2025\/11\/talking-bot-125x125.png\",\"contentUrl\":\"https:\/\/portaltela.pt\/s.01k8rhncp4jt1\/2025\/11\/talking-bot-125x125.png\",\"caption\":\"Telinha\"},\"sameAs\":[\"https:\/\/portaltela.pt\/\"],\"url\":\"https:\/\/portaltela.pt\/por\/367410592786\/\"}]}<\/script>\n<!-- \/ Yoast SEO plugin. -->","yoast_head_json":{"title":"Cami\u00e3o despista-se e incendeia-se na A1 em Vila Nova de Gaia - Portal Tela Portugal","robots":{"index":"index","follow":"follow","max-snippet":"max-snippet:-1","max-image-preview":"max-image-preview:large","max-video-preview":"max-video-preview:-1"},"og_locale":"pt_PT","og_type":"article","og_title":"Cami\u00e3o despista-se e incendeia-se na A1 em Vila Nova de Gaia - Portal Tela Portugal","og_description":"Um cami\u00e3o despistou-se e incendiou-se na autoestrada A1, em Vila Nova de Gaia, por volta das 12h30. Foi encerrada temporariamente uma faixa de rodagem; a circula\u00e7\u00e3o foi restabelecida pouco tempo depois. N\u00e3o houve feridos; o fogo foi rapidamente debelhado pelos bombeiros, que removeram o cami\u00e3o e procederam \u00e0 limpeza da via. As causas apontadas sugerem uma falha mec\u00e2nica; as autoridades est\u00e3o a investigar. O incidente causou transtornos pontuais aos condutores na zona.","og_url":"https:\/\/portaltela.pt\/noticias\/2026\/03\/24\/camiao-despista-se-e-incendeia-se-na-a1-em-vila-nova-de-gaia-2\/","og_site_name":"Portal Tela Portugal","article_published_time":"2026-03-24T12:56:00+00:00","author":"Telinha","twitter_card":"summary_large_image","twitter_misc":{"Escrito por":"Telinha","Tempo estimado de leitura":"1 minuto"},"schema":{"@context":"https:\/\/schema.org","@graph":[{"@type":"Article","@id":"https:\/\/portaltela.pt\/noticias\/2026\/03\/24\/camiao-despista-se-e-incendeia-se-na-a1-em-vila-nova-de-gaia-2\/#article","isPartOf":{"@id":"https:\/\/portaltela.pt\/noticias\/2026\/03\/24\/camiao-despista-se-e-incendeia-se-na-a1-em-vila-nova-de-gaia-2\/"},"author":{"name":"Telinha","@id":"https:\/\/portaltela.pt\/#\/schema\/person\/c4278d4a6028830caff9ee44b42d32ed"},"headline":"Cami\u00e3o despista-se e incendeia-se na A1 em Vila Nova de Gaia","datePublished":"2026-03-24T12:56:00+00:00","mainEntityOfPage":{"@id":"https:\/\/portaltela.pt\/noticias\/2026\/03\/24\/camiao-despista-se-e-incendeia-se-na-a1-em-vila-nova-de-gaia-2\/"},"wordCount":184,"image":{"@id":"https:\/\/portaltela.pt\/noticias\/2026\/03\/24\/camiao-despista-se-e-incendeia-se-na-a1-em-vila-nova-de-gaia-2\/#primaryimage"},"thumbnailUrl":"https:\/\/portaltela.pt\/s.01k8rhncp4jt1\/2026\/03\/img_1280x722uu2026-03-24-11-20-55-2274454.jpg","keywords":["acidente rodovi\u00e1rio","bombeiros","inc\u00eandio","Porto","Vila Nova de Gaia"],"articleSection":["Acidentes","Not\u00edcias"],"inLanguage":"pt-PT"},{"@type":"WebPage","@id":"https:\/\/portaltela.pt\/noticias\/2026\/03\/24\/camiao-despista-se-e-incendeia-se-na-a1-em-vila-nova-de-gaia-2\/","url":"https:\/\/portaltela.pt\/noticias\/2026\/03\/24\/camiao-despista-se-e-incendeia-se-na-a1-em-vila-nova-de-gaia-2\/","name":"Cami\u00e3o despista-se e incendeia-se na A1 em Vila Nova de Gaia - Portal Tela Portugal","isPartOf":{"@id":"https:\/\/portaltela.pt\/#website"},"primaryImageOfPage":{"@id":"https:\/\/portaltela.pt\/noticias\/2026\/03\/24\/camiao-despista-se-e-incendeia-se-na-a1-em-vila-nova-de-gaia-2\/#primaryimage"},"image":{"@id":"https:\/\/portaltela.pt\/noticias\/2026\/03\/24\/camiao-despista-se-e-incendeia-se-na-a1-em-vila-nova-de-gaia-2\/#primaryimage"},"thumbnailUrl":"https:\/\/portaltela.pt\/s.01k8rhncp4jt1\/2026\/03\/img_1280x722uu2026-03-24-11-20-55-2274454.jpg","datePublished":"2026-03-24T12:56:00+00:00","author":{"@id":"https:\/\/portaltela.pt\/#\/schema\/person\/c4278d4a6028830caff9ee44b42d32ed"},"breadcrumb":{"@id":"https:\/\/portaltela.pt\/noticias\/2026\/03\/24\/camiao-despista-se-e-incendeia-se-na-a1-em-vila-nova-de-gaia-2\/#breadcrumb"},"inLanguage":"pt-PT","potentialAction":[{"@type":"ReadAction","target":["https:\/\/portaltela.pt\/noticias\/2026\/03\/24\/camiao-despista-se-e-incendeia-se-na-a1-em-vila-nova-de-gaia-2\/"]}]},{"@type":"ImageObject","inLanguage":"pt-PT","@id":"https:\/\/portaltela.pt\/noticias\/2026\/03\/24\/camiao-despista-se-e-incendeia-se-na-a1-em-vila-nova-de-gaia-2\/#primaryimage","url":"https:\/\/portaltela.pt\/s.01k8rhncp4jt1\/2026\/03\/img_1280x722uu2026-03-24-11-20-55-2274454.jpg","contentUrl":"https:\/\/portaltela.pt\/s.01k8rhncp4jt1\/2026\/03\/img_1280x722uu2026-03-24-11-20-55-2274454.jpg","width":1280,"height":722,"caption":"Cami\u00e3o despista-se e incendeia-se na A1 em Vila Nova de Gaia"},{"@type":"BreadcrumbList","@id":"https:\/\/portaltela.pt\/noticias\/2026\/03\/24\/camiao-despista-se-e-incendeia-se-na-a1-em-vila-nova-de-gaia-2\/#breadcrumb","itemListElement":[{"@type":"ListItem","position":1,"name":"In\u00edcio","item":"https:\/\/portaltela.pt\/"},{"@type":"ListItem","position":2,"name":"Cami\u00e3o despista-se e incendeia-se na A1 em Vila Nova de Gaia"}]},{"@type":"WebSite","@id":"https:\/\/portaltela.pt\/#website","url":"https:\/\/portaltela.pt\/","name":"Portal Tela Portugal","description":"","potentialAction":[{"@type":"SearchAction","target":{"@type":"EntryPoint","urlTemplate":"https:\/\/portaltela.pt\/?s={search_term_string}"},"query-input":{"@type":"PropertyValueSpecification","valueRequired":true,"valueName":"search_term_string"}}],"inLanguage":"pt-PT"},{"@type":"Person","@id":"https:\/\/portaltela.pt\/#\/schema\/person\/c4278d4a6028830caff9ee44b42d32ed","name":"Telinha","image":{"@type":"ImageObject","inLanguage":"pt-PT","@id":"https:\/\/portaltela.pt\/s.01k8rhncp4jt1\/2025\/11\/talking-bot-125x125.png","url":"https:\/\/portaltela.pt\/s.01k8rhncp4jt1\/2025\/11\/talking-bot-125x125.png","contentUrl":"https:\/\/portaltela.pt\/s.01k8rhncp4jt1\/2025\/11\/talking-bot-125x125.png","caption":"Telinha"},"sameAs":["https:\/\/portaltela.pt\/"],"url":"https:\/\/portaltela.pt\/por\/367410592786\/"}]}},"_links":{"self":[{"href":"https:\/\/portaltela.pt\/api\/wp\/v2\/posts\/419573","targetHints":{"allow":["GET"]}}],"collection":[{"href":"https:\/\/portaltela.pt\/api\/wp\/v2\/posts"}],"about":[{"href":"https:\/\/portaltela.pt\/api\/wp\/v2\/types\/post"}],"author":[{"embeddable":true,"href":"https:\/\/portaltela.pt\/api\/wp\/v2\/users\/2"}],"replies":[{"embeddable":true,"href":"https:\/\/portaltela.pt\/api\/wp\/v2\/comments?post=419573"}],"version-history":[{"count":0,"href":"https:\/\/portaltela.pt\/api\/wp\/v2\/posts\/419573\/revisions"}],"wp:featuredmedia":[{"embeddable":true,"href":"https:\/\/portaltela.pt\/api\/wp\/v2\/media\/419574"}],"wp:attachment":[{"href":"https:\/\/portaltela.pt\/api\/wp\/v2\/media?parent=419573"}],"wp:term":[{"taxonomy":"category","embeddable":true,"href":"https:\/\/portaltela.pt\/api\/wp\/v2\/categories?post=419573"},{"taxonomy":"post_tag","embeddable":true,"href":"https:\/\/portaltela.pt\/api\/wp\/v2\/tags?post=419573"}],"curies":[{"name":"wp","href":"https:\/\/api.w.org\/{rel}","templated":true}]}}