{"id":419567,"date":"2026-03-24T09:48:57","date_gmt":"2026-03-24T12:48:57","guid":{"rendered":"https:\/\/portaltela.pt\/noticias\/2026\/03\/24\/patinadora-quase-perdeu-o-olho-e-revela-sequelas-ao-olhar-para-cima\/"},"modified":"2026-03-24T09:48:57","modified_gmt":"2026-03-24T12:48:57","slug":"patinadora-quase-perdeu-o-olho-e-revela-sequelas-ao-olhar-para-cima","status":"publish","type":"post","link":"https:\/\/portaltela.pt\/desporto\/futebol\/2026\/03\/24\/patinadora-quase-perdeu-o-olho-e-revela-sequelas-ao-olhar-para-cima\/","title":{"rendered":"Patinadora quase perdeu o olho e revela sequelas ao olhar para cima"},"content":{"rendered":"<p>Kamila Sellier, patinadora polaca, foi atingida por uma l\u00e2mina durante uma prova de patinagem em velocidade em pista curta nos Jogos Ol\u00edmpicos de Inverno. O incidente ocorreu durante a competi\u00e7\u00e3o, levando \u00e0 interven\u00e7\u00e3o m\u00e9dica e a uma recupera\u00e7\u00e3o em curso.<\/p>\n<p>A atleta revelou publicamente a cicatriz e descreveu que ficar\u00e1 com uma marca permanente. A vis\u00e3o pode ficar turva em alguns momentos, mas ela afirmou que n\u00e3o vai desistir e que est\u00e1 a manter uma atitude positiva, apoiada por pessoas pr\u00f3ximas.<\/p>\n<p>Segundo Sellier, est\u00e1 colocado tit\u00e2nio na \u00f3rbita ocular, sob o olho, e h\u00e1 tamb\u00e9m um osso partido perto da sobrancelha. A patinadora explicou ainda que tem dificuldades com a vis\u00e3o dupla ao olhar para cima, e por vezes ao mirar para baixo.<\/p>\n","protected":false},"excerpt":{"rendered":"<ul>\n<li>Kamila Sellier, patinadora polaca, foi atingida por uma l\u00e2mina numa prova de patinagem em velocidade em pista curta nos Jogos Ol\u00edmpicos de Inverno.<\/li>\n<li>A atleta apareceu pela primeira vez em p\u00fablico para mostrar a cicatriz e falar sobre o acidente arrepiante.<\/li>\n<li>Em declara\u00e7\u00f5es a um programa polaco, disse que ficar\u00e1 com uma cicatriz e que a vis\u00e3o pode ficar turva, mas n\u00e3o vai desistir.<\/li>\n<li>Explicou que tem tit\u00e2nio colocado na \u00f3rbita ocular e um osso partido perto da sobrancelha.<\/li>\n<li>Referiu ainda que consegue ver a dobrar quando olha para cima e, por vezes, tamb\u00e9m quando olha para baixo.<\/li>\n<\/ul>\n","protected":false},"author":2,"featured_media":419571,"comment_status":"closed","ping_status":"closed","sticky":false,"template":"","format":"standard","meta":{"footnotes":""},"categories":[21,24],"tags":[152,60,2538,84,1864],"class_list":["post-419567","post","type-post","status-publish","format-standard","has-post-thumbnail","hentry","category-desporto","category-futebol","tag-desporto","tag-esportes","tag-lesoes","tag-olimpiadas","tag-patinagem"],"yoast_head":"<!-- This site is optimized with the Yoast SEO plugin v27.2 - https:\/\/yoast.com\/product\/yoast-seo-wordpress\/ -->\n<title>Patinadora quase perdeu o olho e revela sequelas ao olhar para cima - Portal Tela Portugal<\/title>\n<meta name=\"robots\" content=\"index, follow, max-snippet:-1, max-image-preview:large, max-video-preview:-1\" \/>\n<meta property=\"og:locale\" content=\"pt_PT\" \/>\n<meta property=\"og:type\" content=\"article\" \/>\n<meta property=\"og:title\" content=\"Patinadora quase perdeu o olho e revela sequelas ao olhar para cima - Portal Tela Portugal\" \/>\n<meta property=\"og:description\" content=\"Kamila Sellier, patinadora polaca, foi atingida por uma l\u00e2mina numa prova de patinagem em velocidade em pista curta nos Jogos Ol\u00edmpicos de Inverno. A atleta apareceu pela primeira vez em p\u00fablico para mostrar a cicatriz e falar sobre o acidente arrepiante. Em declara\u00e7\u00f5es a um programa polaco, disse que ficar\u00e1 com uma cicatriz e que a vis\u00e3o pode ficar turva, mas n\u00e3o vai desistir. Explicou que tem tit\u00e2nio colocado na \u00f3rbita ocular e um osso partido perto da sobrancelha. Referiu ainda que consegue ver a dobrar quando olha para cima e, por vezes, tamb\u00e9m quando olha para baixo.\" \/>\n<meta property=\"og:url\" content=\"https:\/\/portaltela.pt\/noticias\/2026\/03\/24\/patinadora-quase-perdeu-o-olho-e-revela-sequelas-ao-olhar-para-cima\/\" \/>\n<meta property=\"og:site_name\" content=\"Portal Tela Portugal\" \/>\n<meta property=\"article:published_time\" content=\"2026-03-24T12:48:57+00:00\" \/>\n<meta name=\"author\" content=\"Telinha\" \/>\n<meta name=\"twitter:card\" content=\"summary_large_image\" \/>\n<meta name=\"twitter:label1\" content=\"Escrito por\" \/>\n\t<meta name=\"twitter:data1\" content=\"Telinha\" \/>\n\t<meta name=\"twitter:label2\" content=\"Tempo estimado de leitura\" \/>\n\t<meta name=\"twitter:data2\" content=\"1 minuto\" \/>\n<script type=\"application\/ld+json\" class=\"yoast-schema-graph\">{\"@context\":\"https:\/\/schema.org\",\"@graph\":[{\"@type\":\"Article\",\"@id\":\"https:\/\/portaltela.pt\/noticias\/2026\/03\/24\/patinadora-quase-perdeu-o-olho-e-revela-sequelas-ao-olhar-para-cima\/#article\",\"isPartOf\":{\"@id\":\"https:\/\/portaltela.pt\/noticias\/2026\/03\/24\/patinadora-quase-perdeu-o-olho-e-revela-sequelas-ao-olhar-para-cima\/\"},\"author\":{\"name\":\"Telinha\",\"@id\":\"https:\/\/portaltela.pt\/#\/schema\/person\/c4278d4a6028830caff9ee44b42d32ed\"},\"headline\":\"Patinadora quase perdeu o olho e revela sequelas ao olhar para cima\",\"datePublished\":\"2026-03-24T12:48:57+00:00\",\"mainEntityOfPage\":{\"@id\":\"https:\/\/portaltela.pt\/noticias\/2026\/03\/24\/patinadora-quase-perdeu-o-olho-e-revela-sequelas-ao-olhar-para-cima\/\"},\"wordCount\":146,\"image\":{\"@id\":\"https:\/\/portaltela.pt\/noticias\/2026\/03\/24\/patinadora-quase-perdeu-o-olho-e-revela-sequelas-ao-olhar-para-cima\/#primaryimage\"},\"thumbnailUrl\":\"https:\/\/portaltela.pt\/s.01k8rhncp4jt1\/2026\/03\/img_920x518uu2026-03-24-12-47-48-2429103.jpg\",\"keywords\":[\"desporto\",\"esportes\",\"les\u00f5es\",\"olimp\u00edadas\",\"patinagem\"],\"articleSection\":[\"Desporto\",\"Futebol\"],\"inLanguage\":\"pt-PT\"},{\"@type\":\"WebPage\",\"@id\":\"https:\/\/portaltela.pt\/noticias\/2026\/03\/24\/patinadora-quase-perdeu-o-olho-e-revela-sequelas-ao-olhar-para-cima\/\",\"url\":\"https:\/\/portaltela.pt\/noticias\/2026\/03\/24\/patinadora-quase-perdeu-o-olho-e-revela-sequelas-ao-olhar-para-cima\/\",\"name\":\"Patinadora quase perdeu o olho e revela sequelas ao olhar para cima - Portal Tela Portugal\",\"isPartOf\":{\"@id\":\"https:\/\/portaltela.pt\/#website\"},\"primaryImageOfPage\":{\"@id\":\"https:\/\/portaltela.pt\/noticias\/2026\/03\/24\/patinadora-quase-perdeu-o-olho-e-revela-sequelas-ao-olhar-para-cima\/#primaryimage\"},\"image\":{\"@id\":\"https:\/\/portaltela.pt\/noticias\/2026\/03\/24\/patinadora-quase-perdeu-o-olho-e-revela-sequelas-ao-olhar-para-cima\/#primaryimage\"},\"thumbnailUrl\":\"https:\/\/portaltela.pt\/s.01k8rhncp4jt1\/2026\/03\/img_920x518uu2026-03-24-12-47-48-2429103.jpg\",\"datePublished\":\"2026-03-24T12:48:57+00:00\",\"author\":{\"@id\":\"https:\/\/portaltela.pt\/#\/schema\/person\/c4278d4a6028830caff9ee44b42d32ed\"},\"breadcrumb\":{\"@id\":\"https:\/\/portaltela.pt\/noticias\/2026\/03\/24\/patinadora-quase-perdeu-o-olho-e-revela-sequelas-ao-olhar-para-cima\/#breadcrumb\"},\"inLanguage\":\"pt-PT\",\"potentialAction\":[{\"@type\":\"ReadAction\",\"target\":[\"https:\/\/portaltela.pt\/noticias\/2026\/03\/24\/patinadora-quase-perdeu-o-olho-e-revela-sequelas-ao-olhar-para-cima\/\"]}]},{\"@type\":\"ImageObject\",\"inLanguage\":\"pt-PT\",\"@id\":\"https:\/\/portaltela.pt\/noticias\/2026\/03\/24\/patinadora-quase-perdeu-o-olho-e-revela-sequelas-ao-olhar-para-cima\/#primaryimage\",\"url\":\"https:\/\/portaltela.pt\/s.01k8rhncp4jt1\/2026\/03\/img_920x518uu2026-03-24-12-47-48-2429103.jpg\",\"contentUrl\":\"https:\/\/portaltela.pt\/s.01k8rhncp4jt1\/2026\/03\/img_920x518uu2026-03-24-12-47-48-2429103.jpg\",\"width\":796,\"height\":448,\"caption\":\"Kamila Sellier quase perdeu o olho em prova dos Jogos Ol\u00edmpicos de Inverno\"},{\"@type\":\"BreadcrumbList\",\"@id\":\"https:\/\/portaltela.pt\/noticias\/2026\/03\/24\/patinadora-quase-perdeu-o-olho-e-revela-sequelas-ao-olhar-para-cima\/#breadcrumb\",\"itemListElement\":[{\"@type\":\"ListItem\",\"position\":1,\"name\":\"In\u00edcio\",\"item\":\"https:\/\/portaltela.pt\/\"},{\"@type\":\"ListItem\",\"position\":2,\"name\":\"Patinadora quase perdeu o olho e revela sequelas ao olhar para cima\"}]},{\"@type\":\"WebSite\",\"@id\":\"https:\/\/portaltela.pt\/#website\",\"url\":\"https:\/\/portaltela.pt\/\",\"name\":\"Portal Tela Portugal\",\"description\":\"\",\"potentialAction\":[{\"@type\":\"SearchAction\",\"target\":{\"@type\":\"EntryPoint\",\"urlTemplate\":\"https:\/\/portaltela.pt\/?s={search_term_string}\"},\"query-input\":{\"@type\":\"PropertyValueSpecification\",\"valueRequired\":true,\"valueName\":\"search_term_string\"}}],\"inLanguage\":\"pt-PT\"},{\"@type\":\"Person\",\"@id\":\"https:\/\/portaltela.pt\/#\/schema\/person\/c4278d4a6028830caff9ee44b42d32ed\",\"name\":\"Telinha\",\"image\":{\"@type\":\"ImageObject\",\"inLanguage\":\"pt-PT\",\"@id\":\"https:\/\/portaltela.pt\/s.01k8rhncp4jt1\/2025\/11\/talking-bot-125x125.png\",\"url\":\"https:\/\/portaltela.pt\/s.01k8rhncp4jt1\/2025\/11\/talking-bot-125x125.png\",\"contentUrl\":\"https:\/\/portaltela.pt\/s.01k8rhncp4jt1\/2025\/11\/talking-bot-125x125.png\",\"caption\":\"Telinha\"},\"sameAs\":[\"https:\/\/portaltela.pt\/\"],\"url\":\"https:\/\/portaltela.pt\/por\/367410592786\/\"}]}<\/script>\n<!-- \/ Yoast SEO plugin. -->","yoast_head_json":{"title":"Patinadora quase perdeu o olho e revela sequelas ao olhar para cima - Portal Tela Portugal","robots":{"index":"index","follow":"follow","max-snippet":"max-snippet:-1","max-image-preview":"max-image-preview:large","max-video-preview":"max-video-preview:-1"},"og_locale":"pt_PT","og_type":"article","og_title":"Patinadora quase perdeu o olho e revela sequelas ao olhar para cima - Portal Tela Portugal","og_description":"Kamila Sellier, patinadora polaca, foi atingida por uma l\u00e2mina numa prova de patinagem em velocidade em pista curta nos Jogos Ol\u00edmpicos de Inverno. A atleta apareceu pela primeira vez em p\u00fablico para mostrar a cicatriz e falar sobre o acidente arrepiante. Em declara\u00e7\u00f5es a um programa polaco, disse que ficar\u00e1 com uma cicatriz e que a vis\u00e3o pode ficar turva, mas n\u00e3o vai desistir. Explicou que tem tit\u00e2nio colocado na \u00f3rbita ocular e um osso partido perto da sobrancelha. Referiu ainda que consegue ver a dobrar quando olha para cima e, por vezes, tamb\u00e9m quando olha para baixo.","og_url":"https:\/\/portaltela.pt\/noticias\/2026\/03\/24\/patinadora-quase-perdeu-o-olho-e-revela-sequelas-ao-olhar-para-cima\/","og_site_name":"Portal Tela Portugal","article_published_time":"2026-03-24T12:48:57+00:00","author":"Telinha","twitter_card":"summary_large_image","twitter_misc":{"Escrito por":"Telinha","Tempo estimado de leitura":"1 minuto"},"schema":{"@context":"https:\/\/schema.org","@graph":[{"@type":"Article","@id":"https:\/\/portaltela.pt\/noticias\/2026\/03\/24\/patinadora-quase-perdeu-o-olho-e-revela-sequelas-ao-olhar-para-cima\/#article","isPartOf":{"@id":"https:\/\/portaltela.pt\/noticias\/2026\/03\/24\/patinadora-quase-perdeu-o-olho-e-revela-sequelas-ao-olhar-para-cima\/"},"author":{"name":"Telinha","@id":"https:\/\/portaltela.pt\/#\/schema\/person\/c4278d4a6028830caff9ee44b42d32ed"},"headline":"Patinadora quase perdeu o olho e revela sequelas ao olhar para cima","datePublished":"2026-03-24T12:48:57+00:00","mainEntityOfPage":{"@id":"https:\/\/portaltela.pt\/noticias\/2026\/03\/24\/patinadora-quase-perdeu-o-olho-e-revela-sequelas-ao-olhar-para-cima\/"},"wordCount":146,"image":{"@id":"https:\/\/portaltela.pt\/noticias\/2026\/03\/24\/patinadora-quase-perdeu-o-olho-e-revela-sequelas-ao-olhar-para-cima\/#primaryimage"},"thumbnailUrl":"https:\/\/portaltela.pt\/s.01k8rhncp4jt1\/2026\/03\/img_920x518uu2026-03-24-12-47-48-2429103.jpg","keywords":["desporto","esportes","les\u00f5es","olimp\u00edadas","patinagem"],"articleSection":["Desporto","Futebol"],"inLanguage":"pt-PT"},{"@type":"WebPage","@id":"https:\/\/portaltela.pt\/noticias\/2026\/03\/24\/patinadora-quase-perdeu-o-olho-e-revela-sequelas-ao-olhar-para-cima\/","url":"https:\/\/portaltela.pt\/noticias\/2026\/03\/24\/patinadora-quase-perdeu-o-olho-e-revela-sequelas-ao-olhar-para-cima\/","name":"Patinadora quase perdeu o olho e revela sequelas ao olhar para cima - Portal Tela Portugal","isPartOf":{"@id":"https:\/\/portaltela.pt\/#website"},"primaryImageOfPage":{"@id":"https:\/\/portaltela.pt\/noticias\/2026\/03\/24\/patinadora-quase-perdeu-o-olho-e-revela-sequelas-ao-olhar-para-cima\/#primaryimage"},"image":{"@id":"https:\/\/portaltela.pt\/noticias\/2026\/03\/24\/patinadora-quase-perdeu-o-olho-e-revela-sequelas-ao-olhar-para-cima\/#primaryimage"},"thumbnailUrl":"https:\/\/portaltela.pt\/s.01k8rhncp4jt1\/2026\/03\/img_920x518uu2026-03-24-12-47-48-2429103.jpg","datePublished":"2026-03-24T12:48:57+00:00","author":{"@id":"https:\/\/portaltela.pt\/#\/schema\/person\/c4278d4a6028830caff9ee44b42d32ed"},"breadcrumb":{"@id":"https:\/\/portaltela.pt\/noticias\/2026\/03\/24\/patinadora-quase-perdeu-o-olho-e-revela-sequelas-ao-olhar-para-cima\/#breadcrumb"},"inLanguage":"pt-PT","potentialAction":[{"@type":"ReadAction","target":["https:\/\/portaltela.pt\/noticias\/2026\/03\/24\/patinadora-quase-perdeu-o-olho-e-revela-sequelas-ao-olhar-para-cima\/"]}]},{"@type":"ImageObject","inLanguage":"pt-PT","@id":"https:\/\/portaltela.pt\/noticias\/2026\/03\/24\/patinadora-quase-perdeu-o-olho-e-revela-sequelas-ao-olhar-para-cima\/#primaryimage","url":"https:\/\/portaltela.pt\/s.01k8rhncp4jt1\/2026\/03\/img_920x518uu2026-03-24-12-47-48-2429103.jpg","contentUrl":"https:\/\/portaltela.pt\/s.01k8rhncp4jt1\/2026\/03\/img_920x518uu2026-03-24-12-47-48-2429103.jpg","width":796,"height":448,"caption":"Kamila Sellier quase perdeu o olho em prova dos Jogos Ol\u00edmpicos de Inverno"},{"@type":"BreadcrumbList","@id":"https:\/\/portaltela.pt\/noticias\/2026\/03\/24\/patinadora-quase-perdeu-o-olho-e-revela-sequelas-ao-olhar-para-cima\/#breadcrumb","itemListElement":[{"@type":"ListItem","position":1,"name":"In\u00edcio","item":"https:\/\/portaltela.pt\/"},{"@type":"ListItem","position":2,"name":"Patinadora quase perdeu o olho e revela sequelas ao olhar para cima"}]},{"@type":"WebSite","@id":"https:\/\/portaltela.pt\/#website","url":"https:\/\/portaltela.pt\/","name":"Portal Tela Portugal","description":"","potentialAction":[{"@type":"SearchAction","target":{"@type":"EntryPoint","urlTemplate":"https:\/\/portaltela.pt\/?s={search_term_string}"},"query-input":{"@type":"PropertyValueSpecification","valueRequired":true,"valueName":"search_term_string"}}],"inLanguage":"pt-PT"},{"@type":"Person","@id":"https:\/\/portaltela.pt\/#\/schema\/person\/c4278d4a6028830caff9ee44b42d32ed","name":"Telinha","image":{"@type":"ImageObject","inLanguage":"pt-PT","@id":"https:\/\/portaltela.pt\/s.01k8rhncp4jt1\/2025\/11\/talking-bot-125x125.png","url":"https:\/\/portaltela.pt\/s.01k8rhncp4jt1\/2025\/11\/talking-bot-125x125.png","contentUrl":"https:\/\/portaltela.pt\/s.01k8rhncp4jt1\/2025\/11\/talking-bot-125x125.png","caption":"Telinha"},"sameAs":["https:\/\/portaltela.pt\/"],"url":"https:\/\/portaltela.pt\/por\/367410592786\/"}]}},"_links":{"self":[{"href":"https:\/\/portaltela.pt\/api\/wp\/v2\/posts\/419567","targetHints":{"allow":["GET"]}}],"collection":[{"href":"https:\/\/portaltela.pt\/api\/wp\/v2\/posts"}],"about":[{"href":"https:\/\/portaltela.pt\/api\/wp\/v2\/types\/post"}],"author":[{"embeddable":true,"href":"https:\/\/portaltela.pt\/api\/wp\/v2\/users\/2"}],"replies":[{"embeddable":true,"href":"https:\/\/portaltela.pt\/api\/wp\/v2\/comments?post=419567"}],"version-history":[{"count":0,"href":"https:\/\/portaltela.pt\/api\/wp\/v2\/posts\/419567\/revisions"}],"wp:featuredmedia":[{"embeddable":true,"href":"https:\/\/portaltela.pt\/api\/wp\/v2\/media\/419571"}],"wp:attachment":[{"href":"https:\/\/portaltela.pt\/api\/wp\/v2\/media?parent=419567"}],"wp:term":[{"taxonomy":"category","embeddable":true,"href":"https:\/\/portaltela.pt\/api\/wp\/v2\/categories?post=419567"},{"taxonomy":"post_tag","embeddable":true,"href":"https:\/\/portaltela.pt\/api\/wp\/v2\/tags?post=419567"}],"curies":[{"name":"wp","href":"https:\/\/api.w.org\/{rel}","templated":true}]}}