{"id":419565,"date":"2026-03-24T09:59:32","date_gmt":"2026-03-24T12:59:32","guid":{"rendered":"https:\/\/portaltela.pt\/noticias\/2026\/03\/24\/momento-antes-da-colisao-entre-aviao-da-air-canada-e-veiculo-de-bombeiros-em-ny\/"},"modified":"2026-03-24T09:59:32","modified_gmt":"2026-03-24T12:59:32","slug":"momento-antes-da-colisao-entre-aviao-da-air-canada-e-veiculo-de-bombeiros-em-ny","status":"publish","type":"post","link":"https:\/\/portaltela.pt\/noticias\/2026\/03\/24\/momento-antes-da-colisao-entre-aviao-da-air-canada-e-veiculo-de-bombeiros-em-ny\/","title":{"rendered":"Momento antes da colis\u00e3o entre avi\u00e3o da Air Canada e ve\u00edculo de bombeiros em NY"},"content":{"rendered":"<p>Um avi\u00e3o da Air Canada colidiu com um ve\u00edculo dos bombeiros no aer\u00f3dromo LaGuardia, em Nova Iorque, na noite de domingo, durante opera\u00e7\u00f5es no piso da pista.<\/p>\n<p>As autoridades confirmam que houve ferimentos entre os presentes a bordo e que morreram o piloto e o copiloto da aeronave.<\/p>\n<p>N\u00e3o foram divulgados detalhes sobre as causas da colis\u00e3o, nem sobre o estado de sa\u00fade de outras pessoas envolvidas. A investiga\u00e7\u00e3o fica a cargo das autoridades competentes.<\/p>\n<p>O incidente ocorreu no LaGuardia, conhecido como um dos principais aeroportos de Nova Iorque, gerindo tr\u00e1fego nacional e internacional. A prioridade \u00e9 assegurar informa\u00e7\u00f5es oficiais adicionais assim que dispon\u00edveis.<\/p>\n","protected":false},"excerpt":{"rendered":"<ul>\n<li>Um avi\u00e3o da Air Canada colidiu com um ve\u00edculo dos bombeiros no aeroporto LaGuardia, em Nova Iorque, na noite de domingo.<\/li>\n<li>O acidente deixou v\u00e1rios feridos e provocou duas mortes: o piloto e o co-piloto da aeronave.<\/li>\n<li>A colis\u00e3o ocorreu no aeroporto de LaGuardia, em Nova Iorque.<\/li>\n<li>N\u00e3o foram divulgados outros detalhes sobre as circunst\u00e2ncias ou as causas do acidente.<\/li>\n<\/ul>\n","protected":false},"author":2,"featured_media":419569,"comment_status":"closed","ping_status":"closed","sticky":false,"template":"","format":"standard","meta":{"footnotes":""},"categories":[6849,1],"tags":[5487,3302,6789,971,6429,5632],"class_list":["post-419565","post","type-post","status-publish","format-standard","has-post-thumbnail","hentry","category-acidentes","category-noticias","tag-acidente","tag-aeroportos","tag-avioes","tag-bombeiros","tag-mortes","tag-nova-iorque"],"yoast_head":"<!-- This site is optimized with the Yoast SEO plugin v27.2 - https:\/\/yoast.com\/product\/yoast-seo-wordpress\/ -->\n<title>Momento antes da colis\u00e3o entre avi\u00e3o da Air Canada e ve\u00edculo de bombeiros em NY - Portal Tela Portugal<\/title>\n<meta name=\"robots\" content=\"index, follow, max-snippet:-1, max-image-preview:large, max-video-preview:-1\" \/>\n<meta property=\"og:locale\" content=\"pt_PT\" \/>\n<meta property=\"og:type\" content=\"article\" \/>\n<meta property=\"og:title\" content=\"Momento antes da colis\u00e3o entre avi\u00e3o da Air Canada e ve\u00edculo de bombeiros em NY - Portal Tela Portugal\" \/>\n<meta property=\"og:description\" content=\"Um avi\u00e3o da Air Canada colidiu com um ve\u00edculo dos bombeiros no aeroporto LaGuardia, em Nova Iorque, na noite de domingo. O acidente deixou v\u00e1rios feridos e provocou duas mortes: o piloto e o co-piloto da aeronave. A colis\u00e3o ocorreu no aeroporto de LaGuardia, em Nova Iorque. N\u00e3o foram divulgados outros detalhes sobre as circunst\u00e2ncias ou as causas do acidente.\" \/>\n<meta property=\"og:url\" content=\"https:\/\/portaltela.pt\/noticias\/2026\/03\/24\/momento-antes-da-colisao-entre-aviao-da-air-canada-e-veiculo-de-bombeiros-em-ny\/\" \/>\n<meta property=\"og:site_name\" content=\"Portal Tela Portugal\" \/>\n<meta property=\"article:published_time\" content=\"2026-03-24T12:59:32+00:00\" \/>\n<meta name=\"author\" content=\"Telinha\" \/>\n<meta name=\"twitter:card\" content=\"summary_large_image\" \/>\n<meta name=\"twitter:label1\" content=\"Escrito por\" \/>\n\t<meta name=\"twitter:data1\" content=\"Telinha\" \/>\n\t<meta name=\"twitter:label2\" content=\"Tempo estimado de leitura\" \/>\n\t<meta name=\"twitter:data2\" content=\"1 minuto\" \/>\n<script type=\"application\/ld+json\" class=\"yoast-schema-graph\">{\"@context\":\"https:\/\/schema.org\",\"@graph\":[{\"@type\":\"Article\",\"@id\":\"https:\/\/portaltela.pt\/noticias\/2026\/03\/24\/momento-antes-da-colisao-entre-aviao-da-air-canada-e-veiculo-de-bombeiros-em-ny\/#article\",\"isPartOf\":{\"@id\":\"https:\/\/portaltela.pt\/noticias\/2026\/03\/24\/momento-antes-da-colisao-entre-aviao-da-air-canada-e-veiculo-de-bombeiros-em-ny\/\"},\"author\":{\"name\":\"Telinha\",\"@id\":\"https:\/\/portaltela.pt\/#\/schema\/person\/c4278d4a6028830caff9ee44b42d32ed\"},\"headline\":\"Momento antes da colis\u00e3o entre avi\u00e3o da Air Canada e ve\u00edculo de bombeiros em NY\",\"datePublished\":\"2026-03-24T12:59:32+00:00\",\"mainEntityOfPage\":{\"@id\":\"https:\/\/portaltela.pt\/noticias\/2026\/03\/24\/momento-antes-da-colisao-entre-aviao-da-air-canada-e-veiculo-de-bombeiros-em-ny\/\"},\"wordCount\":132,\"image\":{\"@id\":\"https:\/\/portaltela.pt\/noticias\/2026\/03\/24\/momento-antes-da-colisao-entre-aviao-da-air-canada-e-veiculo-de-bombeiros-em-ny\/#primaryimage\"},\"thumbnailUrl\":\"https:\/\/portaltela.pt\/s.01k8rhncp4jt1\/2026\/03\/img_1280x722uu2026-03-24-12-57-09-2274486.jpg\",\"keywords\":[\"acidente\",\"aeroportos\",\"avi\u00f5es\",\"bombeiros\",\"mortes\",\"Nova Iorque\"],\"articleSection\":[\"Acidentes\",\"Not\u00edcias\"],\"inLanguage\":\"pt-PT\"},{\"@type\":\"WebPage\",\"@id\":\"https:\/\/portaltela.pt\/noticias\/2026\/03\/24\/momento-antes-da-colisao-entre-aviao-da-air-canada-e-veiculo-de-bombeiros-em-ny\/\",\"url\":\"https:\/\/portaltela.pt\/noticias\/2026\/03\/24\/momento-antes-da-colisao-entre-aviao-da-air-canada-e-veiculo-de-bombeiros-em-ny\/\",\"name\":\"Momento antes da colis\u00e3o entre avi\u00e3o da Air Canada e ve\u00edculo de bombeiros em NY - Portal Tela Portugal\",\"isPartOf\":{\"@id\":\"https:\/\/portaltela.pt\/#website\"},\"primaryImageOfPage\":{\"@id\":\"https:\/\/portaltela.pt\/noticias\/2026\/03\/24\/momento-antes-da-colisao-entre-aviao-da-air-canada-e-veiculo-de-bombeiros-em-ny\/#primaryimage\"},\"image\":{\"@id\":\"https:\/\/portaltela.pt\/noticias\/2026\/03\/24\/momento-antes-da-colisao-entre-aviao-da-air-canada-e-veiculo-de-bombeiros-em-ny\/#primaryimage\"},\"thumbnailUrl\":\"https:\/\/portaltela.pt\/s.01k8rhncp4jt1\/2026\/03\/img_1280x722uu2026-03-24-12-57-09-2274486.jpg\",\"datePublished\":\"2026-03-24T12:59:32+00:00\",\"author\":{\"@id\":\"https:\/\/portaltela.pt\/#\/schema\/person\/c4278d4a6028830caff9ee44b42d32ed\"},\"breadcrumb\":{\"@id\":\"https:\/\/portaltela.pt\/noticias\/2026\/03\/24\/momento-antes-da-colisao-entre-aviao-da-air-canada-e-veiculo-de-bombeiros-em-ny\/#breadcrumb\"},\"inLanguage\":\"pt-PT\",\"potentialAction\":[{\"@type\":\"ReadAction\",\"target\":[\"https:\/\/portaltela.pt\/noticias\/2026\/03\/24\/momento-antes-da-colisao-entre-aviao-da-air-canada-e-veiculo-de-bombeiros-em-ny\/\"]}]},{\"@type\":\"ImageObject\",\"inLanguage\":\"pt-PT\",\"@id\":\"https:\/\/portaltela.pt\/noticias\/2026\/03\/24\/momento-antes-da-colisao-entre-aviao-da-air-canada-e-veiculo-de-bombeiros-em-ny\/#primaryimage\",\"url\":\"https:\/\/portaltela.pt\/s.01k8rhncp4jt1\/2026\/03\/img_1280x722uu2026-03-24-12-57-09-2274486.jpg\",\"contentUrl\":\"https:\/\/portaltela.pt\/s.01k8rhncp4jt1\/2026\/03\/img_1280x722uu2026-03-24-12-57-09-2274486.jpg\",\"width\":796,\"height\":448,\"caption\":\"Imagem do momento antes da colis\u00e3o\"},{\"@type\":\"BreadcrumbList\",\"@id\":\"https:\/\/portaltela.pt\/noticias\/2026\/03\/24\/momento-antes-da-colisao-entre-aviao-da-air-canada-e-veiculo-de-bombeiros-em-ny\/#breadcrumb\",\"itemListElement\":[{\"@type\":\"ListItem\",\"position\":1,\"name\":\"In\u00edcio\",\"item\":\"https:\/\/portaltela.pt\/\"},{\"@type\":\"ListItem\",\"position\":2,\"name\":\"Momento antes da colis\u00e3o entre avi\u00e3o da Air Canada e ve\u00edculo de bombeiros em NY\"}]},{\"@type\":\"WebSite\",\"@id\":\"https:\/\/portaltela.pt\/#website\",\"url\":\"https:\/\/portaltela.pt\/\",\"name\":\"Portal Tela Portugal\",\"description\":\"\",\"potentialAction\":[{\"@type\":\"SearchAction\",\"target\":{\"@type\":\"EntryPoint\",\"urlTemplate\":\"https:\/\/portaltela.pt\/?s={search_term_string}\"},\"query-input\":{\"@type\":\"PropertyValueSpecification\",\"valueRequired\":true,\"valueName\":\"search_term_string\"}}],\"inLanguage\":\"pt-PT\"},{\"@type\":\"Person\",\"@id\":\"https:\/\/portaltela.pt\/#\/schema\/person\/c4278d4a6028830caff9ee44b42d32ed\",\"name\":\"Telinha\",\"image\":{\"@type\":\"ImageObject\",\"inLanguage\":\"pt-PT\",\"@id\":\"https:\/\/portaltela.pt\/s.01k8rhncp4jt1\/2025\/11\/talking-bot-125x125.png\",\"url\":\"https:\/\/portaltela.pt\/s.01k8rhncp4jt1\/2025\/11\/talking-bot-125x125.png\",\"contentUrl\":\"https:\/\/portaltela.pt\/s.01k8rhncp4jt1\/2025\/11\/talking-bot-125x125.png\",\"caption\":\"Telinha\"},\"sameAs\":[\"https:\/\/portaltela.pt\/\"],\"url\":\"https:\/\/portaltela.pt\/por\/367410592786\/\"}]}<\/script>\n<!-- \/ Yoast SEO plugin. -->","yoast_head_json":{"title":"Momento antes da colis\u00e3o entre avi\u00e3o da Air Canada e ve\u00edculo de bombeiros em NY - Portal Tela Portugal","robots":{"index":"index","follow":"follow","max-snippet":"max-snippet:-1","max-image-preview":"max-image-preview:large","max-video-preview":"max-video-preview:-1"},"og_locale":"pt_PT","og_type":"article","og_title":"Momento antes da colis\u00e3o entre avi\u00e3o da Air Canada e ve\u00edculo de bombeiros em NY - Portal Tela Portugal","og_description":"Um avi\u00e3o da Air Canada colidiu com um ve\u00edculo dos bombeiros no aeroporto LaGuardia, em Nova Iorque, na noite de domingo. O acidente deixou v\u00e1rios feridos e provocou duas mortes: o piloto e o co-piloto da aeronave. A colis\u00e3o ocorreu no aeroporto de LaGuardia, em Nova Iorque. N\u00e3o foram divulgados outros detalhes sobre as circunst\u00e2ncias ou as causas do acidente.","og_url":"https:\/\/portaltela.pt\/noticias\/2026\/03\/24\/momento-antes-da-colisao-entre-aviao-da-air-canada-e-veiculo-de-bombeiros-em-ny\/","og_site_name":"Portal Tela Portugal","article_published_time":"2026-03-24T12:59:32+00:00","author":"Telinha","twitter_card":"summary_large_image","twitter_misc":{"Escrito por":"Telinha","Tempo estimado de leitura":"1 minuto"},"schema":{"@context":"https:\/\/schema.org","@graph":[{"@type":"Article","@id":"https:\/\/portaltela.pt\/noticias\/2026\/03\/24\/momento-antes-da-colisao-entre-aviao-da-air-canada-e-veiculo-de-bombeiros-em-ny\/#article","isPartOf":{"@id":"https:\/\/portaltela.pt\/noticias\/2026\/03\/24\/momento-antes-da-colisao-entre-aviao-da-air-canada-e-veiculo-de-bombeiros-em-ny\/"},"author":{"name":"Telinha","@id":"https:\/\/portaltela.pt\/#\/schema\/person\/c4278d4a6028830caff9ee44b42d32ed"},"headline":"Momento antes da colis\u00e3o entre avi\u00e3o da Air Canada e ve\u00edculo de bombeiros em NY","datePublished":"2026-03-24T12:59:32+00:00","mainEntityOfPage":{"@id":"https:\/\/portaltela.pt\/noticias\/2026\/03\/24\/momento-antes-da-colisao-entre-aviao-da-air-canada-e-veiculo-de-bombeiros-em-ny\/"},"wordCount":132,"image":{"@id":"https:\/\/portaltela.pt\/noticias\/2026\/03\/24\/momento-antes-da-colisao-entre-aviao-da-air-canada-e-veiculo-de-bombeiros-em-ny\/#primaryimage"},"thumbnailUrl":"https:\/\/portaltela.pt\/s.01k8rhncp4jt1\/2026\/03\/img_1280x722uu2026-03-24-12-57-09-2274486.jpg","keywords":["acidente","aeroportos","avi\u00f5es","bombeiros","mortes","Nova Iorque"],"articleSection":["Acidentes","Not\u00edcias"],"inLanguage":"pt-PT"},{"@type":"WebPage","@id":"https:\/\/portaltela.pt\/noticias\/2026\/03\/24\/momento-antes-da-colisao-entre-aviao-da-air-canada-e-veiculo-de-bombeiros-em-ny\/","url":"https:\/\/portaltela.pt\/noticias\/2026\/03\/24\/momento-antes-da-colisao-entre-aviao-da-air-canada-e-veiculo-de-bombeiros-em-ny\/","name":"Momento antes da colis\u00e3o entre avi\u00e3o da Air Canada e ve\u00edculo de bombeiros em NY - Portal Tela Portugal","isPartOf":{"@id":"https:\/\/portaltela.pt\/#website"},"primaryImageOfPage":{"@id":"https:\/\/portaltela.pt\/noticias\/2026\/03\/24\/momento-antes-da-colisao-entre-aviao-da-air-canada-e-veiculo-de-bombeiros-em-ny\/#primaryimage"},"image":{"@id":"https:\/\/portaltela.pt\/noticias\/2026\/03\/24\/momento-antes-da-colisao-entre-aviao-da-air-canada-e-veiculo-de-bombeiros-em-ny\/#primaryimage"},"thumbnailUrl":"https:\/\/portaltela.pt\/s.01k8rhncp4jt1\/2026\/03\/img_1280x722uu2026-03-24-12-57-09-2274486.jpg","datePublished":"2026-03-24T12:59:32+00:00","author":{"@id":"https:\/\/portaltela.pt\/#\/schema\/person\/c4278d4a6028830caff9ee44b42d32ed"},"breadcrumb":{"@id":"https:\/\/portaltela.pt\/noticias\/2026\/03\/24\/momento-antes-da-colisao-entre-aviao-da-air-canada-e-veiculo-de-bombeiros-em-ny\/#breadcrumb"},"inLanguage":"pt-PT","potentialAction":[{"@type":"ReadAction","target":["https:\/\/portaltela.pt\/noticias\/2026\/03\/24\/momento-antes-da-colisao-entre-aviao-da-air-canada-e-veiculo-de-bombeiros-em-ny\/"]}]},{"@type":"ImageObject","inLanguage":"pt-PT","@id":"https:\/\/portaltela.pt\/noticias\/2026\/03\/24\/momento-antes-da-colisao-entre-aviao-da-air-canada-e-veiculo-de-bombeiros-em-ny\/#primaryimage","url":"https:\/\/portaltela.pt\/s.01k8rhncp4jt1\/2026\/03\/img_1280x722uu2026-03-24-12-57-09-2274486.jpg","contentUrl":"https:\/\/portaltela.pt\/s.01k8rhncp4jt1\/2026\/03\/img_1280x722uu2026-03-24-12-57-09-2274486.jpg","width":796,"height":448,"caption":"Imagem do momento antes da colis\u00e3o"},{"@type":"BreadcrumbList","@id":"https:\/\/portaltela.pt\/noticias\/2026\/03\/24\/momento-antes-da-colisao-entre-aviao-da-air-canada-e-veiculo-de-bombeiros-em-ny\/#breadcrumb","itemListElement":[{"@type":"ListItem","position":1,"name":"In\u00edcio","item":"https:\/\/portaltela.pt\/"},{"@type":"ListItem","position":2,"name":"Momento antes da colis\u00e3o entre avi\u00e3o da Air Canada e ve\u00edculo de bombeiros em NY"}]},{"@type":"WebSite","@id":"https:\/\/portaltela.pt\/#website","url":"https:\/\/portaltela.pt\/","name":"Portal Tela Portugal","description":"","potentialAction":[{"@type":"SearchAction","target":{"@type":"EntryPoint","urlTemplate":"https:\/\/portaltela.pt\/?s={search_term_string}"},"query-input":{"@type":"PropertyValueSpecification","valueRequired":true,"valueName":"search_term_string"}}],"inLanguage":"pt-PT"},{"@type":"Person","@id":"https:\/\/portaltela.pt\/#\/schema\/person\/c4278d4a6028830caff9ee44b42d32ed","name":"Telinha","image":{"@type":"ImageObject","inLanguage":"pt-PT","@id":"https:\/\/portaltela.pt\/s.01k8rhncp4jt1\/2025\/11\/talking-bot-125x125.png","url":"https:\/\/portaltela.pt\/s.01k8rhncp4jt1\/2025\/11\/talking-bot-125x125.png","contentUrl":"https:\/\/portaltela.pt\/s.01k8rhncp4jt1\/2025\/11\/talking-bot-125x125.png","caption":"Telinha"},"sameAs":["https:\/\/portaltela.pt\/"],"url":"https:\/\/portaltela.pt\/por\/367410592786\/"}]}},"_links":{"self":[{"href":"https:\/\/portaltela.pt\/api\/wp\/v2\/posts\/419565","targetHints":{"allow":["GET"]}}],"collection":[{"href":"https:\/\/portaltela.pt\/api\/wp\/v2\/posts"}],"about":[{"href":"https:\/\/portaltela.pt\/api\/wp\/v2\/types\/post"}],"author":[{"embeddable":true,"href":"https:\/\/portaltela.pt\/api\/wp\/v2\/users\/2"}],"replies":[{"embeddable":true,"href":"https:\/\/portaltela.pt\/api\/wp\/v2\/comments?post=419565"}],"version-history":[{"count":0,"href":"https:\/\/portaltela.pt\/api\/wp\/v2\/posts\/419565\/revisions"}],"wp:featuredmedia":[{"embeddable":true,"href":"https:\/\/portaltela.pt\/api\/wp\/v2\/media\/419569"}],"wp:attachment":[{"href":"https:\/\/portaltela.pt\/api\/wp\/v2\/media?parent=419565"}],"wp:term":[{"taxonomy":"category","embeddable":true,"href":"https:\/\/portaltela.pt\/api\/wp\/v2\/categories?post=419565"},{"taxonomy":"post_tag","embeddable":true,"href":"https:\/\/portaltela.pt\/api\/wp\/v2\/tags?post=419565"}],"curies":[{"name":"wp","href":"https:\/\/api.w.org\/{rel}","templated":true}]}}