{"id":419563,"date":"2026-03-24T09:45:55","date_gmt":"2026-03-24T12:45:55","guid":{"rendered":"https:\/\/portaltela.pt\/noticias\/2026\/03\/24\/nathan-tella-renova-contrato-com-o-leverkusen\/"},"modified":"2026-03-24T09:45:55","modified_gmt":"2026-03-24T12:45:55","slug":"nathan-tella-renova-contrato-com-o-leverkusen","status":"publish","type":"post","link":"https:\/\/portaltela.pt\/desporto\/futebol\/2026\/03\/24\/nathan-tella-renova-contrato-com-o-leverkusen\/","title":{"rendered":"Nathan Tella renova contrato com o Leverkusen"},"content":{"rendered":"<p>O Bayer Leverkusen anunciou a renova\u00e7\u00e3o de contrato com o extremo Nathan Tella at\u00e9 2031. O acordo refor\u00e7a a continuidade do jogador africano no clube alem\u00e3o, ap\u00f3s uma \u00e9poca de sucesso.<\/p>\n<p>Tella chegou \u00e0 Bundesliga em 2023, proveniente do Southampton, por 23,3 milh\u00f5es de euros. Na \u00e9poca 2023\/24, contribuiu para a vit\u00f3ria no campeonato e na ta\u00e7a, tornando-se pe\u00e7a-chave do plantel.<\/p>\n<p>O nigeriano j\u00e1 cumpre 95 encontros pelos farmac\u00eauticos, com registo de 10 golos e assist\u00eancias. A dire\u00e7\u00e3o desportiva destacou a qualidade t\u00e9cnica, velocidade e import\u00e2ncia de Tella no balne\u00e1rio.<\/p>\n<p>Simon Rolfes, diretor desportivo, enfatizou a identifica\u00e7\u00e3o de Tella com o Bayer e a influ\u00eancia positiva no grupo. O jogador expressou satisfa\u00e7\u00e3o com o v\u00ednculo, apontando para novos objetivos com a equipa.<\/p>\n<p>Tella afirmou sentir-se bem no clube e confiar no desenvolvimento de uma equipa forte para os pr\u00f3ximos anos. O prolongamento confirma a aposta do Leverkusen na continuidade do jogador at\u00e9 ao final da d\u00e9cada.<\/p>\n","protected":false},"excerpt":{"rendered":"<ul>\n<li>O Bayer Leverkusen anunciou a renova\u00e7\u00e3o do contrato com o extremo Nathan Tella at\u00e9 2031.<\/li>\n<li>Tella chegou \u00e0 Alemanha em 2023, vindo do Southampton por 23,3 milh\u00f5es de euros.<\/li>\n<li>Na \u00e9poca de 2023\/24 o clube conquistou a Bundesliga e a Ta\u00e7a.<\/li>\n<li>O nigeriano soma j\u00e1 95 jogos pelo Leverkusen, com 10 golos e assist\u00eancias.<\/li>\n<li>O diretor desportivo Simon Rolfes destacou a import\u00e2ncia dele no balne\u00e1rio e no ataque; Tella mostrou-se entusiasmado com o futuro no clube.<\/li>\n<\/ul>\n","protected":false},"author":2,"featured_media":419564,"comment_status":"closed","ping_status":"closed","sticky":false,"template":"","format":"standard","meta":{"footnotes":""},"categories":[21,24],"tags":[1603,152,32,3338,1368,1633],"class_list":["post-419563","post","type-post","status-publish","format-standard","has-post-thumbnail","hentry","category-desporto","category-futebol","tag-alemanha","tag-desporto","tag-futebol","tag-futebol-internacional","tag-nigeria","tag-transferencias-internacionais"],"yoast_head":"<!-- This site is optimized with the Yoast SEO plugin v27.2 - https:\/\/yoast.com\/product\/yoast-seo-wordpress\/ -->\n<title>Nathan Tella renova contrato com o Leverkusen - Portal Tela Portugal<\/title>\n<meta name=\"robots\" content=\"index, follow, max-snippet:-1, max-image-preview:large, max-video-preview:-1\" \/>\n<meta property=\"og:locale\" content=\"pt_PT\" \/>\n<meta property=\"og:type\" content=\"article\" \/>\n<meta property=\"og:title\" content=\"Nathan Tella renova contrato com o Leverkusen - Portal Tela Portugal\" \/>\n<meta property=\"og:description\" content=\"O Bayer Leverkusen anunciou a renova\u00e7\u00e3o do contrato com o extremo Nathan Tella at\u00e9 2031. Tella chegou \u00e0 Alemanha em 2023, vindo do Southampton por 23,3 milh\u00f5es de euros. Na \u00e9poca de 2023\/24 o clube conquistou a Bundesliga e a Ta\u00e7a. O nigeriano soma j\u00e1 95 jogos pelo Leverkusen, com 10 golos e assist\u00eancias. O diretor desportivo Simon Rolfes destacou a import\u00e2ncia dele no balne\u00e1rio e no ataque; Tella mostrou-se entusiasmado com o futuro no clube.\" \/>\n<meta property=\"og:url\" content=\"https:\/\/portaltela.pt\/noticias\/2026\/03\/24\/nathan-tella-renova-contrato-com-o-leverkusen\/\" \/>\n<meta property=\"og:site_name\" content=\"Portal Tela Portugal\" \/>\n<meta property=\"article:published_time\" content=\"2026-03-24T12:45:55+00:00\" \/>\n<meta name=\"author\" content=\"Telinha\" \/>\n<meta name=\"twitter:card\" content=\"summary_large_image\" \/>\n<meta name=\"twitter:label1\" content=\"Escrito por\" \/>\n\t<meta name=\"twitter:data1\" content=\"Telinha\" \/>\n\t<meta name=\"twitter:label2\" content=\"Tempo estimado de leitura\" \/>\n\t<meta name=\"twitter:data2\" content=\"1 minuto\" \/>\n<script type=\"application\/ld+json\" class=\"yoast-schema-graph\">{\"@context\":\"https:\/\/schema.org\",\"@graph\":[{\"@type\":\"Article\",\"@id\":\"https:\/\/portaltela.pt\/noticias\/2026\/03\/24\/nathan-tella-renova-contrato-com-o-leverkusen\/#article\",\"isPartOf\":{\"@id\":\"https:\/\/portaltela.pt\/noticias\/2026\/03\/24\/nathan-tella-renova-contrato-com-o-leverkusen\/\"},\"author\":{\"name\":\"Telinha\",\"@id\":\"https:\/\/portaltela.pt\/#\/schema\/person\/c4278d4a6028830caff9ee44b42d32ed\"},\"headline\":\"Nathan Tella renova contrato com o Leverkusen\",\"datePublished\":\"2026-03-24T12:45:55+00:00\",\"mainEntityOfPage\":{\"@id\":\"https:\/\/portaltela.pt\/noticias\/2026\/03\/24\/nathan-tella-renova-contrato-com-o-leverkusen\/\"},\"wordCount\":176,\"image\":{\"@id\":\"https:\/\/portaltela.pt\/noticias\/2026\/03\/24\/nathan-tella-renova-contrato-com-o-leverkusen\/#primaryimage\"},\"thumbnailUrl\":\"https:\/\/portaltela.pt\/s.01k8rhncp4jt1\/2026\/03\/img_920x518uu2026-03-24-12-43-14-2429102.jpg\",\"keywords\":[\"Alemanha\",\"desporto\",\"futebol\",\"futebol internacional\",\"Nig\u00e9ria\",\"transfer\u00eancias internacionais\"],\"articleSection\":[\"Desporto\",\"Futebol\"],\"inLanguage\":\"pt-PT\"},{\"@type\":\"WebPage\",\"@id\":\"https:\/\/portaltela.pt\/noticias\/2026\/03\/24\/nathan-tella-renova-contrato-com-o-leverkusen\/\",\"url\":\"https:\/\/portaltela.pt\/noticias\/2026\/03\/24\/nathan-tella-renova-contrato-com-o-leverkusen\/\",\"name\":\"Nathan Tella renova contrato com o Leverkusen - Portal Tela Portugal\",\"isPartOf\":{\"@id\":\"https:\/\/portaltela.pt\/#website\"},\"primaryImageOfPage\":{\"@id\":\"https:\/\/portaltela.pt\/noticias\/2026\/03\/24\/nathan-tella-renova-contrato-com-o-leverkusen\/#primaryimage\"},\"image\":{\"@id\":\"https:\/\/portaltela.pt\/noticias\/2026\/03\/24\/nathan-tella-renova-contrato-com-o-leverkusen\/#primaryimage\"},\"thumbnailUrl\":\"https:\/\/portaltela.pt\/s.01k8rhncp4jt1\/2026\/03\/img_920x518uu2026-03-24-12-43-14-2429102.jpg\",\"datePublished\":\"2026-03-24T12:45:55+00:00\",\"author\":{\"@id\":\"https:\/\/portaltela.pt\/#\/schema\/person\/c4278d4a6028830caff9ee44b42d32ed\"},\"breadcrumb\":{\"@id\":\"https:\/\/portaltela.pt\/noticias\/2026\/03\/24\/nathan-tella-renova-contrato-com-o-leverkusen\/#breadcrumb\"},\"inLanguage\":\"pt-PT\",\"potentialAction\":[{\"@type\":\"ReadAction\",\"target\":[\"https:\/\/portaltela.pt\/noticias\/2026\/03\/24\/nathan-tella-renova-contrato-com-o-leverkusen\/\"]}]},{\"@type\":\"ImageObject\",\"inLanguage\":\"pt-PT\",\"@id\":\"https:\/\/portaltela.pt\/noticias\/2026\/03\/24\/nathan-tella-renova-contrato-com-o-leverkusen\/#primaryimage\",\"url\":\"https:\/\/portaltela.pt\/s.01k8rhncp4jt1\/2026\/03\/img_920x518uu2026-03-24-12-43-14-2429102.jpg\",\"contentUrl\":\"https:\/\/portaltela.pt\/s.01k8rhncp4jt1\/2026\/03\/img_920x518uu2026-03-24-12-43-14-2429102.jpg\",\"width\":796,\"height\":448,\"caption\":\"Nathan Tella renova com Leverkusen at\u00e9 2031\"},{\"@type\":\"BreadcrumbList\",\"@id\":\"https:\/\/portaltela.pt\/noticias\/2026\/03\/24\/nathan-tella-renova-contrato-com-o-leverkusen\/#breadcrumb\",\"itemListElement\":[{\"@type\":\"ListItem\",\"position\":1,\"name\":\"In\u00edcio\",\"item\":\"https:\/\/portaltela.pt\/\"},{\"@type\":\"ListItem\",\"position\":2,\"name\":\"Nathan Tella renova contrato com o Leverkusen\"}]},{\"@type\":\"WebSite\",\"@id\":\"https:\/\/portaltela.pt\/#website\",\"url\":\"https:\/\/portaltela.pt\/\",\"name\":\"Portal Tela Portugal\",\"description\":\"\",\"potentialAction\":[{\"@type\":\"SearchAction\",\"target\":{\"@type\":\"EntryPoint\",\"urlTemplate\":\"https:\/\/portaltela.pt\/?s={search_term_string}\"},\"query-input\":{\"@type\":\"PropertyValueSpecification\",\"valueRequired\":true,\"valueName\":\"search_term_string\"}}],\"inLanguage\":\"pt-PT\"},{\"@type\":\"Person\",\"@id\":\"https:\/\/portaltela.pt\/#\/schema\/person\/c4278d4a6028830caff9ee44b42d32ed\",\"name\":\"Telinha\",\"image\":{\"@type\":\"ImageObject\",\"inLanguage\":\"pt-PT\",\"@id\":\"https:\/\/portaltela.pt\/s.01k8rhncp4jt1\/2025\/11\/talking-bot-125x125.png\",\"url\":\"https:\/\/portaltela.pt\/s.01k8rhncp4jt1\/2025\/11\/talking-bot-125x125.png\",\"contentUrl\":\"https:\/\/portaltela.pt\/s.01k8rhncp4jt1\/2025\/11\/talking-bot-125x125.png\",\"caption\":\"Telinha\"},\"sameAs\":[\"https:\/\/portaltela.pt\/\"],\"url\":\"https:\/\/portaltela.pt\/por\/367410592786\/\"}]}<\/script>\n<!-- \/ Yoast SEO plugin. -->","yoast_head_json":{"title":"Nathan Tella renova contrato com o Leverkusen - Portal Tela Portugal","robots":{"index":"index","follow":"follow","max-snippet":"max-snippet:-1","max-image-preview":"max-image-preview:large","max-video-preview":"max-video-preview:-1"},"og_locale":"pt_PT","og_type":"article","og_title":"Nathan Tella renova contrato com o Leverkusen - Portal Tela Portugal","og_description":"O Bayer Leverkusen anunciou a renova\u00e7\u00e3o do contrato com o extremo Nathan Tella at\u00e9 2031. Tella chegou \u00e0 Alemanha em 2023, vindo do Southampton por 23,3 milh\u00f5es de euros. Na \u00e9poca de 2023\/24 o clube conquistou a Bundesliga e a Ta\u00e7a. O nigeriano soma j\u00e1 95 jogos pelo Leverkusen, com 10 golos e assist\u00eancias. O diretor desportivo Simon Rolfes destacou a import\u00e2ncia dele no balne\u00e1rio e no ataque; Tella mostrou-se entusiasmado com o futuro no clube.","og_url":"https:\/\/portaltela.pt\/noticias\/2026\/03\/24\/nathan-tella-renova-contrato-com-o-leverkusen\/","og_site_name":"Portal Tela Portugal","article_published_time":"2026-03-24T12:45:55+00:00","author":"Telinha","twitter_card":"summary_large_image","twitter_misc":{"Escrito por":"Telinha","Tempo estimado de leitura":"1 minuto"},"schema":{"@context":"https:\/\/schema.org","@graph":[{"@type":"Article","@id":"https:\/\/portaltela.pt\/noticias\/2026\/03\/24\/nathan-tella-renova-contrato-com-o-leverkusen\/#article","isPartOf":{"@id":"https:\/\/portaltela.pt\/noticias\/2026\/03\/24\/nathan-tella-renova-contrato-com-o-leverkusen\/"},"author":{"name":"Telinha","@id":"https:\/\/portaltela.pt\/#\/schema\/person\/c4278d4a6028830caff9ee44b42d32ed"},"headline":"Nathan Tella renova contrato com o Leverkusen","datePublished":"2026-03-24T12:45:55+00:00","mainEntityOfPage":{"@id":"https:\/\/portaltela.pt\/noticias\/2026\/03\/24\/nathan-tella-renova-contrato-com-o-leverkusen\/"},"wordCount":176,"image":{"@id":"https:\/\/portaltela.pt\/noticias\/2026\/03\/24\/nathan-tella-renova-contrato-com-o-leverkusen\/#primaryimage"},"thumbnailUrl":"https:\/\/portaltela.pt\/s.01k8rhncp4jt1\/2026\/03\/img_920x518uu2026-03-24-12-43-14-2429102.jpg","keywords":["Alemanha","desporto","futebol","futebol internacional","Nig\u00e9ria","transfer\u00eancias internacionais"],"articleSection":["Desporto","Futebol"],"inLanguage":"pt-PT"},{"@type":"WebPage","@id":"https:\/\/portaltela.pt\/noticias\/2026\/03\/24\/nathan-tella-renova-contrato-com-o-leverkusen\/","url":"https:\/\/portaltela.pt\/noticias\/2026\/03\/24\/nathan-tella-renova-contrato-com-o-leverkusen\/","name":"Nathan Tella renova contrato com o Leverkusen - Portal Tela Portugal","isPartOf":{"@id":"https:\/\/portaltela.pt\/#website"},"primaryImageOfPage":{"@id":"https:\/\/portaltela.pt\/noticias\/2026\/03\/24\/nathan-tella-renova-contrato-com-o-leverkusen\/#primaryimage"},"image":{"@id":"https:\/\/portaltela.pt\/noticias\/2026\/03\/24\/nathan-tella-renova-contrato-com-o-leverkusen\/#primaryimage"},"thumbnailUrl":"https:\/\/portaltela.pt\/s.01k8rhncp4jt1\/2026\/03\/img_920x518uu2026-03-24-12-43-14-2429102.jpg","datePublished":"2026-03-24T12:45:55+00:00","author":{"@id":"https:\/\/portaltela.pt\/#\/schema\/person\/c4278d4a6028830caff9ee44b42d32ed"},"breadcrumb":{"@id":"https:\/\/portaltela.pt\/noticias\/2026\/03\/24\/nathan-tella-renova-contrato-com-o-leverkusen\/#breadcrumb"},"inLanguage":"pt-PT","potentialAction":[{"@type":"ReadAction","target":["https:\/\/portaltela.pt\/noticias\/2026\/03\/24\/nathan-tella-renova-contrato-com-o-leverkusen\/"]}]},{"@type":"ImageObject","inLanguage":"pt-PT","@id":"https:\/\/portaltela.pt\/noticias\/2026\/03\/24\/nathan-tella-renova-contrato-com-o-leverkusen\/#primaryimage","url":"https:\/\/portaltela.pt\/s.01k8rhncp4jt1\/2026\/03\/img_920x518uu2026-03-24-12-43-14-2429102.jpg","contentUrl":"https:\/\/portaltela.pt\/s.01k8rhncp4jt1\/2026\/03\/img_920x518uu2026-03-24-12-43-14-2429102.jpg","width":796,"height":448,"caption":"Nathan Tella renova com Leverkusen at\u00e9 2031"},{"@type":"BreadcrumbList","@id":"https:\/\/portaltela.pt\/noticias\/2026\/03\/24\/nathan-tella-renova-contrato-com-o-leverkusen\/#breadcrumb","itemListElement":[{"@type":"ListItem","position":1,"name":"In\u00edcio","item":"https:\/\/portaltela.pt\/"},{"@type":"ListItem","position":2,"name":"Nathan Tella renova contrato com o Leverkusen"}]},{"@type":"WebSite","@id":"https:\/\/portaltela.pt\/#website","url":"https:\/\/portaltela.pt\/","name":"Portal Tela Portugal","description":"","potentialAction":[{"@type":"SearchAction","target":{"@type":"EntryPoint","urlTemplate":"https:\/\/portaltela.pt\/?s={search_term_string}"},"query-input":{"@type":"PropertyValueSpecification","valueRequired":true,"valueName":"search_term_string"}}],"inLanguage":"pt-PT"},{"@type":"Person","@id":"https:\/\/portaltela.pt\/#\/schema\/person\/c4278d4a6028830caff9ee44b42d32ed","name":"Telinha","image":{"@type":"ImageObject","inLanguage":"pt-PT","@id":"https:\/\/portaltela.pt\/s.01k8rhncp4jt1\/2025\/11\/talking-bot-125x125.png","url":"https:\/\/portaltela.pt\/s.01k8rhncp4jt1\/2025\/11\/talking-bot-125x125.png","contentUrl":"https:\/\/portaltela.pt\/s.01k8rhncp4jt1\/2025\/11\/talking-bot-125x125.png","caption":"Telinha"},"sameAs":["https:\/\/portaltela.pt\/"],"url":"https:\/\/portaltela.pt\/por\/367410592786\/"}]}},"_links":{"self":[{"href":"https:\/\/portaltela.pt\/api\/wp\/v2\/posts\/419563","targetHints":{"allow":["GET"]}}],"collection":[{"href":"https:\/\/portaltela.pt\/api\/wp\/v2\/posts"}],"about":[{"href":"https:\/\/portaltela.pt\/api\/wp\/v2\/types\/post"}],"author":[{"embeddable":true,"href":"https:\/\/portaltela.pt\/api\/wp\/v2\/users\/2"}],"replies":[{"embeddable":true,"href":"https:\/\/portaltela.pt\/api\/wp\/v2\/comments?post=419563"}],"version-history":[{"count":0,"href":"https:\/\/portaltela.pt\/api\/wp\/v2\/posts\/419563\/revisions"}],"wp:featuredmedia":[{"embeddable":true,"href":"https:\/\/portaltela.pt\/api\/wp\/v2\/media\/419564"}],"wp:attachment":[{"href":"https:\/\/portaltela.pt\/api\/wp\/v2\/media?parent=419563"}],"wp:term":[{"taxonomy":"category","embeddable":true,"href":"https:\/\/portaltela.pt\/api\/wp\/v2\/categories?post=419563"},{"taxonomy":"post_tag","embeddable":true,"href":"https:\/\/portaltela.pt\/api\/wp\/v2\/tags?post=419563"}],"curies":[{"name":"wp","href":"https:\/\/api.w.org\/{rel}","templated":true}]}}