{"id":419544,"date":"2026-03-24T09:44:10","date_gmt":"2026-03-24T12:44:10","guid":{"rendered":"https:\/\/portaltela.pt\/noticias\/2026\/03\/24\/joao-neves-e-pote-em-recuperacao-marcam-ultimo-treino-antes-do-mexico\/"},"modified":"2026-03-24T09:44:10","modified_gmt":"2026-03-24T12:44:10","slug":"joao-neves-e-pote-em-recuperacao-marcam-ultimo-treino-antes-do-mexico","status":"publish","type":"post","link":"https:\/\/portaltela.pt\/desporto\/futebol\/2026\/03\/24\/joao-neves-e-pote-em-recuperacao-marcam-ultimo-treino-antes-do-mexico\/","title":{"rendered":"Jo\u00e3o Neves e Pote em recupera\u00e7\u00e3o marcam \u00faltimo treino antes do M\u00e9xico"},"content":{"rendered":"<p>O treino desta manh\u00e3 marcou o \u00faltimo treino da Sele\u00e7\u00e3o Nacional antes da viagem para o M\u00e9xico. Pote e Jo\u00e3o Neves realizaram recupera\u00e7\u00e3o no relvado e no gin\u00e1sio da Cidade do Futebol, num alinhamento que manteve o grupo coeso. Pote falhou a sess\u00e3o de ontem, enquanto Jo\u00e3o Neves treinou normalmente.<\/p>\n<p>Roberto Mart\u00ednez teve 23 jogadores \u00e0 disposi\u00e7\u00e3o, incluindo tr\u00eas guarda-redes: Rui Silva, Jos\u00e9 S\u00e1 e Ricardo Velho. Nos momentos iniciais abertos \u00e0 imprensa, todos treinaram de forma espec\u00edfica, com os guarda-redes a trabalhar separadamente.<\/p>\n<h3>Comitiva e pr\u00f3ximos passos<\/h3>\n<p>A comitiva, liderada pelo presidente da Federa\u00e7\u00e3o, Pedro Proen\u00e7a, parte \u00e0s 14h30 rumo a Canc\u00fan. O est\u00e1gio prolongar-se-\u00e1 at\u00e9 ao jogo particular com o M\u00e9xico, agendado para a madrugada de domingo, \u00e0s 02h00, hora de Portugal continental.<\/p>\n<p>Mateus Fernandes foi o estreante nesta convocat\u00f3ria e comentou o momento de integra\u00e7\u00e3o no grupo. O jogador afirmou que a equipa est\u00e1 focada na prepara\u00e7\u00e3o para o duelo de amanh\u00e3.<\/p>\n","protected":false},"excerpt":{"rendered":"<ul>\n<li>A Sele\u00e7\u00e3o realizou o \u00faltimo treino antes da viagem para o M\u00e9xico, com Pote e Jo\u00e3o Neves a fazer recupera\u00e7\u00e3o no relvado e no gin\u00e1sio da Cidade do Futebol.<\/li>\n<li>Pote falhou a sess\u00e3o de v\u00e9spera; Jo\u00e3o Neves treinou normalmente e ambos seguem viagem com a equipa das quinas.<\/li>\n<li>O seleccionador Roberto Mart\u00ednez contou com 23 jogadores dispon\u00edveis, incluindo os tr\u00eas guarda-redes (Rui Silva, Jos\u00e9 S\u00e1 e Ricardo Velho) que fizeram treino espec\u00edfico nos 15 minutos iniciais.<\/li>\n<li>A comitiva parte \u00e0s 14h30 rumo a Canc\u00fan, onde permanecer\u00e1 em est\u00e1gio at\u00e9 ao jogo particular com o M\u00e9xico.<\/li>\n<li>Mateus Fernandes, estreante nesta convocat\u00f3ria, revelou declara\u00e7\u00f5es ao longo do dia.<\/li>\n<\/ul>\n","protected":false},"author":2,"featured_media":419552,"comment_status":"closed","ping_status":"closed","sticky":false,"template":"","format":"standard","meta":{"footnotes":""},"categories":[21,24],"tags":[7302,32,1014,5022,2057,3212],"class_list":["post-419544","post","type-post","status-publish","format-standard","has-post-thumbnail","hentry","category-desporto","category-futebol","tag-amistosos","tag-futebol","tag-portugal","tag-portugal-continental","tag-selecao-nacional","tag-selecoes-internacionais"],"yoast_head":"<!-- This site is optimized with the Yoast SEO plugin v27.2 - https:\/\/yoast.com\/product\/yoast-seo-wordpress\/ -->\n<title>Jo\u00e3o Neves e Pote em recupera\u00e7\u00e3o marcam \u00faltimo treino antes do M\u00e9xico - Portal Tela Portugal<\/title>\n<meta name=\"robots\" content=\"index, follow, max-snippet:-1, max-image-preview:large, max-video-preview:-1\" \/>\n<meta property=\"og:locale\" content=\"pt_PT\" \/>\n<meta property=\"og:type\" content=\"article\" \/>\n<meta property=\"og:title\" content=\"Jo\u00e3o Neves e Pote em recupera\u00e7\u00e3o marcam \u00faltimo treino antes do M\u00e9xico - Portal Tela Portugal\" \/>\n<meta property=\"og:description\" content=\"A Sele\u00e7\u00e3o realizou o \u00faltimo treino antes da viagem para o M\u00e9xico, com Pote e Jo\u00e3o Neves a fazer recupera\u00e7\u00e3o no relvado e no gin\u00e1sio da Cidade do Futebol. Pote falhou a sess\u00e3o de v\u00e9spera; Jo\u00e3o Neves treinou normalmente e ambos seguem viagem com a equipa das quinas. O seleccionador Roberto Mart\u00ednez contou com 23 jogadores dispon\u00edveis, incluindo os tr\u00eas guarda-redes (Rui Silva, Jos\u00e9 S\u00e1 e Ricardo Velho) que fizeram treino espec\u00edfico nos 15 minutos iniciais. A comitiva parte \u00e0s 14h30 rumo a Canc\u00fan, onde permanecer\u00e1 em est\u00e1gio at\u00e9 ao jogo particular com o M\u00e9xico. Mateus Fernandes, estreante nesta convocat\u00f3ria, revelou declara\u00e7\u00f5es ao longo do dia.\" \/>\n<meta property=\"og:url\" content=\"https:\/\/portaltela.pt\/noticias\/2026\/03\/24\/joao-neves-e-pote-em-recuperacao-marcam-ultimo-treino-antes-do-mexico\/\" \/>\n<meta property=\"og:site_name\" content=\"Portal Tela Portugal\" \/>\n<meta property=\"article:published_time\" content=\"2026-03-24T12:44:10+00:00\" \/>\n<meta name=\"author\" content=\"Telinha\" \/>\n<meta name=\"twitter:card\" content=\"summary_large_image\" \/>\n<meta name=\"twitter:label1\" content=\"Escrito por\" \/>\n\t<meta name=\"twitter:data1\" content=\"Telinha\" \/>\n\t<meta name=\"twitter:label2\" content=\"Tempo estimado de leitura\" \/>\n\t<meta name=\"twitter:data2\" content=\"1 minuto\" \/>\n<script type=\"application\/ld+json\" class=\"yoast-schema-graph\">{\"@context\":\"https:\/\/schema.org\",\"@graph\":[{\"@type\":\"Article\",\"@id\":\"https:\/\/portaltela.pt\/noticias\/2026\/03\/24\/joao-neves-e-pote-em-recuperacao-marcam-ultimo-treino-antes-do-mexico\/#article\",\"isPartOf\":{\"@id\":\"https:\/\/portaltela.pt\/noticias\/2026\/03\/24\/joao-neves-e-pote-em-recuperacao-marcam-ultimo-treino-antes-do-mexico\/\"},\"author\":{\"name\":\"Telinha\",\"@id\":\"https:\/\/portaltela.pt\/#\/schema\/person\/c4278d4a6028830caff9ee44b42d32ed\"},\"headline\":\"Jo\u00e3o Neves e Pote em recupera\u00e7\u00e3o marcam \u00faltimo treino antes do M\u00e9xico\",\"datePublished\":\"2026-03-24T12:44:10+00:00\",\"mainEntityOfPage\":{\"@id\":\"https:\/\/portaltela.pt\/noticias\/2026\/03\/24\/joao-neves-e-pote-em-recuperacao-marcam-ultimo-treino-antes-do-mexico\/\"},\"wordCount\":187,\"image\":{\"@id\":\"https:\/\/portaltela.pt\/noticias\/2026\/03\/24\/joao-neves-e-pote-em-recuperacao-marcam-ultimo-treino-antes-do-mexico\/#primaryimage\"},\"thumbnailUrl\":\"https:\/\/portaltela.pt\/s.01k8rhncp4jt1\/2026\/03\/img_1200x721uu2026-03-24-12-31-16-2429093.jpg\",\"keywords\":[\"amistosos\",\"futebol\",\"Portugal\",\"Portugal Continental\",\"Sele\u00e7\u00e3o Nacional\",\"sele\u00e7\u00f5es internacionais\"],\"articleSection\":[\"Desporto\",\"Futebol\"],\"inLanguage\":\"pt-PT\"},{\"@type\":\"WebPage\",\"@id\":\"https:\/\/portaltela.pt\/noticias\/2026\/03\/24\/joao-neves-e-pote-em-recuperacao-marcam-ultimo-treino-antes-do-mexico\/\",\"url\":\"https:\/\/portaltela.pt\/noticias\/2026\/03\/24\/joao-neves-e-pote-em-recuperacao-marcam-ultimo-treino-antes-do-mexico\/\",\"name\":\"Jo\u00e3o Neves e Pote em recupera\u00e7\u00e3o marcam \u00faltimo treino antes do M\u00e9xico - Portal Tela Portugal\",\"isPartOf\":{\"@id\":\"https:\/\/portaltela.pt\/#website\"},\"primaryImageOfPage\":{\"@id\":\"https:\/\/portaltela.pt\/noticias\/2026\/03\/24\/joao-neves-e-pote-em-recuperacao-marcam-ultimo-treino-antes-do-mexico\/#primaryimage\"},\"image\":{\"@id\":\"https:\/\/portaltela.pt\/noticias\/2026\/03\/24\/joao-neves-e-pote-em-recuperacao-marcam-ultimo-treino-antes-do-mexico\/#primaryimage\"},\"thumbnailUrl\":\"https:\/\/portaltela.pt\/s.01k8rhncp4jt1\/2026\/03\/img_1200x721uu2026-03-24-12-31-16-2429093.jpg\",\"datePublished\":\"2026-03-24T12:44:10+00:00\",\"author\":{\"@id\":\"https:\/\/portaltela.pt\/#\/schema\/person\/c4278d4a6028830caff9ee44b42d32ed\"},\"breadcrumb\":{\"@id\":\"https:\/\/portaltela.pt\/noticias\/2026\/03\/24\/joao-neves-e-pote-em-recuperacao-marcam-ultimo-treino-antes-do-mexico\/#breadcrumb\"},\"inLanguage\":\"pt-PT\",\"potentialAction\":[{\"@type\":\"ReadAction\",\"target\":[\"https:\/\/portaltela.pt\/noticias\/2026\/03\/24\/joao-neves-e-pote-em-recuperacao-marcam-ultimo-treino-antes-do-mexico\/\"]}]},{\"@type\":\"ImageObject\",\"inLanguage\":\"pt-PT\",\"@id\":\"https:\/\/portaltela.pt\/noticias\/2026\/03\/24\/joao-neves-e-pote-em-recuperacao-marcam-ultimo-treino-antes-do-mexico\/#primaryimage\",\"url\":\"https:\/\/portaltela.pt\/s.01k8rhncp4jt1\/2026\/03\/img_1200x721uu2026-03-24-12-31-16-2429093.jpg\",\"contentUrl\":\"https:\/\/portaltela.pt\/s.01k8rhncp4jt1\/2026\/03\/img_1200x721uu2026-03-24-12-31-16-2429093.jpg\",\"width\":796,\"height\":448,\"caption\":\"Jo\u00e3o Neves e Pote em exerc\u00edcio na bicicleta el\u00edptica\"},{\"@type\":\"BreadcrumbList\",\"@id\":\"https:\/\/portaltela.pt\/noticias\/2026\/03\/24\/joao-neves-e-pote-em-recuperacao-marcam-ultimo-treino-antes-do-mexico\/#breadcrumb\",\"itemListElement\":[{\"@type\":\"ListItem\",\"position\":1,\"name\":\"In\u00edcio\",\"item\":\"https:\/\/portaltela.pt\/\"},{\"@type\":\"ListItem\",\"position\":2,\"name\":\"Jo\u00e3o Neves e Pote em recupera\u00e7\u00e3o marcam \u00faltimo treino antes do M\u00e9xico\"}]},{\"@type\":\"WebSite\",\"@id\":\"https:\/\/portaltela.pt\/#website\",\"url\":\"https:\/\/portaltela.pt\/\",\"name\":\"Portal Tela Portugal\",\"description\":\"\",\"potentialAction\":[{\"@type\":\"SearchAction\",\"target\":{\"@type\":\"EntryPoint\",\"urlTemplate\":\"https:\/\/portaltela.pt\/?s={search_term_string}\"},\"query-input\":{\"@type\":\"PropertyValueSpecification\",\"valueRequired\":true,\"valueName\":\"search_term_string\"}}],\"inLanguage\":\"pt-PT\"},{\"@type\":\"Person\",\"@id\":\"https:\/\/portaltela.pt\/#\/schema\/person\/c4278d4a6028830caff9ee44b42d32ed\",\"name\":\"Telinha\",\"image\":{\"@type\":\"ImageObject\",\"inLanguage\":\"pt-PT\",\"@id\":\"https:\/\/portaltela.pt\/s.01k8rhncp4jt1\/2025\/11\/talking-bot-125x125.png\",\"url\":\"https:\/\/portaltela.pt\/s.01k8rhncp4jt1\/2025\/11\/talking-bot-125x125.png\",\"contentUrl\":\"https:\/\/portaltela.pt\/s.01k8rhncp4jt1\/2025\/11\/talking-bot-125x125.png\",\"caption\":\"Telinha\"},\"sameAs\":[\"https:\/\/portaltela.pt\/\"],\"url\":\"https:\/\/portaltela.pt\/por\/367410592786\/\"}]}<\/script>\n<!-- \/ Yoast SEO plugin. -->","yoast_head_json":{"title":"Jo\u00e3o Neves e Pote em recupera\u00e7\u00e3o marcam \u00faltimo treino antes do M\u00e9xico - Portal Tela Portugal","robots":{"index":"index","follow":"follow","max-snippet":"max-snippet:-1","max-image-preview":"max-image-preview:large","max-video-preview":"max-video-preview:-1"},"og_locale":"pt_PT","og_type":"article","og_title":"Jo\u00e3o Neves e Pote em recupera\u00e7\u00e3o marcam \u00faltimo treino antes do M\u00e9xico - Portal Tela Portugal","og_description":"A Sele\u00e7\u00e3o realizou o \u00faltimo treino antes da viagem para o M\u00e9xico, com Pote e Jo\u00e3o Neves a fazer recupera\u00e7\u00e3o no relvado e no gin\u00e1sio da Cidade do Futebol. Pote falhou a sess\u00e3o de v\u00e9spera; Jo\u00e3o Neves treinou normalmente e ambos seguem viagem com a equipa das quinas. O seleccionador Roberto Mart\u00ednez contou com 23 jogadores dispon\u00edveis, incluindo os tr\u00eas guarda-redes (Rui Silva, Jos\u00e9 S\u00e1 e Ricardo Velho) que fizeram treino espec\u00edfico nos 15 minutos iniciais. A comitiva parte \u00e0s 14h30 rumo a Canc\u00fan, onde permanecer\u00e1 em est\u00e1gio at\u00e9 ao jogo particular com o M\u00e9xico. Mateus Fernandes, estreante nesta convocat\u00f3ria, revelou declara\u00e7\u00f5es ao longo do dia.","og_url":"https:\/\/portaltela.pt\/noticias\/2026\/03\/24\/joao-neves-e-pote-em-recuperacao-marcam-ultimo-treino-antes-do-mexico\/","og_site_name":"Portal Tela Portugal","article_published_time":"2026-03-24T12:44:10+00:00","author":"Telinha","twitter_card":"summary_large_image","twitter_misc":{"Escrito por":"Telinha","Tempo estimado de leitura":"1 minuto"},"schema":{"@context":"https:\/\/schema.org","@graph":[{"@type":"Article","@id":"https:\/\/portaltela.pt\/noticias\/2026\/03\/24\/joao-neves-e-pote-em-recuperacao-marcam-ultimo-treino-antes-do-mexico\/#article","isPartOf":{"@id":"https:\/\/portaltela.pt\/noticias\/2026\/03\/24\/joao-neves-e-pote-em-recuperacao-marcam-ultimo-treino-antes-do-mexico\/"},"author":{"name":"Telinha","@id":"https:\/\/portaltela.pt\/#\/schema\/person\/c4278d4a6028830caff9ee44b42d32ed"},"headline":"Jo\u00e3o Neves e Pote em recupera\u00e7\u00e3o marcam \u00faltimo treino antes do M\u00e9xico","datePublished":"2026-03-24T12:44:10+00:00","mainEntityOfPage":{"@id":"https:\/\/portaltela.pt\/noticias\/2026\/03\/24\/joao-neves-e-pote-em-recuperacao-marcam-ultimo-treino-antes-do-mexico\/"},"wordCount":187,"image":{"@id":"https:\/\/portaltela.pt\/noticias\/2026\/03\/24\/joao-neves-e-pote-em-recuperacao-marcam-ultimo-treino-antes-do-mexico\/#primaryimage"},"thumbnailUrl":"https:\/\/portaltela.pt\/s.01k8rhncp4jt1\/2026\/03\/img_1200x721uu2026-03-24-12-31-16-2429093.jpg","keywords":["amistosos","futebol","Portugal","Portugal Continental","Sele\u00e7\u00e3o Nacional","sele\u00e7\u00f5es internacionais"],"articleSection":["Desporto","Futebol"],"inLanguage":"pt-PT"},{"@type":"WebPage","@id":"https:\/\/portaltela.pt\/noticias\/2026\/03\/24\/joao-neves-e-pote-em-recuperacao-marcam-ultimo-treino-antes-do-mexico\/","url":"https:\/\/portaltela.pt\/noticias\/2026\/03\/24\/joao-neves-e-pote-em-recuperacao-marcam-ultimo-treino-antes-do-mexico\/","name":"Jo\u00e3o Neves e Pote em recupera\u00e7\u00e3o marcam \u00faltimo treino antes do M\u00e9xico - Portal Tela Portugal","isPartOf":{"@id":"https:\/\/portaltela.pt\/#website"},"primaryImageOfPage":{"@id":"https:\/\/portaltela.pt\/noticias\/2026\/03\/24\/joao-neves-e-pote-em-recuperacao-marcam-ultimo-treino-antes-do-mexico\/#primaryimage"},"image":{"@id":"https:\/\/portaltela.pt\/noticias\/2026\/03\/24\/joao-neves-e-pote-em-recuperacao-marcam-ultimo-treino-antes-do-mexico\/#primaryimage"},"thumbnailUrl":"https:\/\/portaltela.pt\/s.01k8rhncp4jt1\/2026\/03\/img_1200x721uu2026-03-24-12-31-16-2429093.jpg","datePublished":"2026-03-24T12:44:10+00:00","author":{"@id":"https:\/\/portaltela.pt\/#\/schema\/person\/c4278d4a6028830caff9ee44b42d32ed"},"breadcrumb":{"@id":"https:\/\/portaltela.pt\/noticias\/2026\/03\/24\/joao-neves-e-pote-em-recuperacao-marcam-ultimo-treino-antes-do-mexico\/#breadcrumb"},"inLanguage":"pt-PT","potentialAction":[{"@type":"ReadAction","target":["https:\/\/portaltela.pt\/noticias\/2026\/03\/24\/joao-neves-e-pote-em-recuperacao-marcam-ultimo-treino-antes-do-mexico\/"]}]},{"@type":"ImageObject","inLanguage":"pt-PT","@id":"https:\/\/portaltela.pt\/noticias\/2026\/03\/24\/joao-neves-e-pote-em-recuperacao-marcam-ultimo-treino-antes-do-mexico\/#primaryimage","url":"https:\/\/portaltela.pt\/s.01k8rhncp4jt1\/2026\/03\/img_1200x721uu2026-03-24-12-31-16-2429093.jpg","contentUrl":"https:\/\/portaltela.pt\/s.01k8rhncp4jt1\/2026\/03\/img_1200x721uu2026-03-24-12-31-16-2429093.jpg","width":796,"height":448,"caption":"Jo\u00e3o Neves e Pote em exerc\u00edcio na bicicleta el\u00edptica"},{"@type":"BreadcrumbList","@id":"https:\/\/portaltela.pt\/noticias\/2026\/03\/24\/joao-neves-e-pote-em-recuperacao-marcam-ultimo-treino-antes-do-mexico\/#breadcrumb","itemListElement":[{"@type":"ListItem","position":1,"name":"In\u00edcio","item":"https:\/\/portaltela.pt\/"},{"@type":"ListItem","position":2,"name":"Jo\u00e3o Neves e Pote em recupera\u00e7\u00e3o marcam \u00faltimo treino antes do M\u00e9xico"}]},{"@type":"WebSite","@id":"https:\/\/portaltela.pt\/#website","url":"https:\/\/portaltela.pt\/","name":"Portal Tela Portugal","description":"","potentialAction":[{"@type":"SearchAction","target":{"@type":"EntryPoint","urlTemplate":"https:\/\/portaltela.pt\/?s={search_term_string}"},"query-input":{"@type":"PropertyValueSpecification","valueRequired":true,"valueName":"search_term_string"}}],"inLanguage":"pt-PT"},{"@type":"Person","@id":"https:\/\/portaltela.pt\/#\/schema\/person\/c4278d4a6028830caff9ee44b42d32ed","name":"Telinha","image":{"@type":"ImageObject","inLanguage":"pt-PT","@id":"https:\/\/portaltela.pt\/s.01k8rhncp4jt1\/2025\/11\/talking-bot-125x125.png","url":"https:\/\/portaltela.pt\/s.01k8rhncp4jt1\/2025\/11\/talking-bot-125x125.png","contentUrl":"https:\/\/portaltela.pt\/s.01k8rhncp4jt1\/2025\/11\/talking-bot-125x125.png","caption":"Telinha"},"sameAs":["https:\/\/portaltela.pt\/"],"url":"https:\/\/portaltela.pt\/por\/367410592786\/"}]}},"_links":{"self":[{"href":"https:\/\/portaltela.pt\/api\/wp\/v2\/posts\/419544","targetHints":{"allow":["GET"]}}],"collection":[{"href":"https:\/\/portaltela.pt\/api\/wp\/v2\/posts"}],"about":[{"href":"https:\/\/portaltela.pt\/api\/wp\/v2\/types\/post"}],"author":[{"embeddable":true,"href":"https:\/\/portaltela.pt\/api\/wp\/v2\/users\/2"}],"replies":[{"embeddable":true,"href":"https:\/\/portaltela.pt\/api\/wp\/v2\/comments?post=419544"}],"version-history":[{"count":0,"href":"https:\/\/portaltela.pt\/api\/wp\/v2\/posts\/419544\/revisions"}],"wp:featuredmedia":[{"embeddable":true,"href":"https:\/\/portaltela.pt\/api\/wp\/v2\/media\/419552"}],"wp:attachment":[{"href":"https:\/\/portaltela.pt\/api\/wp\/v2\/media?parent=419544"}],"wp:term":[{"taxonomy":"category","embeddable":true,"href":"https:\/\/portaltela.pt\/api\/wp\/v2\/categories?post=419544"},{"taxonomy":"post_tag","embeddable":true,"href":"https:\/\/portaltela.pt\/api\/wp\/v2\/tags?post=419544"}],"curies":[{"name":"wp","href":"https:\/\/api.w.org\/{rel}","templated":true}]}}