{"id":419540,"date":"2026-03-24T09:34:00","date_gmt":"2026-03-24T12:34:00","guid":{"rendered":"https:\/\/portaltela.pt\/noticias\/2026\/03\/24\/via-norte-cortada-apos-incendio-envolvendo-camiao\/"},"modified":"2026-03-24T09:34:00","modified_gmt":"2026-03-24T12:34:00","slug":"via-norte-cortada-apos-incendio-envolvendo-camiao","status":"publish","type":"post","link":"https:\/\/portaltela.pt\/noticias\/2026\/03\/24\/via-norte-cortada-apos-incendio-envolvendo-camiao\/","title":{"rendered":"Via Norte cortada ap\u00f3s inc\u00eandio envolvendo cami\u00e3o"},"content":{"rendered":"<p>O inc\u00eandio de um cami\u00e3o pesado de mercadorias interrompeu a circula\u00e7\u00e3o na EN14, no sentido Porto\u2013Maia, na manh\u00e3 desta ter\u00e7a-feira. O incidente causou o corte total de tr\u00e2nsito no local, ainda sem dados sobre feridos.<\/p>\n<p>O alerta foi dado por volta das 12h. No terreno operam os Bombeiros de Le\u00e7a do Balio e de S. Mamede de Infesta, que trabalham na extin\u00e7\u00e3o das chamas e na remo\u00e7\u00e3o de eventuais perigos.<\/p>\n<h3>Interven\u00e7\u00e3o operacional<\/h3>\n<p>As autoridades confirmam o corte da circula\u00e7\u00e3o at\u00e9 ao momento. N\u00e3o foram detalhadas as causas do fogo nem estimativas de dura\u00e7\u00e3o da interrup\u00e7\u00e3o, que dever\u00e1 manter-se at\u00e9 que as opera\u00e7\u00f5es avancem.<\/p>\n","protected":false},"excerpt":{"rendered":"<ul>\n<li>Um pesado de mercadorias incendiou-se na EN14, no sentido Porto-Maia, na manh\u00e3 desta ter\u00e7a-feira.<\/li>\n<li>A circula\u00e7\u00e3o de tr\u00e2nsito est\u00e1 cortada no tro\u00e7o.<\/li>\n<li>O alerta foi dado cerca das 12 horas.<\/li>\n<li>Est\u00e3o no local os Bombeiros de Le\u00e7a do Balio e os Bombeiros de S. Mamede de Infesta.<\/li>\n<li>A situa\u00e7\u00e3o est\u00e1 a ser gerida pelas autoridades.<\/li>\n<\/ul>\n","protected":false},"author":2,"featured_media":419548,"comment_status":"closed","ping_status":"closed","sticky":false,"template":"","format":"standard","meta":{"footnotes":""},"categories":[6849,1],"tags":[971,1083,1438,1743,982,5537],"class_list":["post-419540","post","type-post","status-publish","format-standard","has-post-thumbnail","hentry","category-acidentes","category-noticias","tag-bombeiros","tag-estradas","tag-incendio","tag-maia","tag-porto","tag-vias-cortadas"],"yoast_head":"<!-- This site is optimized with the Yoast SEO plugin v27.2 - https:\/\/yoast.com\/product\/yoast-seo-wordpress\/ -->\n<title>Via Norte cortada ap\u00f3s inc\u00eandio envolvendo cami\u00e3o - Portal Tela Portugal<\/title>\n<meta name=\"robots\" content=\"index, follow, max-snippet:-1, max-image-preview:large, max-video-preview:-1\" \/>\n<meta property=\"og:locale\" content=\"pt_PT\" \/>\n<meta property=\"og:type\" content=\"article\" \/>\n<meta property=\"og:title\" content=\"Via Norte cortada ap\u00f3s inc\u00eandio envolvendo cami\u00e3o - Portal Tela Portugal\" \/>\n<meta property=\"og:description\" content=\"Um pesado de mercadorias incendiou-se na EN14, no sentido Porto-Maia, na manh\u00e3 desta ter\u00e7a-feira. A circula\u00e7\u00e3o de tr\u00e2nsito est\u00e1 cortada no tro\u00e7o. O alerta foi dado cerca das 12 horas. Est\u00e3o no local os Bombeiros de Le\u00e7a do Balio e os Bombeiros de S. Mamede de Infesta. A situa\u00e7\u00e3o est\u00e1 a ser gerida pelas autoridades.\" \/>\n<meta property=\"og:url\" content=\"https:\/\/portaltela.pt\/noticias\/2026\/03\/24\/via-norte-cortada-apos-incendio-envolvendo-camiao\/\" \/>\n<meta property=\"og:site_name\" content=\"Portal Tela Portugal\" \/>\n<meta property=\"article:published_time\" content=\"2026-03-24T12:34:00+00:00\" \/>\n<meta name=\"author\" content=\"Telinha\" \/>\n<meta name=\"twitter:card\" content=\"summary_large_image\" \/>\n<meta name=\"twitter:label1\" content=\"Escrito por\" \/>\n\t<meta name=\"twitter:data1\" content=\"Telinha\" \/>\n\t<meta name=\"twitter:label2\" content=\"Tempo estimado de leitura\" \/>\n\t<meta name=\"twitter:data2\" content=\"1 minuto\" \/>\n<script type=\"application\/ld+json\" class=\"yoast-schema-graph\">{\"@context\":\"https:\/\/schema.org\",\"@graph\":[{\"@type\":\"Article\",\"@id\":\"https:\/\/portaltela.pt\/noticias\/2026\/03\/24\/via-norte-cortada-apos-incendio-envolvendo-camiao\/#article\",\"isPartOf\":{\"@id\":\"https:\/\/portaltela.pt\/noticias\/2026\/03\/24\/via-norte-cortada-apos-incendio-envolvendo-camiao\/\"},\"author\":{\"name\":\"Telinha\",\"@id\":\"https:\/\/portaltela.pt\/#\/schema\/person\/c4278d4a6028830caff9ee44b42d32ed\"},\"headline\":\"Via Norte cortada ap\u00f3s inc\u00eandio envolvendo cami\u00e3o\",\"datePublished\":\"2026-03-24T12:34:00+00:00\",\"mainEntityOfPage\":{\"@id\":\"https:\/\/portaltela.pt\/noticias\/2026\/03\/24\/via-norte-cortada-apos-incendio-envolvendo-camiao\/\"},\"wordCount\":128,\"image\":{\"@id\":\"https:\/\/portaltela.pt\/noticias\/2026\/03\/24\/via-norte-cortada-apos-incendio-envolvendo-camiao\/#primaryimage\"},\"thumbnailUrl\":\"https:\/\/portaltela.pt\/s.01k8rhncp4jt1\/2026\/03\/image-1446.jpg\",\"keywords\":[\"bombeiros\",\"estradas\",\"inc\u00eandio\",\"Maia\",\"Porto\",\"vias cortadas\"],\"articleSection\":[\"Acidentes\",\"Not\u00edcias\"],\"inLanguage\":\"pt-PT\"},{\"@type\":\"WebPage\",\"@id\":\"https:\/\/portaltela.pt\/noticias\/2026\/03\/24\/via-norte-cortada-apos-incendio-envolvendo-camiao\/\",\"url\":\"https:\/\/portaltela.pt\/noticias\/2026\/03\/24\/via-norte-cortada-apos-incendio-envolvendo-camiao\/\",\"name\":\"Via Norte cortada ap\u00f3s inc\u00eandio envolvendo cami\u00e3o - Portal Tela Portugal\",\"isPartOf\":{\"@id\":\"https:\/\/portaltela.pt\/#website\"},\"primaryImageOfPage\":{\"@id\":\"https:\/\/portaltela.pt\/noticias\/2026\/03\/24\/via-norte-cortada-apos-incendio-envolvendo-camiao\/#primaryimage\"},\"image\":{\"@id\":\"https:\/\/portaltela.pt\/noticias\/2026\/03\/24\/via-norte-cortada-apos-incendio-envolvendo-camiao\/#primaryimage\"},\"thumbnailUrl\":\"https:\/\/portaltela.pt\/s.01k8rhncp4jt1\/2026\/03\/image-1446.jpg\",\"datePublished\":\"2026-03-24T12:34:00+00:00\",\"author\":{\"@id\":\"https:\/\/portaltela.pt\/#\/schema\/person\/c4278d4a6028830caff9ee44b42d32ed\"},\"breadcrumb\":{\"@id\":\"https:\/\/portaltela.pt\/noticias\/2026\/03\/24\/via-norte-cortada-apos-incendio-envolvendo-camiao\/#breadcrumb\"},\"inLanguage\":\"pt-PT\",\"potentialAction\":[{\"@type\":\"ReadAction\",\"target\":[\"https:\/\/portaltela.pt\/noticias\/2026\/03\/24\/via-norte-cortada-apos-incendio-envolvendo-camiao\/\"]}]},{\"@type\":\"ImageObject\",\"inLanguage\":\"pt-PT\",\"@id\":\"https:\/\/portaltela.pt\/noticias\/2026\/03\/24\/via-norte-cortada-apos-incendio-envolvendo-camiao\/#primaryimage\",\"url\":\"https:\/\/portaltela.pt\/s.01k8rhncp4jt1\/2026\/03\/image-1446.jpg\",\"contentUrl\":\"https:\/\/portaltela.pt\/s.01k8rhncp4jt1\/2026\/03\/image-1446.jpg\",\"width\":796,\"height\":448,\"caption\":\"A circula\u00e7\u00e3o de tr\u00e3nsito est\u00e1 cortada\"},{\"@type\":\"BreadcrumbList\",\"@id\":\"https:\/\/portaltela.pt\/noticias\/2026\/03\/24\/via-norte-cortada-apos-incendio-envolvendo-camiao\/#breadcrumb\",\"itemListElement\":[{\"@type\":\"ListItem\",\"position\":1,\"name\":\"In\u00edcio\",\"item\":\"https:\/\/portaltela.pt\/\"},{\"@type\":\"ListItem\",\"position\":2,\"name\":\"Via Norte cortada ap\u00f3s inc\u00eandio envolvendo cami\u00e3o\"}]},{\"@type\":\"WebSite\",\"@id\":\"https:\/\/portaltela.pt\/#website\",\"url\":\"https:\/\/portaltela.pt\/\",\"name\":\"Portal Tela Portugal\",\"description\":\"\",\"potentialAction\":[{\"@type\":\"SearchAction\",\"target\":{\"@type\":\"EntryPoint\",\"urlTemplate\":\"https:\/\/portaltela.pt\/?s={search_term_string}\"},\"query-input\":{\"@type\":\"PropertyValueSpecification\",\"valueRequired\":true,\"valueName\":\"search_term_string\"}}],\"inLanguage\":\"pt-PT\"},{\"@type\":\"Person\",\"@id\":\"https:\/\/portaltela.pt\/#\/schema\/person\/c4278d4a6028830caff9ee44b42d32ed\",\"name\":\"Telinha\",\"image\":{\"@type\":\"ImageObject\",\"inLanguage\":\"pt-PT\",\"@id\":\"https:\/\/portaltela.pt\/s.01k8rhncp4jt1\/2025\/11\/talking-bot-125x125.png\",\"url\":\"https:\/\/portaltela.pt\/s.01k8rhncp4jt1\/2025\/11\/talking-bot-125x125.png\",\"contentUrl\":\"https:\/\/portaltela.pt\/s.01k8rhncp4jt1\/2025\/11\/talking-bot-125x125.png\",\"caption\":\"Telinha\"},\"sameAs\":[\"https:\/\/portaltela.pt\/\"],\"url\":\"https:\/\/portaltela.pt\/por\/367410592786\/\"}]}<\/script>\n<!-- \/ Yoast SEO plugin. -->","yoast_head_json":{"title":"Via Norte cortada ap\u00f3s inc\u00eandio envolvendo cami\u00e3o - Portal Tela Portugal","robots":{"index":"index","follow":"follow","max-snippet":"max-snippet:-1","max-image-preview":"max-image-preview:large","max-video-preview":"max-video-preview:-1"},"og_locale":"pt_PT","og_type":"article","og_title":"Via Norte cortada ap\u00f3s inc\u00eandio envolvendo cami\u00e3o - Portal Tela Portugal","og_description":"Um pesado de mercadorias incendiou-se na EN14, no sentido Porto-Maia, na manh\u00e3 desta ter\u00e7a-feira. A circula\u00e7\u00e3o de tr\u00e2nsito est\u00e1 cortada no tro\u00e7o. O alerta foi dado cerca das 12 horas. Est\u00e3o no local os Bombeiros de Le\u00e7a do Balio e os Bombeiros de S. Mamede de Infesta. A situa\u00e7\u00e3o est\u00e1 a ser gerida pelas autoridades.","og_url":"https:\/\/portaltela.pt\/noticias\/2026\/03\/24\/via-norte-cortada-apos-incendio-envolvendo-camiao\/","og_site_name":"Portal Tela Portugal","article_published_time":"2026-03-24T12:34:00+00:00","author":"Telinha","twitter_card":"summary_large_image","twitter_misc":{"Escrito por":"Telinha","Tempo estimado de leitura":"1 minuto"},"schema":{"@context":"https:\/\/schema.org","@graph":[{"@type":"Article","@id":"https:\/\/portaltela.pt\/noticias\/2026\/03\/24\/via-norte-cortada-apos-incendio-envolvendo-camiao\/#article","isPartOf":{"@id":"https:\/\/portaltela.pt\/noticias\/2026\/03\/24\/via-norte-cortada-apos-incendio-envolvendo-camiao\/"},"author":{"name":"Telinha","@id":"https:\/\/portaltela.pt\/#\/schema\/person\/c4278d4a6028830caff9ee44b42d32ed"},"headline":"Via Norte cortada ap\u00f3s inc\u00eandio envolvendo cami\u00e3o","datePublished":"2026-03-24T12:34:00+00:00","mainEntityOfPage":{"@id":"https:\/\/portaltela.pt\/noticias\/2026\/03\/24\/via-norte-cortada-apos-incendio-envolvendo-camiao\/"},"wordCount":128,"image":{"@id":"https:\/\/portaltela.pt\/noticias\/2026\/03\/24\/via-norte-cortada-apos-incendio-envolvendo-camiao\/#primaryimage"},"thumbnailUrl":"https:\/\/portaltela.pt\/s.01k8rhncp4jt1\/2026\/03\/image-1446.jpg","keywords":["bombeiros","estradas","inc\u00eandio","Maia","Porto","vias cortadas"],"articleSection":["Acidentes","Not\u00edcias"],"inLanguage":"pt-PT"},{"@type":"WebPage","@id":"https:\/\/portaltela.pt\/noticias\/2026\/03\/24\/via-norte-cortada-apos-incendio-envolvendo-camiao\/","url":"https:\/\/portaltela.pt\/noticias\/2026\/03\/24\/via-norte-cortada-apos-incendio-envolvendo-camiao\/","name":"Via Norte cortada ap\u00f3s inc\u00eandio envolvendo cami\u00e3o - Portal Tela Portugal","isPartOf":{"@id":"https:\/\/portaltela.pt\/#website"},"primaryImageOfPage":{"@id":"https:\/\/portaltela.pt\/noticias\/2026\/03\/24\/via-norte-cortada-apos-incendio-envolvendo-camiao\/#primaryimage"},"image":{"@id":"https:\/\/portaltela.pt\/noticias\/2026\/03\/24\/via-norte-cortada-apos-incendio-envolvendo-camiao\/#primaryimage"},"thumbnailUrl":"https:\/\/portaltela.pt\/s.01k8rhncp4jt1\/2026\/03\/image-1446.jpg","datePublished":"2026-03-24T12:34:00+00:00","author":{"@id":"https:\/\/portaltela.pt\/#\/schema\/person\/c4278d4a6028830caff9ee44b42d32ed"},"breadcrumb":{"@id":"https:\/\/portaltela.pt\/noticias\/2026\/03\/24\/via-norte-cortada-apos-incendio-envolvendo-camiao\/#breadcrumb"},"inLanguage":"pt-PT","potentialAction":[{"@type":"ReadAction","target":["https:\/\/portaltela.pt\/noticias\/2026\/03\/24\/via-norte-cortada-apos-incendio-envolvendo-camiao\/"]}]},{"@type":"ImageObject","inLanguage":"pt-PT","@id":"https:\/\/portaltela.pt\/noticias\/2026\/03\/24\/via-norte-cortada-apos-incendio-envolvendo-camiao\/#primaryimage","url":"https:\/\/portaltela.pt\/s.01k8rhncp4jt1\/2026\/03\/image-1446.jpg","contentUrl":"https:\/\/portaltela.pt\/s.01k8rhncp4jt1\/2026\/03\/image-1446.jpg","width":796,"height":448,"caption":"A circula\u00e7\u00e3o de tr\u00e3nsito est\u00e1 cortada"},{"@type":"BreadcrumbList","@id":"https:\/\/portaltela.pt\/noticias\/2026\/03\/24\/via-norte-cortada-apos-incendio-envolvendo-camiao\/#breadcrumb","itemListElement":[{"@type":"ListItem","position":1,"name":"In\u00edcio","item":"https:\/\/portaltela.pt\/"},{"@type":"ListItem","position":2,"name":"Via Norte cortada ap\u00f3s inc\u00eandio envolvendo cami\u00e3o"}]},{"@type":"WebSite","@id":"https:\/\/portaltela.pt\/#website","url":"https:\/\/portaltela.pt\/","name":"Portal Tela Portugal","description":"","potentialAction":[{"@type":"SearchAction","target":{"@type":"EntryPoint","urlTemplate":"https:\/\/portaltela.pt\/?s={search_term_string}"},"query-input":{"@type":"PropertyValueSpecification","valueRequired":true,"valueName":"search_term_string"}}],"inLanguage":"pt-PT"},{"@type":"Person","@id":"https:\/\/portaltela.pt\/#\/schema\/person\/c4278d4a6028830caff9ee44b42d32ed","name":"Telinha","image":{"@type":"ImageObject","inLanguage":"pt-PT","@id":"https:\/\/portaltela.pt\/s.01k8rhncp4jt1\/2025\/11\/talking-bot-125x125.png","url":"https:\/\/portaltela.pt\/s.01k8rhncp4jt1\/2025\/11\/talking-bot-125x125.png","contentUrl":"https:\/\/portaltela.pt\/s.01k8rhncp4jt1\/2025\/11\/talking-bot-125x125.png","caption":"Telinha"},"sameAs":["https:\/\/portaltela.pt\/"],"url":"https:\/\/portaltela.pt\/por\/367410592786\/"}]}},"_links":{"self":[{"href":"https:\/\/portaltela.pt\/api\/wp\/v2\/posts\/419540","targetHints":{"allow":["GET"]}}],"collection":[{"href":"https:\/\/portaltela.pt\/api\/wp\/v2\/posts"}],"about":[{"href":"https:\/\/portaltela.pt\/api\/wp\/v2\/types\/post"}],"author":[{"embeddable":true,"href":"https:\/\/portaltela.pt\/api\/wp\/v2\/users\/2"}],"replies":[{"embeddable":true,"href":"https:\/\/portaltela.pt\/api\/wp\/v2\/comments?post=419540"}],"version-history":[{"count":0,"href":"https:\/\/portaltela.pt\/api\/wp\/v2\/posts\/419540\/revisions"}],"wp:featuredmedia":[{"embeddable":true,"href":"https:\/\/portaltela.pt\/api\/wp\/v2\/media\/419548"}],"wp:attachment":[{"href":"https:\/\/portaltela.pt\/api\/wp\/v2\/media?parent=419540"}],"wp:term":[{"taxonomy":"category","embeddable":true,"href":"https:\/\/portaltela.pt\/api\/wp\/v2\/categories?post=419540"},{"taxonomy":"post_tag","embeddable":true,"href":"https:\/\/portaltela.pt\/api\/wp\/v2\/tags?post=419540"}],"curies":[{"name":"wp","href":"https:\/\/api.w.org\/{rel}","templated":true}]}}