{"id":419521,"date":"2026-03-24T09:32:19","date_gmt":"2026-03-24T12:32:19","guid":{"rendered":"https:\/\/portaltela.pt\/noticias\/2026\/03\/24\/dinamarca-vota-antecipadamente-frederiksen-busca-terceiro-mandato\/"},"modified":"2026-03-24T09:32:19","modified_gmt":"2026-03-24T12:32:19","slug":"dinamarca-vota-antecipadamente-frederiksen-busca-terceiro-mandato","status":"publish","type":"post","link":"https:\/\/portaltela.pt\/noticias\/internacional\/2026\/03\/24\/dinamarca-vota-antecipadamente-frederiksen-busca-terceiro-mandato\/","title":{"rendered":"Dinamarca vota antecipadamente; Frederiksen busca terceiro mandato"},"content":{"rendered":"<p>A Dinamarca vota hoje em elei\u00e7\u00f5es antecipadas para escolher o parlamento e avaliar a continuidade de Mette Frederiksen no governo, j\u00e1 que a primeira-ministra procura um terceiro mandato. A vota\u00e7\u00e3o acontece numa regi\u00e3o em que o debate econ\u00f3mico domina a agenda, com foco na infla\u00e7\u00e3o, pens\u00f5es e impostos. A crise internacional que envolveu a Gronel\u00e2ndia e as negocia\u00e7\u00f5es com os EUA ajudou a provocar a antecipa\u00e7\u00e3o eleitoral.<\/p>\n<p>As sondagens apontam para um parlamento fragmentado, com a esquerda liderada por Frederiksen a beneficiar de uma vantagem de nove lugares sobre a direita, mas sem perspetiva de maioria de 179 lugares no Folketing. Frederiksen tem defendido estabilidade e uma linha firme em \u00e1reas como migra\u00e7\u00e3o e apoio \u00e0 Ucr\u00e2nia.<\/p>\n<p>Do lado da oposi\u00e7\u00e3o, dois candidatos de centro-direita disputam a vaga de primeiro-ministro. Troels Lund Poulsen, do Venstre, liderou v\u00e1rias administra\u00e7\u00f5es, enquanto Alex Vanopslagh, da Alian\u00e7a Liberal, defende impostos mais baixos e menos burocracia. O Partido Popular Dinamarqu\u00eas tamb\u00e9m aparece como poss\u00edvel determinante caso o resultado seja estreito.<\/p>\n<p>A Gronel\u00e2ndia dominou a pol\u00edtica do governo nos \u00faltimos meses, mas n\u00e3o \u00e9 tema central da campanha atual, que se centra na infla\u00e7\u00e3o, no estado social e na gest\u00e3o de recursos h\u00eddricos, como os nitratos nas \u00e1guas agr\u00edcolas. A gest\u00e3o de Frederiksen tem sido marcada por uma postura firme frente a press\u00f5es externas.<\/p>\n<p>Al\u00e9m de Frederiksen, o governo de coliga\u00e7\u00e3o tripartido conta com apoio dos Verdes e de outros partidos de centro. O resultado poder\u00e1 depender ainda de quatro lugares no estrangeiro, ocupados pela Gronel\u00e2ndia e pelas Ilhas Faro\u00e9, bem como do peso do Moderados, liderado por Lars Lokke Rasmussen.<\/p>\n","protected":false},"excerpt":{"rendered":"<ul>\n<li>Dinamarca realiza elei\u00e7\u00f5es antecipadas para escolher o parlamento, o Folketing, com 179 lugares, e Mette Frederiksen procura o terceiro mandato.<\/li>\n<li>As sondagens apontam para um parlamento fragmentado, com a maioria improv\u00e1vel para qualquer bloco, apesar da vantagem de nove lugares da coliga\u00e7\u00e3o de esquerda sobre a direita.<\/li>\n<li>A campanha tem foco em quest\u00f5es internas, como infla\u00e7\u00e3o, pens\u00f5es, custo de vida e impostos sobre a riqueza, com a Gronel\u00e2ndia a n\u00e3o ser um tema central.<\/li>\n<li>\u00c0 direita, dois candidatos delineiam a hip\u00f3tese de substituir Frederiksen: Troels Lund Poulsen, do Venstre, e Alex Vanopslagh, da Alian\u00e7a Liberal.<\/li>\n<li>O Partido Popular Dinamarqu\u00eas, anti-imigra\u00e7\u00e3o, surge como poss\u00edvel elemento decisivo num resultado muito ajustado, enquanto o papel dos Moderados pode tamb\u00e9m influenciar o desfecho.<\/li>\n<\/ul>\n","protected":false},"author":2,"featured_media":419524,"comment_status":"closed","ping_status":"closed","sticky":false,"template":"","format":"standard","meta":{"footnotes":""},"categories":[4,1],"tags":[6115,2503,68,3783,2832,7439],"class_list":["post-419521","post","type-post","status-publish","format-standard","has-post-thumbnail","hentry","category-internacional","category-noticias","tag-_economia","tag-dinamarca","tag-eleicoes","tag-groenlandia","tag-politica","tag-politica-externa"],"yoast_head":"<!-- This site is optimized with the Yoast SEO plugin v27.2 - https:\/\/yoast.com\/product\/yoast-seo-wordpress\/ -->\n<title>Dinamarca vota antecipadamente; Frederiksen busca terceiro mandato - Portal Tela Portugal<\/title>\n<meta name=\"robots\" content=\"index, follow, max-snippet:-1, max-image-preview:large, max-video-preview:-1\" \/>\n<meta property=\"og:locale\" content=\"pt_PT\" \/>\n<meta property=\"og:type\" content=\"article\" \/>\n<meta property=\"og:title\" content=\"Dinamarca vota antecipadamente; Frederiksen busca terceiro mandato - Portal Tela Portugal\" \/>\n<meta property=\"og:description\" content=\"Dinamarca realiza elei\u00e7\u00f5es antecipadas para escolher o parlamento, o Folketing, com 179 lugares, e Mette Frederiksen procura o terceiro mandato. As sondagens apontam para um parlamento fragmentado, com a maioria improv\u00e1vel para qualquer bloco, apesar da vantagem de nove lugares da coliga\u00e7\u00e3o de esquerda sobre a direita. A campanha tem foco em quest\u00f5es internas, como infla\u00e7\u00e3o, pens\u00f5es, custo de vida e impostos sobre a riqueza, com a Gronel\u00e2ndia a n\u00e3o ser um tema central. \u00c0 direita, dois candidatos delineiam a hip\u00f3tese de substituir Frederiksen: Troels Lund Poulsen, do Venstre, e Alex Vanopslagh, da Alian\u00e7a Liberal. O Partido Popular Dinamarqu\u00eas, anti-imigra\u00e7\u00e3o, surge como poss\u00edvel elemento decisivo num resultado muito ajustado, enquanto o papel dos Moderados pode tamb\u00e9m influenciar o desfecho.\" \/>\n<meta property=\"og:url\" content=\"https:\/\/portaltela.pt\/noticias\/2026\/03\/24\/dinamarca-vota-antecipadamente-frederiksen-busca-terceiro-mandato\/\" \/>\n<meta property=\"og:site_name\" content=\"Portal Tela Portugal\" \/>\n<meta property=\"article:published_time\" content=\"2026-03-24T12:32:19+00:00\" \/>\n<meta name=\"author\" content=\"Telinha\" \/>\n<meta name=\"twitter:card\" content=\"summary_large_image\" \/>\n<meta name=\"twitter:label1\" content=\"Escrito por\" \/>\n\t<meta name=\"twitter:data1\" content=\"Telinha\" \/>\n\t<meta name=\"twitter:label2\" content=\"Tempo estimado de leitura\" \/>\n\t<meta name=\"twitter:data2\" content=\"1 minuto\" \/>\n<script type=\"application\/ld+json\" class=\"yoast-schema-graph\">{\"@context\":\"https:\/\/schema.org\",\"@graph\":[{\"@type\":\"Article\",\"@id\":\"https:\/\/portaltela.pt\/noticias\/2026\/03\/24\/dinamarca-vota-antecipadamente-frederiksen-busca-terceiro-mandato\/#article\",\"isPartOf\":{\"@id\":\"https:\/\/portaltela.pt\/noticias\/2026\/03\/24\/dinamarca-vota-antecipadamente-frederiksen-busca-terceiro-mandato\/\"},\"author\":{\"name\":\"Telinha\",\"@id\":\"https:\/\/portaltela.pt\/#\/schema\/person\/c4278d4a6028830caff9ee44b42d32ed\"},\"headline\":\"Dinamarca vota antecipadamente; Frederiksen busca terceiro mandato\",\"datePublished\":\"2026-03-24T12:32:19+00:00\",\"mainEntityOfPage\":{\"@id\":\"https:\/\/portaltela.pt\/noticias\/2026\/03\/24\/dinamarca-vota-antecipadamente-frederiksen-busca-terceiro-mandato\/\"},\"wordCount\":299,\"image\":{\"@id\":\"https:\/\/portaltela.pt\/noticias\/2026\/03\/24\/dinamarca-vota-antecipadamente-frederiksen-busca-terceiro-mandato\/#primaryimage\"},\"thumbnailUrl\":\"https:\/\/portaltela.pt\/s.01k8rhncp4jt1\/2026\/03\/1536x864_cmsv2_9f28fe2a-93c3-5050-9ef8-03878bb610bc-9696257.jpg\",\"keywords\":[\"_economia\",\"Dinamarca\",\"elei\u00e7\u00f5es\",\"Groenl\u00e2ndia\",\"pol\u00edtica\",\"pol\u00edtica externa\"],\"articleSection\":[\"Internacional\",\"Not\u00edcias\"],\"inLanguage\":\"pt-PT\"},{\"@type\":\"WebPage\",\"@id\":\"https:\/\/portaltela.pt\/noticias\/2026\/03\/24\/dinamarca-vota-antecipadamente-frederiksen-busca-terceiro-mandato\/\",\"url\":\"https:\/\/portaltela.pt\/noticias\/2026\/03\/24\/dinamarca-vota-antecipadamente-frederiksen-busca-terceiro-mandato\/\",\"name\":\"Dinamarca vota antecipadamente; Frederiksen busca terceiro mandato - Portal Tela Portugal\",\"isPartOf\":{\"@id\":\"https:\/\/portaltela.pt\/#website\"},\"primaryImageOfPage\":{\"@id\":\"https:\/\/portaltela.pt\/noticias\/2026\/03\/24\/dinamarca-vota-antecipadamente-frederiksen-busca-terceiro-mandato\/#primaryimage\"},\"image\":{\"@id\":\"https:\/\/portaltela.pt\/noticias\/2026\/03\/24\/dinamarca-vota-antecipadamente-frederiksen-busca-terceiro-mandato\/#primaryimage\"},\"thumbnailUrl\":\"https:\/\/portaltela.pt\/s.01k8rhncp4jt1\/2026\/03\/1536x864_cmsv2_9f28fe2a-93c3-5050-9ef8-03878bb610bc-9696257.jpg\",\"datePublished\":\"2026-03-24T12:32:19+00:00\",\"author\":{\"@id\":\"https:\/\/portaltela.pt\/#\/schema\/person\/c4278d4a6028830caff9ee44b42d32ed\"},\"breadcrumb\":{\"@id\":\"https:\/\/portaltela.pt\/noticias\/2026\/03\/24\/dinamarca-vota-antecipadamente-frederiksen-busca-terceiro-mandato\/#breadcrumb\"},\"inLanguage\":\"pt-PT\",\"potentialAction\":[{\"@type\":\"ReadAction\",\"target\":[\"https:\/\/portaltela.pt\/noticias\/2026\/03\/24\/dinamarca-vota-antecipadamente-frederiksen-busca-terceiro-mandato\/\"]}]},{\"@type\":\"ImageObject\",\"inLanguage\":\"pt-PT\",\"@id\":\"https:\/\/portaltela.pt\/noticias\/2026\/03\/24\/dinamarca-vota-antecipadamente-frederiksen-busca-terceiro-mandato\/#primaryimage\",\"url\":\"https:\/\/portaltela.pt\/s.01k8rhncp4jt1\/2026\/03\/1536x864_cmsv2_9f28fe2a-93c3-5050-9ef8-03878bb610bc-9696257.jpg\",\"contentUrl\":\"https:\/\/portaltela.pt\/s.01k8rhncp4jt1\/2026\/03\/1536x864_cmsv2_9f28fe2a-93c3-5050-9ef8-03878bb610bc-9696257.jpg\",\"width\":796,\"height\":448,\"caption\":\"Pessoas votam numa mesa de voto na C\u00e2mara Municipal de Copenhaga, Dinamarca, na ter\u00e7a-feira, 24 de mar\u00e7o de 2026, durante as elei\u00e7\u00f5es gerais.\"},{\"@type\":\"BreadcrumbList\",\"@id\":\"https:\/\/portaltela.pt\/noticias\/2026\/03\/24\/dinamarca-vota-antecipadamente-frederiksen-busca-terceiro-mandato\/#breadcrumb\",\"itemListElement\":[{\"@type\":\"ListItem\",\"position\":1,\"name\":\"In\u00edcio\",\"item\":\"https:\/\/portaltela.pt\/\"},{\"@type\":\"ListItem\",\"position\":2,\"name\":\"Dinamarca vota antecipadamente; Frederiksen busca terceiro mandato\"}]},{\"@type\":\"WebSite\",\"@id\":\"https:\/\/portaltela.pt\/#website\",\"url\":\"https:\/\/portaltela.pt\/\",\"name\":\"Portal Tela Portugal\",\"description\":\"\",\"potentialAction\":[{\"@type\":\"SearchAction\",\"target\":{\"@type\":\"EntryPoint\",\"urlTemplate\":\"https:\/\/portaltela.pt\/?s={search_term_string}\"},\"query-input\":{\"@type\":\"PropertyValueSpecification\",\"valueRequired\":true,\"valueName\":\"search_term_string\"}}],\"inLanguage\":\"pt-PT\"},{\"@type\":\"Person\",\"@id\":\"https:\/\/portaltela.pt\/#\/schema\/person\/c4278d4a6028830caff9ee44b42d32ed\",\"name\":\"Telinha\",\"image\":{\"@type\":\"ImageObject\",\"inLanguage\":\"pt-PT\",\"@id\":\"https:\/\/portaltela.pt\/s.01k8rhncp4jt1\/2025\/11\/talking-bot-125x125.png\",\"url\":\"https:\/\/portaltela.pt\/s.01k8rhncp4jt1\/2025\/11\/talking-bot-125x125.png\",\"contentUrl\":\"https:\/\/portaltela.pt\/s.01k8rhncp4jt1\/2025\/11\/talking-bot-125x125.png\",\"caption\":\"Telinha\"},\"sameAs\":[\"https:\/\/portaltela.pt\/\"],\"url\":\"https:\/\/portaltela.pt\/por\/367410592786\/\"}]}<\/script>\n<!-- \/ Yoast SEO plugin. -->","yoast_head_json":{"title":"Dinamarca vota antecipadamente; Frederiksen busca terceiro mandato - Portal Tela Portugal","robots":{"index":"index","follow":"follow","max-snippet":"max-snippet:-1","max-image-preview":"max-image-preview:large","max-video-preview":"max-video-preview:-1"},"og_locale":"pt_PT","og_type":"article","og_title":"Dinamarca vota antecipadamente; Frederiksen busca terceiro mandato - Portal Tela Portugal","og_description":"Dinamarca realiza elei\u00e7\u00f5es antecipadas para escolher o parlamento, o Folketing, com 179 lugares, e Mette Frederiksen procura o terceiro mandato. As sondagens apontam para um parlamento fragmentado, com a maioria improv\u00e1vel para qualquer bloco, apesar da vantagem de nove lugares da coliga\u00e7\u00e3o de esquerda sobre a direita. A campanha tem foco em quest\u00f5es internas, como infla\u00e7\u00e3o, pens\u00f5es, custo de vida e impostos sobre a riqueza, com a Gronel\u00e2ndia a n\u00e3o ser um tema central. \u00c0 direita, dois candidatos delineiam a hip\u00f3tese de substituir Frederiksen: Troels Lund Poulsen, do Venstre, e Alex Vanopslagh, da Alian\u00e7a Liberal. O Partido Popular Dinamarqu\u00eas, anti-imigra\u00e7\u00e3o, surge como poss\u00edvel elemento decisivo num resultado muito ajustado, enquanto o papel dos Moderados pode tamb\u00e9m influenciar o desfecho.","og_url":"https:\/\/portaltela.pt\/noticias\/2026\/03\/24\/dinamarca-vota-antecipadamente-frederiksen-busca-terceiro-mandato\/","og_site_name":"Portal Tela Portugal","article_published_time":"2026-03-24T12:32:19+00:00","author":"Telinha","twitter_card":"summary_large_image","twitter_misc":{"Escrito por":"Telinha","Tempo estimado de leitura":"1 minuto"},"schema":{"@context":"https:\/\/schema.org","@graph":[{"@type":"Article","@id":"https:\/\/portaltela.pt\/noticias\/2026\/03\/24\/dinamarca-vota-antecipadamente-frederiksen-busca-terceiro-mandato\/#article","isPartOf":{"@id":"https:\/\/portaltela.pt\/noticias\/2026\/03\/24\/dinamarca-vota-antecipadamente-frederiksen-busca-terceiro-mandato\/"},"author":{"name":"Telinha","@id":"https:\/\/portaltela.pt\/#\/schema\/person\/c4278d4a6028830caff9ee44b42d32ed"},"headline":"Dinamarca vota antecipadamente; Frederiksen busca terceiro mandato","datePublished":"2026-03-24T12:32:19+00:00","mainEntityOfPage":{"@id":"https:\/\/portaltela.pt\/noticias\/2026\/03\/24\/dinamarca-vota-antecipadamente-frederiksen-busca-terceiro-mandato\/"},"wordCount":299,"image":{"@id":"https:\/\/portaltela.pt\/noticias\/2026\/03\/24\/dinamarca-vota-antecipadamente-frederiksen-busca-terceiro-mandato\/#primaryimage"},"thumbnailUrl":"https:\/\/portaltela.pt\/s.01k8rhncp4jt1\/2026\/03\/1536x864_cmsv2_9f28fe2a-93c3-5050-9ef8-03878bb610bc-9696257.jpg","keywords":["_economia","Dinamarca","elei\u00e7\u00f5es","Groenl\u00e2ndia","pol\u00edtica","pol\u00edtica externa"],"articleSection":["Internacional","Not\u00edcias"],"inLanguage":"pt-PT"},{"@type":"WebPage","@id":"https:\/\/portaltela.pt\/noticias\/2026\/03\/24\/dinamarca-vota-antecipadamente-frederiksen-busca-terceiro-mandato\/","url":"https:\/\/portaltela.pt\/noticias\/2026\/03\/24\/dinamarca-vota-antecipadamente-frederiksen-busca-terceiro-mandato\/","name":"Dinamarca vota antecipadamente; Frederiksen busca terceiro mandato - Portal Tela Portugal","isPartOf":{"@id":"https:\/\/portaltela.pt\/#website"},"primaryImageOfPage":{"@id":"https:\/\/portaltela.pt\/noticias\/2026\/03\/24\/dinamarca-vota-antecipadamente-frederiksen-busca-terceiro-mandato\/#primaryimage"},"image":{"@id":"https:\/\/portaltela.pt\/noticias\/2026\/03\/24\/dinamarca-vota-antecipadamente-frederiksen-busca-terceiro-mandato\/#primaryimage"},"thumbnailUrl":"https:\/\/portaltela.pt\/s.01k8rhncp4jt1\/2026\/03\/1536x864_cmsv2_9f28fe2a-93c3-5050-9ef8-03878bb610bc-9696257.jpg","datePublished":"2026-03-24T12:32:19+00:00","author":{"@id":"https:\/\/portaltela.pt\/#\/schema\/person\/c4278d4a6028830caff9ee44b42d32ed"},"breadcrumb":{"@id":"https:\/\/portaltela.pt\/noticias\/2026\/03\/24\/dinamarca-vota-antecipadamente-frederiksen-busca-terceiro-mandato\/#breadcrumb"},"inLanguage":"pt-PT","potentialAction":[{"@type":"ReadAction","target":["https:\/\/portaltela.pt\/noticias\/2026\/03\/24\/dinamarca-vota-antecipadamente-frederiksen-busca-terceiro-mandato\/"]}]},{"@type":"ImageObject","inLanguage":"pt-PT","@id":"https:\/\/portaltela.pt\/noticias\/2026\/03\/24\/dinamarca-vota-antecipadamente-frederiksen-busca-terceiro-mandato\/#primaryimage","url":"https:\/\/portaltela.pt\/s.01k8rhncp4jt1\/2026\/03\/1536x864_cmsv2_9f28fe2a-93c3-5050-9ef8-03878bb610bc-9696257.jpg","contentUrl":"https:\/\/portaltela.pt\/s.01k8rhncp4jt1\/2026\/03\/1536x864_cmsv2_9f28fe2a-93c3-5050-9ef8-03878bb610bc-9696257.jpg","width":796,"height":448,"caption":"Pessoas votam numa mesa de voto na C\u00e2mara Municipal de Copenhaga, Dinamarca, na ter\u00e7a-feira, 24 de mar\u00e7o de 2026, durante as elei\u00e7\u00f5es gerais."},{"@type":"BreadcrumbList","@id":"https:\/\/portaltela.pt\/noticias\/2026\/03\/24\/dinamarca-vota-antecipadamente-frederiksen-busca-terceiro-mandato\/#breadcrumb","itemListElement":[{"@type":"ListItem","position":1,"name":"In\u00edcio","item":"https:\/\/portaltela.pt\/"},{"@type":"ListItem","position":2,"name":"Dinamarca vota antecipadamente; Frederiksen busca terceiro mandato"}]},{"@type":"WebSite","@id":"https:\/\/portaltela.pt\/#website","url":"https:\/\/portaltela.pt\/","name":"Portal Tela Portugal","description":"","potentialAction":[{"@type":"SearchAction","target":{"@type":"EntryPoint","urlTemplate":"https:\/\/portaltela.pt\/?s={search_term_string}"},"query-input":{"@type":"PropertyValueSpecification","valueRequired":true,"valueName":"search_term_string"}}],"inLanguage":"pt-PT"},{"@type":"Person","@id":"https:\/\/portaltela.pt\/#\/schema\/person\/c4278d4a6028830caff9ee44b42d32ed","name":"Telinha","image":{"@type":"ImageObject","inLanguage":"pt-PT","@id":"https:\/\/portaltela.pt\/s.01k8rhncp4jt1\/2025\/11\/talking-bot-125x125.png","url":"https:\/\/portaltela.pt\/s.01k8rhncp4jt1\/2025\/11\/talking-bot-125x125.png","contentUrl":"https:\/\/portaltela.pt\/s.01k8rhncp4jt1\/2025\/11\/talking-bot-125x125.png","caption":"Telinha"},"sameAs":["https:\/\/portaltela.pt\/"],"url":"https:\/\/portaltela.pt\/por\/367410592786\/"}]}},"_links":{"self":[{"href":"https:\/\/portaltela.pt\/api\/wp\/v2\/posts\/419521","targetHints":{"allow":["GET"]}}],"collection":[{"href":"https:\/\/portaltela.pt\/api\/wp\/v2\/posts"}],"about":[{"href":"https:\/\/portaltela.pt\/api\/wp\/v2\/types\/post"}],"author":[{"embeddable":true,"href":"https:\/\/portaltela.pt\/api\/wp\/v2\/users\/2"}],"replies":[{"embeddable":true,"href":"https:\/\/portaltela.pt\/api\/wp\/v2\/comments?post=419521"}],"version-history":[{"count":0,"href":"https:\/\/portaltela.pt\/api\/wp\/v2\/posts\/419521\/revisions"}],"wp:featuredmedia":[{"embeddable":true,"href":"https:\/\/portaltela.pt\/api\/wp\/v2\/media\/419524"}],"wp:attachment":[{"href":"https:\/\/portaltela.pt\/api\/wp\/v2\/media?parent=419521"}],"wp:term":[{"taxonomy":"category","embeddable":true,"href":"https:\/\/portaltela.pt\/api\/wp\/v2\/categories?post=419521"},{"taxonomy":"post_tag","embeddable":true,"href":"https:\/\/portaltela.pt\/api\/wp\/v2\/tags?post=419521"}],"curies":[{"name":"wp","href":"https:\/\/api.w.org\/{rel}","templated":true}]}}