{"id":419515,"date":"2026-03-24T09:23:00","date_gmt":"2026-03-24T12:23:00","guid":{"rendered":"https:\/\/portaltela.pt\/noticias\/2026\/03\/24\/lopes-cabral-perdoado-entra-na-luta-para-reconquistar-o-apoio-dos-benfiquistas\/"},"modified":"2026-03-24T09:23:00","modified_gmt":"2026-03-24T12:23:00","slug":"lopes-cabral-perdoado-entra-na-luta-para-reconquistar-o-apoio-dos-benfiquistas","status":"publish","type":"post","link":"https:\/\/portaltela.pt\/desporto\/futebol\/2026\/03\/24\/lopes-cabral-perdoado-entra-na-luta-para-reconquistar-o-apoio-dos-benfiquistas\/","title":{"rendered":"Lopes Cabral, perdoado, entra na luta para reconquistar o apoio dos benfiquistas"},"content":{"rendered":"<p>Lopes Cabral voltou a somar minutos pelo Benfica, ap\u00f3s quase um m\u00eas sem entrar nas escolhas de Jos\u00e9 Mourinho. O regresso acontece num momento em que o jogador tenta recuperar espa\u00e7o no plantel.<\/p>\n<p>Na cobertura recente, o jogador esteve envolvido num epis\u00f3dio relacionado com Vin\u00edcius Jr., em Madrid, quando ter\u00e1 pedido a camisola ao advers\u00e1rio. O incidente gerou pol\u00e9mica entre as redes sociais do clube.<\/p>\n<p>A 1\u00aa metade da \u00e9poca tem sido marcada pela diminui\u00e7\u00e3o de op\u00e7\u00f5es na equipa t\u00e9cnica, levando a v\u00e1rias convocat\u00f3rias falhadas para Cabral. Contudo, a situa\u00e7\u00e3o \u00e9 apresentada como ultrapassada pela forma\u00e7\u00e3o.<\/p>\n<p>O Benfica contratou o ala ao Estevam Amadora em janeiro, com a expectativa de acrescentar profundidade ao flanco. O objetivo agora \u00e9 reconquistar a confian\u00e7a dos adeptos encarnados.<\/p>\n<p>Cabral aponta como prioridade retribuir a aposta do clube e demonstrar o seu valor dentro de campo, procurando contribuir para os objetivos da equipa nesta fase da temporada.<\/p>\n","protected":false},"excerpt":{"rendered":"<ul>\n<li>Lopes Cabral voltou a somar minutos no Benfica, ap\u00f3s quase um m\u00eas sem entrar nas op\u00e7\u00f5es de Jos\u00e9 Mourinho.<\/li>\n<li>A recupera\u00e7\u00e3o ocorre depois do pol\u00e9mico pedido a Vin\u00edcius Jr. para trocarem de camisola e do epis\u00f3dio envolvendo Prestianni.<\/li>\n<li>O jogador encarnado perdeu espa\u00e7o na equipa t\u00e9cnica, falhando v\u00e1rias convocat\u00f3rias.<\/li>\n<li>A situa\u00e7\u00e3o \u00e9 encarada como ultrapassada, e o ala pretende retribuir a aposta do clube ao contrat\u00e1-lo ao E. Amadora em janeiro.<\/li>\n<li>O objetivo \u00e9 reconquistar a confian\u00e7a da massa adepta e manter-se dispon\u00edvel para Mourinho.<\/li>\n<\/ul>\n","protected":false},"author":2,"featured_media":419520,"comment_status":"closed","ping_status":"closed","sticky":false,"template":"","format":"standard","meta":{"footnotes":""},"categories":[21,24],"tags":[4143,2533,1439,1946,3364,32],"class_list":["post-419515","post","type-post","status-publish","format-standard","has-post-thumbnail","hentry","category-desporto","category-futebol","tag-1-liga","tag-adeptos","tag-amadora","tag-benfica","tag-convocacoes","tag-futebol"],"yoast_head":"<!-- This site is optimized with the Yoast SEO plugin v27.2 - https:\/\/yoast.com\/product\/yoast-seo-wordpress\/ -->\n<title>Lopes Cabral, perdoado, entra na luta para reconquistar o apoio dos benfiquistas - Portal Tela Portugal<\/title>\n<meta name=\"robots\" content=\"index, follow, max-snippet:-1, max-image-preview:large, max-video-preview:-1\" \/>\n<meta property=\"og:locale\" content=\"pt_PT\" \/>\n<meta property=\"og:type\" content=\"article\" \/>\n<meta property=\"og:title\" content=\"Lopes Cabral, perdoado, entra na luta para reconquistar o apoio dos benfiquistas - Portal Tela Portugal\" \/>\n<meta property=\"og:description\" content=\"Lopes Cabral voltou a somar minutos no Benfica, ap\u00f3s quase um m\u00eas sem entrar nas op\u00e7\u00f5es de Jos\u00e9 Mourinho. A recupera\u00e7\u00e3o ocorre depois do pol\u00e9mico pedido a Vin\u00edcius Jr. para trocarem de camisola e do epis\u00f3dio envolvendo Prestianni. O jogador encarnado perdeu espa\u00e7o na equipa t\u00e9cnica, falhando v\u00e1rias convocat\u00f3rias. A situa\u00e7\u00e3o \u00e9 encarada como ultrapassada, e o ala pretende retribuir a aposta do clube ao contrat\u00e1-lo ao E. Amadora em janeiro. O objetivo \u00e9 reconquistar a confian\u00e7a da massa adepta e manter-se dispon\u00edvel para Mourinho.\" \/>\n<meta property=\"og:url\" content=\"https:\/\/portaltela.pt\/noticias\/2026\/03\/24\/lopes-cabral-perdoado-entra-na-luta-para-reconquistar-o-apoio-dos-benfiquistas\/\" \/>\n<meta property=\"og:site_name\" content=\"Portal Tela Portugal\" \/>\n<meta property=\"article:published_time\" content=\"2026-03-24T12:23:00+00:00\" \/>\n<meta name=\"author\" content=\"Telinha\" \/>\n<meta name=\"twitter:card\" content=\"summary_large_image\" \/>\n<meta name=\"twitter:label1\" content=\"Escrito por\" \/>\n\t<meta name=\"twitter:data1\" content=\"Telinha\" \/>\n\t<meta name=\"twitter:label2\" content=\"Tempo estimado de leitura\" \/>\n\t<meta name=\"twitter:data2\" content=\"1 minuto\" \/>\n<script type=\"application\/ld+json\" class=\"yoast-schema-graph\">{\"@context\":\"https:\/\/schema.org\",\"@graph\":[{\"@type\":\"Article\",\"@id\":\"https:\/\/portaltela.pt\/noticias\/2026\/03\/24\/lopes-cabral-perdoado-entra-na-luta-para-reconquistar-o-apoio-dos-benfiquistas\/#article\",\"isPartOf\":{\"@id\":\"https:\/\/portaltela.pt\/noticias\/2026\/03\/24\/lopes-cabral-perdoado-entra-na-luta-para-reconquistar-o-apoio-dos-benfiquistas\/\"},\"author\":{\"name\":\"Telinha\",\"@id\":\"https:\/\/portaltela.pt\/#\/schema\/person\/c4278d4a6028830caff9ee44b42d32ed\"},\"headline\":\"Lopes Cabral, perdoado, entra na luta para reconquistar o apoio dos benfiquistas\",\"datePublished\":\"2026-03-24T12:23:00+00:00\",\"mainEntityOfPage\":{\"@id\":\"https:\/\/portaltela.pt\/noticias\/2026\/03\/24\/lopes-cabral-perdoado-entra-na-luta-para-reconquistar-o-apoio-dos-benfiquistas\/\"},\"wordCount\":176,\"image\":{\"@id\":\"https:\/\/portaltela.pt\/noticias\/2026\/03\/24\/lopes-cabral-perdoado-entra-na-luta-para-reconquistar-o-apoio-dos-benfiquistas\/#primaryimage\"},\"thumbnailUrl\":\"https:\/\/portaltela.pt\/s.01k8rhncp4jt1\/2026\/03\/img_920x518uu2026-03-24-12-24-54-2429091.jpg\",\"keywords\":[\"1. Liga\",\"adeptos\",\"Amadora\",\"Benfica\",\"convoca\u00e7\u00f5es\",\"futebol\"],\"articleSection\":[\"Desporto\",\"Futebol\"],\"inLanguage\":\"pt-PT\"},{\"@type\":\"WebPage\",\"@id\":\"https:\/\/portaltela.pt\/noticias\/2026\/03\/24\/lopes-cabral-perdoado-entra-na-luta-para-reconquistar-o-apoio-dos-benfiquistas\/\",\"url\":\"https:\/\/portaltela.pt\/noticias\/2026\/03\/24\/lopes-cabral-perdoado-entra-na-luta-para-reconquistar-o-apoio-dos-benfiquistas\/\",\"name\":\"Lopes Cabral, perdoado, entra na luta para reconquistar o apoio dos benfiquistas - Portal Tela Portugal\",\"isPartOf\":{\"@id\":\"https:\/\/portaltela.pt\/#website\"},\"primaryImageOfPage\":{\"@id\":\"https:\/\/portaltela.pt\/noticias\/2026\/03\/24\/lopes-cabral-perdoado-entra-na-luta-para-reconquistar-o-apoio-dos-benfiquistas\/#primaryimage\"},\"image\":{\"@id\":\"https:\/\/portaltela.pt\/noticias\/2026\/03\/24\/lopes-cabral-perdoado-entra-na-luta-para-reconquistar-o-apoio-dos-benfiquistas\/#primaryimage\"},\"thumbnailUrl\":\"https:\/\/portaltela.pt\/s.01k8rhncp4jt1\/2026\/03\/img_920x518uu2026-03-24-12-24-54-2429091.jpg\",\"datePublished\":\"2026-03-24T12:23:00+00:00\",\"author\":{\"@id\":\"https:\/\/portaltela.pt\/#\/schema\/person\/c4278d4a6028830caff9ee44b42d32ed\"},\"breadcrumb\":{\"@id\":\"https:\/\/portaltela.pt\/noticias\/2026\/03\/24\/lopes-cabral-perdoado-entra-na-luta-para-reconquistar-o-apoio-dos-benfiquistas\/#breadcrumb\"},\"inLanguage\":\"pt-PT\",\"potentialAction\":[{\"@type\":\"ReadAction\",\"target\":[\"https:\/\/portaltela.pt\/noticias\/2026\/03\/24\/lopes-cabral-perdoado-entra-na-luta-para-reconquistar-o-apoio-dos-benfiquistas\/\"]}]},{\"@type\":\"ImageObject\",\"inLanguage\":\"pt-PT\",\"@id\":\"https:\/\/portaltela.pt\/noticias\/2026\/03\/24\/lopes-cabral-perdoado-entra-na-luta-para-reconquistar-o-apoio-dos-benfiquistas\/#primaryimage\",\"url\":\"https:\/\/portaltela.pt\/s.01k8rhncp4jt1\/2026\/03\/img_920x518uu2026-03-24-12-24-54-2429091.jpg\",\"contentUrl\":\"https:\/\/portaltela.pt\/s.01k8rhncp4jt1\/2026\/03\/img_920x518uu2026-03-24-12-24-54-2429091.jpg\",\"width\":796,\"height\":448,\"caption\":\"Lopes Cabral procura reconquistar a confian\u00e7a no Benfica\"},{\"@type\":\"BreadcrumbList\",\"@id\":\"https:\/\/portaltela.pt\/noticias\/2026\/03\/24\/lopes-cabral-perdoado-entra-na-luta-para-reconquistar-o-apoio-dos-benfiquistas\/#breadcrumb\",\"itemListElement\":[{\"@type\":\"ListItem\",\"position\":1,\"name\":\"In\u00edcio\",\"item\":\"https:\/\/portaltela.pt\/\"},{\"@type\":\"ListItem\",\"position\":2,\"name\":\"Lopes Cabral, perdoado, entra na luta para reconquistar o apoio dos benfiquistas\"}]},{\"@type\":\"WebSite\",\"@id\":\"https:\/\/portaltela.pt\/#website\",\"url\":\"https:\/\/portaltela.pt\/\",\"name\":\"Portal Tela Portugal\",\"description\":\"\",\"potentialAction\":[{\"@type\":\"SearchAction\",\"target\":{\"@type\":\"EntryPoint\",\"urlTemplate\":\"https:\/\/portaltela.pt\/?s={search_term_string}\"},\"query-input\":{\"@type\":\"PropertyValueSpecification\",\"valueRequired\":true,\"valueName\":\"search_term_string\"}}],\"inLanguage\":\"pt-PT\"},{\"@type\":\"Person\",\"@id\":\"https:\/\/portaltela.pt\/#\/schema\/person\/c4278d4a6028830caff9ee44b42d32ed\",\"name\":\"Telinha\",\"image\":{\"@type\":\"ImageObject\",\"inLanguage\":\"pt-PT\",\"@id\":\"https:\/\/portaltela.pt\/s.01k8rhncp4jt1\/2025\/11\/talking-bot-125x125.png\",\"url\":\"https:\/\/portaltela.pt\/s.01k8rhncp4jt1\/2025\/11\/talking-bot-125x125.png\",\"contentUrl\":\"https:\/\/portaltela.pt\/s.01k8rhncp4jt1\/2025\/11\/talking-bot-125x125.png\",\"caption\":\"Telinha\"},\"sameAs\":[\"https:\/\/portaltela.pt\/\"],\"url\":\"https:\/\/portaltela.pt\/por\/367410592786\/\"}]}<\/script>\n<!-- \/ Yoast SEO plugin. -->","yoast_head_json":{"title":"Lopes Cabral, perdoado, entra na luta para reconquistar o apoio dos benfiquistas - Portal Tela Portugal","robots":{"index":"index","follow":"follow","max-snippet":"max-snippet:-1","max-image-preview":"max-image-preview:large","max-video-preview":"max-video-preview:-1"},"og_locale":"pt_PT","og_type":"article","og_title":"Lopes Cabral, perdoado, entra na luta para reconquistar o apoio dos benfiquistas - Portal Tela Portugal","og_description":"Lopes Cabral voltou a somar minutos no Benfica, ap\u00f3s quase um m\u00eas sem entrar nas op\u00e7\u00f5es de Jos\u00e9 Mourinho. A recupera\u00e7\u00e3o ocorre depois do pol\u00e9mico pedido a Vin\u00edcius Jr. para trocarem de camisola e do epis\u00f3dio envolvendo Prestianni. O jogador encarnado perdeu espa\u00e7o na equipa t\u00e9cnica, falhando v\u00e1rias convocat\u00f3rias. A situa\u00e7\u00e3o \u00e9 encarada como ultrapassada, e o ala pretende retribuir a aposta do clube ao contrat\u00e1-lo ao E. Amadora em janeiro. O objetivo \u00e9 reconquistar a confian\u00e7a da massa adepta e manter-se dispon\u00edvel para Mourinho.","og_url":"https:\/\/portaltela.pt\/noticias\/2026\/03\/24\/lopes-cabral-perdoado-entra-na-luta-para-reconquistar-o-apoio-dos-benfiquistas\/","og_site_name":"Portal Tela Portugal","article_published_time":"2026-03-24T12:23:00+00:00","author":"Telinha","twitter_card":"summary_large_image","twitter_misc":{"Escrito por":"Telinha","Tempo estimado de leitura":"1 minuto"},"schema":{"@context":"https:\/\/schema.org","@graph":[{"@type":"Article","@id":"https:\/\/portaltela.pt\/noticias\/2026\/03\/24\/lopes-cabral-perdoado-entra-na-luta-para-reconquistar-o-apoio-dos-benfiquistas\/#article","isPartOf":{"@id":"https:\/\/portaltela.pt\/noticias\/2026\/03\/24\/lopes-cabral-perdoado-entra-na-luta-para-reconquistar-o-apoio-dos-benfiquistas\/"},"author":{"name":"Telinha","@id":"https:\/\/portaltela.pt\/#\/schema\/person\/c4278d4a6028830caff9ee44b42d32ed"},"headline":"Lopes Cabral, perdoado, entra na luta para reconquistar o apoio dos benfiquistas","datePublished":"2026-03-24T12:23:00+00:00","mainEntityOfPage":{"@id":"https:\/\/portaltela.pt\/noticias\/2026\/03\/24\/lopes-cabral-perdoado-entra-na-luta-para-reconquistar-o-apoio-dos-benfiquistas\/"},"wordCount":176,"image":{"@id":"https:\/\/portaltela.pt\/noticias\/2026\/03\/24\/lopes-cabral-perdoado-entra-na-luta-para-reconquistar-o-apoio-dos-benfiquistas\/#primaryimage"},"thumbnailUrl":"https:\/\/portaltela.pt\/s.01k8rhncp4jt1\/2026\/03\/img_920x518uu2026-03-24-12-24-54-2429091.jpg","keywords":["1. Liga","adeptos","Amadora","Benfica","convoca\u00e7\u00f5es","futebol"],"articleSection":["Desporto","Futebol"],"inLanguage":"pt-PT"},{"@type":"WebPage","@id":"https:\/\/portaltela.pt\/noticias\/2026\/03\/24\/lopes-cabral-perdoado-entra-na-luta-para-reconquistar-o-apoio-dos-benfiquistas\/","url":"https:\/\/portaltela.pt\/noticias\/2026\/03\/24\/lopes-cabral-perdoado-entra-na-luta-para-reconquistar-o-apoio-dos-benfiquistas\/","name":"Lopes Cabral, perdoado, entra na luta para reconquistar o apoio dos benfiquistas - Portal Tela Portugal","isPartOf":{"@id":"https:\/\/portaltela.pt\/#website"},"primaryImageOfPage":{"@id":"https:\/\/portaltela.pt\/noticias\/2026\/03\/24\/lopes-cabral-perdoado-entra-na-luta-para-reconquistar-o-apoio-dos-benfiquistas\/#primaryimage"},"image":{"@id":"https:\/\/portaltela.pt\/noticias\/2026\/03\/24\/lopes-cabral-perdoado-entra-na-luta-para-reconquistar-o-apoio-dos-benfiquistas\/#primaryimage"},"thumbnailUrl":"https:\/\/portaltela.pt\/s.01k8rhncp4jt1\/2026\/03\/img_920x518uu2026-03-24-12-24-54-2429091.jpg","datePublished":"2026-03-24T12:23:00+00:00","author":{"@id":"https:\/\/portaltela.pt\/#\/schema\/person\/c4278d4a6028830caff9ee44b42d32ed"},"breadcrumb":{"@id":"https:\/\/portaltela.pt\/noticias\/2026\/03\/24\/lopes-cabral-perdoado-entra-na-luta-para-reconquistar-o-apoio-dos-benfiquistas\/#breadcrumb"},"inLanguage":"pt-PT","potentialAction":[{"@type":"ReadAction","target":["https:\/\/portaltela.pt\/noticias\/2026\/03\/24\/lopes-cabral-perdoado-entra-na-luta-para-reconquistar-o-apoio-dos-benfiquistas\/"]}]},{"@type":"ImageObject","inLanguage":"pt-PT","@id":"https:\/\/portaltela.pt\/noticias\/2026\/03\/24\/lopes-cabral-perdoado-entra-na-luta-para-reconquistar-o-apoio-dos-benfiquistas\/#primaryimage","url":"https:\/\/portaltela.pt\/s.01k8rhncp4jt1\/2026\/03\/img_920x518uu2026-03-24-12-24-54-2429091.jpg","contentUrl":"https:\/\/portaltela.pt\/s.01k8rhncp4jt1\/2026\/03\/img_920x518uu2026-03-24-12-24-54-2429091.jpg","width":796,"height":448,"caption":"Lopes Cabral procura reconquistar a confian\u00e7a no Benfica"},{"@type":"BreadcrumbList","@id":"https:\/\/portaltela.pt\/noticias\/2026\/03\/24\/lopes-cabral-perdoado-entra-na-luta-para-reconquistar-o-apoio-dos-benfiquistas\/#breadcrumb","itemListElement":[{"@type":"ListItem","position":1,"name":"In\u00edcio","item":"https:\/\/portaltela.pt\/"},{"@type":"ListItem","position":2,"name":"Lopes Cabral, perdoado, entra na luta para reconquistar o apoio dos benfiquistas"}]},{"@type":"WebSite","@id":"https:\/\/portaltela.pt\/#website","url":"https:\/\/portaltela.pt\/","name":"Portal Tela Portugal","description":"","potentialAction":[{"@type":"SearchAction","target":{"@type":"EntryPoint","urlTemplate":"https:\/\/portaltela.pt\/?s={search_term_string}"},"query-input":{"@type":"PropertyValueSpecification","valueRequired":true,"valueName":"search_term_string"}}],"inLanguage":"pt-PT"},{"@type":"Person","@id":"https:\/\/portaltela.pt\/#\/schema\/person\/c4278d4a6028830caff9ee44b42d32ed","name":"Telinha","image":{"@type":"ImageObject","inLanguage":"pt-PT","@id":"https:\/\/portaltela.pt\/s.01k8rhncp4jt1\/2025\/11\/talking-bot-125x125.png","url":"https:\/\/portaltela.pt\/s.01k8rhncp4jt1\/2025\/11\/talking-bot-125x125.png","contentUrl":"https:\/\/portaltela.pt\/s.01k8rhncp4jt1\/2025\/11\/talking-bot-125x125.png","caption":"Telinha"},"sameAs":["https:\/\/portaltela.pt\/"],"url":"https:\/\/portaltela.pt\/por\/367410592786\/"}]}},"_links":{"self":[{"href":"https:\/\/portaltela.pt\/api\/wp\/v2\/posts\/419515","targetHints":{"allow":["GET"]}}],"collection":[{"href":"https:\/\/portaltela.pt\/api\/wp\/v2\/posts"}],"about":[{"href":"https:\/\/portaltela.pt\/api\/wp\/v2\/types\/post"}],"author":[{"embeddable":true,"href":"https:\/\/portaltela.pt\/api\/wp\/v2\/users\/2"}],"replies":[{"embeddable":true,"href":"https:\/\/portaltela.pt\/api\/wp\/v2\/comments?post=419515"}],"version-history":[{"count":0,"href":"https:\/\/portaltela.pt\/api\/wp\/v2\/posts\/419515\/revisions"}],"wp:featuredmedia":[{"embeddable":true,"href":"https:\/\/portaltela.pt\/api\/wp\/v2\/media\/419520"}],"wp:attachment":[{"href":"https:\/\/portaltela.pt\/api\/wp\/v2\/media?parent=419515"}],"wp:term":[{"taxonomy":"category","embeddable":true,"href":"https:\/\/portaltela.pt\/api\/wp\/v2\/categories?post=419515"},{"taxonomy":"post_tag","embeddable":true,"href":"https:\/\/portaltela.pt\/api\/wp\/v2\/tags?post=419515"}],"curies":[{"name":"wp","href":"https:\/\/api.w.org\/{rel}","templated":true}]}}