{"id":419501,"date":"2026-03-24T09:15:11","date_gmt":"2026-03-24T12:15:11","guid":{"rendered":"https:\/\/portaltela.pt\/noticias\/2026\/03\/24\/cinco-mortos-em-2-777-acidentes-de-viacao-nos-ultimos-sete-dias\/"},"modified":"2026-03-24T09:15:11","modified_gmt":"2026-03-24T12:15:11","slug":"cinco-mortos-em-2-777-acidentes-de-viacao-nos-ultimos-sete-dias","status":"publish","type":"post","link":"https:\/\/portaltela.pt\/noticias\/2026\/03\/24\/cinco-mortos-em-2-777-acidentes-de-viacao-nos-ultimos-sete-dias\/","title":{"rendered":"Cinco mortos em 2.777 acidentes de via\u00e7\u00e3o nos \u00faltimos sete dias"},"content":{"rendered":"<p>Cinco mortos, 2.777 acidentes e novidades relevantes na \u00faltima semana registada, de 17 a 23, em Portugal. Os dados s\u00e3o da Autoridade Nacional de Seguran\u00e7a Rodovi\u00e1ria (ANSR) e apontam ainda 39 feridos graves e 808 feridos ligeiros. Os n\u00fameros mostram piora face ao per\u00edodo hom\u00f3logo de 2025.<\/p>\n<p>A ANSR indica que houve mais duas v\u00edtimas mortais e mais 122 acidentes em rela\u00e7\u00e3o \u00e0 mesma semana de 2025. O relat\u00f3rio tamb\u00e9m detalha que a sinistralidade pode ser reduzida com comportamentos seguros por todos os utilizadores da estrada.<\/p>\n<p>Durante a semana, foram fiscalizados automaticamente 4,8 milh\u00f5es de ve\u00edculos por radar. O SINCRO, sistema de controlo de velocidade, fiscalizou 4,3 milh\u00f5es e registou 8,7 mil infra\u00e7\u00f5es. A Guarda Nacional Republicana (GNR) e a PSP controlaram 483,5 mil ve\u00edculos e emitiram 1,9 mil infra\u00e7\u00f5es.<\/p>\n<h3>Controlo rodovi\u00e1rio e perspetivas de seguran\u00e7a<\/h3>\n<p>A ANSR refor\u00e7a que a sinistralidade rodovi\u00e1ria n\u00e3o \u00e9 uma fatalidade. As autoridades destacam a import\u00e2ncia de pr\u00e1ticas de condu\u00e7\u00e3o respons\u00e1veis e de cumprimento das regras para reduzir consequ\u00eancias graves. A organiza\u00e7\u00e3o avisa para a necessidade de redund\u00e2ncia de medidas de seguran\u00e7a por parte de todos os intervenientes na circula\u00e7\u00e3o.<\/p>\n","protected":false},"excerpt":{"rendered":"<ul>\n<li>Cinco mortos entre os 2.777 acidentes de via\u00e7\u00e3o registados em Portugal entre 17 e 23, segundo a ANSR.<\/li>\n<li>Houve 39 feridos graves e 808 feridos ligeiros, mais um ferido grave e 160 feridos ligeiros face ao mesmo per\u00edodo do ano passado.<\/li>\n<li>Durante a semana, foram fiscalizados automaticamente por radar 4,8 milh\u00f5es de ve\u00edculos; o SINCRO registou 8,7 mil infra\u00e7\u00f5es.<\/li>\n<li>Os radares da GNR e da PSP apuraram 483,5 mil ve\u00edculos e 1,9 mil infra\u00e7\u00f5es.<\/li>\n<li>A ANSR afirma que a sinistralidade n\u00e3o \u00e9 inevit\u00e1vel e pode ser reduzida com comportamentos de condu\u00e7\u00e3o mais seguros.<\/li>\n<\/ul>\n","protected":false},"author":2,"featured_media":419503,"comment_status":"closed","ping_status":"closed","sticky":false,"template":"","format":"standard","meta":{"footnotes":""},"categories":[6849,1],"tags":[5487,4169,3256,1692,6306,4971],"class_list":["post-419501","post","type-post","status-publish","format-standard","has-post-thumbnail","hentry","category-acidentes","category-noticias","tag-acidente","tag-acidente-rodoviario","tag-acidentes","tag-fiscalizacao-de-transito","tag-infracoes","tag-transporte-rodoviario"],"yoast_head":"<!-- This site is optimized with the Yoast SEO plugin v27.2 - https:\/\/yoast.com\/product\/yoast-seo-wordpress\/ -->\n<title>Cinco mortos em 2.777 acidentes de via\u00e7\u00e3o nos \u00faltimos sete dias - Portal Tela Portugal<\/title>\n<meta name=\"robots\" content=\"index, follow, max-snippet:-1, max-image-preview:large, max-video-preview:-1\" \/>\n<meta property=\"og:locale\" content=\"pt_PT\" \/>\n<meta property=\"og:type\" content=\"article\" \/>\n<meta property=\"og:title\" content=\"Cinco mortos em 2.777 acidentes de via\u00e7\u00e3o nos \u00faltimos sete dias - Portal Tela Portugal\" \/>\n<meta property=\"og:description\" content=\"Cinco mortos entre os 2.777 acidentes de via\u00e7\u00e3o registados em Portugal entre 17 e 23, segundo a ANSR. Houve 39 feridos graves e 808 feridos ligeiros, mais um ferido grave e 160 feridos ligeiros face ao mesmo per\u00edodo do ano passado. Durante a semana, foram fiscalizados automaticamente por radar 4,8 milh\u00f5es de ve\u00edculos; o SINCRO registou 8,7 mil infra\u00e7\u00f5es. Os radares da GNR e da PSP apuraram 483,5 mil ve\u00edculos e 1,9 mil infra\u00e7\u00f5es. A ANSR afirma que a sinistralidade n\u00e3o \u00e9 inevit\u00e1vel e pode ser reduzida com comportamentos de condu\u00e7\u00e3o mais seguros.\" \/>\n<meta property=\"og:url\" content=\"https:\/\/portaltela.pt\/noticias\/2026\/03\/24\/cinco-mortos-em-2-777-acidentes-de-viacao-nos-ultimos-sete-dias\/\" \/>\n<meta property=\"og:site_name\" content=\"Portal Tela Portugal\" \/>\n<meta property=\"article:published_time\" content=\"2026-03-24T12:15:11+00:00\" \/>\n<meta name=\"author\" content=\"Telinha\" \/>\n<meta name=\"twitter:card\" content=\"summary_large_image\" \/>\n<meta name=\"twitter:label1\" content=\"Escrito por\" \/>\n\t<meta name=\"twitter:data1\" content=\"Telinha\" \/>\n\t<meta name=\"twitter:label2\" content=\"Tempo estimado de leitura\" \/>\n\t<meta name=\"twitter:data2\" content=\"1 minuto\" \/>\n<script type=\"application\/ld+json\" class=\"yoast-schema-graph\">{\"@context\":\"https:\/\/schema.org\",\"@graph\":[{\"@type\":\"Article\",\"@id\":\"https:\/\/portaltela.pt\/noticias\/2026\/03\/24\/cinco-mortos-em-2-777-acidentes-de-viacao-nos-ultimos-sete-dias\/#article\",\"isPartOf\":{\"@id\":\"https:\/\/portaltela.pt\/noticias\/2026\/03\/24\/cinco-mortos-em-2-777-acidentes-de-viacao-nos-ultimos-sete-dias\/\"},\"author\":{\"name\":\"Telinha\",\"@id\":\"https:\/\/portaltela.pt\/#\/schema\/person\/c4278d4a6028830caff9ee44b42d32ed\"},\"headline\":\"Cinco mortos em 2.777 acidentes de via\u00e7\u00e3o nos \u00faltimos sete dias\",\"datePublished\":\"2026-03-24T12:15:11+00:00\",\"mainEntityOfPage\":{\"@id\":\"https:\/\/portaltela.pt\/noticias\/2026\/03\/24\/cinco-mortos-em-2-777-acidentes-de-viacao-nos-ultimos-sete-dias\/\"},\"wordCount\":212,\"image\":{\"@id\":\"https:\/\/portaltela.pt\/noticias\/2026\/03\/24\/cinco-mortos-em-2-777-acidentes-de-viacao-nos-ultimos-sete-dias\/#primaryimage\"},\"thumbnailUrl\":\"https:\/\/portaltela.pt\/s.01k8rhncp4jt1\/2026\/03\/img_1500x1000uu2025-02-11-15-37-10-2192797.jpg\",\"keywords\":[\"acidente\",\"acidente rodovi\u00e1rio\",\"acidentes\",\"fiscaliza\u00e7\u00e3o de tr\u00e2nsito\",\"infra\u00e7\u00f5es\",\"transporte rodovi\u00e1rio\"],\"articleSection\":[\"Acidentes\",\"Not\u00edcias\"],\"inLanguage\":\"pt-PT\"},{\"@type\":\"WebPage\",\"@id\":\"https:\/\/portaltela.pt\/noticias\/2026\/03\/24\/cinco-mortos-em-2-777-acidentes-de-viacao-nos-ultimos-sete-dias\/\",\"url\":\"https:\/\/portaltela.pt\/noticias\/2026\/03\/24\/cinco-mortos-em-2-777-acidentes-de-viacao-nos-ultimos-sete-dias\/\",\"name\":\"Cinco mortos em 2.777 acidentes de via\u00e7\u00e3o nos \u00faltimos sete dias - Portal Tela Portugal\",\"isPartOf\":{\"@id\":\"https:\/\/portaltela.pt\/#website\"},\"primaryImageOfPage\":{\"@id\":\"https:\/\/portaltela.pt\/noticias\/2026\/03\/24\/cinco-mortos-em-2-777-acidentes-de-viacao-nos-ultimos-sete-dias\/#primaryimage\"},\"image\":{\"@id\":\"https:\/\/portaltela.pt\/noticias\/2026\/03\/24\/cinco-mortos-em-2-777-acidentes-de-viacao-nos-ultimos-sete-dias\/#primaryimage\"},\"thumbnailUrl\":\"https:\/\/portaltela.pt\/s.01k8rhncp4jt1\/2026\/03\/img_1500x1000uu2025-02-11-15-37-10-2192797.jpg\",\"datePublished\":\"2026-03-24T12:15:11+00:00\",\"author\":{\"@id\":\"https:\/\/portaltela.pt\/#\/schema\/person\/c4278d4a6028830caff9ee44b42d32ed\"},\"breadcrumb\":{\"@id\":\"https:\/\/portaltela.pt\/noticias\/2026\/03\/24\/cinco-mortos-em-2-777-acidentes-de-viacao-nos-ultimos-sete-dias\/#breadcrumb\"},\"inLanguage\":\"pt-PT\",\"potentialAction\":[{\"@type\":\"ReadAction\",\"target\":[\"https:\/\/portaltela.pt\/noticias\/2026\/03\/24\/cinco-mortos-em-2-777-acidentes-de-viacao-nos-ultimos-sete-dias\/\"]}]},{\"@type\":\"ImageObject\",\"inLanguage\":\"pt-PT\",\"@id\":\"https:\/\/portaltela.pt\/noticias\/2026\/03\/24\/cinco-mortos-em-2-777-acidentes-de-viacao-nos-ultimos-sete-dias\/#primaryimage\",\"url\":\"https:\/\/portaltela.pt\/s.01k8rhncp4jt1\/2026\/03\/img_1500x1000uu2025-02-11-15-37-10-2192797.jpg\",\"contentUrl\":\"https:\/\/portaltela.pt\/s.01k8rhncp4jt1\/2026\/03\/img_1500x1000uu2025-02-11-15-37-10-2192797.jpg\",\"width\":796,\"height\":448,\"caption\":\"Acidente rodovi\u00e1rio\"},{\"@type\":\"BreadcrumbList\",\"@id\":\"https:\/\/portaltela.pt\/noticias\/2026\/03\/24\/cinco-mortos-em-2-777-acidentes-de-viacao-nos-ultimos-sete-dias\/#breadcrumb\",\"itemListElement\":[{\"@type\":\"ListItem\",\"position\":1,\"name\":\"In\u00edcio\",\"item\":\"https:\/\/portaltela.pt\/\"},{\"@type\":\"ListItem\",\"position\":2,\"name\":\"Cinco mortos em 2.777 acidentes de via\u00e7\u00e3o nos \u00faltimos sete dias\"}]},{\"@type\":\"WebSite\",\"@id\":\"https:\/\/portaltela.pt\/#website\",\"url\":\"https:\/\/portaltela.pt\/\",\"name\":\"Portal Tela Portugal\",\"description\":\"\",\"potentialAction\":[{\"@type\":\"SearchAction\",\"target\":{\"@type\":\"EntryPoint\",\"urlTemplate\":\"https:\/\/portaltela.pt\/?s={search_term_string}\"},\"query-input\":{\"@type\":\"PropertyValueSpecification\",\"valueRequired\":true,\"valueName\":\"search_term_string\"}}],\"inLanguage\":\"pt-PT\"},{\"@type\":\"Person\",\"@id\":\"https:\/\/portaltela.pt\/#\/schema\/person\/c4278d4a6028830caff9ee44b42d32ed\",\"name\":\"Telinha\",\"image\":{\"@type\":\"ImageObject\",\"inLanguage\":\"pt-PT\",\"@id\":\"https:\/\/portaltela.pt\/s.01k8rhncp4jt1\/2025\/11\/talking-bot-125x125.png\",\"url\":\"https:\/\/portaltela.pt\/s.01k8rhncp4jt1\/2025\/11\/talking-bot-125x125.png\",\"contentUrl\":\"https:\/\/portaltela.pt\/s.01k8rhncp4jt1\/2025\/11\/talking-bot-125x125.png\",\"caption\":\"Telinha\"},\"sameAs\":[\"https:\/\/portaltela.pt\/\"],\"url\":\"https:\/\/portaltela.pt\/por\/367410592786\/\"}]}<\/script>\n<!-- \/ Yoast SEO plugin. -->","yoast_head_json":{"title":"Cinco mortos em 2.777 acidentes de via\u00e7\u00e3o nos \u00faltimos sete dias - Portal Tela Portugal","robots":{"index":"index","follow":"follow","max-snippet":"max-snippet:-1","max-image-preview":"max-image-preview:large","max-video-preview":"max-video-preview:-1"},"og_locale":"pt_PT","og_type":"article","og_title":"Cinco mortos em 2.777 acidentes de via\u00e7\u00e3o nos \u00faltimos sete dias - Portal Tela Portugal","og_description":"Cinco mortos entre os 2.777 acidentes de via\u00e7\u00e3o registados em Portugal entre 17 e 23, segundo a ANSR. Houve 39 feridos graves e 808 feridos ligeiros, mais um ferido grave e 160 feridos ligeiros face ao mesmo per\u00edodo do ano passado. Durante a semana, foram fiscalizados automaticamente por radar 4,8 milh\u00f5es de ve\u00edculos; o SINCRO registou 8,7 mil infra\u00e7\u00f5es. Os radares da GNR e da PSP apuraram 483,5 mil ve\u00edculos e 1,9 mil infra\u00e7\u00f5es. A ANSR afirma que a sinistralidade n\u00e3o \u00e9 inevit\u00e1vel e pode ser reduzida com comportamentos de condu\u00e7\u00e3o mais seguros.","og_url":"https:\/\/portaltela.pt\/noticias\/2026\/03\/24\/cinco-mortos-em-2-777-acidentes-de-viacao-nos-ultimos-sete-dias\/","og_site_name":"Portal Tela Portugal","article_published_time":"2026-03-24T12:15:11+00:00","author":"Telinha","twitter_card":"summary_large_image","twitter_misc":{"Escrito por":"Telinha","Tempo estimado de leitura":"1 minuto"},"schema":{"@context":"https:\/\/schema.org","@graph":[{"@type":"Article","@id":"https:\/\/portaltela.pt\/noticias\/2026\/03\/24\/cinco-mortos-em-2-777-acidentes-de-viacao-nos-ultimos-sete-dias\/#article","isPartOf":{"@id":"https:\/\/portaltela.pt\/noticias\/2026\/03\/24\/cinco-mortos-em-2-777-acidentes-de-viacao-nos-ultimos-sete-dias\/"},"author":{"name":"Telinha","@id":"https:\/\/portaltela.pt\/#\/schema\/person\/c4278d4a6028830caff9ee44b42d32ed"},"headline":"Cinco mortos em 2.777 acidentes de via\u00e7\u00e3o nos \u00faltimos sete dias","datePublished":"2026-03-24T12:15:11+00:00","mainEntityOfPage":{"@id":"https:\/\/portaltela.pt\/noticias\/2026\/03\/24\/cinco-mortos-em-2-777-acidentes-de-viacao-nos-ultimos-sete-dias\/"},"wordCount":212,"image":{"@id":"https:\/\/portaltela.pt\/noticias\/2026\/03\/24\/cinco-mortos-em-2-777-acidentes-de-viacao-nos-ultimos-sete-dias\/#primaryimage"},"thumbnailUrl":"https:\/\/portaltela.pt\/s.01k8rhncp4jt1\/2026\/03\/img_1500x1000uu2025-02-11-15-37-10-2192797.jpg","keywords":["acidente","acidente rodovi\u00e1rio","acidentes","fiscaliza\u00e7\u00e3o de tr\u00e2nsito","infra\u00e7\u00f5es","transporte rodovi\u00e1rio"],"articleSection":["Acidentes","Not\u00edcias"],"inLanguage":"pt-PT"},{"@type":"WebPage","@id":"https:\/\/portaltela.pt\/noticias\/2026\/03\/24\/cinco-mortos-em-2-777-acidentes-de-viacao-nos-ultimos-sete-dias\/","url":"https:\/\/portaltela.pt\/noticias\/2026\/03\/24\/cinco-mortos-em-2-777-acidentes-de-viacao-nos-ultimos-sete-dias\/","name":"Cinco mortos em 2.777 acidentes de via\u00e7\u00e3o nos \u00faltimos sete dias - Portal Tela Portugal","isPartOf":{"@id":"https:\/\/portaltela.pt\/#website"},"primaryImageOfPage":{"@id":"https:\/\/portaltela.pt\/noticias\/2026\/03\/24\/cinco-mortos-em-2-777-acidentes-de-viacao-nos-ultimos-sete-dias\/#primaryimage"},"image":{"@id":"https:\/\/portaltela.pt\/noticias\/2026\/03\/24\/cinco-mortos-em-2-777-acidentes-de-viacao-nos-ultimos-sete-dias\/#primaryimage"},"thumbnailUrl":"https:\/\/portaltela.pt\/s.01k8rhncp4jt1\/2026\/03\/img_1500x1000uu2025-02-11-15-37-10-2192797.jpg","datePublished":"2026-03-24T12:15:11+00:00","author":{"@id":"https:\/\/portaltela.pt\/#\/schema\/person\/c4278d4a6028830caff9ee44b42d32ed"},"breadcrumb":{"@id":"https:\/\/portaltela.pt\/noticias\/2026\/03\/24\/cinco-mortos-em-2-777-acidentes-de-viacao-nos-ultimos-sete-dias\/#breadcrumb"},"inLanguage":"pt-PT","potentialAction":[{"@type":"ReadAction","target":["https:\/\/portaltela.pt\/noticias\/2026\/03\/24\/cinco-mortos-em-2-777-acidentes-de-viacao-nos-ultimos-sete-dias\/"]}]},{"@type":"ImageObject","inLanguage":"pt-PT","@id":"https:\/\/portaltela.pt\/noticias\/2026\/03\/24\/cinco-mortos-em-2-777-acidentes-de-viacao-nos-ultimos-sete-dias\/#primaryimage","url":"https:\/\/portaltela.pt\/s.01k8rhncp4jt1\/2026\/03\/img_1500x1000uu2025-02-11-15-37-10-2192797.jpg","contentUrl":"https:\/\/portaltela.pt\/s.01k8rhncp4jt1\/2026\/03\/img_1500x1000uu2025-02-11-15-37-10-2192797.jpg","width":796,"height":448,"caption":"Acidente rodovi\u00e1rio"},{"@type":"BreadcrumbList","@id":"https:\/\/portaltela.pt\/noticias\/2026\/03\/24\/cinco-mortos-em-2-777-acidentes-de-viacao-nos-ultimos-sete-dias\/#breadcrumb","itemListElement":[{"@type":"ListItem","position":1,"name":"In\u00edcio","item":"https:\/\/portaltela.pt\/"},{"@type":"ListItem","position":2,"name":"Cinco mortos em 2.777 acidentes de via\u00e7\u00e3o nos \u00faltimos sete dias"}]},{"@type":"WebSite","@id":"https:\/\/portaltela.pt\/#website","url":"https:\/\/portaltela.pt\/","name":"Portal Tela Portugal","description":"","potentialAction":[{"@type":"SearchAction","target":{"@type":"EntryPoint","urlTemplate":"https:\/\/portaltela.pt\/?s={search_term_string}"},"query-input":{"@type":"PropertyValueSpecification","valueRequired":true,"valueName":"search_term_string"}}],"inLanguage":"pt-PT"},{"@type":"Person","@id":"https:\/\/portaltela.pt\/#\/schema\/person\/c4278d4a6028830caff9ee44b42d32ed","name":"Telinha","image":{"@type":"ImageObject","inLanguage":"pt-PT","@id":"https:\/\/portaltela.pt\/s.01k8rhncp4jt1\/2025\/11\/talking-bot-125x125.png","url":"https:\/\/portaltela.pt\/s.01k8rhncp4jt1\/2025\/11\/talking-bot-125x125.png","contentUrl":"https:\/\/portaltela.pt\/s.01k8rhncp4jt1\/2025\/11\/talking-bot-125x125.png","caption":"Telinha"},"sameAs":["https:\/\/portaltela.pt\/"],"url":"https:\/\/portaltela.pt\/por\/367410592786\/"}]}},"_links":{"self":[{"href":"https:\/\/portaltela.pt\/api\/wp\/v2\/posts\/419501","targetHints":{"allow":["GET"]}}],"collection":[{"href":"https:\/\/portaltela.pt\/api\/wp\/v2\/posts"}],"about":[{"href":"https:\/\/portaltela.pt\/api\/wp\/v2\/types\/post"}],"author":[{"embeddable":true,"href":"https:\/\/portaltela.pt\/api\/wp\/v2\/users\/2"}],"replies":[{"embeddable":true,"href":"https:\/\/portaltela.pt\/api\/wp\/v2\/comments?post=419501"}],"version-history":[{"count":0,"href":"https:\/\/portaltela.pt\/api\/wp\/v2\/posts\/419501\/revisions"}],"wp:featuredmedia":[{"embeddable":true,"href":"https:\/\/portaltela.pt\/api\/wp\/v2\/media\/419503"}],"wp:attachment":[{"href":"https:\/\/portaltela.pt\/api\/wp\/v2\/media?parent=419501"}],"wp:term":[{"taxonomy":"category","embeddable":true,"href":"https:\/\/portaltela.pt\/api\/wp\/v2\/categories?post=419501"},{"taxonomy":"post_tag","embeddable":true,"href":"https:\/\/portaltela.pt\/api\/wp\/v2\/tags?post=419501"}],"curies":[{"name":"wp","href":"https:\/\/api.w.org\/{rel}","templated":true}]}}