{"id":419497,"date":"2026-03-24T09:09:32","date_gmt":"2026-03-24T12:09:32","guid":{"rendered":"https:\/\/portaltela.pt\/noticias\/2026\/03\/24\/fpf-avanca-com-sancoes-mais-duras-para-pirotecnia-racismo-e-ofensas-a-arbitros\/"},"modified":"2026-03-24T09:09:32","modified_gmt":"2026-03-24T12:09:32","slug":"fpf-avanca-com-sancoes-mais-duras-para-pirotecnia-racismo-e-ofensas-a-arbitros","status":"publish","type":"post","link":"https:\/\/portaltela.pt\/desporto\/futebol\/2026\/03\/24\/fpf-avanca-com-sancoes-mais-duras-para-pirotecnia-racismo-e-ofensas-a-arbitros\/","title":{"rendered":"FPF avan\u00e7a com san\u00e7\u00f5es mais duras para pirotecnia, racismo e ofensas a \u00e1rbitros"},"content":{"rendered":"<p>A Federa\u00e7\u00e3o Portuguesa de Futebol vai apresentar altera\u00e7\u00f5es ao Regulamento Disciplinar para a temporada 2026\/27. As mudan\u00e7as visam promover um ambiente mais seguro para adeptos e intervenientes no jogo. A decis\u00e3o surge ap\u00f3s uma reuni\u00e3o de emerg\u00eancia.<\/p>\n<p>A reuni\u00e3o, realizada na Cidade do Futebol, contou com a participa\u00e7\u00e3o da FPF e da Associa\u00e7\u00e3o Portuguesa de \u00c1rbitros de Futebol (APAF). As medidas s\u00e3o anunciadas antes de serem aprovadas em Assembleia Geral.<\/p>\n<p>Entre os objetivos, est\u00e1 punir com maior gravidade agress\u00f5es, palavras ofensivas contra \u00e1rbitros e comportamentos discriminat\u00f3rios por parte de adeptos. Tamb\u00e9m se pretende restringir o uso de pirotecnia.<\/p>\n<h3>Propostas de agravamento de pena<\/h3>\n<ul>\n<li>Agress\u00f5es e ofensas dirigidas aos elementos da equipa de arbitragem, para defender a imparcialidade.<\/li>\n<li>Ofensas entre dirigentes desportivos ou contra organiza\u00e7\u00f5es, com responsabiliza\u00e7\u00e3o acrescida.<\/li>\n<li>Comportamentos discriminat\u00f3rios por parte de adeptos, com combate a racismo e xenofobia.<\/li>\n<li>Posse e uso de material pirot\u00e9cnico, para impedir interrup\u00e7\u00f5es do espet\u00e1culo e preservar a integridade f\u00edsica.<\/li>\n<\/ul>\n<p>O documento final dever\u00e1 tamb\u00e9m ser considerado pela Liga Portugal e pelo Futebol Profissional, com o objetivo de alinhar propostas em Assembleia Geral. A APAF acompanha o processo e defende um quadro disciplinar mais eficaz. A FPF pretende que as altera\u00e7\u00f5es entrem em vigor j\u00e1 na pr\u00f3xima \u00e9poca.<\/p>\n","protected":false},"excerpt":{"rendered":"<ul>\n<li>A Federa\u00e7\u00e3o Portuguesa de Futebol vai apresentar altera\u00e7\u00f5es ao Regulamento Disciplinar para a temporada 2026\/27, sujeitas a aprova\u00e7\u00e3o em Assembleia Geral, ap\u00f3s uma reuni\u00e3o de emerg\u00eancia com a APAF.<\/li>\n<li>As medidas visam punir mais gravemente agress\u00f5es e declara\u00e7\u00f5es ofensivas contra \u00e1rbitros, bem como comportamentos de racismo, discrimina\u00e7\u00e3o por parte de adeptos e o uso de pirotecnia, para promover um ambiente mais seguro.<\/li>\n<li>A FPF solicita que estas medidas sejam adotadas tamb\u00e9m pelo Futebol Profissional e pelo Futebol Distrital; foi ainda organizada uma campanha conjunta contra a viol\u00eancia, denominada \u201cStop \u00e0 Viol\u00eancia\u201d, nos dias 25 e 26 de abril, nos jogos da FPF.<\/li>\n<li>Jos\u00e9 Borges, presidente da APAF, pediu uma mudan\u00e7a de paradigma e refor\u00e7ou a necessidade de altera\u00e7\u00f5es regulamentares que penalizem mais efetivamente estes casos; Pedro Proen\u00e7a tamb\u00e9m destacou a import\u00e2ncia das medidas.<\/li>\n<li>Entre as propostas aprovadas, destacam-se agravamentos para agress\u00f5es e declara\u00e7\u00f5es contra \u00e1rbitros, para comportamentos discriminat\u00f3rios por parte de dirigentes e para posse\/uso de pirotecnia.<\/li>\n<\/ul>\n","protected":false},"author":2,"featured_media":419499,"comment_status":"closed","ping_status":"closed","sticky":false,"template":"","format":"standard","meta":{"footnotes":""},"categories":[21,24],"tags":[2079,6920,1695,32,2294,6032],"class_list":["post-419497","post","type-post","status-publish","format-standard","has-post-thumbnail","hentry","category-desporto","category-futebol","tag-agressoes","tag-arbitros","tag-discriminacao","tag-futebol","tag-pirotecnia","tag-racismo"],"yoast_head":"<!-- This site is optimized with the Yoast SEO plugin v27.2 - https:\/\/yoast.com\/product\/yoast-seo-wordpress\/ -->\n<title>FPF avan\u00e7a com san\u00e7\u00f5es mais duras para pirotecnia, racismo e ofensas a \u00e1rbitros - Portal Tela Portugal<\/title>\n<meta name=\"robots\" content=\"index, follow, max-snippet:-1, max-image-preview:large, max-video-preview:-1\" \/>\n<meta property=\"og:locale\" content=\"pt_PT\" \/>\n<meta property=\"og:type\" content=\"article\" \/>\n<meta property=\"og:title\" content=\"FPF avan\u00e7a com san\u00e7\u00f5es mais duras para pirotecnia, racismo e ofensas a \u00e1rbitros - Portal Tela Portugal\" \/>\n<meta property=\"og:description\" content=\"A Federa\u00e7\u00e3o Portuguesa de Futebol vai apresentar altera\u00e7\u00f5es ao Regulamento Disciplinar para a temporada 2026\/27, sujeitas a aprova\u00e7\u00e3o em Assembleia Geral, ap\u00f3s uma reuni\u00e3o de emerg\u00eancia com a APAF. As medidas visam punir mais gravemente agress\u00f5es e declara\u00e7\u00f5es ofensivas contra \u00e1rbitros, bem como comportamentos de racismo, discrimina\u00e7\u00e3o por parte de adeptos e o uso de pirotecnia, para promover um ambiente mais seguro. A FPF solicita que estas medidas sejam adotadas tamb\u00e9m pelo Futebol Profissional e pelo Futebol Distrital; foi ainda organizada uma campanha conjunta contra a viol\u00eancia, denominada \u201cStop \u00e0 Viol\u00eancia\u201d, nos dias 25 e 26 de abril, nos jogos da FPF. Jos\u00e9 Borges, presidente da APAF, pediu uma mudan\u00e7a de paradigma e refor\u00e7ou a necessidade de altera\u00e7\u00f5es regulamentares que penalizem mais efetivamente estes casos; Pedro Proen\u00e7a tamb\u00e9m destacou a import\u00e2ncia das medidas. Entre as propostas aprovadas, destacam-se agravamentos para agress\u00f5es e declara\u00e7\u00f5es contra \u00e1rbitros, para comportamentos discriminat\u00f3rios por parte de dirigentes e para posse\/uso de pirotecnia.\" \/>\n<meta property=\"og:url\" content=\"https:\/\/portaltela.pt\/noticias\/2026\/03\/24\/fpf-avanca-com-sancoes-mais-duras-para-pirotecnia-racismo-e-ofensas-a-arbitros\/\" \/>\n<meta property=\"og:site_name\" content=\"Portal Tela Portugal\" \/>\n<meta property=\"article:published_time\" content=\"2026-03-24T12:09:32+00:00\" \/>\n<meta name=\"author\" content=\"Telinha\" \/>\n<meta name=\"twitter:card\" content=\"summary_large_image\" \/>\n<meta name=\"twitter:label1\" content=\"Escrito por\" \/>\n\t<meta name=\"twitter:data1\" content=\"Telinha\" \/>\n\t<meta name=\"twitter:label2\" content=\"Tempo estimado de leitura\" \/>\n\t<meta name=\"twitter:data2\" content=\"1 minuto\" \/>\n<script type=\"application\/ld+json\" class=\"yoast-schema-graph\">{\"@context\":\"https:\/\/schema.org\",\"@graph\":[{\"@type\":\"Article\",\"@id\":\"https:\/\/portaltela.pt\/noticias\/2026\/03\/24\/fpf-avanca-com-sancoes-mais-duras-para-pirotecnia-racismo-e-ofensas-a-arbitros\/#article\",\"isPartOf\":{\"@id\":\"https:\/\/portaltela.pt\/noticias\/2026\/03\/24\/fpf-avanca-com-sancoes-mais-duras-para-pirotecnia-racismo-e-ofensas-a-arbitros\/\"},\"author\":{\"name\":\"Telinha\",\"@id\":\"https:\/\/portaltela.pt\/#\/schema\/person\/c4278d4a6028830caff9ee44b42d32ed\"},\"headline\":\"FPF avan\u00e7a com san\u00e7\u00f5es mais duras para pirotecnia, racismo e ofensas a \u00e1rbitros\",\"datePublished\":\"2026-03-24T12:09:32+00:00\",\"mainEntityOfPage\":{\"@id\":\"https:\/\/portaltela.pt\/noticias\/2026\/03\/24\/fpf-avanca-com-sancoes-mais-duras-para-pirotecnia-racismo-e-ofensas-a-arbitros\/\"},\"wordCount\":242,\"image\":{\"@id\":\"https:\/\/portaltela.pt\/noticias\/2026\/03\/24\/fpf-avanca-com-sancoes-mais-duras-para-pirotecnia-racismo-e-ofensas-a-arbitros\/#primaryimage\"},\"thumbnailUrl\":\"https:\/\/portaltela.pt\/s.01k8rhncp4jt1\/2026\/03\/img_920x518uu2026-03-24-12-07-18-2429087.jpg\",\"keywords\":[\"agress\u00f5es\",\"\u00e1rbitros\",\"discrimina\u00e7\u00e3o\",\"futebol\",\"pirotecnia\",\"racismo\"],\"articleSection\":[\"Desporto\",\"Futebol\"],\"inLanguage\":\"pt-PT\"},{\"@type\":\"WebPage\",\"@id\":\"https:\/\/portaltela.pt\/noticias\/2026\/03\/24\/fpf-avanca-com-sancoes-mais-duras-para-pirotecnia-racismo-e-ofensas-a-arbitros\/\",\"url\":\"https:\/\/portaltela.pt\/noticias\/2026\/03\/24\/fpf-avanca-com-sancoes-mais-duras-para-pirotecnia-racismo-e-ofensas-a-arbitros\/\",\"name\":\"FPF avan\u00e7a com san\u00e7\u00f5es mais duras para pirotecnia, racismo e ofensas a \u00e1rbitros - Portal Tela Portugal\",\"isPartOf\":{\"@id\":\"https:\/\/portaltela.pt\/#website\"},\"primaryImageOfPage\":{\"@id\":\"https:\/\/portaltela.pt\/noticias\/2026\/03\/24\/fpf-avanca-com-sancoes-mais-duras-para-pirotecnia-racismo-e-ofensas-a-arbitros\/#primaryimage\"},\"image\":{\"@id\":\"https:\/\/portaltela.pt\/noticias\/2026\/03\/24\/fpf-avanca-com-sancoes-mais-duras-para-pirotecnia-racismo-e-ofensas-a-arbitros\/#primaryimage\"},\"thumbnailUrl\":\"https:\/\/portaltela.pt\/s.01k8rhncp4jt1\/2026\/03\/img_920x518uu2026-03-24-12-07-18-2429087.jpg\",\"datePublished\":\"2026-03-24T12:09:32+00:00\",\"author\":{\"@id\":\"https:\/\/portaltela.pt\/#\/schema\/person\/c4278d4a6028830caff9ee44b42d32ed\"},\"breadcrumb\":{\"@id\":\"https:\/\/portaltela.pt\/noticias\/2026\/03\/24\/fpf-avanca-com-sancoes-mais-duras-para-pirotecnia-racismo-e-ofensas-a-arbitros\/#breadcrumb\"},\"inLanguage\":\"pt-PT\",\"potentialAction\":[{\"@type\":\"ReadAction\",\"target\":[\"https:\/\/portaltela.pt\/noticias\/2026\/03\/24\/fpf-avanca-com-sancoes-mais-duras-para-pirotecnia-racismo-e-ofensas-a-arbitros\/\"]}]},{\"@type\":\"ImageObject\",\"inLanguage\":\"pt-PT\",\"@id\":\"https:\/\/portaltela.pt\/noticias\/2026\/03\/24\/fpf-avanca-com-sancoes-mais-duras-para-pirotecnia-racismo-e-ofensas-a-arbitros\/#primaryimage\",\"url\":\"https:\/\/portaltela.pt\/s.01k8rhncp4jt1\/2026\/03\/img_920x518uu2026-03-24-12-07-18-2429087.jpg\",\"contentUrl\":\"https:\/\/portaltela.pt\/s.01k8rhncp4jt1\/2026\/03\/img_920x518uu2026-03-24-12-07-18-2429087.jpg\",\"width\":796,\"height\":448,\"caption\":\"FPF aprova medidas mais duras\"},{\"@type\":\"BreadcrumbList\",\"@id\":\"https:\/\/portaltela.pt\/noticias\/2026\/03\/24\/fpf-avanca-com-sancoes-mais-duras-para-pirotecnia-racismo-e-ofensas-a-arbitros\/#breadcrumb\",\"itemListElement\":[{\"@type\":\"ListItem\",\"position\":1,\"name\":\"In\u00edcio\",\"item\":\"https:\/\/portaltela.pt\/\"},{\"@type\":\"ListItem\",\"position\":2,\"name\":\"FPF avan\u00e7a com san\u00e7\u00f5es mais duras para pirotecnia, racismo e ofensas a \u00e1rbitros\"}]},{\"@type\":\"WebSite\",\"@id\":\"https:\/\/portaltela.pt\/#website\",\"url\":\"https:\/\/portaltela.pt\/\",\"name\":\"Portal Tela Portugal\",\"description\":\"\",\"potentialAction\":[{\"@type\":\"SearchAction\",\"target\":{\"@type\":\"EntryPoint\",\"urlTemplate\":\"https:\/\/portaltela.pt\/?s={search_term_string}\"},\"query-input\":{\"@type\":\"PropertyValueSpecification\",\"valueRequired\":true,\"valueName\":\"search_term_string\"}}],\"inLanguage\":\"pt-PT\"},{\"@type\":\"Person\",\"@id\":\"https:\/\/portaltela.pt\/#\/schema\/person\/c4278d4a6028830caff9ee44b42d32ed\",\"name\":\"Telinha\",\"image\":{\"@type\":\"ImageObject\",\"inLanguage\":\"pt-PT\",\"@id\":\"https:\/\/portaltela.pt\/s.01k8rhncp4jt1\/2025\/11\/talking-bot-125x125.png\",\"url\":\"https:\/\/portaltela.pt\/s.01k8rhncp4jt1\/2025\/11\/talking-bot-125x125.png\",\"contentUrl\":\"https:\/\/portaltela.pt\/s.01k8rhncp4jt1\/2025\/11\/talking-bot-125x125.png\",\"caption\":\"Telinha\"},\"sameAs\":[\"https:\/\/portaltela.pt\/\"],\"url\":\"https:\/\/portaltela.pt\/por\/367410592786\/\"}]}<\/script>\n<!-- \/ Yoast SEO plugin. -->","yoast_head_json":{"title":"FPF avan\u00e7a com san\u00e7\u00f5es mais duras para pirotecnia, racismo e ofensas a \u00e1rbitros - Portal Tela Portugal","robots":{"index":"index","follow":"follow","max-snippet":"max-snippet:-1","max-image-preview":"max-image-preview:large","max-video-preview":"max-video-preview:-1"},"og_locale":"pt_PT","og_type":"article","og_title":"FPF avan\u00e7a com san\u00e7\u00f5es mais duras para pirotecnia, racismo e ofensas a \u00e1rbitros - Portal Tela Portugal","og_description":"A Federa\u00e7\u00e3o Portuguesa de Futebol vai apresentar altera\u00e7\u00f5es ao Regulamento Disciplinar para a temporada 2026\/27, sujeitas a aprova\u00e7\u00e3o em Assembleia Geral, ap\u00f3s uma reuni\u00e3o de emerg\u00eancia com a APAF. As medidas visam punir mais gravemente agress\u00f5es e declara\u00e7\u00f5es ofensivas contra \u00e1rbitros, bem como comportamentos de racismo, discrimina\u00e7\u00e3o por parte de adeptos e o uso de pirotecnia, para promover um ambiente mais seguro. A FPF solicita que estas medidas sejam adotadas tamb\u00e9m pelo Futebol Profissional e pelo Futebol Distrital; foi ainda organizada uma campanha conjunta contra a viol\u00eancia, denominada \u201cStop \u00e0 Viol\u00eancia\u201d, nos dias 25 e 26 de abril, nos jogos da FPF. Jos\u00e9 Borges, presidente da APAF, pediu uma mudan\u00e7a de paradigma e refor\u00e7ou a necessidade de altera\u00e7\u00f5es regulamentares que penalizem mais efetivamente estes casos; Pedro Proen\u00e7a tamb\u00e9m destacou a import\u00e2ncia das medidas. Entre as propostas aprovadas, destacam-se agravamentos para agress\u00f5es e declara\u00e7\u00f5es contra \u00e1rbitros, para comportamentos discriminat\u00f3rios por parte de dirigentes e para posse\/uso de pirotecnia.","og_url":"https:\/\/portaltela.pt\/noticias\/2026\/03\/24\/fpf-avanca-com-sancoes-mais-duras-para-pirotecnia-racismo-e-ofensas-a-arbitros\/","og_site_name":"Portal Tela Portugal","article_published_time":"2026-03-24T12:09:32+00:00","author":"Telinha","twitter_card":"summary_large_image","twitter_misc":{"Escrito por":"Telinha","Tempo estimado de leitura":"1 minuto"},"schema":{"@context":"https:\/\/schema.org","@graph":[{"@type":"Article","@id":"https:\/\/portaltela.pt\/noticias\/2026\/03\/24\/fpf-avanca-com-sancoes-mais-duras-para-pirotecnia-racismo-e-ofensas-a-arbitros\/#article","isPartOf":{"@id":"https:\/\/portaltela.pt\/noticias\/2026\/03\/24\/fpf-avanca-com-sancoes-mais-duras-para-pirotecnia-racismo-e-ofensas-a-arbitros\/"},"author":{"name":"Telinha","@id":"https:\/\/portaltela.pt\/#\/schema\/person\/c4278d4a6028830caff9ee44b42d32ed"},"headline":"FPF avan\u00e7a com san\u00e7\u00f5es mais duras para pirotecnia, racismo e ofensas a \u00e1rbitros","datePublished":"2026-03-24T12:09:32+00:00","mainEntityOfPage":{"@id":"https:\/\/portaltela.pt\/noticias\/2026\/03\/24\/fpf-avanca-com-sancoes-mais-duras-para-pirotecnia-racismo-e-ofensas-a-arbitros\/"},"wordCount":242,"image":{"@id":"https:\/\/portaltela.pt\/noticias\/2026\/03\/24\/fpf-avanca-com-sancoes-mais-duras-para-pirotecnia-racismo-e-ofensas-a-arbitros\/#primaryimage"},"thumbnailUrl":"https:\/\/portaltela.pt\/s.01k8rhncp4jt1\/2026\/03\/img_920x518uu2026-03-24-12-07-18-2429087.jpg","keywords":["agress\u00f5es","\u00e1rbitros","discrimina\u00e7\u00e3o","futebol","pirotecnia","racismo"],"articleSection":["Desporto","Futebol"],"inLanguage":"pt-PT"},{"@type":"WebPage","@id":"https:\/\/portaltela.pt\/noticias\/2026\/03\/24\/fpf-avanca-com-sancoes-mais-duras-para-pirotecnia-racismo-e-ofensas-a-arbitros\/","url":"https:\/\/portaltela.pt\/noticias\/2026\/03\/24\/fpf-avanca-com-sancoes-mais-duras-para-pirotecnia-racismo-e-ofensas-a-arbitros\/","name":"FPF avan\u00e7a com san\u00e7\u00f5es mais duras para pirotecnia, racismo e ofensas a \u00e1rbitros - Portal Tela Portugal","isPartOf":{"@id":"https:\/\/portaltela.pt\/#website"},"primaryImageOfPage":{"@id":"https:\/\/portaltela.pt\/noticias\/2026\/03\/24\/fpf-avanca-com-sancoes-mais-duras-para-pirotecnia-racismo-e-ofensas-a-arbitros\/#primaryimage"},"image":{"@id":"https:\/\/portaltela.pt\/noticias\/2026\/03\/24\/fpf-avanca-com-sancoes-mais-duras-para-pirotecnia-racismo-e-ofensas-a-arbitros\/#primaryimage"},"thumbnailUrl":"https:\/\/portaltela.pt\/s.01k8rhncp4jt1\/2026\/03\/img_920x518uu2026-03-24-12-07-18-2429087.jpg","datePublished":"2026-03-24T12:09:32+00:00","author":{"@id":"https:\/\/portaltela.pt\/#\/schema\/person\/c4278d4a6028830caff9ee44b42d32ed"},"breadcrumb":{"@id":"https:\/\/portaltela.pt\/noticias\/2026\/03\/24\/fpf-avanca-com-sancoes-mais-duras-para-pirotecnia-racismo-e-ofensas-a-arbitros\/#breadcrumb"},"inLanguage":"pt-PT","potentialAction":[{"@type":"ReadAction","target":["https:\/\/portaltela.pt\/noticias\/2026\/03\/24\/fpf-avanca-com-sancoes-mais-duras-para-pirotecnia-racismo-e-ofensas-a-arbitros\/"]}]},{"@type":"ImageObject","inLanguage":"pt-PT","@id":"https:\/\/portaltela.pt\/noticias\/2026\/03\/24\/fpf-avanca-com-sancoes-mais-duras-para-pirotecnia-racismo-e-ofensas-a-arbitros\/#primaryimage","url":"https:\/\/portaltela.pt\/s.01k8rhncp4jt1\/2026\/03\/img_920x518uu2026-03-24-12-07-18-2429087.jpg","contentUrl":"https:\/\/portaltela.pt\/s.01k8rhncp4jt1\/2026\/03\/img_920x518uu2026-03-24-12-07-18-2429087.jpg","width":796,"height":448,"caption":"FPF aprova medidas mais duras"},{"@type":"BreadcrumbList","@id":"https:\/\/portaltela.pt\/noticias\/2026\/03\/24\/fpf-avanca-com-sancoes-mais-duras-para-pirotecnia-racismo-e-ofensas-a-arbitros\/#breadcrumb","itemListElement":[{"@type":"ListItem","position":1,"name":"In\u00edcio","item":"https:\/\/portaltela.pt\/"},{"@type":"ListItem","position":2,"name":"FPF avan\u00e7a com san\u00e7\u00f5es mais duras para pirotecnia, racismo e ofensas a \u00e1rbitros"}]},{"@type":"WebSite","@id":"https:\/\/portaltela.pt\/#website","url":"https:\/\/portaltela.pt\/","name":"Portal Tela Portugal","description":"","potentialAction":[{"@type":"SearchAction","target":{"@type":"EntryPoint","urlTemplate":"https:\/\/portaltela.pt\/?s={search_term_string}"},"query-input":{"@type":"PropertyValueSpecification","valueRequired":true,"valueName":"search_term_string"}}],"inLanguage":"pt-PT"},{"@type":"Person","@id":"https:\/\/portaltela.pt\/#\/schema\/person\/c4278d4a6028830caff9ee44b42d32ed","name":"Telinha","image":{"@type":"ImageObject","inLanguage":"pt-PT","@id":"https:\/\/portaltela.pt\/s.01k8rhncp4jt1\/2025\/11\/talking-bot-125x125.png","url":"https:\/\/portaltela.pt\/s.01k8rhncp4jt1\/2025\/11\/talking-bot-125x125.png","contentUrl":"https:\/\/portaltela.pt\/s.01k8rhncp4jt1\/2025\/11\/talking-bot-125x125.png","caption":"Telinha"},"sameAs":["https:\/\/portaltela.pt\/"],"url":"https:\/\/portaltela.pt\/por\/367410592786\/"}]}},"_links":{"self":[{"href":"https:\/\/portaltela.pt\/api\/wp\/v2\/posts\/419497","targetHints":{"allow":["GET"]}}],"collection":[{"href":"https:\/\/portaltela.pt\/api\/wp\/v2\/posts"}],"about":[{"href":"https:\/\/portaltela.pt\/api\/wp\/v2\/types\/post"}],"author":[{"embeddable":true,"href":"https:\/\/portaltela.pt\/api\/wp\/v2\/users\/2"}],"replies":[{"embeddable":true,"href":"https:\/\/portaltela.pt\/api\/wp\/v2\/comments?post=419497"}],"version-history":[{"count":0,"href":"https:\/\/portaltela.pt\/api\/wp\/v2\/posts\/419497\/revisions"}],"wp:featuredmedia":[{"embeddable":true,"href":"https:\/\/portaltela.pt\/api\/wp\/v2\/media\/419499"}],"wp:attachment":[{"href":"https:\/\/portaltela.pt\/api\/wp\/v2\/media?parent=419497"}],"wp:term":[{"taxonomy":"category","embeddable":true,"href":"https:\/\/portaltela.pt\/api\/wp\/v2\/categories?post=419497"},{"taxonomy":"post_tag","embeddable":true,"href":"https:\/\/portaltela.pt\/api\/wp\/v2\/tags?post=419497"}],"curies":[{"name":"wp","href":"https:\/\/api.w.org\/{rel}","templated":true}]}}