{"id":419481,"date":"2026-03-24T08:58:33","date_gmt":"2026-03-24T11:58:33","guid":{"rendered":"https:\/\/portaltela.pt\/noticias\/2026\/03\/24\/presidente-da-republica-condecora-medalhados-nos-mundiais-de-pista-coberta\/"},"modified":"2026-03-24T08:58:33","modified_gmt":"2026-03-24T11:58:33","slug":"presidente-da-republica-condecora-medalhados-nos-mundiais-de-pista-coberta","status":"publish","type":"post","link":"https:\/\/portaltela.pt\/noticias\/politica\/2026\/03\/24\/presidente-da-republica-condecora-medalhados-nos-mundiais-de-pista-coberta\/","title":{"rendered":"Presidente da Rep\u00fablica condecora medalhados nos Mundiais de pista coberta"},"content":{"rendered":"<p>O Presidente da Rep\u00fablica condecorou, individualmente, os tr\u00eas medalhados nos Mundiais de atletismo em pista coberta. A cerim\u00f3nia foi realizada a 23 de mar\u00e7o de 2026, com Ant\u00f3nio Jos\u00e9 Seguro a participar no acto.<\/p>\n<p>Durante a cerim\u00f3nia, o chefe de Estado destacou o m\u00e9rito de cada atleta, sublinhando o desempenho obtido num campeonato de elevada competi\u00e7\u00e3o. Foi enfatizado o orgulho nacional causado pelos resultados.<\/p>\n<p>Os incentivos visam reconhecer o contributo do atletismo para o desporto nacional e promover a pr\u00e1tica desportiva entre jovens atletas, mantendo o pa\u00eds atento ao investimento no desporto de pista coberta.<\/p>\n","protected":false},"excerpt":{"rendered":"<ul>\n<li>O Presidente da Rep\u00fablica condecorou, individualmente, os tr\u00eas medalhados nos Mundiais de pista coberta de atletismo.<\/li>\n<li>Ant\u00f3nio Jos\u00e9 Seguro destacou, de forma separada, cada um dos atletas medalhados.<\/li>\n<li>A cerim\u00f3nia teve como refer\u00eancia as presta\u00e7\u00f5es alcan\u00e7adas no campeonato mundial de atletismo indoor.<\/li>\n<li>A imagem que acompanha o texto mostra o momento da condecora\u00e7\u00e3o.<\/li>\n<\/ul>\n","protected":false},"author":2,"featured_media":419484,"comment_status":"closed","ping_status":"closed","sticky":false,"template":"","format":"standard","meta":{"footnotes":""},"categories":[1,5],"tags":[137,6773,152,120,1014,30],"class_list":["post-419481","post","type-post","status-publish","format-standard","has-post-thumbnail","hentry","category-noticias","category-politica","tag-atletismo","tag-condecoracoes","tag-desporto","tag-medalhas","tag-portugal","tag-presidente"],"yoast_head":"<!-- This site is optimized with the Yoast SEO plugin v27.2 - https:\/\/yoast.com\/product\/yoast-seo-wordpress\/ -->\n<title>Presidente da Rep\u00fablica condecora medalhados nos Mundiais de pista coberta - Portal Tela Portugal<\/title>\n<meta name=\"robots\" content=\"index, follow, max-snippet:-1, max-image-preview:large, max-video-preview:-1\" \/>\n<meta property=\"og:locale\" content=\"pt_PT\" \/>\n<meta property=\"og:type\" content=\"article\" \/>\n<meta property=\"og:title\" content=\"Presidente da Rep\u00fablica condecora medalhados nos Mundiais de pista coberta - Portal Tela Portugal\" \/>\n<meta property=\"og:description\" content=\"O Presidente da Rep\u00fablica condecorou, individualmente, os tr\u00eas medalhados nos Mundiais de pista coberta de atletismo. Ant\u00f3nio Jos\u00e9 Seguro destacou, de forma separada, cada um dos atletas medalhados. A cerim\u00f3nia teve como refer\u00eancia as presta\u00e7\u00f5es alcan\u00e7adas no campeonato mundial de atletismo indoor. A imagem que acompanha o texto mostra o momento da condecora\u00e7\u00e3o.\" \/>\n<meta property=\"og:url\" content=\"https:\/\/portaltela.pt\/noticias\/2026\/03\/24\/presidente-da-republica-condecora-medalhados-nos-mundiais-de-pista-coberta\/\" \/>\n<meta property=\"og:site_name\" content=\"Portal Tela Portugal\" \/>\n<meta property=\"article:published_time\" content=\"2026-03-24T11:58:33+00:00\" \/>\n<meta name=\"author\" content=\"Telinha\" \/>\n<meta name=\"twitter:card\" content=\"summary_large_image\" \/>\n<meta name=\"twitter:label1\" content=\"Escrito por\" \/>\n\t<meta name=\"twitter:data1\" content=\"Telinha\" \/>\n\t<meta name=\"twitter:label2\" content=\"Tempo estimado de leitura\" \/>\n\t<meta name=\"twitter:data2\" content=\"1 minuto\" \/>\n<script type=\"application\/ld+json\" class=\"yoast-schema-graph\">{\"@context\":\"https:\/\/schema.org\",\"@graph\":[{\"@type\":\"Article\",\"@id\":\"https:\/\/portaltela.pt\/noticias\/2026\/03\/24\/presidente-da-republica-condecora-medalhados-nos-mundiais-de-pista-coberta\/#article\",\"isPartOf\":{\"@id\":\"https:\/\/portaltela.pt\/noticias\/2026\/03\/24\/presidente-da-republica-condecora-medalhados-nos-mundiais-de-pista-coberta\/\"},\"author\":{\"name\":\"Telinha\",\"@id\":\"https:\/\/portaltela.pt\/#\/schema\/person\/c4278d4a6028830caff9ee44b42d32ed\"},\"headline\":\"Presidente da Rep\u00fablica condecora medalhados nos Mundiais de pista coberta\",\"datePublished\":\"2026-03-24T11:58:33+00:00\",\"mainEntityOfPage\":{\"@id\":\"https:\/\/portaltela.pt\/noticias\/2026\/03\/24\/presidente-da-republica-condecora-medalhados-nos-mundiais-de-pista-coberta\/\"},\"wordCount\":114,\"image\":{\"@id\":\"https:\/\/portaltela.pt\/noticias\/2026\/03\/24\/presidente-da-republica-condecora-medalhados-nos-mundiais-de-pista-coberta\/#primaryimage\"},\"thumbnailUrl\":\"https:\/\/portaltela.pt\/s.01k8rhncp4jt1\/2026\/03\/img_1280x722uu2026-03-23-18-40-01-2274358.jpg\",\"keywords\":[\"atletismo\",\"Condecora\u00e7\u00f5es\",\"desporto\",\"medalhas\",\"Portugal\",\"presidente\"],\"articleSection\":[\"Not\u00edcias\",\"Pol\u00edtica\"],\"inLanguage\":\"pt-PT\"},{\"@type\":\"WebPage\",\"@id\":\"https:\/\/portaltela.pt\/noticias\/2026\/03\/24\/presidente-da-republica-condecora-medalhados-nos-mundiais-de-pista-coberta\/\",\"url\":\"https:\/\/portaltela.pt\/noticias\/2026\/03\/24\/presidente-da-republica-condecora-medalhados-nos-mundiais-de-pista-coberta\/\",\"name\":\"Presidente da Rep\u00fablica condecora medalhados nos Mundiais de pista coberta - Portal Tela Portugal\",\"isPartOf\":{\"@id\":\"https:\/\/portaltela.pt\/#website\"},\"primaryImageOfPage\":{\"@id\":\"https:\/\/portaltela.pt\/noticias\/2026\/03\/24\/presidente-da-republica-condecora-medalhados-nos-mundiais-de-pista-coberta\/#primaryimage\"},\"image\":{\"@id\":\"https:\/\/portaltela.pt\/noticias\/2026\/03\/24\/presidente-da-republica-condecora-medalhados-nos-mundiais-de-pista-coberta\/#primaryimage\"},\"thumbnailUrl\":\"https:\/\/portaltela.pt\/s.01k8rhncp4jt1\/2026\/03\/img_1280x722uu2026-03-23-18-40-01-2274358.jpg\",\"datePublished\":\"2026-03-24T11:58:33+00:00\",\"author\":{\"@id\":\"https:\/\/portaltela.pt\/#\/schema\/person\/c4278d4a6028830caff9ee44b42d32ed\"},\"breadcrumb\":{\"@id\":\"https:\/\/portaltela.pt\/noticias\/2026\/03\/24\/presidente-da-republica-condecora-medalhados-nos-mundiais-de-pista-coberta\/#breadcrumb\"},\"inLanguage\":\"pt-PT\",\"potentialAction\":[{\"@type\":\"ReadAction\",\"target\":[\"https:\/\/portaltela.pt\/noticias\/2026\/03\/24\/presidente-da-republica-condecora-medalhados-nos-mundiais-de-pista-coberta\/\"]}]},{\"@type\":\"ImageObject\",\"inLanguage\":\"pt-PT\",\"@id\":\"https:\/\/portaltela.pt\/noticias\/2026\/03\/24\/presidente-da-republica-condecora-medalhados-nos-mundiais-de-pista-coberta\/#primaryimage\",\"url\":\"https:\/\/portaltela.pt\/s.01k8rhncp4jt1\/2026\/03\/img_1280x722uu2026-03-23-18-40-01-2274358.jpg\",\"contentUrl\":\"https:\/\/portaltela.pt\/s.01k8rhncp4jt1\/2026\/03\/img_1280x722uu2026-03-23-18-40-01-2274358.jpg\",\"width\":796,\"height\":448,\"caption\":\"Photo\"},{\"@type\":\"BreadcrumbList\",\"@id\":\"https:\/\/portaltela.pt\/noticias\/2026\/03\/24\/presidente-da-republica-condecora-medalhados-nos-mundiais-de-pista-coberta\/#breadcrumb\",\"itemListElement\":[{\"@type\":\"ListItem\",\"position\":1,\"name\":\"In\u00edcio\",\"item\":\"https:\/\/portaltela.pt\/\"},{\"@type\":\"ListItem\",\"position\":2,\"name\":\"Presidente da Rep\u00fablica condecora medalhados nos Mundiais de pista coberta\"}]},{\"@type\":\"WebSite\",\"@id\":\"https:\/\/portaltela.pt\/#website\",\"url\":\"https:\/\/portaltela.pt\/\",\"name\":\"Portal Tela Portugal\",\"description\":\"\",\"potentialAction\":[{\"@type\":\"SearchAction\",\"target\":{\"@type\":\"EntryPoint\",\"urlTemplate\":\"https:\/\/portaltela.pt\/?s={search_term_string}\"},\"query-input\":{\"@type\":\"PropertyValueSpecification\",\"valueRequired\":true,\"valueName\":\"search_term_string\"}}],\"inLanguage\":\"pt-PT\"},{\"@type\":\"Person\",\"@id\":\"https:\/\/portaltela.pt\/#\/schema\/person\/c4278d4a6028830caff9ee44b42d32ed\",\"name\":\"Telinha\",\"image\":{\"@type\":\"ImageObject\",\"inLanguage\":\"pt-PT\",\"@id\":\"https:\/\/portaltela.pt\/s.01k8rhncp4jt1\/2025\/11\/talking-bot-125x125.png\",\"url\":\"https:\/\/portaltela.pt\/s.01k8rhncp4jt1\/2025\/11\/talking-bot-125x125.png\",\"contentUrl\":\"https:\/\/portaltela.pt\/s.01k8rhncp4jt1\/2025\/11\/talking-bot-125x125.png\",\"caption\":\"Telinha\"},\"sameAs\":[\"https:\/\/portaltela.pt\/\"],\"url\":\"https:\/\/portaltela.pt\/por\/367410592786\/\"}]}<\/script>\n<!-- \/ Yoast SEO plugin. -->","yoast_head_json":{"title":"Presidente da Rep\u00fablica condecora medalhados nos Mundiais de pista coberta - Portal Tela Portugal","robots":{"index":"index","follow":"follow","max-snippet":"max-snippet:-1","max-image-preview":"max-image-preview:large","max-video-preview":"max-video-preview:-1"},"og_locale":"pt_PT","og_type":"article","og_title":"Presidente da Rep\u00fablica condecora medalhados nos Mundiais de pista coberta - Portal Tela Portugal","og_description":"O Presidente da Rep\u00fablica condecorou, individualmente, os tr\u00eas medalhados nos Mundiais de pista coberta de atletismo. Ant\u00f3nio Jos\u00e9 Seguro destacou, de forma separada, cada um dos atletas medalhados. A cerim\u00f3nia teve como refer\u00eancia as presta\u00e7\u00f5es alcan\u00e7adas no campeonato mundial de atletismo indoor. A imagem que acompanha o texto mostra o momento da condecora\u00e7\u00e3o.","og_url":"https:\/\/portaltela.pt\/noticias\/2026\/03\/24\/presidente-da-republica-condecora-medalhados-nos-mundiais-de-pista-coberta\/","og_site_name":"Portal Tela Portugal","article_published_time":"2026-03-24T11:58:33+00:00","author":"Telinha","twitter_card":"summary_large_image","twitter_misc":{"Escrito por":"Telinha","Tempo estimado de leitura":"1 minuto"},"schema":{"@context":"https:\/\/schema.org","@graph":[{"@type":"Article","@id":"https:\/\/portaltela.pt\/noticias\/2026\/03\/24\/presidente-da-republica-condecora-medalhados-nos-mundiais-de-pista-coberta\/#article","isPartOf":{"@id":"https:\/\/portaltela.pt\/noticias\/2026\/03\/24\/presidente-da-republica-condecora-medalhados-nos-mundiais-de-pista-coberta\/"},"author":{"name":"Telinha","@id":"https:\/\/portaltela.pt\/#\/schema\/person\/c4278d4a6028830caff9ee44b42d32ed"},"headline":"Presidente da Rep\u00fablica condecora medalhados nos Mundiais de pista coberta","datePublished":"2026-03-24T11:58:33+00:00","mainEntityOfPage":{"@id":"https:\/\/portaltela.pt\/noticias\/2026\/03\/24\/presidente-da-republica-condecora-medalhados-nos-mundiais-de-pista-coberta\/"},"wordCount":114,"image":{"@id":"https:\/\/portaltela.pt\/noticias\/2026\/03\/24\/presidente-da-republica-condecora-medalhados-nos-mundiais-de-pista-coberta\/#primaryimage"},"thumbnailUrl":"https:\/\/portaltela.pt\/s.01k8rhncp4jt1\/2026\/03\/img_1280x722uu2026-03-23-18-40-01-2274358.jpg","keywords":["atletismo","Condecora\u00e7\u00f5es","desporto","medalhas","Portugal","presidente"],"articleSection":["Not\u00edcias","Pol\u00edtica"],"inLanguage":"pt-PT"},{"@type":"WebPage","@id":"https:\/\/portaltela.pt\/noticias\/2026\/03\/24\/presidente-da-republica-condecora-medalhados-nos-mundiais-de-pista-coberta\/","url":"https:\/\/portaltela.pt\/noticias\/2026\/03\/24\/presidente-da-republica-condecora-medalhados-nos-mundiais-de-pista-coberta\/","name":"Presidente da Rep\u00fablica condecora medalhados nos Mundiais de pista coberta - Portal Tela Portugal","isPartOf":{"@id":"https:\/\/portaltela.pt\/#website"},"primaryImageOfPage":{"@id":"https:\/\/portaltela.pt\/noticias\/2026\/03\/24\/presidente-da-republica-condecora-medalhados-nos-mundiais-de-pista-coberta\/#primaryimage"},"image":{"@id":"https:\/\/portaltela.pt\/noticias\/2026\/03\/24\/presidente-da-republica-condecora-medalhados-nos-mundiais-de-pista-coberta\/#primaryimage"},"thumbnailUrl":"https:\/\/portaltela.pt\/s.01k8rhncp4jt1\/2026\/03\/img_1280x722uu2026-03-23-18-40-01-2274358.jpg","datePublished":"2026-03-24T11:58:33+00:00","author":{"@id":"https:\/\/portaltela.pt\/#\/schema\/person\/c4278d4a6028830caff9ee44b42d32ed"},"breadcrumb":{"@id":"https:\/\/portaltela.pt\/noticias\/2026\/03\/24\/presidente-da-republica-condecora-medalhados-nos-mundiais-de-pista-coberta\/#breadcrumb"},"inLanguage":"pt-PT","potentialAction":[{"@type":"ReadAction","target":["https:\/\/portaltela.pt\/noticias\/2026\/03\/24\/presidente-da-republica-condecora-medalhados-nos-mundiais-de-pista-coberta\/"]}]},{"@type":"ImageObject","inLanguage":"pt-PT","@id":"https:\/\/portaltela.pt\/noticias\/2026\/03\/24\/presidente-da-republica-condecora-medalhados-nos-mundiais-de-pista-coberta\/#primaryimage","url":"https:\/\/portaltela.pt\/s.01k8rhncp4jt1\/2026\/03\/img_1280x722uu2026-03-23-18-40-01-2274358.jpg","contentUrl":"https:\/\/portaltela.pt\/s.01k8rhncp4jt1\/2026\/03\/img_1280x722uu2026-03-23-18-40-01-2274358.jpg","width":796,"height":448,"caption":"Photo"},{"@type":"BreadcrumbList","@id":"https:\/\/portaltela.pt\/noticias\/2026\/03\/24\/presidente-da-republica-condecora-medalhados-nos-mundiais-de-pista-coberta\/#breadcrumb","itemListElement":[{"@type":"ListItem","position":1,"name":"In\u00edcio","item":"https:\/\/portaltela.pt\/"},{"@type":"ListItem","position":2,"name":"Presidente da Rep\u00fablica condecora medalhados nos Mundiais de pista coberta"}]},{"@type":"WebSite","@id":"https:\/\/portaltela.pt\/#website","url":"https:\/\/portaltela.pt\/","name":"Portal Tela Portugal","description":"","potentialAction":[{"@type":"SearchAction","target":{"@type":"EntryPoint","urlTemplate":"https:\/\/portaltela.pt\/?s={search_term_string}"},"query-input":{"@type":"PropertyValueSpecification","valueRequired":true,"valueName":"search_term_string"}}],"inLanguage":"pt-PT"},{"@type":"Person","@id":"https:\/\/portaltela.pt\/#\/schema\/person\/c4278d4a6028830caff9ee44b42d32ed","name":"Telinha","image":{"@type":"ImageObject","inLanguage":"pt-PT","@id":"https:\/\/portaltela.pt\/s.01k8rhncp4jt1\/2025\/11\/talking-bot-125x125.png","url":"https:\/\/portaltela.pt\/s.01k8rhncp4jt1\/2025\/11\/talking-bot-125x125.png","contentUrl":"https:\/\/portaltela.pt\/s.01k8rhncp4jt1\/2025\/11\/talking-bot-125x125.png","caption":"Telinha"},"sameAs":["https:\/\/portaltela.pt\/"],"url":"https:\/\/portaltela.pt\/por\/367410592786\/"}]}},"_links":{"self":[{"href":"https:\/\/portaltela.pt\/api\/wp\/v2\/posts\/419481","targetHints":{"allow":["GET"]}}],"collection":[{"href":"https:\/\/portaltela.pt\/api\/wp\/v2\/posts"}],"about":[{"href":"https:\/\/portaltela.pt\/api\/wp\/v2\/types\/post"}],"author":[{"embeddable":true,"href":"https:\/\/portaltela.pt\/api\/wp\/v2\/users\/2"}],"replies":[{"embeddable":true,"href":"https:\/\/portaltela.pt\/api\/wp\/v2\/comments?post=419481"}],"version-history":[{"count":0,"href":"https:\/\/portaltela.pt\/api\/wp\/v2\/posts\/419481\/revisions"}],"wp:featuredmedia":[{"embeddable":true,"href":"https:\/\/portaltela.pt\/api\/wp\/v2\/media\/419484"}],"wp:attachment":[{"href":"https:\/\/portaltela.pt\/api\/wp\/v2\/media?parent=419481"}],"wp:term":[{"taxonomy":"category","embeddable":true,"href":"https:\/\/portaltela.pt\/api\/wp\/v2\/categories?post=419481"},{"taxonomy":"post_tag","embeddable":true,"href":"https:\/\/portaltela.pt\/api\/wp\/v2\/tags?post=419481"}],"curies":[{"name":"wp","href":"https:\/\/api.w.org\/{rel}","templated":true}]}}