{"id":419457,"date":"2026-03-24T08:47:08","date_gmt":"2026-03-24T11:47:08","guid":{"rendered":"https:\/\/portaltela.pt\/noticias\/2026\/03\/24\/cinco-medidas-para-proteger-a-saude-durante-picos-de-poluicao-do-ar\/"},"modified":"2026-03-24T08:47:08","modified_gmt":"2026-03-24T11:47:08","slug":"cinco-medidas-para-proteger-a-saude-durante-picos-de-poluicao-do-ar","status":"publish","type":"post","link":"https:\/\/portaltela.pt\/saude\/2026\/03\/24\/cinco-medidas-para-proteger-a-saude-durante-picos-de-poluicao-do-ar\/","title":{"rendered":"Cinco medidas para proteger a sa\u00fade durante picos de polui\u00e7\u00e3o do ar"},"content":{"rendered":"<p>Nos \u00faltimos dias, a Europa tem registado n\u00edveis elevados de polui\u00e7\u00e3o do ar, especialmente em Fran\u00e7a, Alemanha, B\u00e9lgica, Irlanda, Pa\u00edses Baixos e Reino Unido. A polui\u00e7\u00e3o por part\u00edculas finas, a PM2,5, volta a dominar as preocupa\u00e7\u00f5es de sa\u00fade p\u00fablica, com v\u00e1rias fontes a contribuir para este epis\u00f3dio.<\/p>\n<p>Segundo o Observat\u00f3rio Copernicus, o caso \u00e9 not\u00e1vel pela diversidade de fontes, incluindo emiss\u00f5es agr\u00edcolas ligadas a fertilizantes. O Relat\u00f3rio Mundial da Qualidade do Ar 2025 aponta uma deteriora\u00e7\u00e3o global da qualidade do ar, fortemente associada a altera\u00e7\u00f5es clim\u00e1ticas causadas pela atividade humana. Pa\u00ed\u00adses como Andorra, Est\u00f3nia e Isl\u00e2ndia destacam-se por cumprir o padr\u00e3o OMS de PM2,5.<\/p>\n<p>A OMS reconhece que a qualidade do ar dentro de casa pode n\u00e3o ser automaticamente segura, destacando a necessidade de ventila\u00e7\u00e3o eficiente e de filtros de ar HEPA. O organismo recomenda reduzir atividades expostas fora de casa, escolher vias com menos tr\u00e2nsito e evitar hor\u00e1rios de ponta.<\/p>\n<p>Para quem faz exerc\u00edcio, os benef\u00edcios a longo prazo podem superar os riscos pontuais da polui\u00e7\u00e3o, desde que haja planeamento para hor\u00e1rios com ar mais limpo ou uso de espa\u00e7os interiores quando poss\u00edvel. A recomenda\u00e7\u00e3o \u00e9 manter a atividade f\u00edsica, adaptando-se ao ambiente.<\/p>\n<p>Na alimenta\u00e7\u00e3o, consumir \u00e1gua e alimentos ricos em antioxidantes pode ajudar o organismo a enfrentar o stress oxidativo causado pela polui\u00e7\u00e3o. Diversos estudos sugerem prote\u00e7\u00e3o cardiovascular, embora seja ainda necess\u00e1rio investigar mais a fundo.<\/p>\n<p>Para a pele, lavar-se depois de exposi\u00e7\u00e3o ao ar polu\u00eddo reduz o dep\u00f3sito de part\u00edculas e o stress inflamat\u00f3rio. Part\u00edculas podem depositar-se na pele e agravar sensibilidades ou alergias.<\/p>\n<p>Aplica\u00e7\u00f5es de monitoriza\u00e7\u00e3o da qualidade do ar ajudam a planear atividades, evitando horas de maior polui\u00e7\u00e3o. Dados em tempo real, muitas vezes com base em Copernicus, permitem escolhas mais informadas para reduzir a exposi\u00e7\u00e3o.<\/p>\n<p>Em cen\u00e1rios prolongados de m\u00e1 qualidade, especialistas recomendam purificadores de ar em interiores. Em situa\u00e7\u00f5es de risco elevado, o uso de m\u00e1scaras respirat\u00f3rias FFP2 pode reduzir a exposi\u00e7\u00e3o quando sair de casa \u00e9 imprescind\u00edvel.<\/p>\n<p>Condi\u00e7\u00f5es de habita\u00e7\u00e3o, tipo de emprego e mobilidade influenciam a capacidade de reduzir a exposi\u00e7\u00e3o para diferentes pessoas, incluindo trabalhadores ao ar livre e residentes em zonas urbanas polu\u00eddas.<\/p>\n","protected":false},"excerpt":{"rendered":"<ul>\n<li>V\u00e1rios pa\u00edses europeus registam n\u00edveis elevados de polui\u00e7\u00e3o do ar, com Fran\u00e7a, Alemanha, B\u00e9lgica, Irlanda, Pa\u00edses Baixos e Reino Unido a serem particularmente afetados.<\/li>\n<li>A polui\u00e7\u00e3o inclui part\u00edculas finas PM2,5 provenientes de v\u00e1rias fontes, incluindo emiss\u00f5es agr\u00edcolas e fatores sazonais; a qualidade do ar globalmente est\u00e1 a piorar, segundo o Relat\u00f3rio Mundial da Qualidade do Ar 2025.<\/li>\n<li>Mesmo em casa, a qualidade do ar pode n\u00e3o ser segura; a OMS recomenda boa ventila\u00e7\u00e3o e filtros de ar HEPA, evitar fontes de polui\u00e7\u00e3o interior e escolher ruas menos movimentadas quando sair.<\/li>\n<li>Manter a atividade f\u00edsica continua ben\u00e9fico para a sa\u00fade geral, especialmente para adultos saud\u00e1veis; recomenda-se treinar em hor\u00e1rios ou locais com ar mais limpo.<\/li>\n<li>Para reduzir danos, sugere-se: alimenta\u00e7\u00e3o rica em antioxidantes; tomar duche ap\u00f3s sair de ambientes exteriores polu\u00eddos; usar aplica\u00e7\u00f5es de monitoriza\u00e7\u00e3o da qualidade do ar e considerar purificadores de ar e m\u00e1scaras FFP2 em situa\u00e7\u00f5es de elevada exposi\u00e7\u00e3o.<\/li>\n<\/ul>\n","protected":false},"author":2,"featured_media":419463,"comment_status":"closed","ping_status":"closed","sticky":false,"template":"","format":"standard","meta":{"footnotes":""},"categories":[6745],"tags":[5179,45,3750,7167,172,271],"class_list":["post-419457","post","type-post","status-publish","format-standard","has-post-thumbnail","hentry","category-saude","tag-copernicus","tag-meio-ambiente","tag-poluicao-ambiental","tag-qualidade-ambiental","tag-saude","tag-saude-publica"],"yoast_head":"<!-- This site is optimized with the Yoast SEO plugin v27.2 - https:\/\/yoast.com\/product\/yoast-seo-wordpress\/ -->\n<title>Cinco medidas para proteger a sa\u00fade durante picos de polui\u00e7\u00e3o do ar - Portal Tela Portugal<\/title>\n<meta name=\"robots\" content=\"index, follow, max-snippet:-1, max-image-preview:large, max-video-preview:-1\" \/>\n<meta property=\"og:locale\" content=\"pt_PT\" \/>\n<meta property=\"og:type\" content=\"article\" \/>\n<meta property=\"og:title\" content=\"Cinco medidas para proteger a sa\u00fade durante picos de polui\u00e7\u00e3o do ar - Portal Tela Portugal\" \/>\n<meta property=\"og:description\" content=\"V\u00e1rios pa\u00edses europeus registam n\u00edveis elevados de polui\u00e7\u00e3o do ar, com Fran\u00e7a, Alemanha, B\u00e9lgica, Irlanda, Pa\u00edses Baixos e Reino Unido a serem particularmente afetados. A polui\u00e7\u00e3o inclui part\u00edculas finas PM2,5 provenientes de v\u00e1rias fontes, incluindo emiss\u00f5es agr\u00edcolas e fatores sazonais; a qualidade do ar globalmente est\u00e1 a piorar, segundo o Relat\u00f3rio Mundial da Qualidade do Ar 2025. Mesmo em casa, a qualidade do ar pode n\u00e3o ser segura; a OMS recomenda boa ventila\u00e7\u00e3o e filtros de ar HEPA, evitar fontes de polui\u00e7\u00e3o interior e escolher ruas menos movimentadas quando sair. Manter a atividade f\u00edsica continua ben\u00e9fico para a sa\u00fade geral, especialmente para adultos saud\u00e1veis; recomenda-se treinar em hor\u00e1rios ou locais com ar mais limpo. Para reduzir danos, sugere-se: alimenta\u00e7\u00e3o rica em antioxidantes; tomar duche ap\u00f3s sair de ambientes exteriores polu\u00eddos; usar aplica\u00e7\u00f5es de monitoriza\u00e7\u00e3o da qualidade do ar e considerar purificadores de ar e m\u00e1scaras FFP2 em situa\u00e7\u00f5es de elevada exposi\u00e7\u00e3o.\" \/>\n<meta property=\"og:url\" content=\"https:\/\/portaltela.pt\/noticias\/2026\/03\/24\/cinco-medidas-para-proteger-a-saude-durante-picos-de-poluicao-do-ar\/\" \/>\n<meta property=\"og:site_name\" content=\"Portal Tela Portugal\" \/>\n<meta property=\"article:published_time\" content=\"2026-03-24T11:47:08+00:00\" \/>\n<meta name=\"author\" content=\"Telinha\" \/>\n<meta name=\"twitter:card\" content=\"summary_large_image\" \/>\n<meta name=\"twitter:label1\" content=\"Escrito por\" \/>\n\t<meta name=\"twitter:data1\" content=\"Telinha\" \/>\n\t<meta name=\"twitter:label2\" content=\"Tempo estimado de leitura\" \/>\n\t<meta name=\"twitter:data2\" content=\"2 minutos\" \/>\n<script type=\"application\/ld+json\" class=\"yoast-schema-graph\">{\"@context\":\"https:\/\/schema.org\",\"@graph\":[{\"@type\":\"Article\",\"@id\":\"https:\/\/portaltela.pt\/noticias\/2026\/03\/24\/cinco-medidas-para-proteger-a-saude-durante-picos-de-poluicao-do-ar\/#article\",\"isPartOf\":{\"@id\":\"https:\/\/portaltela.pt\/noticias\/2026\/03\/24\/cinco-medidas-para-proteger-a-saude-durante-picos-de-poluicao-do-ar\/\"},\"author\":{\"name\":\"Telinha\",\"@id\":\"https:\/\/portaltela.pt\/#\/schema\/person\/c4278d4a6028830caff9ee44b42d32ed\"},\"headline\":\"Cinco medidas para proteger a sa\u00fade durante picos de polui\u00e7\u00e3o do ar\",\"datePublished\":\"2026-03-24T11:47:08+00:00\",\"mainEntityOfPage\":{\"@id\":\"https:\/\/portaltela.pt\/noticias\/2026\/03\/24\/cinco-medidas-para-proteger-a-saude-durante-picos-de-poluicao-do-ar\/\"},\"wordCount\":424,\"image\":{\"@id\":\"https:\/\/portaltela.pt\/noticias\/2026\/03\/24\/cinco-medidas-para-proteger-a-saude-durante-picos-de-poluicao-do-ar\/#primaryimage\"},\"thumbnailUrl\":\"https:\/\/portaltela.pt\/s.01k8rhncp4jt1\/2026\/03\/1536x864_cmsv2_303af71c-80ab-579c-9204-c36bd93af750-9696393.jpg\",\"keywords\":[\"Copernicus\",\"meio-ambiente\",\"polui\u00e7\u00e3o ambiental\",\"qualidade ambiental\",\"sa\u00fade\",\"sa\u00fade p\u00fablica\"],\"articleSection\":[\"Sa\u00fade\"],\"inLanguage\":\"pt-PT\"},{\"@type\":\"WebPage\",\"@id\":\"https:\/\/portaltela.pt\/noticias\/2026\/03\/24\/cinco-medidas-para-proteger-a-saude-durante-picos-de-poluicao-do-ar\/\",\"url\":\"https:\/\/portaltela.pt\/noticias\/2026\/03\/24\/cinco-medidas-para-proteger-a-saude-durante-picos-de-poluicao-do-ar\/\",\"name\":\"Cinco medidas para proteger a sa\u00fade durante picos de polui\u00e7\u00e3o do ar - Portal Tela Portugal\",\"isPartOf\":{\"@id\":\"https:\/\/portaltela.pt\/#website\"},\"primaryImageOfPage\":{\"@id\":\"https:\/\/portaltela.pt\/noticias\/2026\/03\/24\/cinco-medidas-para-proteger-a-saude-durante-picos-de-poluicao-do-ar\/#primaryimage\"},\"image\":{\"@id\":\"https:\/\/portaltela.pt\/noticias\/2026\/03\/24\/cinco-medidas-para-proteger-a-saude-durante-picos-de-poluicao-do-ar\/#primaryimage\"},\"thumbnailUrl\":\"https:\/\/portaltela.pt\/s.01k8rhncp4jt1\/2026\/03\/1536x864_cmsv2_303af71c-80ab-579c-9204-c36bd93af750-9696393.jpg\",\"datePublished\":\"2026-03-24T11:47:08+00:00\",\"author\":{\"@id\":\"https:\/\/portaltela.pt\/#\/schema\/person\/c4278d4a6028830caff9ee44b42d32ed\"},\"breadcrumb\":{\"@id\":\"https:\/\/portaltela.pt\/noticias\/2026\/03\/24\/cinco-medidas-para-proteger-a-saude-durante-picos-de-poluicao-do-ar\/#breadcrumb\"},\"inLanguage\":\"pt-PT\",\"potentialAction\":[{\"@type\":\"ReadAction\",\"target\":[\"https:\/\/portaltela.pt\/noticias\/2026\/03\/24\/cinco-medidas-para-proteger-a-saude-durante-picos-de-poluicao-do-ar\/\"]}]},{\"@type\":\"ImageObject\",\"inLanguage\":\"pt-PT\",\"@id\":\"https:\/\/portaltela.pt\/noticias\/2026\/03\/24\/cinco-medidas-para-proteger-a-saude-durante-picos-de-poluicao-do-ar\/#primaryimage\",\"url\":\"https:\/\/portaltela.pt\/s.01k8rhncp4jt1\/2026\/03\/1536x864_cmsv2_303af71c-80ab-579c-9204-c36bd93af750-9696393.jpg\",\"contentUrl\":\"https:\/\/portaltela.pt\/s.01k8rhncp4jt1\/2026\/03\/1536x864_cmsv2_303af71c-80ab-579c-9204-c36bd93af750-9696393.jpg\",\"width\":796,\"height\":448,\"caption\":\"Em dias de polui\u00e7\u00e3o elevada pode ser prefer\u00edvel fazer exerc\u00edcio em espa\u00e7os fechados\"},{\"@type\":\"BreadcrumbList\",\"@id\":\"https:\/\/portaltela.pt\/noticias\/2026\/03\/24\/cinco-medidas-para-proteger-a-saude-durante-picos-de-poluicao-do-ar\/#breadcrumb\",\"itemListElement\":[{\"@type\":\"ListItem\",\"position\":1,\"name\":\"In\u00edcio\",\"item\":\"https:\/\/portaltela.pt\/\"},{\"@type\":\"ListItem\",\"position\":2,\"name\":\"Cinco medidas para proteger a sa\u00fade durante picos de polui\u00e7\u00e3o do ar\"}]},{\"@type\":\"WebSite\",\"@id\":\"https:\/\/portaltela.pt\/#website\",\"url\":\"https:\/\/portaltela.pt\/\",\"name\":\"Portal Tela Portugal\",\"description\":\"\",\"potentialAction\":[{\"@type\":\"SearchAction\",\"target\":{\"@type\":\"EntryPoint\",\"urlTemplate\":\"https:\/\/portaltela.pt\/?s={search_term_string}\"},\"query-input\":{\"@type\":\"PropertyValueSpecification\",\"valueRequired\":true,\"valueName\":\"search_term_string\"}}],\"inLanguage\":\"pt-PT\"},{\"@type\":\"Person\",\"@id\":\"https:\/\/portaltela.pt\/#\/schema\/person\/c4278d4a6028830caff9ee44b42d32ed\",\"name\":\"Telinha\",\"image\":{\"@type\":\"ImageObject\",\"inLanguage\":\"pt-PT\",\"@id\":\"https:\/\/portaltela.pt\/s.01k8rhncp4jt1\/2025\/11\/talking-bot-125x125.png\",\"url\":\"https:\/\/portaltela.pt\/s.01k8rhncp4jt1\/2025\/11\/talking-bot-125x125.png\",\"contentUrl\":\"https:\/\/portaltela.pt\/s.01k8rhncp4jt1\/2025\/11\/talking-bot-125x125.png\",\"caption\":\"Telinha\"},\"sameAs\":[\"https:\/\/portaltela.pt\/\"],\"url\":\"https:\/\/portaltela.pt\/por\/367410592786\/\"}]}<\/script>\n<!-- \/ Yoast SEO plugin. -->","yoast_head_json":{"title":"Cinco medidas para proteger a sa\u00fade durante picos de polui\u00e7\u00e3o do ar - Portal Tela Portugal","robots":{"index":"index","follow":"follow","max-snippet":"max-snippet:-1","max-image-preview":"max-image-preview:large","max-video-preview":"max-video-preview:-1"},"og_locale":"pt_PT","og_type":"article","og_title":"Cinco medidas para proteger a sa\u00fade durante picos de polui\u00e7\u00e3o do ar - Portal Tela Portugal","og_description":"V\u00e1rios pa\u00edses europeus registam n\u00edveis elevados de polui\u00e7\u00e3o do ar, com Fran\u00e7a, Alemanha, B\u00e9lgica, Irlanda, Pa\u00edses Baixos e Reino Unido a serem particularmente afetados. A polui\u00e7\u00e3o inclui part\u00edculas finas PM2,5 provenientes de v\u00e1rias fontes, incluindo emiss\u00f5es agr\u00edcolas e fatores sazonais; a qualidade do ar globalmente est\u00e1 a piorar, segundo o Relat\u00f3rio Mundial da Qualidade do Ar 2025. Mesmo em casa, a qualidade do ar pode n\u00e3o ser segura; a OMS recomenda boa ventila\u00e7\u00e3o e filtros de ar HEPA, evitar fontes de polui\u00e7\u00e3o interior e escolher ruas menos movimentadas quando sair. Manter a atividade f\u00edsica continua ben\u00e9fico para a sa\u00fade geral, especialmente para adultos saud\u00e1veis; recomenda-se treinar em hor\u00e1rios ou locais com ar mais limpo. Para reduzir danos, sugere-se: alimenta\u00e7\u00e3o rica em antioxidantes; tomar duche ap\u00f3s sair de ambientes exteriores polu\u00eddos; usar aplica\u00e7\u00f5es de monitoriza\u00e7\u00e3o da qualidade do ar e considerar purificadores de ar e m\u00e1scaras FFP2 em situa\u00e7\u00f5es de elevada exposi\u00e7\u00e3o.","og_url":"https:\/\/portaltela.pt\/noticias\/2026\/03\/24\/cinco-medidas-para-proteger-a-saude-durante-picos-de-poluicao-do-ar\/","og_site_name":"Portal Tela Portugal","article_published_time":"2026-03-24T11:47:08+00:00","author":"Telinha","twitter_card":"summary_large_image","twitter_misc":{"Escrito por":"Telinha","Tempo estimado de leitura":"2 minutos"},"schema":{"@context":"https:\/\/schema.org","@graph":[{"@type":"Article","@id":"https:\/\/portaltela.pt\/noticias\/2026\/03\/24\/cinco-medidas-para-proteger-a-saude-durante-picos-de-poluicao-do-ar\/#article","isPartOf":{"@id":"https:\/\/portaltela.pt\/noticias\/2026\/03\/24\/cinco-medidas-para-proteger-a-saude-durante-picos-de-poluicao-do-ar\/"},"author":{"name":"Telinha","@id":"https:\/\/portaltela.pt\/#\/schema\/person\/c4278d4a6028830caff9ee44b42d32ed"},"headline":"Cinco medidas para proteger a sa\u00fade durante picos de polui\u00e7\u00e3o do ar","datePublished":"2026-03-24T11:47:08+00:00","mainEntityOfPage":{"@id":"https:\/\/portaltela.pt\/noticias\/2026\/03\/24\/cinco-medidas-para-proteger-a-saude-durante-picos-de-poluicao-do-ar\/"},"wordCount":424,"image":{"@id":"https:\/\/portaltela.pt\/noticias\/2026\/03\/24\/cinco-medidas-para-proteger-a-saude-durante-picos-de-poluicao-do-ar\/#primaryimage"},"thumbnailUrl":"https:\/\/portaltela.pt\/s.01k8rhncp4jt1\/2026\/03\/1536x864_cmsv2_303af71c-80ab-579c-9204-c36bd93af750-9696393.jpg","keywords":["Copernicus","meio-ambiente","polui\u00e7\u00e3o ambiental","qualidade ambiental","sa\u00fade","sa\u00fade p\u00fablica"],"articleSection":["Sa\u00fade"],"inLanguage":"pt-PT"},{"@type":"WebPage","@id":"https:\/\/portaltela.pt\/noticias\/2026\/03\/24\/cinco-medidas-para-proteger-a-saude-durante-picos-de-poluicao-do-ar\/","url":"https:\/\/portaltela.pt\/noticias\/2026\/03\/24\/cinco-medidas-para-proteger-a-saude-durante-picos-de-poluicao-do-ar\/","name":"Cinco medidas para proteger a sa\u00fade durante picos de polui\u00e7\u00e3o do ar - Portal Tela Portugal","isPartOf":{"@id":"https:\/\/portaltela.pt\/#website"},"primaryImageOfPage":{"@id":"https:\/\/portaltela.pt\/noticias\/2026\/03\/24\/cinco-medidas-para-proteger-a-saude-durante-picos-de-poluicao-do-ar\/#primaryimage"},"image":{"@id":"https:\/\/portaltela.pt\/noticias\/2026\/03\/24\/cinco-medidas-para-proteger-a-saude-durante-picos-de-poluicao-do-ar\/#primaryimage"},"thumbnailUrl":"https:\/\/portaltela.pt\/s.01k8rhncp4jt1\/2026\/03\/1536x864_cmsv2_303af71c-80ab-579c-9204-c36bd93af750-9696393.jpg","datePublished":"2026-03-24T11:47:08+00:00","author":{"@id":"https:\/\/portaltela.pt\/#\/schema\/person\/c4278d4a6028830caff9ee44b42d32ed"},"breadcrumb":{"@id":"https:\/\/portaltela.pt\/noticias\/2026\/03\/24\/cinco-medidas-para-proteger-a-saude-durante-picos-de-poluicao-do-ar\/#breadcrumb"},"inLanguage":"pt-PT","potentialAction":[{"@type":"ReadAction","target":["https:\/\/portaltela.pt\/noticias\/2026\/03\/24\/cinco-medidas-para-proteger-a-saude-durante-picos-de-poluicao-do-ar\/"]}]},{"@type":"ImageObject","inLanguage":"pt-PT","@id":"https:\/\/portaltela.pt\/noticias\/2026\/03\/24\/cinco-medidas-para-proteger-a-saude-durante-picos-de-poluicao-do-ar\/#primaryimage","url":"https:\/\/portaltela.pt\/s.01k8rhncp4jt1\/2026\/03\/1536x864_cmsv2_303af71c-80ab-579c-9204-c36bd93af750-9696393.jpg","contentUrl":"https:\/\/portaltela.pt\/s.01k8rhncp4jt1\/2026\/03\/1536x864_cmsv2_303af71c-80ab-579c-9204-c36bd93af750-9696393.jpg","width":796,"height":448,"caption":"Em dias de polui\u00e7\u00e3o elevada pode ser prefer\u00edvel fazer exerc\u00edcio em espa\u00e7os fechados"},{"@type":"BreadcrumbList","@id":"https:\/\/portaltela.pt\/noticias\/2026\/03\/24\/cinco-medidas-para-proteger-a-saude-durante-picos-de-poluicao-do-ar\/#breadcrumb","itemListElement":[{"@type":"ListItem","position":1,"name":"In\u00edcio","item":"https:\/\/portaltela.pt\/"},{"@type":"ListItem","position":2,"name":"Cinco medidas para proteger a sa\u00fade durante picos de polui\u00e7\u00e3o do ar"}]},{"@type":"WebSite","@id":"https:\/\/portaltela.pt\/#website","url":"https:\/\/portaltela.pt\/","name":"Portal Tela Portugal","description":"","potentialAction":[{"@type":"SearchAction","target":{"@type":"EntryPoint","urlTemplate":"https:\/\/portaltela.pt\/?s={search_term_string}"},"query-input":{"@type":"PropertyValueSpecification","valueRequired":true,"valueName":"search_term_string"}}],"inLanguage":"pt-PT"},{"@type":"Person","@id":"https:\/\/portaltela.pt\/#\/schema\/person\/c4278d4a6028830caff9ee44b42d32ed","name":"Telinha","image":{"@type":"ImageObject","inLanguage":"pt-PT","@id":"https:\/\/portaltela.pt\/s.01k8rhncp4jt1\/2025\/11\/talking-bot-125x125.png","url":"https:\/\/portaltela.pt\/s.01k8rhncp4jt1\/2025\/11\/talking-bot-125x125.png","contentUrl":"https:\/\/portaltela.pt\/s.01k8rhncp4jt1\/2025\/11\/talking-bot-125x125.png","caption":"Telinha"},"sameAs":["https:\/\/portaltela.pt\/"],"url":"https:\/\/portaltela.pt\/por\/367410592786\/"}]}},"_links":{"self":[{"href":"https:\/\/portaltela.pt\/api\/wp\/v2\/posts\/419457","targetHints":{"allow":["GET"]}}],"collection":[{"href":"https:\/\/portaltela.pt\/api\/wp\/v2\/posts"}],"about":[{"href":"https:\/\/portaltela.pt\/api\/wp\/v2\/types\/post"}],"author":[{"embeddable":true,"href":"https:\/\/portaltela.pt\/api\/wp\/v2\/users\/2"}],"replies":[{"embeddable":true,"href":"https:\/\/portaltela.pt\/api\/wp\/v2\/comments?post=419457"}],"version-history":[{"count":0,"href":"https:\/\/portaltela.pt\/api\/wp\/v2\/posts\/419457\/revisions"}],"wp:featuredmedia":[{"embeddable":true,"href":"https:\/\/portaltela.pt\/api\/wp\/v2\/media\/419463"}],"wp:attachment":[{"href":"https:\/\/portaltela.pt\/api\/wp\/v2\/media?parent=419457"}],"wp:term":[{"taxonomy":"category","embeddable":true,"href":"https:\/\/portaltela.pt\/api\/wp\/v2\/categories?post=419457"},{"taxonomy":"post_tag","embeddable":true,"href":"https:\/\/portaltela.pt\/api\/wp\/v2\/tags?post=419457"}],"curies":[{"name":"wp","href":"https:\/\/api.w.org\/{rel}","templated":true}]}}