{"id":419454,"date":"2026-03-24T08:47:06","date_gmt":"2026-03-24T11:47:06","guid":{"rendered":"https:\/\/portaltela.pt\/noticias\/2026\/03\/24\/lideres-nacionalistas-europeus-apoiam-orban-antes-das-eleicoes-na-hungria\/"},"modified":"2026-03-24T08:47:06","modified_gmt":"2026-03-24T11:47:06","slug":"lideres-nacionalistas-europeus-apoiam-orban-antes-das-eleicoes-na-hungria","status":"publish","type":"post","link":"https:\/\/portaltela.pt\/noticias\/internacional\/2026\/03\/24\/lideres-nacionalistas-europeus-apoiam-orban-antes-das-eleicoes-na-hungria\/","title":{"rendered":"L\u00edderes nacionalistas europeus apoiam Orb\u00e1n antes das elei\u00e7\u00f5es na Hungria"},"content":{"rendered":"<p>L\u00edderes nacionalistas europeus reuniram-se em Budapeste, nesta segunda-feira, para apoiar o primeiro-ministro Viktor Orb\u00e1n antes das legislativas de 12 de abril. O encontro ocorreu no \u00e2mbito de uma reuni\u00e3o de apoio pol\u00edtico ao governo h\u00fangaro.<\/p>\n<p>A reuni\u00e3o reuniu figuras de mais de uma dezena de partidos de direita, sob o guarda-chuva do grupo Patriots for Europe, criado em 2024 por Orb\u00e1n e aliados. O objetivo foi manifestar apoio \u00e0 lideran\u00e7a h\u00fangara.<\/p>\n<p>Entre os participantes estiveram personalidades como Marine Le Pen, Matteo Salvini e Geert Wilders, segundo informa\u00e7\u00f5es apuradas durante o evento. Um a um, 13 oradores subiram ao palco para defender Orb\u00e1n e encorajar os h\u00fangaros a votar no Fidesz em 12 de abril.<\/p>\n<p>Geert Wilders descreveu Orb\u00e1n como modelo para a Europa, afirmando que milh\u00f5es de europeus desejam uma na\u00e7\u00e3o forte e um l\u00edder que defenda os cidad\u00e3os e controlo a imigra\u00e7\u00e3o. O encontro decorreu em Budapeste e serviu para transmitir a mensagem de apoio ao alinhamento pol\u00edtico vigente.<\/p>\n","protected":false},"excerpt":{"rendered":"<ul>\n<li>L\u00edderes nacionalistas europeus reuniram-se em Budapeste para apoiar Viktor Orb\u00e1n antes das legislativas de 12 de abril.<\/li>\n<li>O encontro reuniu mais de uma dezena de partidos de direita, organizado pelo grupo Patriots for Europe, criado em 2024 por Orb\u00e1n e aliados.<\/li>\n<li>Participaram 13 oradores, incluindo Marine Le Pen, Matteo Salvini e Geert Wilders.<\/li>\n<li>Os participantes elogiaram Orb\u00e1n e pediram aos h\u00fangaros que votem nele e no seu partido, Fidesz.<\/li>\n<li>Geert Wilders apresentou Orb\u00e1n como modelo para a Europa, defendendo uma na\u00e7\u00e3o forte, cidad\u00e3os protegidos e controlo da imigra\u00e7\u00e3o.<\/li>\n<\/ul>\n","protected":false},"author":2,"featured_media":419459,"comment_status":"closed","ping_status":"closed","sticky":false,"template":"","format":"standard","meta":{"footnotes":""},"categories":[4,7127],"tags":[2487,2579,6802,3728,2832,5698],"class_list":["post-419454","post","type-post","status-publish","format-standard","has-post-thumbnail","hentry","category-internacional","category-politica-internacional","tag-europa","tag-hungria","tag-lideranca","tag-liderancas","tag-politica","tag-politica-internacional"],"yoast_head":"<!-- This site is optimized with the Yoast SEO plugin v27.2 - https:\/\/yoast.com\/product\/yoast-seo-wordpress\/ -->\n<title>L\u00edderes nacionalistas europeus apoiam Orb\u00e1n antes das elei\u00e7\u00f5es na Hungria - Portal Tela Portugal<\/title>\n<meta name=\"robots\" content=\"index, follow, max-snippet:-1, max-image-preview:large, max-video-preview:-1\" \/>\n<meta property=\"og:locale\" content=\"pt_PT\" \/>\n<meta property=\"og:type\" content=\"article\" \/>\n<meta property=\"og:title\" content=\"L\u00edderes nacionalistas europeus apoiam Orb\u00e1n antes das elei\u00e7\u00f5es na Hungria - Portal Tela Portugal\" \/>\n<meta property=\"og:description\" content=\"L\u00edderes nacionalistas europeus reuniram-se em Budapeste para apoiar Viktor Orb\u00e1n antes das legislativas de 12 de abril. O encontro reuniu mais de uma dezena de partidos de direita, organizado pelo grupo Patriots for Europe, criado em 2024 por Orb\u00e1n e aliados. Participaram 13 oradores, incluindo Marine Le Pen, Matteo Salvini e Geert Wilders. Os participantes elogiaram Orb\u00e1n e pediram aos h\u00fangaros que votem nele e no seu partido, Fidesz. Geert Wilders apresentou Orb\u00e1n como modelo para a Europa, defendendo uma na\u00e7\u00e3o forte, cidad\u00e3os protegidos e controlo da imigra\u00e7\u00e3o.\" \/>\n<meta property=\"og:url\" content=\"https:\/\/portaltela.pt\/noticias\/2026\/03\/24\/lideres-nacionalistas-europeus-apoiam-orban-antes-das-eleicoes-na-hungria\/\" \/>\n<meta property=\"og:site_name\" content=\"Portal Tela Portugal\" \/>\n<meta property=\"article:published_time\" content=\"2026-03-24T11:47:06+00:00\" \/>\n<meta name=\"author\" content=\"Telinha\" \/>\n<meta name=\"twitter:card\" content=\"summary_large_image\" \/>\n<meta name=\"twitter:label1\" content=\"Escrito por\" \/>\n\t<meta name=\"twitter:data1\" content=\"Telinha\" \/>\n\t<meta name=\"twitter:label2\" content=\"Tempo estimado de leitura\" \/>\n\t<meta name=\"twitter:data2\" content=\"1 minuto\" \/>\n<script type=\"application\/ld+json\" class=\"yoast-schema-graph\">{\"@context\":\"https:\/\/schema.org\",\"@graph\":[{\"@type\":\"Article\",\"@id\":\"https:\/\/portaltela.pt\/noticias\/2026\/03\/24\/lideres-nacionalistas-europeus-apoiam-orban-antes-das-eleicoes-na-hungria\/#article\",\"isPartOf\":{\"@id\":\"https:\/\/portaltela.pt\/noticias\/2026\/03\/24\/lideres-nacionalistas-europeus-apoiam-orban-antes-das-eleicoes-na-hungria\/\"},\"author\":{\"name\":\"Telinha\",\"@id\":\"https:\/\/portaltela.pt\/#\/schema\/person\/c4278d4a6028830caff9ee44b42d32ed\"},\"headline\":\"L\u00edderes nacionalistas europeus apoiam Orb\u00e1n antes das elei\u00e7\u00f5es na Hungria\",\"datePublished\":\"2026-03-24T11:47:06+00:00\",\"mainEntityOfPage\":{\"@id\":\"https:\/\/portaltela.pt\/noticias\/2026\/03\/24\/lideres-nacionalistas-europeus-apoiam-orban-antes-das-eleicoes-na-hungria\/\"},\"wordCount\":187,\"image\":{\"@id\":\"https:\/\/portaltela.pt\/noticias\/2026\/03\/24\/lideres-nacionalistas-europeus-apoiam-orban-antes-das-eleicoes-na-hungria\/#primaryimage\"},\"thumbnailUrl\":\"https:\/\/portaltela.pt\/s.01k8rhncp4jt1\/2026\/03\/1536x864_cmsv2_9bf7dc1c-1925-5a7a-ac81-0958db895229-9696143.jpg\",\"keywords\":[\"Europa\",\"Hungria\",\"lideran\u00e7a\",\"lideran\u00e7as\",\"pol\u00edtica\",\"pol\u00edtica internacional\"],\"articleSection\":[\"Internacional\",\"Pol\u00edtica Internacional\"],\"inLanguage\":\"pt-PT\"},{\"@type\":\"WebPage\",\"@id\":\"https:\/\/portaltela.pt\/noticias\/2026\/03\/24\/lideres-nacionalistas-europeus-apoiam-orban-antes-das-eleicoes-na-hungria\/\",\"url\":\"https:\/\/portaltela.pt\/noticias\/2026\/03\/24\/lideres-nacionalistas-europeus-apoiam-orban-antes-das-eleicoes-na-hungria\/\",\"name\":\"L\u00edderes nacionalistas europeus apoiam Orb\u00e1n antes das elei\u00e7\u00f5es na Hungria - Portal Tela Portugal\",\"isPartOf\":{\"@id\":\"https:\/\/portaltela.pt\/#website\"},\"primaryImageOfPage\":{\"@id\":\"https:\/\/portaltela.pt\/noticias\/2026\/03\/24\/lideres-nacionalistas-europeus-apoiam-orban-antes-das-eleicoes-na-hungria\/#primaryimage\"},\"image\":{\"@id\":\"https:\/\/portaltela.pt\/noticias\/2026\/03\/24\/lideres-nacionalistas-europeus-apoiam-orban-antes-das-eleicoes-na-hungria\/#primaryimage\"},\"thumbnailUrl\":\"https:\/\/portaltela.pt\/s.01k8rhncp4jt1\/2026\/03\/1536x864_cmsv2_9bf7dc1c-1925-5a7a-ac81-0958db895229-9696143.jpg\",\"datePublished\":\"2026-03-24T11:47:06+00:00\",\"author\":{\"@id\":\"https:\/\/portaltela.pt\/#\/schema\/person\/c4278d4a6028830caff9ee44b42d32ed\"},\"breadcrumb\":{\"@id\":\"https:\/\/portaltela.pt\/noticias\/2026\/03\/24\/lideres-nacionalistas-europeus-apoiam-orban-antes-das-eleicoes-na-hungria\/#breadcrumb\"},\"inLanguage\":\"pt-PT\",\"potentialAction\":[{\"@type\":\"ReadAction\",\"target\":[\"https:\/\/portaltela.pt\/noticias\/2026\/03\/24\/lideres-nacionalistas-europeus-apoiam-orban-antes-das-eleicoes-na-hungria\/\"]}]},{\"@type\":\"ImageObject\",\"inLanguage\":\"pt-PT\",\"@id\":\"https:\/\/portaltela.pt\/noticias\/2026\/03\/24\/lideres-nacionalistas-europeus-apoiam-orban-antes-das-eleicoes-na-hungria\/#primaryimage\",\"url\":\"https:\/\/portaltela.pt\/s.01k8rhncp4jt1\/2026\/03\/1536x864_cmsv2_9bf7dc1c-1925-5a7a-ac81-0958db895229-9696143.jpg\",\"contentUrl\":\"https:\/\/portaltela.pt\/s.01k8rhncp4jt1\/2026\/03\/1536x864_cmsv2_9bf7dc1c-1925-5a7a-ac81-0958db895229-9696143.jpg\",\"width\":796,\"height\":448,\"caption\":\"Pol\u00edticos europeus da extrema-direita re\u00fanem-se numa assembleia do grupo Patriotas pela Europa de Orb\u00e1n, em Budapeste, Hungria, 23 de mar\u00e7o de 2026\"},{\"@type\":\"BreadcrumbList\",\"@id\":\"https:\/\/portaltela.pt\/noticias\/2026\/03\/24\/lideres-nacionalistas-europeus-apoiam-orban-antes-das-eleicoes-na-hungria\/#breadcrumb\",\"itemListElement\":[{\"@type\":\"ListItem\",\"position\":1,\"name\":\"In\u00edcio\",\"item\":\"https:\/\/portaltela.pt\/\"},{\"@type\":\"ListItem\",\"position\":2,\"name\":\"L\u00edderes nacionalistas europeus apoiam Orb\u00e1n antes das elei\u00e7\u00f5es na Hungria\"}]},{\"@type\":\"WebSite\",\"@id\":\"https:\/\/portaltela.pt\/#website\",\"url\":\"https:\/\/portaltela.pt\/\",\"name\":\"Portal Tela Portugal\",\"description\":\"\",\"potentialAction\":[{\"@type\":\"SearchAction\",\"target\":{\"@type\":\"EntryPoint\",\"urlTemplate\":\"https:\/\/portaltela.pt\/?s={search_term_string}\"},\"query-input\":{\"@type\":\"PropertyValueSpecification\",\"valueRequired\":true,\"valueName\":\"search_term_string\"}}],\"inLanguage\":\"pt-PT\"},{\"@type\":\"Person\",\"@id\":\"https:\/\/portaltela.pt\/#\/schema\/person\/c4278d4a6028830caff9ee44b42d32ed\",\"name\":\"Telinha\",\"image\":{\"@type\":\"ImageObject\",\"inLanguage\":\"pt-PT\",\"@id\":\"https:\/\/portaltela.pt\/s.01k8rhncp4jt1\/2025\/11\/talking-bot-125x125.png\",\"url\":\"https:\/\/portaltela.pt\/s.01k8rhncp4jt1\/2025\/11\/talking-bot-125x125.png\",\"contentUrl\":\"https:\/\/portaltela.pt\/s.01k8rhncp4jt1\/2025\/11\/talking-bot-125x125.png\",\"caption\":\"Telinha\"},\"sameAs\":[\"https:\/\/portaltela.pt\/\"],\"url\":\"https:\/\/portaltela.pt\/por\/367410592786\/\"}]}<\/script>\n<!-- \/ Yoast SEO plugin. -->","yoast_head_json":{"title":"L\u00edderes nacionalistas europeus apoiam Orb\u00e1n antes das elei\u00e7\u00f5es na Hungria - Portal Tela Portugal","robots":{"index":"index","follow":"follow","max-snippet":"max-snippet:-1","max-image-preview":"max-image-preview:large","max-video-preview":"max-video-preview:-1"},"og_locale":"pt_PT","og_type":"article","og_title":"L\u00edderes nacionalistas europeus apoiam Orb\u00e1n antes das elei\u00e7\u00f5es na Hungria - Portal Tela Portugal","og_description":"L\u00edderes nacionalistas europeus reuniram-se em Budapeste para apoiar Viktor Orb\u00e1n antes das legislativas de 12 de abril. O encontro reuniu mais de uma dezena de partidos de direita, organizado pelo grupo Patriots for Europe, criado em 2024 por Orb\u00e1n e aliados. Participaram 13 oradores, incluindo Marine Le Pen, Matteo Salvini e Geert Wilders. Os participantes elogiaram Orb\u00e1n e pediram aos h\u00fangaros que votem nele e no seu partido, Fidesz. Geert Wilders apresentou Orb\u00e1n como modelo para a Europa, defendendo uma na\u00e7\u00e3o forte, cidad\u00e3os protegidos e controlo da imigra\u00e7\u00e3o.","og_url":"https:\/\/portaltela.pt\/noticias\/2026\/03\/24\/lideres-nacionalistas-europeus-apoiam-orban-antes-das-eleicoes-na-hungria\/","og_site_name":"Portal Tela Portugal","article_published_time":"2026-03-24T11:47:06+00:00","author":"Telinha","twitter_card":"summary_large_image","twitter_misc":{"Escrito por":"Telinha","Tempo estimado de leitura":"1 minuto"},"schema":{"@context":"https:\/\/schema.org","@graph":[{"@type":"Article","@id":"https:\/\/portaltela.pt\/noticias\/2026\/03\/24\/lideres-nacionalistas-europeus-apoiam-orban-antes-das-eleicoes-na-hungria\/#article","isPartOf":{"@id":"https:\/\/portaltela.pt\/noticias\/2026\/03\/24\/lideres-nacionalistas-europeus-apoiam-orban-antes-das-eleicoes-na-hungria\/"},"author":{"name":"Telinha","@id":"https:\/\/portaltela.pt\/#\/schema\/person\/c4278d4a6028830caff9ee44b42d32ed"},"headline":"L\u00edderes nacionalistas europeus apoiam Orb\u00e1n antes das elei\u00e7\u00f5es na Hungria","datePublished":"2026-03-24T11:47:06+00:00","mainEntityOfPage":{"@id":"https:\/\/portaltela.pt\/noticias\/2026\/03\/24\/lideres-nacionalistas-europeus-apoiam-orban-antes-das-eleicoes-na-hungria\/"},"wordCount":187,"image":{"@id":"https:\/\/portaltela.pt\/noticias\/2026\/03\/24\/lideres-nacionalistas-europeus-apoiam-orban-antes-das-eleicoes-na-hungria\/#primaryimage"},"thumbnailUrl":"https:\/\/portaltela.pt\/s.01k8rhncp4jt1\/2026\/03\/1536x864_cmsv2_9bf7dc1c-1925-5a7a-ac81-0958db895229-9696143.jpg","keywords":["Europa","Hungria","lideran\u00e7a","lideran\u00e7as","pol\u00edtica","pol\u00edtica internacional"],"articleSection":["Internacional","Pol\u00edtica Internacional"],"inLanguage":"pt-PT"},{"@type":"WebPage","@id":"https:\/\/portaltela.pt\/noticias\/2026\/03\/24\/lideres-nacionalistas-europeus-apoiam-orban-antes-das-eleicoes-na-hungria\/","url":"https:\/\/portaltela.pt\/noticias\/2026\/03\/24\/lideres-nacionalistas-europeus-apoiam-orban-antes-das-eleicoes-na-hungria\/","name":"L\u00edderes nacionalistas europeus apoiam Orb\u00e1n antes das elei\u00e7\u00f5es na Hungria - Portal Tela Portugal","isPartOf":{"@id":"https:\/\/portaltela.pt\/#website"},"primaryImageOfPage":{"@id":"https:\/\/portaltela.pt\/noticias\/2026\/03\/24\/lideres-nacionalistas-europeus-apoiam-orban-antes-das-eleicoes-na-hungria\/#primaryimage"},"image":{"@id":"https:\/\/portaltela.pt\/noticias\/2026\/03\/24\/lideres-nacionalistas-europeus-apoiam-orban-antes-das-eleicoes-na-hungria\/#primaryimage"},"thumbnailUrl":"https:\/\/portaltela.pt\/s.01k8rhncp4jt1\/2026\/03\/1536x864_cmsv2_9bf7dc1c-1925-5a7a-ac81-0958db895229-9696143.jpg","datePublished":"2026-03-24T11:47:06+00:00","author":{"@id":"https:\/\/portaltela.pt\/#\/schema\/person\/c4278d4a6028830caff9ee44b42d32ed"},"breadcrumb":{"@id":"https:\/\/portaltela.pt\/noticias\/2026\/03\/24\/lideres-nacionalistas-europeus-apoiam-orban-antes-das-eleicoes-na-hungria\/#breadcrumb"},"inLanguage":"pt-PT","potentialAction":[{"@type":"ReadAction","target":["https:\/\/portaltela.pt\/noticias\/2026\/03\/24\/lideres-nacionalistas-europeus-apoiam-orban-antes-das-eleicoes-na-hungria\/"]}]},{"@type":"ImageObject","inLanguage":"pt-PT","@id":"https:\/\/portaltela.pt\/noticias\/2026\/03\/24\/lideres-nacionalistas-europeus-apoiam-orban-antes-das-eleicoes-na-hungria\/#primaryimage","url":"https:\/\/portaltela.pt\/s.01k8rhncp4jt1\/2026\/03\/1536x864_cmsv2_9bf7dc1c-1925-5a7a-ac81-0958db895229-9696143.jpg","contentUrl":"https:\/\/portaltela.pt\/s.01k8rhncp4jt1\/2026\/03\/1536x864_cmsv2_9bf7dc1c-1925-5a7a-ac81-0958db895229-9696143.jpg","width":796,"height":448,"caption":"Pol\u00edticos europeus da extrema-direita re\u00fanem-se numa assembleia do grupo Patriotas pela Europa de Orb\u00e1n, em Budapeste, Hungria, 23 de mar\u00e7o de 2026"},{"@type":"BreadcrumbList","@id":"https:\/\/portaltela.pt\/noticias\/2026\/03\/24\/lideres-nacionalistas-europeus-apoiam-orban-antes-das-eleicoes-na-hungria\/#breadcrumb","itemListElement":[{"@type":"ListItem","position":1,"name":"In\u00edcio","item":"https:\/\/portaltela.pt\/"},{"@type":"ListItem","position":2,"name":"L\u00edderes nacionalistas europeus apoiam Orb\u00e1n antes das elei\u00e7\u00f5es na Hungria"}]},{"@type":"WebSite","@id":"https:\/\/portaltela.pt\/#website","url":"https:\/\/portaltela.pt\/","name":"Portal Tela Portugal","description":"","potentialAction":[{"@type":"SearchAction","target":{"@type":"EntryPoint","urlTemplate":"https:\/\/portaltela.pt\/?s={search_term_string}"},"query-input":{"@type":"PropertyValueSpecification","valueRequired":true,"valueName":"search_term_string"}}],"inLanguage":"pt-PT"},{"@type":"Person","@id":"https:\/\/portaltela.pt\/#\/schema\/person\/c4278d4a6028830caff9ee44b42d32ed","name":"Telinha","image":{"@type":"ImageObject","inLanguage":"pt-PT","@id":"https:\/\/portaltela.pt\/s.01k8rhncp4jt1\/2025\/11\/talking-bot-125x125.png","url":"https:\/\/portaltela.pt\/s.01k8rhncp4jt1\/2025\/11\/talking-bot-125x125.png","contentUrl":"https:\/\/portaltela.pt\/s.01k8rhncp4jt1\/2025\/11\/talking-bot-125x125.png","caption":"Telinha"},"sameAs":["https:\/\/portaltela.pt\/"],"url":"https:\/\/portaltela.pt\/por\/367410592786\/"}]}},"_links":{"self":[{"href":"https:\/\/portaltela.pt\/api\/wp\/v2\/posts\/419454","targetHints":{"allow":["GET"]}}],"collection":[{"href":"https:\/\/portaltela.pt\/api\/wp\/v2\/posts"}],"about":[{"href":"https:\/\/portaltela.pt\/api\/wp\/v2\/types\/post"}],"author":[{"embeddable":true,"href":"https:\/\/portaltela.pt\/api\/wp\/v2\/users\/2"}],"replies":[{"embeddable":true,"href":"https:\/\/portaltela.pt\/api\/wp\/v2\/comments?post=419454"}],"version-history":[{"count":0,"href":"https:\/\/portaltela.pt\/api\/wp\/v2\/posts\/419454\/revisions"}],"wp:featuredmedia":[{"embeddable":true,"href":"https:\/\/portaltela.pt\/api\/wp\/v2\/media\/419459"}],"wp:attachment":[{"href":"https:\/\/portaltela.pt\/api\/wp\/v2\/media?parent=419454"}],"wp:term":[{"taxonomy":"category","embeddable":true,"href":"https:\/\/portaltela.pt\/api\/wp\/v2\/categories?post=419454"},{"taxonomy":"post_tag","embeddable":true,"href":"https:\/\/portaltela.pt\/api\/wp\/v2\/tags?post=419454"}],"curies":[{"name":"wp","href":"https:\/\/api.w.org\/{rel}","templated":true}]}}