{"id":419453,"date":"2026-03-24T08:38:21","date_gmt":"2026-03-24T11:38:21","guid":{"rendered":"https:\/\/portaltela.pt\/noticias\/2026\/03\/24\/lateral-ingles-encerra-carreira-aos-29-anos-por-cansaco-fisico\/"},"modified":"2026-03-24T08:38:21","modified_gmt":"2026-03-24T11:38:21","slug":"lateral-ingles-encerra-carreira-aos-29-anos-por-cansaco-fisico","status":"publish","type":"post","link":"https:\/\/portaltela.pt\/desporto\/futebol\/2026\/03\/24\/lateral-ingles-encerra-carreira-aos-29-anos-por-cansaco-fisico\/","title":{"rendered":"Lateral ingl\u00eas encerra carreira aos 29 anos por cansa\u00e7o f\u00edsico"},"content":{"rendered":"<p>Callum Johnson, lateral-direito, anunciou a aposenta\u00e7\u00e3o aos 29 anos. participante habitual de clubes da noite divis\u00e3o inglesa, deixou claro que o corpo j\u00e1 n\u00e3o responde como antes, ap\u00f3s v\u00e1rias les\u00f5es nas \u00faltimas duas \u00e9pocas e meia. O an\u00fancio foi partilhado pelo Gateshead nas redes sociais.<\/p>\n<p>O jogador formado no Middlesbrough atuou em clubes de escal\u00f5es inferiores, incluindo Accrington Stanley, Portsmouth, Fleetwood Town, Mansfield Town e Bradford City, antes de chegar ao Gateshead. A decis\u00e3o surge ap\u00f3s um historial de les\u00f5es musculares que o acompanharam recentemente.<\/p>\n<p>Johnson revelou que nunca imaginou encerrar a carreira nesta idade, mas admitiu que o desgaste f\u00edsico foi determinante para a decis\u00e3o. O clube informou que o atleta ir\u00e1, a partir de agora, orientar-se por treinos especializados para jovens.<\/p>\n<h3>Trajet\u00f3ria e futuro<\/h3>\n<p>Durante a sua passagem, Johnson representou diversos conjuntos de Inglaterra, contribuindo em jornadas de destaque e momentos desafiantes. A carreira ter\u00e1 como pr\u00f3ximo passo o envolvimento em forma\u00e7\u00e3o de jovens, com foco em desenvolvimento t\u00e9cnico e f\u00edsico.<\/p>\n<p>O Gateshead, da quinta divis\u00e3o inglesa, agradeceu o contributo de Johnson e desejou-lhe sucesso nos projetos futuros. O futebolista n\u00e3o revela detalhes sobre planos fora do mundo do futebol, mantendo o foco na transi\u00e7\u00e3o anunciada.<\/p>\n","protected":false},"excerpt":{"rendered":"<ul>\n<li>Callum Johnson, lateral-direito do Gateshead, anunciou a retirada aos 29 anos devido a les\u00f5es constantes nas \u00faltimas duas \u00e9pocas e meia.<\/li>\n<li>O jogador, formado no Middlesbrough, passou por v\u00e1rias equipa do futebol ingl\u00eas, incluindo Accrington Stanley, Portsmouth, Fleetwood Town, Mansfield Town e Bradford City, antes de representar o Gateshead.<\/li>\n<li>Em comunicado partilhado pelo clube, Johnson explicou que o corpo j\u00e1 n\u00e3o aguenta o ritmo e que as 14 les\u00f5es musculares contribu\u00edram para a decis\u00e3o.<\/li>\n<li>Vai apostar em treinos especializados para jovens jogadores, segundo o pr\u00f3prio an\u00fancio.<\/li>\n<li>O texto agradece aos adeptos, colegas de balne\u00e1rio, treinadores e equipas t\u00e9cnicas pelo apoio e pela confian\u00e7a ao longo da carreira.<\/li>\n<\/ul>\n","protected":false},"author":2,"featured_media":419458,"comment_status":"closed","ping_status":"closed","sticky":false,"template":"","format":"standard","meta":{"footnotes":""},"categories":[21,24],"tags":[152,32,3338,184,4591,242],"class_list":["post-419453","post","type-post","status-publish","format-standard","has-post-thumbnail","hentry","category-desporto","category-futebol","tag-desporto","tag-futebol","tag-futebol-internacional","tag-futebolista","tag-inglaterra","tag-jogadores"],"yoast_head":"<!-- This site is optimized with the Yoast SEO plugin v27.2 - https:\/\/yoast.com\/product\/yoast-seo-wordpress\/ -->\n<title>Lateral ingl\u00eas encerra carreira aos 29 anos por cansa\u00e7o f\u00edsico - Portal Tela Portugal<\/title>\n<meta name=\"robots\" content=\"index, follow, max-snippet:-1, max-image-preview:large, max-video-preview:-1\" \/>\n<meta property=\"og:locale\" content=\"pt_PT\" \/>\n<meta property=\"og:type\" content=\"article\" \/>\n<meta property=\"og:title\" content=\"Lateral ingl\u00eas encerra carreira aos 29 anos por cansa\u00e7o f\u00edsico - Portal Tela Portugal\" \/>\n<meta property=\"og:description\" content=\"Callum Johnson, lateral-direito do Gateshead, anunciou a retirada aos 29 anos devido a les\u00f5es constantes nas \u00faltimas duas \u00e9pocas e meia. O jogador, formado no Middlesbrough, passou por v\u00e1rias equipa do futebol ingl\u00eas, incluindo Accrington Stanley, Portsmouth, Fleetwood Town, Mansfield Town e Bradford City, antes de representar o Gateshead. Em comunicado partilhado pelo clube, Johnson explicou que o corpo j\u00e1 n\u00e3o aguenta o ritmo e que as 14 les\u00f5es musculares contribu\u00edram para a decis\u00e3o. Vai apostar em treinos especializados para jovens jogadores, segundo o pr\u00f3prio an\u00fancio. O texto agradece aos adeptos, colegas de balne\u00e1rio, treinadores e equipas t\u00e9cnicas pelo apoio e pela confian\u00e7a ao longo da carreira.\" \/>\n<meta property=\"og:url\" content=\"https:\/\/portaltela.pt\/noticias\/2026\/03\/24\/lateral-ingles-encerra-carreira-aos-29-anos-por-cansaco-fisico\/\" \/>\n<meta property=\"og:site_name\" content=\"Portal Tela Portugal\" \/>\n<meta property=\"article:published_time\" content=\"2026-03-24T11:38:21+00:00\" \/>\n<meta name=\"author\" content=\"Telinha\" \/>\n<meta name=\"twitter:card\" content=\"summary_large_image\" \/>\n<meta name=\"twitter:label1\" content=\"Escrito por\" \/>\n\t<meta name=\"twitter:data1\" content=\"Telinha\" \/>\n\t<meta name=\"twitter:label2\" content=\"Tempo estimado de leitura\" \/>\n\t<meta name=\"twitter:data2\" content=\"1 minuto\" \/>\n<script type=\"application\/ld+json\" class=\"yoast-schema-graph\">{\"@context\":\"https:\/\/schema.org\",\"@graph\":[{\"@type\":\"Article\",\"@id\":\"https:\/\/portaltela.pt\/noticias\/2026\/03\/24\/lateral-ingles-encerra-carreira-aos-29-anos-por-cansaco-fisico\/#article\",\"isPartOf\":{\"@id\":\"https:\/\/portaltela.pt\/noticias\/2026\/03\/24\/lateral-ingles-encerra-carreira-aos-29-anos-por-cansaco-fisico\/\"},\"author\":{\"name\":\"Telinha\",\"@id\":\"https:\/\/portaltela.pt\/#\/schema\/person\/c4278d4a6028830caff9ee44b42d32ed\"},\"headline\":\"Lateral ingl\u00eas encerra carreira aos 29 anos por cansa\u00e7o f\u00edsico\",\"datePublished\":\"2026-03-24T11:38:21+00:00\",\"mainEntityOfPage\":{\"@id\":\"https:\/\/portaltela.pt\/noticias\/2026\/03\/24\/lateral-ingles-encerra-carreira-aos-29-anos-por-cansaco-fisico\/\"},\"wordCount\":230,\"image\":{\"@id\":\"https:\/\/portaltela.pt\/noticias\/2026\/03\/24\/lateral-ingles-encerra-carreira-aos-29-anos-por-cansaco-fisico\/#primaryimage\"},\"thumbnailUrl\":\"https:\/\/portaltela.pt\/s.01k8rhncp4jt1\/2026\/03\/img_920x518uu2026-03-24-11-38-00-2429085.jpg\",\"keywords\":[\"desporto\",\"futebol\",\"futebol internacional\",\"futebolista\",\"Inglaterra\",\"jogadores\"],\"articleSection\":[\"Desporto\",\"Futebol\"],\"inLanguage\":\"pt-PT\"},{\"@type\":\"WebPage\",\"@id\":\"https:\/\/portaltela.pt\/noticias\/2026\/03\/24\/lateral-ingles-encerra-carreira-aos-29-anos-por-cansaco-fisico\/\",\"url\":\"https:\/\/portaltela.pt\/noticias\/2026\/03\/24\/lateral-ingles-encerra-carreira-aos-29-anos-por-cansaco-fisico\/\",\"name\":\"Lateral ingl\u00eas encerra carreira aos 29 anos por cansa\u00e7o f\u00edsico - Portal Tela Portugal\",\"isPartOf\":{\"@id\":\"https:\/\/portaltela.pt\/#website\"},\"primaryImageOfPage\":{\"@id\":\"https:\/\/portaltela.pt\/noticias\/2026\/03\/24\/lateral-ingles-encerra-carreira-aos-29-anos-por-cansaco-fisico\/#primaryimage\"},\"image\":{\"@id\":\"https:\/\/portaltela.pt\/noticias\/2026\/03\/24\/lateral-ingles-encerra-carreira-aos-29-anos-por-cansaco-fisico\/#primaryimage\"},\"thumbnailUrl\":\"https:\/\/portaltela.pt\/s.01k8rhncp4jt1\/2026\/03\/img_920x518uu2026-03-24-11-38-00-2429085.jpg\",\"datePublished\":\"2026-03-24T11:38:21+00:00\",\"author\":{\"@id\":\"https:\/\/portaltela.pt\/#\/schema\/person\/c4278d4a6028830caff9ee44b42d32ed\"},\"breadcrumb\":{\"@id\":\"https:\/\/portaltela.pt\/noticias\/2026\/03\/24\/lateral-ingles-encerra-carreira-aos-29-anos-por-cansaco-fisico\/#breadcrumb\"},\"inLanguage\":\"pt-PT\",\"potentialAction\":[{\"@type\":\"ReadAction\",\"target\":[\"https:\/\/portaltela.pt\/noticias\/2026\/03\/24\/lateral-ingles-encerra-carreira-aos-29-anos-por-cansaco-fisico\/\"]}]},{\"@type\":\"ImageObject\",\"inLanguage\":\"pt-PT\",\"@id\":\"https:\/\/portaltela.pt\/noticias\/2026\/03\/24\/lateral-ingles-encerra-carreira-aos-29-anos-por-cansaco-fisico\/#primaryimage\",\"url\":\"https:\/\/portaltela.pt\/s.01k8rhncp4jt1\/2026\/03\/img_920x518uu2026-03-24-11-38-00-2429085.jpg\",\"contentUrl\":\"https:\/\/portaltela.pt\/s.01k8rhncp4jt1\/2026\/03\/img_920x518uu2026-03-24-11-38-00-2429085.jpg\",\"width\":796,\"height\":448,\"caption\":\"Callum Johnson\"},{\"@type\":\"BreadcrumbList\",\"@id\":\"https:\/\/portaltela.pt\/noticias\/2026\/03\/24\/lateral-ingles-encerra-carreira-aos-29-anos-por-cansaco-fisico\/#breadcrumb\",\"itemListElement\":[{\"@type\":\"ListItem\",\"position\":1,\"name\":\"In\u00edcio\",\"item\":\"https:\/\/portaltela.pt\/\"},{\"@type\":\"ListItem\",\"position\":2,\"name\":\"Lateral ingl\u00eas encerra carreira aos 29 anos por cansa\u00e7o f\u00edsico\"}]},{\"@type\":\"WebSite\",\"@id\":\"https:\/\/portaltela.pt\/#website\",\"url\":\"https:\/\/portaltela.pt\/\",\"name\":\"Portal Tela Portugal\",\"description\":\"\",\"potentialAction\":[{\"@type\":\"SearchAction\",\"target\":{\"@type\":\"EntryPoint\",\"urlTemplate\":\"https:\/\/portaltela.pt\/?s={search_term_string}\"},\"query-input\":{\"@type\":\"PropertyValueSpecification\",\"valueRequired\":true,\"valueName\":\"search_term_string\"}}],\"inLanguage\":\"pt-PT\"},{\"@type\":\"Person\",\"@id\":\"https:\/\/portaltela.pt\/#\/schema\/person\/c4278d4a6028830caff9ee44b42d32ed\",\"name\":\"Telinha\",\"image\":{\"@type\":\"ImageObject\",\"inLanguage\":\"pt-PT\",\"@id\":\"https:\/\/portaltela.pt\/s.01k8rhncp4jt1\/2025\/11\/talking-bot-125x125.png\",\"url\":\"https:\/\/portaltela.pt\/s.01k8rhncp4jt1\/2025\/11\/talking-bot-125x125.png\",\"contentUrl\":\"https:\/\/portaltela.pt\/s.01k8rhncp4jt1\/2025\/11\/talking-bot-125x125.png\",\"caption\":\"Telinha\"},\"sameAs\":[\"https:\/\/portaltela.pt\/\"],\"url\":\"https:\/\/portaltela.pt\/por\/367410592786\/\"}]}<\/script>\n<!-- \/ Yoast SEO plugin. -->","yoast_head_json":{"title":"Lateral ingl\u00eas encerra carreira aos 29 anos por cansa\u00e7o f\u00edsico - Portal Tela Portugal","robots":{"index":"index","follow":"follow","max-snippet":"max-snippet:-1","max-image-preview":"max-image-preview:large","max-video-preview":"max-video-preview:-1"},"og_locale":"pt_PT","og_type":"article","og_title":"Lateral ingl\u00eas encerra carreira aos 29 anos por cansa\u00e7o f\u00edsico - Portal Tela Portugal","og_description":"Callum Johnson, lateral-direito do Gateshead, anunciou a retirada aos 29 anos devido a les\u00f5es constantes nas \u00faltimas duas \u00e9pocas e meia. O jogador, formado no Middlesbrough, passou por v\u00e1rias equipa do futebol ingl\u00eas, incluindo Accrington Stanley, Portsmouth, Fleetwood Town, Mansfield Town e Bradford City, antes de representar o Gateshead. Em comunicado partilhado pelo clube, Johnson explicou que o corpo j\u00e1 n\u00e3o aguenta o ritmo e que as 14 les\u00f5es musculares contribu\u00edram para a decis\u00e3o. Vai apostar em treinos especializados para jovens jogadores, segundo o pr\u00f3prio an\u00fancio. O texto agradece aos adeptos, colegas de balne\u00e1rio, treinadores e equipas t\u00e9cnicas pelo apoio e pela confian\u00e7a ao longo da carreira.","og_url":"https:\/\/portaltela.pt\/noticias\/2026\/03\/24\/lateral-ingles-encerra-carreira-aos-29-anos-por-cansaco-fisico\/","og_site_name":"Portal Tela Portugal","article_published_time":"2026-03-24T11:38:21+00:00","author":"Telinha","twitter_card":"summary_large_image","twitter_misc":{"Escrito por":"Telinha","Tempo estimado de leitura":"1 minuto"},"schema":{"@context":"https:\/\/schema.org","@graph":[{"@type":"Article","@id":"https:\/\/portaltela.pt\/noticias\/2026\/03\/24\/lateral-ingles-encerra-carreira-aos-29-anos-por-cansaco-fisico\/#article","isPartOf":{"@id":"https:\/\/portaltela.pt\/noticias\/2026\/03\/24\/lateral-ingles-encerra-carreira-aos-29-anos-por-cansaco-fisico\/"},"author":{"name":"Telinha","@id":"https:\/\/portaltela.pt\/#\/schema\/person\/c4278d4a6028830caff9ee44b42d32ed"},"headline":"Lateral ingl\u00eas encerra carreira aos 29 anos por cansa\u00e7o f\u00edsico","datePublished":"2026-03-24T11:38:21+00:00","mainEntityOfPage":{"@id":"https:\/\/portaltela.pt\/noticias\/2026\/03\/24\/lateral-ingles-encerra-carreira-aos-29-anos-por-cansaco-fisico\/"},"wordCount":230,"image":{"@id":"https:\/\/portaltela.pt\/noticias\/2026\/03\/24\/lateral-ingles-encerra-carreira-aos-29-anos-por-cansaco-fisico\/#primaryimage"},"thumbnailUrl":"https:\/\/portaltela.pt\/s.01k8rhncp4jt1\/2026\/03\/img_920x518uu2026-03-24-11-38-00-2429085.jpg","keywords":["desporto","futebol","futebol internacional","futebolista","Inglaterra","jogadores"],"articleSection":["Desporto","Futebol"],"inLanguage":"pt-PT"},{"@type":"WebPage","@id":"https:\/\/portaltela.pt\/noticias\/2026\/03\/24\/lateral-ingles-encerra-carreira-aos-29-anos-por-cansaco-fisico\/","url":"https:\/\/portaltela.pt\/noticias\/2026\/03\/24\/lateral-ingles-encerra-carreira-aos-29-anos-por-cansaco-fisico\/","name":"Lateral ingl\u00eas encerra carreira aos 29 anos por cansa\u00e7o f\u00edsico - Portal Tela Portugal","isPartOf":{"@id":"https:\/\/portaltela.pt\/#website"},"primaryImageOfPage":{"@id":"https:\/\/portaltela.pt\/noticias\/2026\/03\/24\/lateral-ingles-encerra-carreira-aos-29-anos-por-cansaco-fisico\/#primaryimage"},"image":{"@id":"https:\/\/portaltela.pt\/noticias\/2026\/03\/24\/lateral-ingles-encerra-carreira-aos-29-anos-por-cansaco-fisico\/#primaryimage"},"thumbnailUrl":"https:\/\/portaltela.pt\/s.01k8rhncp4jt1\/2026\/03\/img_920x518uu2026-03-24-11-38-00-2429085.jpg","datePublished":"2026-03-24T11:38:21+00:00","author":{"@id":"https:\/\/portaltela.pt\/#\/schema\/person\/c4278d4a6028830caff9ee44b42d32ed"},"breadcrumb":{"@id":"https:\/\/portaltela.pt\/noticias\/2026\/03\/24\/lateral-ingles-encerra-carreira-aos-29-anos-por-cansaco-fisico\/#breadcrumb"},"inLanguage":"pt-PT","potentialAction":[{"@type":"ReadAction","target":["https:\/\/portaltela.pt\/noticias\/2026\/03\/24\/lateral-ingles-encerra-carreira-aos-29-anos-por-cansaco-fisico\/"]}]},{"@type":"ImageObject","inLanguage":"pt-PT","@id":"https:\/\/portaltela.pt\/noticias\/2026\/03\/24\/lateral-ingles-encerra-carreira-aos-29-anos-por-cansaco-fisico\/#primaryimage","url":"https:\/\/portaltela.pt\/s.01k8rhncp4jt1\/2026\/03\/img_920x518uu2026-03-24-11-38-00-2429085.jpg","contentUrl":"https:\/\/portaltela.pt\/s.01k8rhncp4jt1\/2026\/03\/img_920x518uu2026-03-24-11-38-00-2429085.jpg","width":796,"height":448,"caption":"Callum Johnson"},{"@type":"BreadcrumbList","@id":"https:\/\/portaltela.pt\/noticias\/2026\/03\/24\/lateral-ingles-encerra-carreira-aos-29-anos-por-cansaco-fisico\/#breadcrumb","itemListElement":[{"@type":"ListItem","position":1,"name":"In\u00edcio","item":"https:\/\/portaltela.pt\/"},{"@type":"ListItem","position":2,"name":"Lateral ingl\u00eas encerra carreira aos 29 anos por cansa\u00e7o f\u00edsico"}]},{"@type":"WebSite","@id":"https:\/\/portaltela.pt\/#website","url":"https:\/\/portaltela.pt\/","name":"Portal Tela Portugal","description":"","potentialAction":[{"@type":"SearchAction","target":{"@type":"EntryPoint","urlTemplate":"https:\/\/portaltela.pt\/?s={search_term_string}"},"query-input":{"@type":"PropertyValueSpecification","valueRequired":true,"valueName":"search_term_string"}}],"inLanguage":"pt-PT"},{"@type":"Person","@id":"https:\/\/portaltela.pt\/#\/schema\/person\/c4278d4a6028830caff9ee44b42d32ed","name":"Telinha","image":{"@type":"ImageObject","inLanguage":"pt-PT","@id":"https:\/\/portaltela.pt\/s.01k8rhncp4jt1\/2025\/11\/talking-bot-125x125.png","url":"https:\/\/portaltela.pt\/s.01k8rhncp4jt1\/2025\/11\/talking-bot-125x125.png","contentUrl":"https:\/\/portaltela.pt\/s.01k8rhncp4jt1\/2025\/11\/talking-bot-125x125.png","caption":"Telinha"},"sameAs":["https:\/\/portaltela.pt\/"],"url":"https:\/\/portaltela.pt\/por\/367410592786\/"}]}},"_links":{"self":[{"href":"https:\/\/portaltela.pt\/api\/wp\/v2\/posts\/419453","targetHints":{"allow":["GET"]}}],"collection":[{"href":"https:\/\/portaltela.pt\/api\/wp\/v2\/posts"}],"about":[{"href":"https:\/\/portaltela.pt\/api\/wp\/v2\/types\/post"}],"author":[{"embeddable":true,"href":"https:\/\/portaltela.pt\/api\/wp\/v2\/users\/2"}],"replies":[{"embeddable":true,"href":"https:\/\/portaltela.pt\/api\/wp\/v2\/comments?post=419453"}],"version-history":[{"count":0,"href":"https:\/\/portaltela.pt\/api\/wp\/v2\/posts\/419453\/revisions"}],"wp:featuredmedia":[{"embeddable":true,"href":"https:\/\/portaltela.pt\/api\/wp\/v2\/media\/419458"}],"wp:attachment":[{"href":"https:\/\/portaltela.pt\/api\/wp\/v2\/media?parent=419453"}],"wp:term":[{"taxonomy":"category","embeddable":true,"href":"https:\/\/portaltela.pt\/api\/wp\/v2\/categories?post=419453"},{"taxonomy":"post_tag","embeddable":true,"href":"https:\/\/portaltela.pt\/api\/wp\/v2\/tags?post=419453"}],"curies":[{"name":"wp","href":"https:\/\/api.w.org\/{rel}","templated":true}]}}