{"id":419451,"date":"2026-03-24T08:19:00","date_gmt":"2026-03-24T11:19:00","guid":{"rendered":"https:\/\/portaltela.pt\/noticias\/2026\/03\/24\/mundial-2026-pedro-goncalves-e-joao-neves-ausentes-do-treino-de-portugal\/"},"modified":"2026-03-24T08:19:00","modified_gmt":"2026-03-24T11:19:00","slug":"mundial-2026-pedro-goncalves-e-joao-neves-ausentes-do-treino-de-portugal","status":"publish","type":"post","link":"https:\/\/portaltela.pt\/desporto\/copa-do-mundo\/2026\/03\/24\/mundial-2026-pedro-goncalves-e-joao-neves-ausentes-do-treino-de-portugal\/","title":{"rendered":"Mundial 2026: Pedro Gon\u00e7alves e Jo\u00e3o Neves ausentes do treino de Portugal"},"content":{"rendered":"<p>Durante a sess\u00e3o de treino da sele\u00e7\u00e3o portuguesa, hoje, Pedro Gon\u00e7alves e Jo\u00e3o Neves estiveram ausentes. A equipa prepara-se para compromissos associados ao Mundial2026.<\/p>\n<p>Os dois jogadores, integrados no conjunto lusitano, n\u00e3o participaram nas atividades t\u00e9cnicas habituais. O motivo das aus\u00eancias n\u00e3o foi divulgado pela equipa t\u00e9cnica at\u00e9 ao momento.<\/p>\n<p>O treino ocorreu no centro de treinos habitual, com o plantel mantendo a normalidade noutras zonas da sess\u00e3o. N\u00e3o houve confirma\u00e7\u00e3o p\u00fablica de raz\u00f5es oficiais para as aus\u00eancias.<\/p>\n","protected":false},"excerpt":{"rendered":"<ul>\n<li>Pedro Gon\u00e7alves e Jo\u00e3o Neves ausentes do treino da sele\u00e7\u00e3o de Portugal.<\/li>\n<li>O destaque \u00e9 para a prepara\u00e7\u00e3o de Portugal para o Mundial 2026.<\/li>\n<li>O conte\u00fado completo est\u00e1 dispon\u00edvel apenas para subscritores.<\/li>\n<li>O excerto n\u00e3o cont\u00e9m detalhes adicionais sobre a aus\u00eancia.<\/li>\n<\/ul>\n","protected":false},"author":2,"featured_media":419452,"comment_status":"closed","ping_status":"closed","sticky":false,"template":"","format":"standard","meta":{"footnotes":""},"categories":[6695,21],"tags":[6367,90,2626,3373,1014,2057],"class_list":["post-419451","post","type-post","status-publish","format-standard","has-post-thumbnail","hentry","category-copa-do-mundo","category-desporto","tag-copa2026","tag-copa-do-mundo","tag-joao-neves","tag-pedro-goncalves","tag-portugal","tag-selecao-nacional"],"yoast_head":"<!-- This site is optimized with the Yoast SEO plugin v27.2 - https:\/\/yoast.com\/product\/yoast-seo-wordpress\/ -->\n<title>Mundial 2026: Pedro Gon\u00e7alves e Jo\u00e3o Neves ausentes do treino de Portugal - Portal Tela Portugal<\/title>\n<meta name=\"robots\" content=\"index, follow, max-snippet:-1, max-image-preview:large, max-video-preview:-1\" \/>\n<meta property=\"og:locale\" content=\"pt_PT\" \/>\n<meta property=\"og:type\" content=\"article\" \/>\n<meta property=\"og:title\" content=\"Mundial 2026: Pedro Gon\u00e7alves e Jo\u00e3o Neves ausentes do treino de Portugal - Portal Tela Portugal\" \/>\n<meta property=\"og:description\" content=\"Pedro Gon\u00e7alves e Jo\u00e3o Neves ausentes do treino da sele\u00e7\u00e3o de Portugal. O destaque \u00e9 para a prepara\u00e7\u00e3o de Portugal para o Mundial 2026. O conte\u00fado completo est\u00e1 dispon\u00edvel apenas para subscritores. O excerto n\u00e3o cont\u00e9m detalhes adicionais sobre a aus\u00eancia.\" \/>\n<meta property=\"og:url\" content=\"https:\/\/portaltela.pt\/noticias\/2026\/03\/24\/mundial-2026-pedro-goncalves-e-joao-neves-ausentes-do-treino-de-portugal\/\" \/>\n<meta property=\"og:site_name\" content=\"Portal Tela Portugal\" \/>\n<meta property=\"article:published_time\" content=\"2026-03-24T11:19:00+00:00\" \/>\n<meta name=\"author\" content=\"Telinha\" \/>\n<meta name=\"twitter:card\" content=\"summary_large_image\" \/>\n<meta name=\"twitter:label1\" content=\"Escrito por\" \/>\n\t<meta name=\"twitter:data1\" content=\"Telinha\" \/>\n<script type=\"application\/ld+json\" class=\"yoast-schema-graph\">{\"@context\":\"https:\/\/schema.org\",\"@graph\":[{\"@type\":\"Article\",\"@id\":\"https:\/\/portaltela.pt\/noticias\/2026\/03\/24\/mundial-2026-pedro-goncalves-e-joao-neves-ausentes-do-treino-de-portugal\/#article\",\"isPartOf\":{\"@id\":\"https:\/\/portaltela.pt\/noticias\/2026\/03\/24\/mundial-2026-pedro-goncalves-e-joao-neves-ausentes-do-treino-de-portugal\/\"},\"author\":{\"name\":\"Telinha\",\"@id\":\"https:\/\/portaltela.pt\/#\/schema\/person\/c4278d4a6028830caff9ee44b42d32ed\"},\"headline\":\"Mundial 2026: Pedro Gon\u00e7alves e Jo\u00e3o Neves ausentes do treino de Portugal\",\"datePublished\":\"2026-03-24T11:19:00+00:00\",\"mainEntityOfPage\":{\"@id\":\"https:\/\/portaltela.pt\/noticias\/2026\/03\/24\/mundial-2026-pedro-goncalves-e-joao-neves-ausentes-do-treino-de-portugal\/\"},\"wordCount\":106,\"image\":{\"@id\":\"https:\/\/portaltela.pt\/noticias\/2026\/03\/24\/mundial-2026-pedro-goncalves-e-joao-neves-ausentes-do-treino-de-portugal\/#primaryimage\"},\"thumbnailUrl\":\"https:\/\/portaltela.pt\/s.01k8rhncp4jt1\/2026\/03\/CACHE_780X1200_ANALOG_WATERMARKED_46813985_4480939_24032026111715.jpg\",\"keywords\":[\"#copa2026\",\"copa do mundo\",\"Jo\u00e3o Neves\",\"Pedro Gon\u00e7alves\",\"Portugal\",\"Sele\u00e7\u00e3o Nacional\"],\"articleSection\":[\"Copa do Mundo\",\"Desporto\"],\"inLanguage\":\"pt-PT\"},{\"@type\":\"WebPage\",\"@id\":\"https:\/\/portaltela.pt\/noticias\/2026\/03\/24\/mundial-2026-pedro-goncalves-e-joao-neves-ausentes-do-treino-de-portugal\/\",\"url\":\"https:\/\/portaltela.pt\/noticias\/2026\/03\/24\/mundial-2026-pedro-goncalves-e-joao-neves-ausentes-do-treino-de-portugal\/\",\"name\":\"Mundial 2026: Pedro Gon\u00e7alves e Jo\u00e3o Neves ausentes do treino de Portugal - Portal Tela Portugal\",\"isPartOf\":{\"@id\":\"https:\/\/portaltela.pt\/#website\"},\"primaryImageOfPage\":{\"@id\":\"https:\/\/portaltela.pt\/noticias\/2026\/03\/24\/mundial-2026-pedro-goncalves-e-joao-neves-ausentes-do-treino-de-portugal\/#primaryimage\"},\"image\":{\"@id\":\"https:\/\/portaltela.pt\/noticias\/2026\/03\/24\/mundial-2026-pedro-goncalves-e-joao-neves-ausentes-do-treino-de-portugal\/#primaryimage\"},\"thumbnailUrl\":\"https:\/\/portaltela.pt\/s.01k8rhncp4jt1\/2026\/03\/CACHE_780X1200_ANALOG_WATERMARKED_46813985_4480939_24032026111715.jpg\",\"datePublished\":\"2026-03-24T11:19:00+00:00\",\"author\":{\"@id\":\"https:\/\/portaltela.pt\/#\/schema\/person\/c4278d4a6028830caff9ee44b42d32ed\"},\"breadcrumb\":{\"@id\":\"https:\/\/portaltela.pt\/noticias\/2026\/03\/24\/mundial-2026-pedro-goncalves-e-joao-neves-ausentes-do-treino-de-portugal\/#breadcrumb\"},\"inLanguage\":\"pt-PT\",\"potentialAction\":[{\"@type\":\"ReadAction\",\"target\":[\"https:\/\/portaltela.pt\/noticias\/2026\/03\/24\/mundial-2026-pedro-goncalves-e-joao-neves-ausentes-do-treino-de-portugal\/\"]}]},{\"@type\":\"ImageObject\",\"inLanguage\":\"pt-PT\",\"@id\":\"https:\/\/portaltela.pt\/noticias\/2026\/03\/24\/mundial-2026-pedro-goncalves-e-joao-neves-ausentes-do-treino-de-portugal\/#primaryimage\",\"url\":\"https:\/\/portaltela.pt\/s.01k8rhncp4jt1\/2026\/03\/CACHE_780X1200_ANALOG_WATERMARKED_46813985_4480939_24032026111715.jpg\",\"contentUrl\":\"https:\/\/portaltela.pt\/s.01k8rhncp4jt1\/2026\/03\/CACHE_780X1200_ANALOG_WATERMARKED_46813985_4480939_24032026111715.jpg\",\"width\":796,\"height\":448,\"caption\":\"Mundial2026: Pedro Gon\u00e7alves e Jo\u00e3o Neves ausentes do treino de Portugal\"},{\"@type\":\"BreadcrumbList\",\"@id\":\"https:\/\/portaltela.pt\/noticias\/2026\/03\/24\/mundial-2026-pedro-goncalves-e-joao-neves-ausentes-do-treino-de-portugal\/#breadcrumb\",\"itemListElement\":[{\"@type\":\"ListItem\",\"position\":1,\"name\":\"In\u00edcio\",\"item\":\"https:\/\/portaltela.pt\/\"},{\"@type\":\"ListItem\",\"position\":2,\"name\":\"Mundial 2026: Pedro Gon\u00e7alves e Jo\u00e3o Neves ausentes do treino de Portugal\"}]},{\"@type\":\"WebSite\",\"@id\":\"https:\/\/portaltela.pt\/#website\",\"url\":\"https:\/\/portaltela.pt\/\",\"name\":\"Portal Tela Portugal\",\"description\":\"\",\"potentialAction\":[{\"@type\":\"SearchAction\",\"target\":{\"@type\":\"EntryPoint\",\"urlTemplate\":\"https:\/\/portaltela.pt\/?s={search_term_string}\"},\"query-input\":{\"@type\":\"PropertyValueSpecification\",\"valueRequired\":true,\"valueName\":\"search_term_string\"}}],\"inLanguage\":\"pt-PT\"},{\"@type\":\"Person\",\"@id\":\"https:\/\/portaltela.pt\/#\/schema\/person\/c4278d4a6028830caff9ee44b42d32ed\",\"name\":\"Telinha\",\"image\":{\"@type\":\"ImageObject\",\"inLanguage\":\"pt-PT\",\"@id\":\"https:\/\/portaltela.pt\/s.01k8rhncp4jt1\/2025\/11\/talking-bot-125x125.png\",\"url\":\"https:\/\/portaltela.pt\/s.01k8rhncp4jt1\/2025\/11\/talking-bot-125x125.png\",\"contentUrl\":\"https:\/\/portaltela.pt\/s.01k8rhncp4jt1\/2025\/11\/talking-bot-125x125.png\",\"caption\":\"Telinha\"},\"sameAs\":[\"https:\/\/portaltela.pt\/\"],\"url\":\"https:\/\/portaltela.pt\/por\/367410592786\/\"}]}<\/script>\n<!-- \/ Yoast SEO plugin. -->","yoast_head_json":{"title":"Mundial 2026: Pedro Gon\u00e7alves e Jo\u00e3o Neves ausentes do treino de Portugal - Portal Tela Portugal","robots":{"index":"index","follow":"follow","max-snippet":"max-snippet:-1","max-image-preview":"max-image-preview:large","max-video-preview":"max-video-preview:-1"},"og_locale":"pt_PT","og_type":"article","og_title":"Mundial 2026: Pedro Gon\u00e7alves e Jo\u00e3o Neves ausentes do treino de Portugal - Portal Tela Portugal","og_description":"Pedro Gon\u00e7alves e Jo\u00e3o Neves ausentes do treino da sele\u00e7\u00e3o de Portugal. O destaque \u00e9 para a prepara\u00e7\u00e3o de Portugal para o Mundial 2026. O conte\u00fado completo est\u00e1 dispon\u00edvel apenas para subscritores. O excerto n\u00e3o cont\u00e9m detalhes adicionais sobre a aus\u00eancia.","og_url":"https:\/\/portaltela.pt\/noticias\/2026\/03\/24\/mundial-2026-pedro-goncalves-e-joao-neves-ausentes-do-treino-de-portugal\/","og_site_name":"Portal Tela Portugal","article_published_time":"2026-03-24T11:19:00+00:00","author":"Telinha","twitter_card":"summary_large_image","twitter_misc":{"Escrito por":"Telinha"},"schema":{"@context":"https:\/\/schema.org","@graph":[{"@type":"Article","@id":"https:\/\/portaltela.pt\/noticias\/2026\/03\/24\/mundial-2026-pedro-goncalves-e-joao-neves-ausentes-do-treino-de-portugal\/#article","isPartOf":{"@id":"https:\/\/portaltela.pt\/noticias\/2026\/03\/24\/mundial-2026-pedro-goncalves-e-joao-neves-ausentes-do-treino-de-portugal\/"},"author":{"name":"Telinha","@id":"https:\/\/portaltela.pt\/#\/schema\/person\/c4278d4a6028830caff9ee44b42d32ed"},"headline":"Mundial 2026: Pedro Gon\u00e7alves e Jo\u00e3o Neves ausentes do treino de Portugal","datePublished":"2026-03-24T11:19:00+00:00","mainEntityOfPage":{"@id":"https:\/\/portaltela.pt\/noticias\/2026\/03\/24\/mundial-2026-pedro-goncalves-e-joao-neves-ausentes-do-treino-de-portugal\/"},"wordCount":106,"image":{"@id":"https:\/\/portaltela.pt\/noticias\/2026\/03\/24\/mundial-2026-pedro-goncalves-e-joao-neves-ausentes-do-treino-de-portugal\/#primaryimage"},"thumbnailUrl":"https:\/\/portaltela.pt\/s.01k8rhncp4jt1\/2026\/03\/CACHE_780X1200_ANALOG_WATERMARKED_46813985_4480939_24032026111715.jpg","keywords":["#copa2026","copa do mundo","Jo\u00e3o Neves","Pedro Gon\u00e7alves","Portugal","Sele\u00e7\u00e3o Nacional"],"articleSection":["Copa do Mundo","Desporto"],"inLanguage":"pt-PT"},{"@type":"WebPage","@id":"https:\/\/portaltela.pt\/noticias\/2026\/03\/24\/mundial-2026-pedro-goncalves-e-joao-neves-ausentes-do-treino-de-portugal\/","url":"https:\/\/portaltela.pt\/noticias\/2026\/03\/24\/mundial-2026-pedro-goncalves-e-joao-neves-ausentes-do-treino-de-portugal\/","name":"Mundial 2026: Pedro Gon\u00e7alves e Jo\u00e3o Neves ausentes do treino de Portugal - Portal Tela Portugal","isPartOf":{"@id":"https:\/\/portaltela.pt\/#website"},"primaryImageOfPage":{"@id":"https:\/\/portaltela.pt\/noticias\/2026\/03\/24\/mundial-2026-pedro-goncalves-e-joao-neves-ausentes-do-treino-de-portugal\/#primaryimage"},"image":{"@id":"https:\/\/portaltela.pt\/noticias\/2026\/03\/24\/mundial-2026-pedro-goncalves-e-joao-neves-ausentes-do-treino-de-portugal\/#primaryimage"},"thumbnailUrl":"https:\/\/portaltela.pt\/s.01k8rhncp4jt1\/2026\/03\/CACHE_780X1200_ANALOG_WATERMARKED_46813985_4480939_24032026111715.jpg","datePublished":"2026-03-24T11:19:00+00:00","author":{"@id":"https:\/\/portaltela.pt\/#\/schema\/person\/c4278d4a6028830caff9ee44b42d32ed"},"breadcrumb":{"@id":"https:\/\/portaltela.pt\/noticias\/2026\/03\/24\/mundial-2026-pedro-goncalves-e-joao-neves-ausentes-do-treino-de-portugal\/#breadcrumb"},"inLanguage":"pt-PT","potentialAction":[{"@type":"ReadAction","target":["https:\/\/portaltela.pt\/noticias\/2026\/03\/24\/mundial-2026-pedro-goncalves-e-joao-neves-ausentes-do-treino-de-portugal\/"]}]},{"@type":"ImageObject","inLanguage":"pt-PT","@id":"https:\/\/portaltela.pt\/noticias\/2026\/03\/24\/mundial-2026-pedro-goncalves-e-joao-neves-ausentes-do-treino-de-portugal\/#primaryimage","url":"https:\/\/portaltela.pt\/s.01k8rhncp4jt1\/2026\/03\/CACHE_780X1200_ANALOG_WATERMARKED_46813985_4480939_24032026111715.jpg","contentUrl":"https:\/\/portaltela.pt\/s.01k8rhncp4jt1\/2026\/03\/CACHE_780X1200_ANALOG_WATERMARKED_46813985_4480939_24032026111715.jpg","width":796,"height":448,"caption":"Mundial2026: Pedro Gon\u00e7alves e Jo\u00e3o Neves ausentes do treino de Portugal"},{"@type":"BreadcrumbList","@id":"https:\/\/portaltela.pt\/noticias\/2026\/03\/24\/mundial-2026-pedro-goncalves-e-joao-neves-ausentes-do-treino-de-portugal\/#breadcrumb","itemListElement":[{"@type":"ListItem","position":1,"name":"In\u00edcio","item":"https:\/\/portaltela.pt\/"},{"@type":"ListItem","position":2,"name":"Mundial 2026: Pedro Gon\u00e7alves e Jo\u00e3o Neves ausentes do treino de Portugal"}]},{"@type":"WebSite","@id":"https:\/\/portaltela.pt\/#website","url":"https:\/\/portaltela.pt\/","name":"Portal Tela Portugal","description":"","potentialAction":[{"@type":"SearchAction","target":{"@type":"EntryPoint","urlTemplate":"https:\/\/portaltela.pt\/?s={search_term_string}"},"query-input":{"@type":"PropertyValueSpecification","valueRequired":true,"valueName":"search_term_string"}}],"inLanguage":"pt-PT"},{"@type":"Person","@id":"https:\/\/portaltela.pt\/#\/schema\/person\/c4278d4a6028830caff9ee44b42d32ed","name":"Telinha","image":{"@type":"ImageObject","inLanguage":"pt-PT","@id":"https:\/\/portaltela.pt\/s.01k8rhncp4jt1\/2025\/11\/talking-bot-125x125.png","url":"https:\/\/portaltela.pt\/s.01k8rhncp4jt1\/2025\/11\/talking-bot-125x125.png","contentUrl":"https:\/\/portaltela.pt\/s.01k8rhncp4jt1\/2025\/11\/talking-bot-125x125.png","caption":"Telinha"},"sameAs":["https:\/\/portaltela.pt\/"],"url":"https:\/\/portaltela.pt\/por\/367410592786\/"}]}},"_links":{"self":[{"href":"https:\/\/portaltela.pt\/api\/wp\/v2\/posts\/419451","targetHints":{"allow":["GET"]}}],"collection":[{"href":"https:\/\/portaltela.pt\/api\/wp\/v2\/posts"}],"about":[{"href":"https:\/\/portaltela.pt\/api\/wp\/v2\/types\/post"}],"author":[{"embeddable":true,"href":"https:\/\/portaltela.pt\/api\/wp\/v2\/users\/2"}],"replies":[{"embeddable":true,"href":"https:\/\/portaltela.pt\/api\/wp\/v2\/comments?post=419451"}],"version-history":[{"count":0,"href":"https:\/\/portaltela.pt\/api\/wp\/v2\/posts\/419451\/revisions"}],"wp:featuredmedia":[{"embeddable":true,"href":"https:\/\/portaltela.pt\/api\/wp\/v2\/media\/419452"}],"wp:attachment":[{"href":"https:\/\/portaltela.pt\/api\/wp\/v2\/media?parent=419451"}],"wp:term":[{"taxonomy":"category","embeddable":true,"href":"https:\/\/portaltela.pt\/api\/wp\/v2\/categories?post=419451"},{"taxonomy":"post_tag","embeddable":true,"href":"https:\/\/portaltela.pt\/api\/wp\/v2\/tags?post=419451"}],"curies":[{"name":"wp","href":"https:\/\/api.w.org\/{rel}","templated":true}]}}