{"id":419439,"date":"2026-03-24T08:27:34","date_gmt":"2026-03-24T11:27:34","guid":{"rendered":"https:\/\/portaltela.pt\/noticias\/2026\/03\/24\/camiao-despista-se-e-incendeia-se-na-a1-em-vila-nova-de-gaia\/"},"modified":"2026-03-24T08:27:34","modified_gmt":"2026-03-24T11:27:34","slug":"camiao-despista-se-e-incendeia-se-na-a1-em-vila-nova-de-gaia","status":"publish","type":"post","link":"https:\/\/portaltela.pt\/acidentes\/2026\/03\/24\/camiao-despista-se-e-incendeia-se-na-a1-em-vila-nova-de-gaia\/","title":{"rendered":"Cami\u00e3o despista-se e incendeia-se na A1 em Vila Nova de Gaia"},"content":{"rendered":"<p>Um cami\u00e3o despistou-se e incendiou-se na manh\u00e3 desta ter\u00e7a-feira na autoestrada A1, em Vila Nova de Gaia. O incidente ocorreu no sentido Porto para Vila Nova de Gaia.<\/p>\n<p>O alerta foi dado \u00e0s 10h08, com os Sapadores de Vila Nova de Gaia a atuar, apoiados pelos Bombeiros de Coimbr\u00f5es e dos Carvalhos. N\u00e3o h\u00e1 registo de feridos.<\/p>\n<p>A circula\u00e7\u00e3o ficou interrompida no sentido Porto \u2013 Vila Nova de Gaia. A GNR j\u00e1 iniciou a investiga\u00e7\u00e3o para apurar as causas do despiste. Os bombeiros trabalham no local para debelar as chamas.<\/p>\n","protected":false},"excerpt":{"rendered":"<ul>\n<li>Um cami\u00e3o despistou-se e incendiou-se na manh\u00e3 de ter\u00e7a-feira na A1, em Vila Nova de Gaia, no sentido Porto \u2013 Vila Nova de Gaia.<\/li>\n<li>O alerta chegou \u00e0s 10h08, com os Sapadores de Vila Nova de Gaia e o apoio dos Bombeiros de Coimbr\u00f5es e dos Carvalhos no local.<\/li>\n<li>N\u00e3o h\u00e1 registo de feridos, de acordo com o CM.<\/li>\n<li>A circula\u00e7\u00e3o no sentido Porto \u2013 Vila Nova de Gaia est\u00e1 cortada.<\/li>\n<li>A GNR investiga as causas do despiste.<\/li>\n<\/ul>\n","protected":false},"author":2,"featured_media":419441,"comment_status":"closed","ping_status":"closed","sticky":false,"template":"","format":"standard","meta":{"footnotes":""},"categories":[6849],"tags":[5487,4169,971,1761,1438,2965],"class_list":["post-419439","post","type-post","status-publish","format-standard","has-post-thumbnail","hentry","category-acidentes","tag-acidente","tag-acidente-rodoviario","tag-bombeiros","tag-gaia","tag-incendio","tag-sapadores"],"yoast_head":"<!-- This site is optimized with the Yoast SEO plugin v27.2 - https:\/\/yoast.com\/product\/yoast-seo-wordpress\/ -->\n<title>Cami\u00e3o despista-se e incendeia-se na A1 em Vila Nova de Gaia - Portal Tela Portugal<\/title>\n<meta name=\"robots\" content=\"index, follow, max-snippet:-1, max-image-preview:large, max-video-preview:-1\" \/>\n<meta property=\"og:locale\" content=\"pt_PT\" \/>\n<meta property=\"og:type\" content=\"article\" \/>\n<meta property=\"og:title\" content=\"Cami\u00e3o despista-se e incendeia-se na A1 em Vila Nova de Gaia - Portal Tela Portugal\" \/>\n<meta property=\"og:description\" content=\"Um cami\u00e3o despistou-se e incendiou-se na manh\u00e3 de ter\u00e7a-feira na A1, em Vila Nova de Gaia, no sentido Porto \u2013 Vila Nova de Gaia. O alerta chegou \u00e0s 10h08, com os Sapadores de Vila Nova de Gaia e o apoio dos Bombeiros de Coimbr\u00f5es e dos Carvalhos no local. N\u00e3o h\u00e1 registo de feridos, de acordo com o CM. A circula\u00e7\u00e3o no sentido Porto \u2013 Vila Nova de Gaia est\u00e1 cortada. A GNR investiga as causas do despiste.\" \/>\n<meta property=\"og:url\" content=\"https:\/\/portaltela.pt\/noticias\/2026\/03\/24\/camiao-despista-se-e-incendeia-se-na-a1-em-vila-nova-de-gaia\/\" \/>\n<meta property=\"og:site_name\" content=\"Portal Tela Portugal\" \/>\n<meta property=\"article:published_time\" content=\"2026-03-24T11:27:34+00:00\" \/>\n<meta name=\"author\" content=\"Telinha\" \/>\n<meta name=\"twitter:card\" content=\"summary_large_image\" \/>\n<meta name=\"twitter:label1\" content=\"Escrito por\" \/>\n\t<meta name=\"twitter:data1\" content=\"Telinha\" \/>\n<script type=\"application\/ld+json\" class=\"yoast-schema-graph\">{\"@context\":\"https:\/\/schema.org\",\"@graph\":[{\"@type\":\"Article\",\"@id\":\"https:\/\/portaltela.pt\/noticias\/2026\/03\/24\/camiao-despista-se-e-incendeia-se-na-a1-em-vila-nova-de-gaia\/#article\",\"isPartOf\":{\"@id\":\"https:\/\/portaltela.pt\/noticias\/2026\/03\/24\/camiao-despista-se-e-incendeia-se-na-a1-em-vila-nova-de-gaia\/\"},\"author\":{\"name\":\"Telinha\",\"@id\":\"https:\/\/portaltela.pt\/#\/schema\/person\/c4278d4a6028830caff9ee44b42d32ed\"},\"headline\":\"Cami\u00e3o despista-se e incendeia-se na A1 em Vila Nova de Gaia\",\"datePublished\":\"2026-03-24T11:27:34+00:00\",\"mainEntityOfPage\":{\"@id\":\"https:\/\/portaltela.pt\/noticias\/2026\/03\/24\/camiao-despista-se-e-incendeia-se-na-a1-em-vila-nova-de-gaia\/\"},\"wordCount\":107,\"image\":{\"@id\":\"https:\/\/portaltela.pt\/noticias\/2026\/03\/24\/camiao-despista-se-e-incendeia-se-na-a1-em-vila-nova-de-gaia\/#primaryimage\"},\"thumbnailUrl\":\"https:\/\/portaltela.pt\/s.01k8rhncp4jt1\/2026\/03\/img_1500x1000uu2026-03-24-11-20-55-2274454.jpg\",\"keywords\":[\"acidente\",\"acidente rodovi\u00e1rio\",\"bombeiros\",\"Gaia\",\"inc\u00eandio\",\"Sapadores\"],\"articleSection\":[\"Acidentes\"],\"inLanguage\":\"pt-PT\"},{\"@type\":\"WebPage\",\"@id\":\"https:\/\/portaltela.pt\/noticias\/2026\/03\/24\/camiao-despista-se-e-incendeia-se-na-a1-em-vila-nova-de-gaia\/\",\"url\":\"https:\/\/portaltela.pt\/noticias\/2026\/03\/24\/camiao-despista-se-e-incendeia-se-na-a1-em-vila-nova-de-gaia\/\",\"name\":\"Cami\u00e3o despista-se e incendeia-se na A1 em Vila Nova de Gaia - Portal Tela Portugal\",\"isPartOf\":{\"@id\":\"https:\/\/portaltela.pt\/#website\"},\"primaryImageOfPage\":{\"@id\":\"https:\/\/portaltela.pt\/noticias\/2026\/03\/24\/camiao-despista-se-e-incendeia-se-na-a1-em-vila-nova-de-gaia\/#primaryimage\"},\"image\":{\"@id\":\"https:\/\/portaltela.pt\/noticias\/2026\/03\/24\/camiao-despista-se-e-incendeia-se-na-a1-em-vila-nova-de-gaia\/#primaryimage\"},\"thumbnailUrl\":\"https:\/\/portaltela.pt\/s.01k8rhncp4jt1\/2026\/03\/img_1500x1000uu2026-03-24-11-20-55-2274454.jpg\",\"datePublished\":\"2026-03-24T11:27:34+00:00\",\"author\":{\"@id\":\"https:\/\/portaltela.pt\/#\/schema\/person\/c4278d4a6028830caff9ee44b42d32ed\"},\"breadcrumb\":{\"@id\":\"https:\/\/portaltela.pt\/noticias\/2026\/03\/24\/camiao-despista-se-e-incendeia-se-na-a1-em-vila-nova-de-gaia\/#breadcrumb\"},\"inLanguage\":\"pt-PT\",\"potentialAction\":[{\"@type\":\"ReadAction\",\"target\":[\"https:\/\/portaltela.pt\/noticias\/2026\/03\/24\/camiao-despista-se-e-incendeia-se-na-a1-em-vila-nova-de-gaia\/\"]}]},{\"@type\":\"ImageObject\",\"inLanguage\":\"pt-PT\",\"@id\":\"https:\/\/portaltela.pt\/noticias\/2026\/03\/24\/camiao-despista-se-e-incendeia-se-na-a1-em-vila-nova-de-gaia\/#primaryimage\",\"url\":\"https:\/\/portaltela.pt\/s.01k8rhncp4jt1\/2026\/03\/img_1500x1000uu2026-03-24-11-20-55-2274454.jpg\",\"contentUrl\":\"https:\/\/portaltela.pt\/s.01k8rhncp4jt1\/2026\/03\/img_1500x1000uu2026-03-24-11-20-55-2274454.jpg\",\"width\":796,\"height\":448,\"caption\":\"Cami\u00e3o despista-se e incendeia na A1 em Vila Nova de Gaia\"},{\"@type\":\"BreadcrumbList\",\"@id\":\"https:\/\/portaltela.pt\/noticias\/2026\/03\/24\/camiao-despista-se-e-incendeia-se-na-a1-em-vila-nova-de-gaia\/#breadcrumb\",\"itemListElement\":[{\"@type\":\"ListItem\",\"position\":1,\"name\":\"In\u00edcio\",\"item\":\"https:\/\/portaltela.pt\/\"},{\"@type\":\"ListItem\",\"position\":2,\"name\":\"Cami\u00e3o despista-se e incendeia-se na A1 em Vila Nova de Gaia\"}]},{\"@type\":\"WebSite\",\"@id\":\"https:\/\/portaltela.pt\/#website\",\"url\":\"https:\/\/portaltela.pt\/\",\"name\":\"Portal Tela Portugal\",\"description\":\"\",\"potentialAction\":[{\"@type\":\"SearchAction\",\"target\":{\"@type\":\"EntryPoint\",\"urlTemplate\":\"https:\/\/portaltela.pt\/?s={search_term_string}\"},\"query-input\":{\"@type\":\"PropertyValueSpecification\",\"valueRequired\":true,\"valueName\":\"search_term_string\"}}],\"inLanguage\":\"pt-PT\"},{\"@type\":\"Person\",\"@id\":\"https:\/\/portaltela.pt\/#\/schema\/person\/c4278d4a6028830caff9ee44b42d32ed\",\"name\":\"Telinha\",\"image\":{\"@type\":\"ImageObject\",\"inLanguage\":\"pt-PT\",\"@id\":\"https:\/\/portaltela.pt\/s.01k8rhncp4jt1\/2025\/11\/talking-bot-125x125.png\",\"url\":\"https:\/\/portaltela.pt\/s.01k8rhncp4jt1\/2025\/11\/talking-bot-125x125.png\",\"contentUrl\":\"https:\/\/portaltela.pt\/s.01k8rhncp4jt1\/2025\/11\/talking-bot-125x125.png\",\"caption\":\"Telinha\"},\"sameAs\":[\"https:\/\/portaltela.pt\/\"],\"url\":\"https:\/\/portaltela.pt\/por\/367410592786\/\"}]}<\/script>\n<!-- \/ Yoast SEO plugin. -->","yoast_head_json":{"title":"Cami\u00e3o despista-se e incendeia-se na A1 em Vila Nova de Gaia - Portal Tela Portugal","robots":{"index":"index","follow":"follow","max-snippet":"max-snippet:-1","max-image-preview":"max-image-preview:large","max-video-preview":"max-video-preview:-1"},"og_locale":"pt_PT","og_type":"article","og_title":"Cami\u00e3o despista-se e incendeia-se na A1 em Vila Nova de Gaia - Portal Tela Portugal","og_description":"Um cami\u00e3o despistou-se e incendiou-se na manh\u00e3 de ter\u00e7a-feira na A1, em Vila Nova de Gaia, no sentido Porto \u2013 Vila Nova de Gaia. O alerta chegou \u00e0s 10h08, com os Sapadores de Vila Nova de Gaia e o apoio dos Bombeiros de Coimbr\u00f5es e dos Carvalhos no local. N\u00e3o h\u00e1 registo de feridos, de acordo com o CM. A circula\u00e7\u00e3o no sentido Porto \u2013 Vila Nova de Gaia est\u00e1 cortada. A GNR investiga as causas do despiste.","og_url":"https:\/\/portaltela.pt\/noticias\/2026\/03\/24\/camiao-despista-se-e-incendeia-se-na-a1-em-vila-nova-de-gaia\/","og_site_name":"Portal Tela Portugal","article_published_time":"2026-03-24T11:27:34+00:00","author":"Telinha","twitter_card":"summary_large_image","twitter_misc":{"Escrito por":"Telinha"},"schema":{"@context":"https:\/\/schema.org","@graph":[{"@type":"Article","@id":"https:\/\/portaltela.pt\/noticias\/2026\/03\/24\/camiao-despista-se-e-incendeia-se-na-a1-em-vila-nova-de-gaia\/#article","isPartOf":{"@id":"https:\/\/portaltela.pt\/noticias\/2026\/03\/24\/camiao-despista-se-e-incendeia-se-na-a1-em-vila-nova-de-gaia\/"},"author":{"name":"Telinha","@id":"https:\/\/portaltela.pt\/#\/schema\/person\/c4278d4a6028830caff9ee44b42d32ed"},"headline":"Cami\u00e3o despista-se e incendeia-se na A1 em Vila Nova de Gaia","datePublished":"2026-03-24T11:27:34+00:00","mainEntityOfPage":{"@id":"https:\/\/portaltela.pt\/noticias\/2026\/03\/24\/camiao-despista-se-e-incendeia-se-na-a1-em-vila-nova-de-gaia\/"},"wordCount":107,"image":{"@id":"https:\/\/portaltela.pt\/noticias\/2026\/03\/24\/camiao-despista-se-e-incendeia-se-na-a1-em-vila-nova-de-gaia\/#primaryimage"},"thumbnailUrl":"https:\/\/portaltela.pt\/s.01k8rhncp4jt1\/2026\/03\/img_1500x1000uu2026-03-24-11-20-55-2274454.jpg","keywords":["acidente","acidente rodovi\u00e1rio","bombeiros","Gaia","inc\u00eandio","Sapadores"],"articleSection":["Acidentes"],"inLanguage":"pt-PT"},{"@type":"WebPage","@id":"https:\/\/portaltela.pt\/noticias\/2026\/03\/24\/camiao-despista-se-e-incendeia-se-na-a1-em-vila-nova-de-gaia\/","url":"https:\/\/portaltela.pt\/noticias\/2026\/03\/24\/camiao-despista-se-e-incendeia-se-na-a1-em-vila-nova-de-gaia\/","name":"Cami\u00e3o despista-se e incendeia-se na A1 em Vila Nova de Gaia - Portal Tela Portugal","isPartOf":{"@id":"https:\/\/portaltela.pt\/#website"},"primaryImageOfPage":{"@id":"https:\/\/portaltela.pt\/noticias\/2026\/03\/24\/camiao-despista-se-e-incendeia-se-na-a1-em-vila-nova-de-gaia\/#primaryimage"},"image":{"@id":"https:\/\/portaltela.pt\/noticias\/2026\/03\/24\/camiao-despista-se-e-incendeia-se-na-a1-em-vila-nova-de-gaia\/#primaryimage"},"thumbnailUrl":"https:\/\/portaltela.pt\/s.01k8rhncp4jt1\/2026\/03\/img_1500x1000uu2026-03-24-11-20-55-2274454.jpg","datePublished":"2026-03-24T11:27:34+00:00","author":{"@id":"https:\/\/portaltela.pt\/#\/schema\/person\/c4278d4a6028830caff9ee44b42d32ed"},"breadcrumb":{"@id":"https:\/\/portaltela.pt\/noticias\/2026\/03\/24\/camiao-despista-se-e-incendeia-se-na-a1-em-vila-nova-de-gaia\/#breadcrumb"},"inLanguage":"pt-PT","potentialAction":[{"@type":"ReadAction","target":["https:\/\/portaltela.pt\/noticias\/2026\/03\/24\/camiao-despista-se-e-incendeia-se-na-a1-em-vila-nova-de-gaia\/"]}]},{"@type":"ImageObject","inLanguage":"pt-PT","@id":"https:\/\/portaltela.pt\/noticias\/2026\/03\/24\/camiao-despista-se-e-incendeia-se-na-a1-em-vila-nova-de-gaia\/#primaryimage","url":"https:\/\/portaltela.pt\/s.01k8rhncp4jt1\/2026\/03\/img_1500x1000uu2026-03-24-11-20-55-2274454.jpg","contentUrl":"https:\/\/portaltela.pt\/s.01k8rhncp4jt1\/2026\/03\/img_1500x1000uu2026-03-24-11-20-55-2274454.jpg","width":796,"height":448,"caption":"Cami\u00e3o despista-se e incendeia na A1 em Vila Nova de Gaia"},{"@type":"BreadcrumbList","@id":"https:\/\/portaltela.pt\/noticias\/2026\/03\/24\/camiao-despista-se-e-incendeia-se-na-a1-em-vila-nova-de-gaia\/#breadcrumb","itemListElement":[{"@type":"ListItem","position":1,"name":"In\u00edcio","item":"https:\/\/portaltela.pt\/"},{"@type":"ListItem","position":2,"name":"Cami\u00e3o despista-se e incendeia-se na A1 em Vila Nova de Gaia"}]},{"@type":"WebSite","@id":"https:\/\/portaltela.pt\/#website","url":"https:\/\/portaltela.pt\/","name":"Portal Tela Portugal","description":"","potentialAction":[{"@type":"SearchAction","target":{"@type":"EntryPoint","urlTemplate":"https:\/\/portaltela.pt\/?s={search_term_string}"},"query-input":{"@type":"PropertyValueSpecification","valueRequired":true,"valueName":"search_term_string"}}],"inLanguage":"pt-PT"},{"@type":"Person","@id":"https:\/\/portaltela.pt\/#\/schema\/person\/c4278d4a6028830caff9ee44b42d32ed","name":"Telinha","image":{"@type":"ImageObject","inLanguage":"pt-PT","@id":"https:\/\/portaltela.pt\/s.01k8rhncp4jt1\/2025\/11\/talking-bot-125x125.png","url":"https:\/\/portaltela.pt\/s.01k8rhncp4jt1\/2025\/11\/talking-bot-125x125.png","contentUrl":"https:\/\/portaltela.pt\/s.01k8rhncp4jt1\/2025\/11\/talking-bot-125x125.png","caption":"Telinha"},"sameAs":["https:\/\/portaltela.pt\/"],"url":"https:\/\/portaltela.pt\/por\/367410592786\/"}]}},"_links":{"self":[{"href":"https:\/\/portaltela.pt\/api\/wp\/v2\/posts\/419439","targetHints":{"allow":["GET"]}}],"collection":[{"href":"https:\/\/portaltela.pt\/api\/wp\/v2\/posts"}],"about":[{"href":"https:\/\/portaltela.pt\/api\/wp\/v2\/types\/post"}],"author":[{"embeddable":true,"href":"https:\/\/portaltela.pt\/api\/wp\/v2\/users\/2"}],"replies":[{"embeddable":true,"href":"https:\/\/portaltela.pt\/api\/wp\/v2\/comments?post=419439"}],"version-history":[{"count":0,"href":"https:\/\/portaltela.pt\/api\/wp\/v2\/posts\/419439\/revisions"}],"wp:featuredmedia":[{"embeddable":true,"href":"https:\/\/portaltela.pt\/api\/wp\/v2\/media\/419441"}],"wp:attachment":[{"href":"https:\/\/portaltela.pt\/api\/wp\/v2\/media?parent=419439"}],"wp:term":[{"taxonomy":"category","embeddable":true,"href":"https:\/\/portaltela.pt\/api\/wp\/v2\/categories?post=419439"},{"taxonomy":"post_tag","embeddable":true,"href":"https:\/\/portaltela.pt\/api\/wp\/v2\/tags?post=419439"}],"curies":[{"name":"wp","href":"https:\/\/api.w.org\/{rel}","templated":true}]}}