{"id":419427,"date":"2026-03-24T08:12:00","date_gmt":"2026-03-24T11:12:00","guid":{"rendered":"https:\/\/portaltela.pt\/noticias\/2026\/03\/24\/avos-com-ciumes-dos-netos-geram-tensao-na-familia\/"},"modified":"2026-03-24T08:12:00","modified_gmt":"2026-03-24T11:12:00","slug":"avos-com-ciumes-dos-netos-geram-tensao-na-familia","status":"publish","type":"post","link":"https:\/\/portaltela.pt\/familia\/2026\/03\/24\/avos-com-ciumes-dos-netos-geram-tensao-na-familia\/","title":{"rendered":"Av\u00f3s com ci\u00fames dos netos geram tens\u00e3o na fam\u00edlia"},"content":{"rendered":"<p>Ap\u00f3s a quarentena, nasceu uma colabora\u00e7\u00e3o entre uma av\u00f3\/m\u00e3e e uma m\u00e3e\/filha, ambas com quatro filhos. O projeto envolve cartas escritas diariamente para partilhar medos, irrita\u00e7\u00f5es e a sensa\u00e7\u00e3o de comunh\u00e3o familiar. A iniciativa \u00e9 descrita como uma forma de comunica\u00e7\u00e3o entre gera\u00e7\u00f5es.<\/p>\n<p>As cartas abordam ci\u00fames entre av\u00f3s e netos, conflitos di\u00e1rios, mal-entendidos e o desejo de passar mais tempo juntos sem a presen\u00e7a constante dos filhos. As autoras mant\u00eam o tom informativo e reflexivo, sem assumir posi\u00e7\u00f5es, apenas descrevendo situa\u00e7\u00f5es reais.<\/p>\n<h3>Origem do projeto<\/h3>\n<p>O projeto intitulado Birras de M\u00e3e nasceu durante a quarentena, quando as autoras passaram a responder a conte\u00fados di\u00e1rios entre m\u00e3e, filha, av\u00f3 e sogra. O objetivo \u00e9 manter um canal de di\u00e1logo que possa ser lido por quem se identifica com as situa\u00e7\u00f5es familiares descritas.<\/p>\n<h3>Formato e publica\u00e7\u00e3o<\/h3>\n<p>As autoras optaram por escrever em formato de cartas, com linguagem direta e honesta. O texto segue o Acordo Ortogr\u00e1fico de 1990 e procura transmitir a sensa\u00e7\u00e3o de proximidade entre m\u00e3es, av\u00f3s e filhos, sem adotar linguagem agressiva ou desrespeitosa.<\/p>\n","protected":false},"excerpt":{"rendered":"<ul>\n<li>Uma av\u00f3 confessa ci\u00fames dos netos e questiona a aten\u00e7\u00e3o que os filhos recebem, descrevendo a vontade de passar mais tempo com a filha e os netos apenas na companhia de adultos.<\/li>\n<li>A carta a Ana revela que, apesar de o desabafo soar duro, a av\u00f3 valoriza momentos sem crian\u00e7as e aceita a presen\u00e7a de adultos nos encontros, sem negar o v\u00ednculo com os netos.<\/li>\n<li>A m\u00e3e confirma sentir saudades dos av\u00f3s e descreve-se como ref\u00e9m da log\u00edstica familiar, entre Uber, jantares e tarefas dom\u00e9sticas, pedindo espa\u00e7o para almo\u00e7ar com a m\u00e3e.<\/li>\n<li>A autora sugere que as tens\u00f5es entre av\u00f3s e pais surgem por mal-entendidos e mensagens pouco claras, propondo um reencontro para aliviar a dist\u00e2ncia.<\/li>\n<li>O texto encerra apresentando o blog Birras de M\u00e3e, criado durante a quarentena por uma av\u00f3\/m\u00e3e e uma m\u00e3e\/filha, que continua a partilhar experi\u00eancias sobre parentalidade e av\u00f3s, com o objetivo de ler e reconhecer-se no p\u00fablico.<\/li>\n<\/ul>\n","protected":false},"author":2,"featured_media":419428,"comment_status":"closed","ping_status":"closed","sticky":false,"template":"","format":"standard","meta":{"footnotes":""},"categories":[7366],"tags":[2607,75,145,969,64,7467],"class_list":["post-419427","post","type-post","status-publish","format-standard","has-post-thumbnail","hentry","category-familia","tag-comunicacao","tag-convivencia","tag-cultura","tag-dinamicas-familiares","tag-familia","tag-literacia-familiar"],"yoast_head":"<!-- This site is optimized with the Yoast SEO plugin v27.2 - https:\/\/yoast.com\/product\/yoast-seo-wordpress\/ -->\n<title>Av\u00f3s com ci\u00fames dos netos geram tens\u00e3o na fam\u00edlia - Portal Tela Portugal<\/title>\n<meta name=\"robots\" content=\"index, follow, max-snippet:-1, max-image-preview:large, max-video-preview:-1\" \/>\n<meta property=\"og:locale\" content=\"pt_PT\" \/>\n<meta property=\"og:type\" content=\"article\" \/>\n<meta property=\"og:title\" content=\"Av\u00f3s com ci\u00fames dos netos geram tens\u00e3o na fam\u00edlia - Portal Tela Portugal\" \/>\n<meta property=\"og:description\" content=\"Uma av\u00f3 confessa ci\u00fames dos netos e questiona a aten\u00e7\u00e3o que os filhos recebem, descrevendo a vontade de passar mais tempo com a filha e os netos apenas na companhia de adultos. A carta a Ana revela que, apesar de o desabafo soar duro, a av\u00f3 valoriza momentos sem crian\u00e7as e aceita a presen\u00e7a de adultos nos encontros, sem negar o v\u00ednculo com os netos. A m\u00e3e confirma sentir saudades dos av\u00f3s e descreve-se como ref\u00e9m da log\u00edstica familiar, entre Uber, jantares e tarefas dom\u00e9sticas, pedindo espa\u00e7o para almo\u00e7ar com a m\u00e3e. A autora sugere que as tens\u00f5es entre av\u00f3s e pais surgem por mal-entendidos e mensagens pouco claras, propondo um reencontro para aliviar a dist\u00e2ncia. O texto encerra apresentando o blog Birras de M\u00e3e, criado durante a quarentena por uma av\u00f3\/m\u00e3e e uma m\u00e3e\/filha, que continua a partilhar experi\u00eancias sobre parentalidade e av\u00f3s, com o objetivo de ler e reconhecer-se no p\u00fablico.\" \/>\n<meta property=\"og:url\" content=\"https:\/\/portaltela.pt\/noticias\/2026\/03\/24\/avos-com-ciumes-dos-netos-geram-tensao-na-familia\/\" \/>\n<meta property=\"og:site_name\" content=\"Portal Tela Portugal\" \/>\n<meta property=\"article:published_time\" content=\"2026-03-24T11:12:00+00:00\" \/>\n<meta name=\"author\" content=\"Telinha\" \/>\n<meta name=\"twitter:card\" content=\"summary_large_image\" \/>\n<meta name=\"twitter:label1\" content=\"Escrito por\" \/>\n\t<meta name=\"twitter:data1\" content=\"Telinha\" \/>\n\t<meta name=\"twitter:label2\" content=\"Tempo estimado de leitura\" \/>\n\t<meta name=\"twitter:data2\" content=\"1 minuto\" \/>\n<script type=\"application\/ld+json\" class=\"yoast-schema-graph\">{\"@context\":\"https:\/\/schema.org\",\"@graph\":[{\"@type\":\"Article\",\"@id\":\"https:\/\/portaltela.pt\/noticias\/2026\/03\/24\/avos-com-ciumes-dos-netos-geram-tensao-na-familia\/#article\",\"isPartOf\":{\"@id\":\"https:\/\/portaltela.pt\/noticias\/2026\/03\/24\/avos-com-ciumes-dos-netos-geram-tensao-na-familia\/\"},\"author\":{\"name\":\"Telinha\",\"@id\":\"https:\/\/portaltela.pt\/#\/schema\/person\/c4278d4a6028830caff9ee44b42d32ed\"},\"headline\":\"Av\u00f3s com ci\u00fames dos netos geram tens\u00e3o na fam\u00edlia\",\"datePublished\":\"2026-03-24T11:12:00+00:00\",\"mainEntityOfPage\":{\"@id\":\"https:\/\/portaltela.pt\/noticias\/2026\/03\/24\/avos-com-ciumes-dos-netos-geram-tensao-na-familia\/\"},\"wordCount\":214,\"image\":{\"@id\":\"https:\/\/portaltela.pt\/noticias\/2026\/03\/24\/avos-com-ciumes-dos-netos-geram-tensao-na-familia\/#primaryimage\"},\"thumbnailUrl\":\"https:\/\/portaltela.pt\/s.01k8rhncp4jt1\/2026\/03\/2076414.jpg\",\"keywords\":[\"comunica\u00e7\u00e3o\",\"conviv\u00eancia\",\"cultura\",\"din\u00e2micas familiares\",\"fam\u00edlia\",\"literacia familiar\"],\"articleSection\":[\"Fam\u00edlia\"],\"inLanguage\":\"pt-PT\"},{\"@type\":\"WebPage\",\"@id\":\"https:\/\/portaltela.pt\/noticias\/2026\/03\/24\/avos-com-ciumes-dos-netos-geram-tensao-na-familia\/\",\"url\":\"https:\/\/portaltela.pt\/noticias\/2026\/03\/24\/avos-com-ciumes-dos-netos-geram-tensao-na-familia\/\",\"name\":\"Av\u00f3s com ci\u00fames dos netos geram tens\u00e3o na fam\u00edlia - Portal Tela Portugal\",\"isPartOf\":{\"@id\":\"https:\/\/portaltela.pt\/#website\"},\"primaryImageOfPage\":{\"@id\":\"https:\/\/portaltela.pt\/noticias\/2026\/03\/24\/avos-com-ciumes-dos-netos-geram-tensao-na-familia\/#primaryimage\"},\"image\":{\"@id\":\"https:\/\/portaltela.pt\/noticias\/2026\/03\/24\/avos-com-ciumes-dos-netos-geram-tensao-na-familia\/#primaryimage\"},\"thumbnailUrl\":\"https:\/\/portaltela.pt\/s.01k8rhncp4jt1\/2026\/03\/2076414.jpg\",\"datePublished\":\"2026-03-24T11:12:00+00:00\",\"author\":{\"@id\":\"https:\/\/portaltela.pt\/#\/schema\/person\/c4278d4a6028830caff9ee44b42d32ed\"},\"breadcrumb\":{\"@id\":\"https:\/\/portaltela.pt\/noticias\/2026\/03\/24\/avos-com-ciumes-dos-netos-geram-tensao-na-familia\/#breadcrumb\"},\"inLanguage\":\"pt-PT\",\"potentialAction\":[{\"@type\":\"ReadAction\",\"target\":[\"https:\/\/portaltela.pt\/noticias\/2026\/03\/24\/avos-com-ciumes-dos-netos-geram-tensao-na-familia\/\"]}]},{\"@type\":\"ImageObject\",\"inLanguage\":\"pt-PT\",\"@id\":\"https:\/\/portaltela.pt\/noticias\/2026\/03\/24\/avos-com-ciumes-dos-netos-geram-tensao-na-familia\/#primaryimage\",\"url\":\"https:\/\/portaltela.pt\/s.01k8rhncp4jt1\/2026\/03\/2076414.jpg\",\"contentUrl\":\"https:\/\/portaltela.pt\/s.01k8rhncp4jt1\/2026\/03\/2076414.jpg\",\"width\":796,\"height\":448,\"caption\":\"A verdade \u00e9 que somos ref\u00e9ns! N\u00e3o recebeu uma carta de resgate?\"},{\"@type\":\"BreadcrumbList\",\"@id\":\"https:\/\/portaltela.pt\/noticias\/2026\/03\/24\/avos-com-ciumes-dos-netos-geram-tensao-na-familia\/#breadcrumb\",\"itemListElement\":[{\"@type\":\"ListItem\",\"position\":1,\"name\":\"In\u00edcio\",\"item\":\"https:\/\/portaltela.pt\/\"},{\"@type\":\"ListItem\",\"position\":2,\"name\":\"Av\u00f3s com ci\u00fames dos netos geram tens\u00e3o na fam\u00edlia\"}]},{\"@type\":\"WebSite\",\"@id\":\"https:\/\/portaltela.pt\/#website\",\"url\":\"https:\/\/portaltela.pt\/\",\"name\":\"Portal Tela Portugal\",\"description\":\"\",\"potentialAction\":[{\"@type\":\"SearchAction\",\"target\":{\"@type\":\"EntryPoint\",\"urlTemplate\":\"https:\/\/portaltela.pt\/?s={search_term_string}\"},\"query-input\":{\"@type\":\"PropertyValueSpecification\",\"valueRequired\":true,\"valueName\":\"search_term_string\"}}],\"inLanguage\":\"pt-PT\"},{\"@type\":\"Person\",\"@id\":\"https:\/\/portaltela.pt\/#\/schema\/person\/c4278d4a6028830caff9ee44b42d32ed\",\"name\":\"Telinha\",\"image\":{\"@type\":\"ImageObject\",\"inLanguage\":\"pt-PT\",\"@id\":\"https:\/\/portaltela.pt\/s.01k8rhncp4jt1\/2025\/11\/talking-bot-125x125.png\",\"url\":\"https:\/\/portaltela.pt\/s.01k8rhncp4jt1\/2025\/11\/talking-bot-125x125.png\",\"contentUrl\":\"https:\/\/portaltela.pt\/s.01k8rhncp4jt1\/2025\/11\/talking-bot-125x125.png\",\"caption\":\"Telinha\"},\"sameAs\":[\"https:\/\/portaltela.pt\/\"],\"url\":\"https:\/\/portaltela.pt\/por\/367410592786\/\"}]}<\/script>\n<!-- \/ Yoast SEO plugin. -->","yoast_head_json":{"title":"Av\u00f3s com ci\u00fames dos netos geram tens\u00e3o na fam\u00edlia - Portal Tela Portugal","robots":{"index":"index","follow":"follow","max-snippet":"max-snippet:-1","max-image-preview":"max-image-preview:large","max-video-preview":"max-video-preview:-1"},"og_locale":"pt_PT","og_type":"article","og_title":"Av\u00f3s com ci\u00fames dos netos geram tens\u00e3o na fam\u00edlia - Portal Tela Portugal","og_description":"Uma av\u00f3 confessa ci\u00fames dos netos e questiona a aten\u00e7\u00e3o que os filhos recebem, descrevendo a vontade de passar mais tempo com a filha e os netos apenas na companhia de adultos. A carta a Ana revela que, apesar de o desabafo soar duro, a av\u00f3 valoriza momentos sem crian\u00e7as e aceita a presen\u00e7a de adultos nos encontros, sem negar o v\u00ednculo com os netos. A m\u00e3e confirma sentir saudades dos av\u00f3s e descreve-se como ref\u00e9m da log\u00edstica familiar, entre Uber, jantares e tarefas dom\u00e9sticas, pedindo espa\u00e7o para almo\u00e7ar com a m\u00e3e. A autora sugere que as tens\u00f5es entre av\u00f3s e pais surgem por mal-entendidos e mensagens pouco claras, propondo um reencontro para aliviar a dist\u00e2ncia. O texto encerra apresentando o blog Birras de M\u00e3e, criado durante a quarentena por uma av\u00f3\/m\u00e3e e uma m\u00e3e\/filha, que continua a partilhar experi\u00eancias sobre parentalidade e av\u00f3s, com o objetivo de ler e reconhecer-se no p\u00fablico.","og_url":"https:\/\/portaltela.pt\/noticias\/2026\/03\/24\/avos-com-ciumes-dos-netos-geram-tensao-na-familia\/","og_site_name":"Portal Tela Portugal","article_published_time":"2026-03-24T11:12:00+00:00","author":"Telinha","twitter_card":"summary_large_image","twitter_misc":{"Escrito por":"Telinha","Tempo estimado de leitura":"1 minuto"},"schema":{"@context":"https:\/\/schema.org","@graph":[{"@type":"Article","@id":"https:\/\/portaltela.pt\/noticias\/2026\/03\/24\/avos-com-ciumes-dos-netos-geram-tensao-na-familia\/#article","isPartOf":{"@id":"https:\/\/portaltela.pt\/noticias\/2026\/03\/24\/avos-com-ciumes-dos-netos-geram-tensao-na-familia\/"},"author":{"name":"Telinha","@id":"https:\/\/portaltela.pt\/#\/schema\/person\/c4278d4a6028830caff9ee44b42d32ed"},"headline":"Av\u00f3s com ci\u00fames dos netos geram tens\u00e3o na fam\u00edlia","datePublished":"2026-03-24T11:12:00+00:00","mainEntityOfPage":{"@id":"https:\/\/portaltela.pt\/noticias\/2026\/03\/24\/avos-com-ciumes-dos-netos-geram-tensao-na-familia\/"},"wordCount":214,"image":{"@id":"https:\/\/portaltela.pt\/noticias\/2026\/03\/24\/avos-com-ciumes-dos-netos-geram-tensao-na-familia\/#primaryimage"},"thumbnailUrl":"https:\/\/portaltela.pt\/s.01k8rhncp4jt1\/2026\/03\/2076414.jpg","keywords":["comunica\u00e7\u00e3o","conviv\u00eancia","cultura","din\u00e2micas familiares","fam\u00edlia","literacia familiar"],"articleSection":["Fam\u00edlia"],"inLanguage":"pt-PT"},{"@type":"WebPage","@id":"https:\/\/portaltela.pt\/noticias\/2026\/03\/24\/avos-com-ciumes-dos-netos-geram-tensao-na-familia\/","url":"https:\/\/portaltela.pt\/noticias\/2026\/03\/24\/avos-com-ciumes-dos-netos-geram-tensao-na-familia\/","name":"Av\u00f3s com ci\u00fames dos netos geram tens\u00e3o na fam\u00edlia - Portal Tela Portugal","isPartOf":{"@id":"https:\/\/portaltela.pt\/#website"},"primaryImageOfPage":{"@id":"https:\/\/portaltela.pt\/noticias\/2026\/03\/24\/avos-com-ciumes-dos-netos-geram-tensao-na-familia\/#primaryimage"},"image":{"@id":"https:\/\/portaltela.pt\/noticias\/2026\/03\/24\/avos-com-ciumes-dos-netos-geram-tensao-na-familia\/#primaryimage"},"thumbnailUrl":"https:\/\/portaltela.pt\/s.01k8rhncp4jt1\/2026\/03\/2076414.jpg","datePublished":"2026-03-24T11:12:00+00:00","author":{"@id":"https:\/\/portaltela.pt\/#\/schema\/person\/c4278d4a6028830caff9ee44b42d32ed"},"breadcrumb":{"@id":"https:\/\/portaltela.pt\/noticias\/2026\/03\/24\/avos-com-ciumes-dos-netos-geram-tensao-na-familia\/#breadcrumb"},"inLanguage":"pt-PT","potentialAction":[{"@type":"ReadAction","target":["https:\/\/portaltela.pt\/noticias\/2026\/03\/24\/avos-com-ciumes-dos-netos-geram-tensao-na-familia\/"]}]},{"@type":"ImageObject","inLanguage":"pt-PT","@id":"https:\/\/portaltela.pt\/noticias\/2026\/03\/24\/avos-com-ciumes-dos-netos-geram-tensao-na-familia\/#primaryimage","url":"https:\/\/portaltela.pt\/s.01k8rhncp4jt1\/2026\/03\/2076414.jpg","contentUrl":"https:\/\/portaltela.pt\/s.01k8rhncp4jt1\/2026\/03\/2076414.jpg","width":796,"height":448,"caption":"A verdade \u00e9 que somos ref\u00e9ns! N\u00e3o recebeu uma carta de resgate?"},{"@type":"BreadcrumbList","@id":"https:\/\/portaltela.pt\/noticias\/2026\/03\/24\/avos-com-ciumes-dos-netos-geram-tensao-na-familia\/#breadcrumb","itemListElement":[{"@type":"ListItem","position":1,"name":"In\u00edcio","item":"https:\/\/portaltela.pt\/"},{"@type":"ListItem","position":2,"name":"Av\u00f3s com ci\u00fames dos netos geram tens\u00e3o na fam\u00edlia"}]},{"@type":"WebSite","@id":"https:\/\/portaltela.pt\/#website","url":"https:\/\/portaltela.pt\/","name":"Portal Tela Portugal","description":"","potentialAction":[{"@type":"SearchAction","target":{"@type":"EntryPoint","urlTemplate":"https:\/\/portaltela.pt\/?s={search_term_string}"},"query-input":{"@type":"PropertyValueSpecification","valueRequired":true,"valueName":"search_term_string"}}],"inLanguage":"pt-PT"},{"@type":"Person","@id":"https:\/\/portaltela.pt\/#\/schema\/person\/c4278d4a6028830caff9ee44b42d32ed","name":"Telinha","image":{"@type":"ImageObject","inLanguage":"pt-PT","@id":"https:\/\/portaltela.pt\/s.01k8rhncp4jt1\/2025\/11\/talking-bot-125x125.png","url":"https:\/\/portaltela.pt\/s.01k8rhncp4jt1\/2025\/11\/talking-bot-125x125.png","contentUrl":"https:\/\/portaltela.pt\/s.01k8rhncp4jt1\/2025\/11\/talking-bot-125x125.png","caption":"Telinha"},"sameAs":["https:\/\/portaltela.pt\/"],"url":"https:\/\/portaltela.pt\/por\/367410592786\/"}]}},"_links":{"self":[{"href":"https:\/\/portaltela.pt\/api\/wp\/v2\/posts\/419427","targetHints":{"allow":["GET"]}}],"collection":[{"href":"https:\/\/portaltela.pt\/api\/wp\/v2\/posts"}],"about":[{"href":"https:\/\/portaltela.pt\/api\/wp\/v2\/types\/post"}],"author":[{"embeddable":true,"href":"https:\/\/portaltela.pt\/api\/wp\/v2\/users\/2"}],"replies":[{"embeddable":true,"href":"https:\/\/portaltela.pt\/api\/wp\/v2\/comments?post=419427"}],"version-history":[{"count":0,"href":"https:\/\/portaltela.pt\/api\/wp\/v2\/posts\/419427\/revisions"}],"wp:featuredmedia":[{"embeddable":true,"href":"https:\/\/portaltela.pt\/api\/wp\/v2\/media\/419428"}],"wp:attachment":[{"href":"https:\/\/portaltela.pt\/api\/wp\/v2\/media?parent=419427"}],"wp:term":[{"taxonomy":"category","embeddable":true,"href":"https:\/\/portaltela.pt\/api\/wp\/v2\/categories?post=419427"},{"taxonomy":"post_tag","embeddable":true,"href":"https:\/\/portaltela.pt\/api\/wp\/v2\/tags?post=419427"}],"curies":[{"name":"wp","href":"https:\/\/api.w.org\/{rel}","templated":true}]}}