{"id":419420,"date":"2026-03-24T08:01:28","date_gmt":"2026-03-24T11:01:28","guid":{"rendered":"https:\/\/portaltela.pt\/noticias\/2026\/03\/24\/tribunal-adia-decisao-sobre-moradas-falsas-para-legalizar-imigrantes\/"},"modified":"2026-03-24T08:01:28","modified_gmt":"2026-03-24T11:01:28","slug":"tribunal-adia-decisao-sobre-moradas-falsas-para-legalizar-imigrantes","status":"publish","type":"post","link":"https:\/\/portaltela.pt\/justica\/2026\/03\/24\/tribunal-adia-decisao-sobre-moradas-falsas-para-legalizar-imigrantes\/","title":{"rendered":"Tribunal adia decis\u00e3o sobre moradas falsas para legalizar imigrantes"},"content":{"rendered":"<p>O tribunal adiou para 25 de maio a decis\u00e3o sobre uma rede que usaria moradas falsas na Penha de Fran\u00e7a, Lisboa, para facilitar a legaliza\u00e7\u00e3o de imigrantes. A informa\u00e7\u00e3o foi confirmada a uma fonte judicial \u00e0 Lusa.<\/p>\n<p>A leitura do ac\u00f3rd\u00e3o foi reagendada devido \u00e0 necessidade de o Tribunal Central Criminal de Lisboa proferir decis\u00f5es noutros processos. Na primeira sess\u00e3o, 4 de fevereiro de 2025, o alegado l\u00edder da rede confessou ter cedido a sua morada a compatriotas do Bangladesh para se legalizarem, mas afirmou n\u00e3o saber que tal constituiu crime.<\/p>\n<h3>Envolvidos e acusa\u00e7\u00f5es<\/h3>\n<p>Segundo a acusa\u00e7\u00e3o do Minist\u00e9rio P\u00fablico, Rippon Hossain, 51 anos, naturalizado portugu\u00eas em 2022, liderava a rede, com cinco intermedi\u00e1rios e 23 pessoas, quase todos do Bangladesh, residentes na Penha de Fran\u00e7a. A fun\u00e7\u00e3o era fornecer morada ou atestar outro endere\u00e7o, mediante 10 a 60 euros.<\/p>\n<p>A rede contava com a colabora\u00e7\u00e3o de um funcion\u00e1rio da Junta de Freguesia da Penha de Fran\u00e7a, que avisava um intermedi\u00e1rio quando uma morada ficava suspeita. O funcion\u00e1rio, acusa-se, n\u00e3o teria lucrado com o esquema.<\/p>\n<p>Entre janeiro de 2020 e julho de 2023, os restantes envolvidos teriam obtido entre 110 e 14.850 euros. Em causa est\u00e3o crimes de associa\u00e7\u00e3o de aux\u00edlio \u00e0 imigra\u00e7\u00e3o ilegal, aux\u00edlio \u00e0 imigra\u00e7\u00e3o ilegal e falsifica\u00e7\u00e3o de documento. A den\u00fancia partiu da pr\u00f3pria autarquia em 2022.<\/p>\n","protected":false},"excerpt":{"rendered":"<ul>\n<li>O Tribunal Central Criminal de Lisboa adiou para 25 de maio a leitura do ac\u00f3rd\u00e3o sobre uma rede que usava moradas falsas na Penha de Fran\u00e7a, em Lisboa, para facilitar a legaliza\u00e7\u00e3o de imigrantes.<\/li>\n<li>Na primeira sess\u00e3o, o alegado l\u00edder Rippon Hossain, de 51 anos, confessou ter fornecido a morada para compatriotas do Bangladesh se legalizarem em Portugal, mas afirmou n\u00e3o saber que era crime.<\/li>\n<li>A acusa\u00e7\u00e3o aponta para cinco intermedi\u00e1rios e 23 pessoas, na maioria portuguesas, que forneciam ou testemunhavam moradas, recebendo entre 10 e 60 euros cada.<\/li>\n<li>Um funcion\u00e1rio da Junta de Freguesia da Penha de Fran\u00e7a ter\u00e1 alertado um intermedi\u00e1rio sempre que uma morada era suspeita; o funcion\u00e1rio responde por abuso de poder e \u00e9 citado como o \u00fanico a n\u00e3o lucrar.<\/li>\n<li>Entre os crimes est\u00e3o associa\u00e7\u00e3o de aux\u00edlio \u00e0 imigra\u00e7\u00e3o ilegal, aux\u00edlio \u00e0 imigra\u00e7\u00e3o ilegal e falsifica\u00e7\u00e3o de documentos; o caso foi denunciado pela autarquia em 2022.<\/li>\n<\/ul>\n","protected":false},"author":2,"featured_media":419422,"comment_status":"closed","ping_status":"closed","sticky":false,"template":"","format":"standard","meta":{"footnotes":""},"categories":[7374,6815],"tags":[1151,147,3283,6234,712,6208],"class_list":["post-419420","post","type-post","status-publish","format-standard","has-post-thumbnail","hentry","category-criminalidade","category-justica","tag-associacao-criminosa","tag-crime","tag-falsificacao-de-documento","tag-falsificacoes","tag-imigracao","tag-tribunais"],"yoast_head":"<!-- This site is optimized with the Yoast SEO plugin v27.2 - https:\/\/yoast.com\/product\/yoast-seo-wordpress\/ -->\n<title>Tribunal adia decis\u00e3o sobre moradas falsas para legalizar imigrantes - Portal Tela Portugal<\/title>\n<meta name=\"robots\" content=\"index, follow, max-snippet:-1, max-image-preview:large, max-video-preview:-1\" \/>\n<meta property=\"og:locale\" content=\"pt_PT\" \/>\n<meta property=\"og:type\" content=\"article\" \/>\n<meta property=\"og:title\" content=\"Tribunal adia decis\u00e3o sobre moradas falsas para legalizar imigrantes - Portal Tela Portugal\" \/>\n<meta property=\"og:description\" content=\"O Tribunal Central Criminal de Lisboa adiou para 25 de maio a leitura do ac\u00f3rd\u00e3o sobre uma rede que usava moradas falsas na Penha de Fran\u00e7a, em Lisboa, para facilitar a legaliza\u00e7\u00e3o de imigrantes. Na primeira sess\u00e3o, o alegado l\u00edder Rippon Hossain, de 51 anos, confessou ter fornecido a morada para compatriotas do Bangladesh se legalizarem em Portugal, mas afirmou n\u00e3o saber que era crime. A acusa\u00e7\u00e3o aponta para cinco intermedi\u00e1rios e 23 pessoas, na maioria portuguesas, que forneciam ou testemunhavam moradas, recebendo entre 10 e 60 euros cada. Um funcion\u00e1rio da Junta de Freguesia da Penha de Fran\u00e7a ter\u00e1 alertado um intermedi\u00e1rio sempre que uma morada era suspeita; o funcion\u00e1rio responde por abuso de poder e \u00e9 citado como o \u00fanico a n\u00e3o lucrar. Entre os crimes est\u00e3o associa\u00e7\u00e3o de aux\u00edlio \u00e0 imigra\u00e7\u00e3o ilegal, aux\u00edlio \u00e0 imigra\u00e7\u00e3o ilegal e falsifica\u00e7\u00e3o de documentos; o caso foi denunciado pela autarquia em 2022.\" \/>\n<meta property=\"og:url\" content=\"https:\/\/portaltela.pt\/noticias\/2026\/03\/24\/tribunal-adia-decisao-sobre-moradas-falsas-para-legalizar-imigrantes\/\" \/>\n<meta property=\"og:site_name\" content=\"Portal Tela Portugal\" \/>\n<meta property=\"article:published_time\" content=\"2026-03-24T11:01:28+00:00\" \/>\n<meta name=\"author\" content=\"Telinha\" \/>\n<meta name=\"twitter:card\" content=\"summary_large_image\" \/>\n<meta name=\"twitter:label1\" content=\"Escrito por\" \/>\n\t<meta name=\"twitter:data1\" content=\"Telinha\" \/>\n\t<meta name=\"twitter:label2\" content=\"Tempo estimado de leitura\" \/>\n\t<meta name=\"twitter:data2\" content=\"1 minuto\" \/>\n<script type=\"application\/ld+json\" class=\"yoast-schema-graph\">{\"@context\":\"https:\/\/schema.org\",\"@graph\":[{\"@type\":\"Article\",\"@id\":\"https:\/\/portaltela.pt\/noticias\/2026\/03\/24\/tribunal-adia-decisao-sobre-moradas-falsas-para-legalizar-imigrantes\/#article\",\"isPartOf\":{\"@id\":\"https:\/\/portaltela.pt\/noticias\/2026\/03\/24\/tribunal-adia-decisao-sobre-moradas-falsas-para-legalizar-imigrantes\/\"},\"author\":{\"name\":\"Telinha\",\"@id\":\"https:\/\/portaltela.pt\/#\/schema\/person\/c4278d4a6028830caff9ee44b42d32ed\"},\"headline\":\"Tribunal adia decis\u00e3o sobre moradas falsas para legalizar imigrantes\",\"datePublished\":\"2026-03-24T11:01:28+00:00\",\"mainEntityOfPage\":{\"@id\":\"https:\/\/portaltela.pt\/noticias\/2026\/03\/24\/tribunal-adia-decisao-sobre-moradas-falsas-para-legalizar-imigrantes\/\"},\"wordCount\":247,\"image\":{\"@id\":\"https:\/\/portaltela.pt\/noticias\/2026\/03\/24\/tribunal-adia-decisao-sobre-moradas-falsas-para-legalizar-imigrantes\/#primaryimage\"},\"thumbnailUrl\":\"https:\/\/portaltela.pt\/s.01k8rhncp4jt1\/2026\/03\/img_1500x1000uu2017-04-23-00-32-00-620900.jpg\",\"keywords\":[\"associa\u00e7\u00e3o criminosa\",\"crime\",\"falsifica\u00e7\u00e3o de documento\",\"falsifica\u00e7\u00f5es\",\"imigra\u00e7\u00e3o\",\"Tribunais\"],\"articleSection\":[\"Criminalidade\",\"Justi\u00e7a\"],\"inLanguage\":\"pt-PT\"},{\"@type\":\"WebPage\",\"@id\":\"https:\/\/portaltela.pt\/noticias\/2026\/03\/24\/tribunal-adia-decisao-sobre-moradas-falsas-para-legalizar-imigrantes\/\",\"url\":\"https:\/\/portaltela.pt\/noticias\/2026\/03\/24\/tribunal-adia-decisao-sobre-moradas-falsas-para-legalizar-imigrantes\/\",\"name\":\"Tribunal adia decis\u00e3o sobre moradas falsas para legalizar imigrantes - Portal Tela Portugal\",\"isPartOf\":{\"@id\":\"https:\/\/portaltela.pt\/#website\"},\"primaryImageOfPage\":{\"@id\":\"https:\/\/portaltela.pt\/noticias\/2026\/03\/24\/tribunal-adia-decisao-sobre-moradas-falsas-para-legalizar-imigrantes\/#primaryimage\"},\"image\":{\"@id\":\"https:\/\/portaltela.pt\/noticias\/2026\/03\/24\/tribunal-adia-decisao-sobre-moradas-falsas-para-legalizar-imigrantes\/#primaryimage\"},\"thumbnailUrl\":\"https:\/\/portaltela.pt\/s.01k8rhncp4jt1\/2026\/03\/img_1500x1000uu2017-04-23-00-32-00-620900.jpg\",\"datePublished\":\"2026-03-24T11:01:28+00:00\",\"author\":{\"@id\":\"https:\/\/portaltela.pt\/#\/schema\/person\/c4278d4a6028830caff9ee44b42d32ed\"},\"breadcrumb\":{\"@id\":\"https:\/\/portaltela.pt\/noticias\/2026\/03\/24\/tribunal-adia-decisao-sobre-moradas-falsas-para-legalizar-imigrantes\/#breadcrumb\"},\"inLanguage\":\"pt-PT\",\"potentialAction\":[{\"@type\":\"ReadAction\",\"target\":[\"https:\/\/portaltela.pt\/noticias\/2026\/03\/24\/tribunal-adia-decisao-sobre-moradas-falsas-para-legalizar-imigrantes\/\"]}]},{\"@type\":\"ImageObject\",\"inLanguage\":\"pt-PT\",\"@id\":\"https:\/\/portaltela.pt\/noticias\/2026\/03\/24\/tribunal-adia-decisao-sobre-moradas-falsas-para-legalizar-imigrantes\/#primaryimage\",\"url\":\"https:\/\/portaltela.pt\/s.01k8rhncp4jt1\/2026\/03\/img_1500x1000uu2017-04-23-00-32-00-620900.jpg\",\"contentUrl\":\"https:\/\/portaltela.pt\/s.01k8rhncp4jt1\/2026\/03\/img_1500x1000uu2017-04-23-00-32-00-620900.jpg\",\"width\":796,\"height\":448,\"caption\":\"Tribunal adia para maio decis\u00e3o sobre uso de moradas falsas para legalizar imigrantes\"},{\"@type\":\"BreadcrumbList\",\"@id\":\"https:\/\/portaltela.pt\/noticias\/2026\/03\/24\/tribunal-adia-decisao-sobre-moradas-falsas-para-legalizar-imigrantes\/#breadcrumb\",\"itemListElement\":[{\"@type\":\"ListItem\",\"position\":1,\"name\":\"In\u00edcio\",\"item\":\"https:\/\/portaltela.pt\/\"},{\"@type\":\"ListItem\",\"position\":2,\"name\":\"Tribunal adia decis\u00e3o sobre moradas falsas para legalizar imigrantes\"}]},{\"@type\":\"WebSite\",\"@id\":\"https:\/\/portaltela.pt\/#website\",\"url\":\"https:\/\/portaltela.pt\/\",\"name\":\"Portal Tela Portugal\",\"description\":\"\",\"potentialAction\":[{\"@type\":\"SearchAction\",\"target\":{\"@type\":\"EntryPoint\",\"urlTemplate\":\"https:\/\/portaltela.pt\/?s={search_term_string}\"},\"query-input\":{\"@type\":\"PropertyValueSpecification\",\"valueRequired\":true,\"valueName\":\"search_term_string\"}}],\"inLanguage\":\"pt-PT\"},{\"@type\":\"Person\",\"@id\":\"https:\/\/portaltela.pt\/#\/schema\/person\/c4278d4a6028830caff9ee44b42d32ed\",\"name\":\"Telinha\",\"image\":{\"@type\":\"ImageObject\",\"inLanguage\":\"pt-PT\",\"@id\":\"https:\/\/portaltela.pt\/s.01k8rhncp4jt1\/2025\/11\/talking-bot-125x125.png\",\"url\":\"https:\/\/portaltela.pt\/s.01k8rhncp4jt1\/2025\/11\/talking-bot-125x125.png\",\"contentUrl\":\"https:\/\/portaltela.pt\/s.01k8rhncp4jt1\/2025\/11\/talking-bot-125x125.png\",\"caption\":\"Telinha\"},\"sameAs\":[\"https:\/\/portaltela.pt\/\"],\"url\":\"https:\/\/portaltela.pt\/por\/367410592786\/\"}]}<\/script>\n<!-- \/ Yoast SEO plugin. -->","yoast_head_json":{"title":"Tribunal adia decis\u00e3o sobre moradas falsas para legalizar imigrantes - Portal Tela Portugal","robots":{"index":"index","follow":"follow","max-snippet":"max-snippet:-1","max-image-preview":"max-image-preview:large","max-video-preview":"max-video-preview:-1"},"og_locale":"pt_PT","og_type":"article","og_title":"Tribunal adia decis\u00e3o sobre moradas falsas para legalizar imigrantes - Portal Tela Portugal","og_description":"O Tribunal Central Criminal de Lisboa adiou para 25 de maio a leitura do ac\u00f3rd\u00e3o sobre uma rede que usava moradas falsas na Penha de Fran\u00e7a, em Lisboa, para facilitar a legaliza\u00e7\u00e3o de imigrantes. Na primeira sess\u00e3o, o alegado l\u00edder Rippon Hossain, de 51 anos, confessou ter fornecido a morada para compatriotas do Bangladesh se legalizarem em Portugal, mas afirmou n\u00e3o saber que era crime. A acusa\u00e7\u00e3o aponta para cinco intermedi\u00e1rios e 23 pessoas, na maioria portuguesas, que forneciam ou testemunhavam moradas, recebendo entre 10 e 60 euros cada. Um funcion\u00e1rio da Junta de Freguesia da Penha de Fran\u00e7a ter\u00e1 alertado um intermedi\u00e1rio sempre que uma morada era suspeita; o funcion\u00e1rio responde por abuso de poder e \u00e9 citado como o \u00fanico a n\u00e3o lucrar. Entre os crimes est\u00e3o associa\u00e7\u00e3o de aux\u00edlio \u00e0 imigra\u00e7\u00e3o ilegal, aux\u00edlio \u00e0 imigra\u00e7\u00e3o ilegal e falsifica\u00e7\u00e3o de documentos; o caso foi denunciado pela autarquia em 2022.","og_url":"https:\/\/portaltela.pt\/noticias\/2026\/03\/24\/tribunal-adia-decisao-sobre-moradas-falsas-para-legalizar-imigrantes\/","og_site_name":"Portal Tela Portugal","article_published_time":"2026-03-24T11:01:28+00:00","author":"Telinha","twitter_card":"summary_large_image","twitter_misc":{"Escrito por":"Telinha","Tempo estimado de leitura":"1 minuto"},"schema":{"@context":"https:\/\/schema.org","@graph":[{"@type":"Article","@id":"https:\/\/portaltela.pt\/noticias\/2026\/03\/24\/tribunal-adia-decisao-sobre-moradas-falsas-para-legalizar-imigrantes\/#article","isPartOf":{"@id":"https:\/\/portaltela.pt\/noticias\/2026\/03\/24\/tribunal-adia-decisao-sobre-moradas-falsas-para-legalizar-imigrantes\/"},"author":{"name":"Telinha","@id":"https:\/\/portaltela.pt\/#\/schema\/person\/c4278d4a6028830caff9ee44b42d32ed"},"headline":"Tribunal adia decis\u00e3o sobre moradas falsas para legalizar imigrantes","datePublished":"2026-03-24T11:01:28+00:00","mainEntityOfPage":{"@id":"https:\/\/portaltela.pt\/noticias\/2026\/03\/24\/tribunal-adia-decisao-sobre-moradas-falsas-para-legalizar-imigrantes\/"},"wordCount":247,"image":{"@id":"https:\/\/portaltela.pt\/noticias\/2026\/03\/24\/tribunal-adia-decisao-sobre-moradas-falsas-para-legalizar-imigrantes\/#primaryimage"},"thumbnailUrl":"https:\/\/portaltela.pt\/s.01k8rhncp4jt1\/2026\/03\/img_1500x1000uu2017-04-23-00-32-00-620900.jpg","keywords":["associa\u00e7\u00e3o criminosa","crime","falsifica\u00e7\u00e3o de documento","falsifica\u00e7\u00f5es","imigra\u00e7\u00e3o","Tribunais"],"articleSection":["Criminalidade","Justi\u00e7a"],"inLanguage":"pt-PT"},{"@type":"WebPage","@id":"https:\/\/portaltela.pt\/noticias\/2026\/03\/24\/tribunal-adia-decisao-sobre-moradas-falsas-para-legalizar-imigrantes\/","url":"https:\/\/portaltela.pt\/noticias\/2026\/03\/24\/tribunal-adia-decisao-sobre-moradas-falsas-para-legalizar-imigrantes\/","name":"Tribunal adia decis\u00e3o sobre moradas falsas para legalizar imigrantes - Portal Tela Portugal","isPartOf":{"@id":"https:\/\/portaltela.pt\/#website"},"primaryImageOfPage":{"@id":"https:\/\/portaltela.pt\/noticias\/2026\/03\/24\/tribunal-adia-decisao-sobre-moradas-falsas-para-legalizar-imigrantes\/#primaryimage"},"image":{"@id":"https:\/\/portaltela.pt\/noticias\/2026\/03\/24\/tribunal-adia-decisao-sobre-moradas-falsas-para-legalizar-imigrantes\/#primaryimage"},"thumbnailUrl":"https:\/\/portaltela.pt\/s.01k8rhncp4jt1\/2026\/03\/img_1500x1000uu2017-04-23-00-32-00-620900.jpg","datePublished":"2026-03-24T11:01:28+00:00","author":{"@id":"https:\/\/portaltela.pt\/#\/schema\/person\/c4278d4a6028830caff9ee44b42d32ed"},"breadcrumb":{"@id":"https:\/\/portaltela.pt\/noticias\/2026\/03\/24\/tribunal-adia-decisao-sobre-moradas-falsas-para-legalizar-imigrantes\/#breadcrumb"},"inLanguage":"pt-PT","potentialAction":[{"@type":"ReadAction","target":["https:\/\/portaltela.pt\/noticias\/2026\/03\/24\/tribunal-adia-decisao-sobre-moradas-falsas-para-legalizar-imigrantes\/"]}]},{"@type":"ImageObject","inLanguage":"pt-PT","@id":"https:\/\/portaltela.pt\/noticias\/2026\/03\/24\/tribunal-adia-decisao-sobre-moradas-falsas-para-legalizar-imigrantes\/#primaryimage","url":"https:\/\/portaltela.pt\/s.01k8rhncp4jt1\/2026\/03\/img_1500x1000uu2017-04-23-00-32-00-620900.jpg","contentUrl":"https:\/\/portaltela.pt\/s.01k8rhncp4jt1\/2026\/03\/img_1500x1000uu2017-04-23-00-32-00-620900.jpg","width":796,"height":448,"caption":"Tribunal adia para maio decis\u00e3o sobre uso de moradas falsas para legalizar imigrantes"},{"@type":"BreadcrumbList","@id":"https:\/\/portaltela.pt\/noticias\/2026\/03\/24\/tribunal-adia-decisao-sobre-moradas-falsas-para-legalizar-imigrantes\/#breadcrumb","itemListElement":[{"@type":"ListItem","position":1,"name":"In\u00edcio","item":"https:\/\/portaltela.pt\/"},{"@type":"ListItem","position":2,"name":"Tribunal adia decis\u00e3o sobre moradas falsas para legalizar imigrantes"}]},{"@type":"WebSite","@id":"https:\/\/portaltela.pt\/#website","url":"https:\/\/portaltela.pt\/","name":"Portal Tela Portugal","description":"","potentialAction":[{"@type":"SearchAction","target":{"@type":"EntryPoint","urlTemplate":"https:\/\/portaltela.pt\/?s={search_term_string}"},"query-input":{"@type":"PropertyValueSpecification","valueRequired":true,"valueName":"search_term_string"}}],"inLanguage":"pt-PT"},{"@type":"Person","@id":"https:\/\/portaltela.pt\/#\/schema\/person\/c4278d4a6028830caff9ee44b42d32ed","name":"Telinha","image":{"@type":"ImageObject","inLanguage":"pt-PT","@id":"https:\/\/portaltela.pt\/s.01k8rhncp4jt1\/2025\/11\/talking-bot-125x125.png","url":"https:\/\/portaltela.pt\/s.01k8rhncp4jt1\/2025\/11\/talking-bot-125x125.png","contentUrl":"https:\/\/portaltela.pt\/s.01k8rhncp4jt1\/2025\/11\/talking-bot-125x125.png","caption":"Telinha"},"sameAs":["https:\/\/portaltela.pt\/"],"url":"https:\/\/portaltela.pt\/por\/367410592786\/"}]}},"_links":{"self":[{"href":"https:\/\/portaltela.pt\/api\/wp\/v2\/posts\/419420","targetHints":{"allow":["GET"]}}],"collection":[{"href":"https:\/\/portaltela.pt\/api\/wp\/v2\/posts"}],"about":[{"href":"https:\/\/portaltela.pt\/api\/wp\/v2\/types\/post"}],"author":[{"embeddable":true,"href":"https:\/\/portaltela.pt\/api\/wp\/v2\/users\/2"}],"replies":[{"embeddable":true,"href":"https:\/\/portaltela.pt\/api\/wp\/v2\/comments?post=419420"}],"version-history":[{"count":0,"href":"https:\/\/portaltela.pt\/api\/wp\/v2\/posts\/419420\/revisions"}],"wp:featuredmedia":[{"embeddable":true,"href":"https:\/\/portaltela.pt\/api\/wp\/v2\/media\/419422"}],"wp:attachment":[{"href":"https:\/\/portaltela.pt\/api\/wp\/v2\/media?parent=419420"}],"wp:term":[{"taxonomy":"category","embeddable":true,"href":"https:\/\/portaltela.pt\/api\/wp\/v2\/categories?post=419420"},{"taxonomy":"post_tag","embeddable":true,"href":"https:\/\/portaltela.pt\/api\/wp\/v2\/tags?post=419420"}],"curies":[{"name":"wp","href":"https:\/\/api.w.org\/{rel}","templated":true}]}}