{"id":419398,"date":"2026-03-24T07:49:00","date_gmt":"2026-03-24T10:49:00","guid":{"rendered":"https:\/\/portaltela.pt\/noticias\/2026\/03\/24\/puig-negocia-com-estee-lauder-para-unir-jean-paul-gaultier-e-clinique\/"},"modified":"2026-03-24T07:49:00","modified_gmt":"2026-03-24T10:49:00","slug":"puig-negocia-com-estee-lauder-para-unir-jean-paul-gaultier-e-clinique","status":"publish","type":"post","link":"https:\/\/portaltela.pt\/noticias\/economia\/2026\/03\/24\/puig-negocia-com-estee-lauder-para-unir-jean-paul-gaultier-e-clinique\/","title":{"rendered":"Puig negocia com Est\u00e9e Lauder para unir Jean Paul Gaultier e Clinique"},"content":{"rendered":"<p>A Puig est\u00e1 em negocia\u00e7\u00f5es com a Est\u00e9e Lauder para unir as marcas Jean Paul Gaultier e Clinique, criando um grupo de beleza de luxo. O an\u00fancio ocorreu na segunda-feira, com a valida\u00e7\u00e3o de que a fus\u00e3o pode envolver a Rabanne, outra marca da Puig. O acordo estaria avaliado em cerca de 40 mil milh\u00f5es de euros. A opera\u00e7\u00e3o abrangeria uma forte presen\u00e7a no mercado global de perfumes.<\/p>\n<p>As a\u00e7\u00f5es da Puig subiram cerca de 16% na ter\u00e7a-feira, aproximando-se do melhor dia de sempre. Analistas apontam que a possibilidade de fus\u00e3o pode exigir um pr\u00e9mio de valoriza\u00e7\u00e3o para a Puig, caso aceite abandonar a independ\u00eancia empresarial.<\/p>\n<p>A informa\u00e7\u00e3o acontece semanas ap\u00f3s a L\u2019Or\u00e9al ter adquirido ativos de beleza do grupo Kering, propriet\u00e1ria da Gucci, o que alimenta previs\u00f5es de consolida\u00e7\u00e3o no setor. O interesse da Est\u00e9e Lauder surge num momento de menor crescimento do ramo de perfumes e infla\u00e7\u00e3o global.<\/p>\n<p>Para al\u00e9m das marcas de perfumaria Jean Paul Gaultier e Rabanne, o neg\u00f3cio potencial poder\u00e1 incluir cl\u00ednique da Est\u00e9e Lauder, com receitas combinadas a superar 20 mil milh\u00f5es de euros, segundo analistas. Este montante colocaria a nova empresa acima da divis\u00e3o Luxe da L\u2019Or\u00e9al.<\/p>\n<p>Alguns especialistas destacam que a Puig, ao gerir as suas pr\u00f3prias marcas, pode beneficiar de maior controlo sobre portf\u00f3lio e expans\u00e3o, nomeadamente com a aquisi\u00e7\u00e3o de outras linhas como Charlotte Tilbury. A rea\u00e7\u00e3o do mercado indica cautela face a uma transi\u00e7\u00e3o de independ\u00eancia.<\/p>\n<p>A Est\u00e9e Lauder encerrou o preg\u00e3o de segunda-feira com uma queda de 7,7% em Nova Iorque, refletindo a sensibilidade do mercado a hip\u00f3teses de fus\u00e3o no setor. O impacto esperado no valor das marcas envolve potenciais ganhos estrat\u00e9gicos, mas tamb\u00e9m riscos operacionais.<\/p>\n<h3>Contexto do setor<\/h3>\n<p>Analistas destacam que o mercado de luxo em beleza enfrenta incertezas geopol\u00edticas e press\u00e3o da infla\u00e7\u00e3o, o que favorece movimentos de consolida\u00e7\u00e3o. A fus\u00e3o Puig-Est\u00e9e Lauder \u00e9 vista como resposta poss\u00edvel para competir com marcas premium j\u00e1 consolidadas.<\/p>\n","protected":false},"excerpt":{"rendered":"<ul>\n<li>A Puig est\u00e1 a negociar com a Est\u00e9e Lauder uma poss\u00edvel fus\u00e3o entre Jean Paul Gaultier e Clinique, criando um grupo de beleza de luxo valued around \u20ac40 mil milh\u00f5es.<\/li>\n<li>As a\u00e7\u00f5es da Puig subiram cerca de 16% na ter\u00e7a-feira, numa aproxima\u00e7\u00e3o ao melhor dia de sempre, ap\u00f3s o an\u00fancio das negocia\u00e7\u00f5es.<\/li>\n<li>A fus\u00e3o surge poucos meses depois da L\u2019Or\u00e9al adquirir ativos de beleza do grupo de luxo Kering, num contexto de crescente consolida\u00e7\u00e3o no setor.<\/li>\n<li>As an\u00e1lises apontam que o neg\u00f3cio poderia exigir um pr\u00e9mio \u00e0 avalia\u00e7\u00e3o da Puig e marcar o fim da sua presen\u00e7a cotada em bolsa, com as a\u00e7\u00f5es j\u00e1 cerca de 30% abaixo do valor de maio de 2024.<\/li>\n<li>O neg\u00f3cio poderia incorporar marcas como Clinique (Est\u00e9e Lauder) e Rabanne (Puig), com estimativas de receitas combinadas acima de \u20ac20 mil milh\u00f5es, em compara\u00e7\u00e3o com \u20ac15,6 mil milh\u00f5es da divis\u00e3o Luxe da L\u2019Or\u00e9al.<\/li>\n<\/ul>\n","protected":false},"author":2,"featured_media":419404,"comment_status":"closed","ping_status":"closed","sticky":false,"template":"","format":"standard","meta":{"footnotes":""},"categories":[2,6735],"tags":[2580,28,3861,255,31,240],"class_list":["post-419398","post","type-post","status-publish","format-standard","has-post-thumbnail","hentry","category-economia","category-negocios","tag-consolidacao-internacional","tag-economia","tag-economia-internacional","tag-industria","tag-negocios","tag-propriedade-intelectual"],"yoast_head":"<!-- This site is optimized with the Yoast SEO plugin v27.2 - https:\/\/yoast.com\/product\/yoast-seo-wordpress\/ -->\n<title>Puig negocia com Est\u00e9e Lauder para unir Jean Paul Gaultier e Clinique - Portal Tela Portugal<\/title>\n<meta name=\"robots\" content=\"index, follow, max-snippet:-1, max-image-preview:large, max-video-preview:-1\" \/>\n<meta property=\"og:locale\" content=\"pt_PT\" \/>\n<meta property=\"og:type\" content=\"article\" \/>\n<meta property=\"og:title\" content=\"Puig negocia com Est\u00e9e Lauder para unir Jean Paul Gaultier e Clinique - Portal Tela Portugal\" \/>\n<meta property=\"og:description\" content=\"A Puig est\u00e1 a negociar com a Est\u00e9e Lauder uma poss\u00edvel fus\u00e3o entre Jean Paul Gaultier e Clinique, criando um grupo de beleza de luxo valued around \u20ac40 mil milh\u00f5es. As a\u00e7\u00f5es da Puig subiram cerca de 16% na ter\u00e7a-feira, numa aproxima\u00e7\u00e3o ao melhor dia de sempre, ap\u00f3s o an\u00fancio das negocia\u00e7\u00f5es. A fus\u00e3o surge poucos meses depois da L\u2019Or\u00e9al adquirir ativos de beleza do grupo de luxo Kering, num contexto de crescente consolida\u00e7\u00e3o no setor. As an\u00e1lises apontam que o neg\u00f3cio poderia exigir um pr\u00e9mio \u00e0 avalia\u00e7\u00e3o da Puig e marcar o fim da sua presen\u00e7a cotada em bolsa, com as a\u00e7\u00f5es j\u00e1 cerca de 30% abaixo do valor de maio de 2024. O neg\u00f3cio poderia incorporar marcas como Clinique (Est\u00e9e Lauder) e Rabanne (Puig), com estimativas de receitas combinadas acima de \u20ac20 mil milh\u00f5es, em compara\u00e7\u00e3o com \u20ac15,6 mil milh\u00f5es da divis\u00e3o Luxe da L\u2019Or\u00e9al.\" \/>\n<meta property=\"og:url\" content=\"https:\/\/portaltela.pt\/noticias\/2026\/03\/24\/puig-negocia-com-estee-lauder-para-unir-jean-paul-gaultier-e-clinique\/\" \/>\n<meta property=\"og:site_name\" content=\"Portal Tela Portugal\" \/>\n<meta property=\"article:published_time\" content=\"2026-03-24T10:49:00+00:00\" \/>\n<meta name=\"author\" content=\"Telinha\" \/>\n<meta name=\"twitter:card\" content=\"summary_large_image\" \/>\n<meta name=\"twitter:label1\" content=\"Escrito por\" \/>\n\t<meta name=\"twitter:data1\" content=\"Telinha\" \/>\n\t<meta name=\"twitter:label2\" content=\"Tempo estimado de leitura\" \/>\n\t<meta name=\"twitter:data2\" content=\"2 minutos\" \/>\n<script type=\"application\/ld+json\" class=\"yoast-schema-graph\">{\"@context\":\"https:\/\/schema.org\",\"@graph\":[{\"@type\":\"Article\",\"@id\":\"https:\/\/portaltela.pt\/noticias\/2026\/03\/24\/puig-negocia-com-estee-lauder-para-unir-jean-paul-gaultier-e-clinique\/#article\",\"isPartOf\":{\"@id\":\"https:\/\/portaltela.pt\/noticias\/2026\/03\/24\/puig-negocia-com-estee-lauder-para-unir-jean-paul-gaultier-e-clinique\/\"},\"author\":{\"name\":\"Telinha\",\"@id\":\"https:\/\/portaltela.pt\/#\/schema\/person\/c4278d4a6028830caff9ee44b42d32ed\"},\"headline\":\"Puig negocia com Est\u00e9e Lauder para unir Jean Paul Gaultier e Clinique\",\"datePublished\":\"2026-03-24T10:49:00+00:00\",\"mainEntityOfPage\":{\"@id\":\"https:\/\/portaltela.pt\/noticias\/2026\/03\/24\/puig-negocia-com-estee-lauder-para-unir-jean-paul-gaultier-e-clinique\/\"},\"wordCount\":379,\"image\":{\"@id\":\"https:\/\/portaltela.pt\/noticias\/2026\/03\/24\/puig-negocia-com-estee-lauder-para-unir-jean-paul-gaultier-e-clinique\/#primaryimage\"},\"thumbnailUrl\":\"https:\/\/portaltela.pt\/s.01k8rhncp4jt1\/2026\/03\/2076486.jpg\",\"keywords\":[\"consolida\u00e7\u00e3o internacional\",\"economia\",\"economia internacional\",\"ind\u00fastria\",\"neg\u00f3cios\",\"propriedade intelectual\"],\"articleSection\":[\"Economia\",\"Neg\u00f3cios\"],\"inLanguage\":\"pt-PT\"},{\"@type\":\"WebPage\",\"@id\":\"https:\/\/portaltela.pt\/noticias\/2026\/03\/24\/puig-negocia-com-estee-lauder-para-unir-jean-paul-gaultier-e-clinique\/\",\"url\":\"https:\/\/portaltela.pt\/noticias\/2026\/03\/24\/puig-negocia-com-estee-lauder-para-unir-jean-paul-gaultier-e-clinique\/\",\"name\":\"Puig negocia com Est\u00e9e Lauder para unir Jean Paul Gaultier e Clinique - Portal Tela Portugal\",\"isPartOf\":{\"@id\":\"https:\/\/portaltela.pt\/#website\"},\"primaryImageOfPage\":{\"@id\":\"https:\/\/portaltela.pt\/noticias\/2026\/03\/24\/puig-negocia-com-estee-lauder-para-unir-jean-paul-gaultier-e-clinique\/#primaryimage\"},\"image\":{\"@id\":\"https:\/\/portaltela.pt\/noticias\/2026\/03\/24\/puig-negocia-com-estee-lauder-para-unir-jean-paul-gaultier-e-clinique\/#primaryimage\"},\"thumbnailUrl\":\"https:\/\/portaltela.pt\/s.01k8rhncp4jt1\/2026\/03\/2076486.jpg\",\"datePublished\":\"2026-03-24T10:49:00+00:00\",\"author\":{\"@id\":\"https:\/\/portaltela.pt\/#\/schema\/person\/c4278d4a6028830caff9ee44b42d32ed\"},\"breadcrumb\":{\"@id\":\"https:\/\/portaltela.pt\/noticias\/2026\/03\/24\/puig-negocia-com-estee-lauder-para-unir-jean-paul-gaultier-e-clinique\/#breadcrumb\"},\"inLanguage\":\"pt-PT\",\"potentialAction\":[{\"@type\":\"ReadAction\",\"target\":[\"https:\/\/portaltela.pt\/noticias\/2026\/03\/24\/puig-negocia-com-estee-lauder-para-unir-jean-paul-gaultier-e-clinique\/\"]}]},{\"@type\":\"ImageObject\",\"inLanguage\":\"pt-PT\",\"@id\":\"https:\/\/portaltela.pt\/noticias\/2026\/03\/24\/puig-negocia-com-estee-lauder-para-unir-jean-paul-gaultier-e-clinique\/#primaryimage\",\"url\":\"https:\/\/portaltela.pt\/s.01k8rhncp4jt1\/2026\/03\/2076486.jpg\",\"contentUrl\":\"https:\/\/portaltela.pt\/s.01k8rhncp4jt1\/2026\/03\/2076486.jpg\",\"width\":796,\"height\":448,\"caption\":\"A norte-americana Est\u00e9e Lauder est\u00e1 em negocia\u00e7\u00f5es com a espanhola Puig\"},{\"@type\":\"BreadcrumbList\",\"@id\":\"https:\/\/portaltela.pt\/noticias\/2026\/03\/24\/puig-negocia-com-estee-lauder-para-unir-jean-paul-gaultier-e-clinique\/#breadcrumb\",\"itemListElement\":[{\"@type\":\"ListItem\",\"position\":1,\"name\":\"In\u00edcio\",\"item\":\"https:\/\/portaltela.pt\/\"},{\"@type\":\"ListItem\",\"position\":2,\"name\":\"Puig negocia com Est\u00e9e Lauder para unir Jean Paul Gaultier e Clinique\"}]},{\"@type\":\"WebSite\",\"@id\":\"https:\/\/portaltela.pt\/#website\",\"url\":\"https:\/\/portaltela.pt\/\",\"name\":\"Portal Tela Portugal\",\"description\":\"\",\"potentialAction\":[{\"@type\":\"SearchAction\",\"target\":{\"@type\":\"EntryPoint\",\"urlTemplate\":\"https:\/\/portaltela.pt\/?s={search_term_string}\"},\"query-input\":{\"@type\":\"PropertyValueSpecification\",\"valueRequired\":true,\"valueName\":\"search_term_string\"}}],\"inLanguage\":\"pt-PT\"},{\"@type\":\"Person\",\"@id\":\"https:\/\/portaltela.pt\/#\/schema\/person\/c4278d4a6028830caff9ee44b42d32ed\",\"name\":\"Telinha\",\"image\":{\"@type\":\"ImageObject\",\"inLanguage\":\"pt-PT\",\"@id\":\"https:\/\/portaltela.pt\/s.01k8rhncp4jt1\/2025\/11\/talking-bot-125x125.png\",\"url\":\"https:\/\/portaltela.pt\/s.01k8rhncp4jt1\/2025\/11\/talking-bot-125x125.png\",\"contentUrl\":\"https:\/\/portaltela.pt\/s.01k8rhncp4jt1\/2025\/11\/talking-bot-125x125.png\",\"caption\":\"Telinha\"},\"sameAs\":[\"https:\/\/portaltela.pt\/\"],\"url\":\"https:\/\/portaltela.pt\/por\/367410592786\/\"}]}<\/script>\n<!-- \/ Yoast SEO plugin. -->","yoast_head_json":{"title":"Puig negocia com Est\u00e9e Lauder para unir Jean Paul Gaultier e Clinique - Portal Tela Portugal","robots":{"index":"index","follow":"follow","max-snippet":"max-snippet:-1","max-image-preview":"max-image-preview:large","max-video-preview":"max-video-preview:-1"},"og_locale":"pt_PT","og_type":"article","og_title":"Puig negocia com Est\u00e9e Lauder para unir Jean Paul Gaultier e Clinique - Portal Tela Portugal","og_description":"A Puig est\u00e1 a negociar com a Est\u00e9e Lauder uma poss\u00edvel fus\u00e3o entre Jean Paul Gaultier e Clinique, criando um grupo de beleza de luxo valued around \u20ac40 mil milh\u00f5es. As a\u00e7\u00f5es da Puig subiram cerca de 16% na ter\u00e7a-feira, numa aproxima\u00e7\u00e3o ao melhor dia de sempre, ap\u00f3s o an\u00fancio das negocia\u00e7\u00f5es. A fus\u00e3o surge poucos meses depois da L\u2019Or\u00e9al adquirir ativos de beleza do grupo de luxo Kering, num contexto de crescente consolida\u00e7\u00e3o no setor. As an\u00e1lises apontam que o neg\u00f3cio poderia exigir um pr\u00e9mio \u00e0 avalia\u00e7\u00e3o da Puig e marcar o fim da sua presen\u00e7a cotada em bolsa, com as a\u00e7\u00f5es j\u00e1 cerca de 30% abaixo do valor de maio de 2024. O neg\u00f3cio poderia incorporar marcas como Clinique (Est\u00e9e Lauder) e Rabanne (Puig), com estimativas de receitas combinadas acima de \u20ac20 mil milh\u00f5es, em compara\u00e7\u00e3o com \u20ac15,6 mil milh\u00f5es da divis\u00e3o Luxe da L\u2019Or\u00e9al.","og_url":"https:\/\/portaltela.pt\/noticias\/2026\/03\/24\/puig-negocia-com-estee-lauder-para-unir-jean-paul-gaultier-e-clinique\/","og_site_name":"Portal Tela Portugal","article_published_time":"2026-03-24T10:49:00+00:00","author":"Telinha","twitter_card":"summary_large_image","twitter_misc":{"Escrito por":"Telinha","Tempo estimado de leitura":"2 minutos"},"schema":{"@context":"https:\/\/schema.org","@graph":[{"@type":"Article","@id":"https:\/\/portaltela.pt\/noticias\/2026\/03\/24\/puig-negocia-com-estee-lauder-para-unir-jean-paul-gaultier-e-clinique\/#article","isPartOf":{"@id":"https:\/\/portaltela.pt\/noticias\/2026\/03\/24\/puig-negocia-com-estee-lauder-para-unir-jean-paul-gaultier-e-clinique\/"},"author":{"name":"Telinha","@id":"https:\/\/portaltela.pt\/#\/schema\/person\/c4278d4a6028830caff9ee44b42d32ed"},"headline":"Puig negocia com Est\u00e9e Lauder para unir Jean Paul Gaultier e Clinique","datePublished":"2026-03-24T10:49:00+00:00","mainEntityOfPage":{"@id":"https:\/\/portaltela.pt\/noticias\/2026\/03\/24\/puig-negocia-com-estee-lauder-para-unir-jean-paul-gaultier-e-clinique\/"},"wordCount":379,"image":{"@id":"https:\/\/portaltela.pt\/noticias\/2026\/03\/24\/puig-negocia-com-estee-lauder-para-unir-jean-paul-gaultier-e-clinique\/#primaryimage"},"thumbnailUrl":"https:\/\/portaltela.pt\/s.01k8rhncp4jt1\/2026\/03\/2076486.jpg","keywords":["consolida\u00e7\u00e3o internacional","economia","economia internacional","ind\u00fastria","neg\u00f3cios","propriedade intelectual"],"articleSection":["Economia","Neg\u00f3cios"],"inLanguage":"pt-PT"},{"@type":"WebPage","@id":"https:\/\/portaltela.pt\/noticias\/2026\/03\/24\/puig-negocia-com-estee-lauder-para-unir-jean-paul-gaultier-e-clinique\/","url":"https:\/\/portaltela.pt\/noticias\/2026\/03\/24\/puig-negocia-com-estee-lauder-para-unir-jean-paul-gaultier-e-clinique\/","name":"Puig negocia com Est\u00e9e Lauder para unir Jean Paul Gaultier e Clinique - Portal Tela Portugal","isPartOf":{"@id":"https:\/\/portaltela.pt\/#website"},"primaryImageOfPage":{"@id":"https:\/\/portaltela.pt\/noticias\/2026\/03\/24\/puig-negocia-com-estee-lauder-para-unir-jean-paul-gaultier-e-clinique\/#primaryimage"},"image":{"@id":"https:\/\/portaltela.pt\/noticias\/2026\/03\/24\/puig-negocia-com-estee-lauder-para-unir-jean-paul-gaultier-e-clinique\/#primaryimage"},"thumbnailUrl":"https:\/\/portaltela.pt\/s.01k8rhncp4jt1\/2026\/03\/2076486.jpg","datePublished":"2026-03-24T10:49:00+00:00","author":{"@id":"https:\/\/portaltela.pt\/#\/schema\/person\/c4278d4a6028830caff9ee44b42d32ed"},"breadcrumb":{"@id":"https:\/\/portaltela.pt\/noticias\/2026\/03\/24\/puig-negocia-com-estee-lauder-para-unir-jean-paul-gaultier-e-clinique\/#breadcrumb"},"inLanguage":"pt-PT","potentialAction":[{"@type":"ReadAction","target":["https:\/\/portaltela.pt\/noticias\/2026\/03\/24\/puig-negocia-com-estee-lauder-para-unir-jean-paul-gaultier-e-clinique\/"]}]},{"@type":"ImageObject","inLanguage":"pt-PT","@id":"https:\/\/portaltela.pt\/noticias\/2026\/03\/24\/puig-negocia-com-estee-lauder-para-unir-jean-paul-gaultier-e-clinique\/#primaryimage","url":"https:\/\/portaltela.pt\/s.01k8rhncp4jt1\/2026\/03\/2076486.jpg","contentUrl":"https:\/\/portaltela.pt\/s.01k8rhncp4jt1\/2026\/03\/2076486.jpg","width":796,"height":448,"caption":"A norte-americana Est\u00e9e Lauder est\u00e1 em negocia\u00e7\u00f5es com a espanhola Puig"},{"@type":"BreadcrumbList","@id":"https:\/\/portaltela.pt\/noticias\/2026\/03\/24\/puig-negocia-com-estee-lauder-para-unir-jean-paul-gaultier-e-clinique\/#breadcrumb","itemListElement":[{"@type":"ListItem","position":1,"name":"In\u00edcio","item":"https:\/\/portaltela.pt\/"},{"@type":"ListItem","position":2,"name":"Puig negocia com Est\u00e9e Lauder para unir Jean Paul Gaultier e Clinique"}]},{"@type":"WebSite","@id":"https:\/\/portaltela.pt\/#website","url":"https:\/\/portaltela.pt\/","name":"Portal Tela Portugal","description":"","potentialAction":[{"@type":"SearchAction","target":{"@type":"EntryPoint","urlTemplate":"https:\/\/portaltela.pt\/?s={search_term_string}"},"query-input":{"@type":"PropertyValueSpecification","valueRequired":true,"valueName":"search_term_string"}}],"inLanguage":"pt-PT"},{"@type":"Person","@id":"https:\/\/portaltela.pt\/#\/schema\/person\/c4278d4a6028830caff9ee44b42d32ed","name":"Telinha","image":{"@type":"ImageObject","inLanguage":"pt-PT","@id":"https:\/\/portaltela.pt\/s.01k8rhncp4jt1\/2025\/11\/talking-bot-125x125.png","url":"https:\/\/portaltela.pt\/s.01k8rhncp4jt1\/2025\/11\/talking-bot-125x125.png","contentUrl":"https:\/\/portaltela.pt\/s.01k8rhncp4jt1\/2025\/11\/talking-bot-125x125.png","caption":"Telinha"},"sameAs":["https:\/\/portaltela.pt\/"],"url":"https:\/\/portaltela.pt\/por\/367410592786\/"}]}},"_links":{"self":[{"href":"https:\/\/portaltela.pt\/api\/wp\/v2\/posts\/419398","targetHints":{"allow":["GET"]}}],"collection":[{"href":"https:\/\/portaltela.pt\/api\/wp\/v2\/posts"}],"about":[{"href":"https:\/\/portaltela.pt\/api\/wp\/v2\/types\/post"}],"author":[{"embeddable":true,"href":"https:\/\/portaltela.pt\/api\/wp\/v2\/users\/2"}],"replies":[{"embeddable":true,"href":"https:\/\/portaltela.pt\/api\/wp\/v2\/comments?post=419398"}],"version-history":[{"count":0,"href":"https:\/\/portaltela.pt\/api\/wp\/v2\/posts\/419398\/revisions"}],"wp:featuredmedia":[{"embeddable":true,"href":"https:\/\/portaltela.pt\/api\/wp\/v2\/media\/419404"}],"wp:attachment":[{"href":"https:\/\/portaltela.pt\/api\/wp\/v2\/media?parent=419398"}],"wp:term":[{"taxonomy":"category","embeddable":true,"href":"https:\/\/portaltela.pt\/api\/wp\/v2\/categories?post=419398"},{"taxonomy":"post_tag","embeddable":true,"href":"https:\/\/portaltela.pt\/api\/wp\/v2\/tags?post=419398"}],"curies":[{"name":"wp","href":"https:\/\/api.w.org\/{rel}","templated":true}]}}