{"id":419396,"date":"2026-03-24T08:09:16","date_gmt":"2026-03-24T11:09:16","guid":{"rendered":"https:\/\/portaltela.pt\/noticias\/2026\/03\/24\/empresa-portuguesa-vandalizada-em-mocambique-encerra-atividades\/"},"modified":"2026-03-24T08:09:16","modified_gmt":"2026-03-24T11:09:16","slug":"empresa-portuguesa-vandalizada-em-mocambique-encerra-atividades","status":"publish","type":"post","link":"https:\/\/portaltela.pt\/noticias\/economia\/2026\/03\/24\/empresa-portuguesa-vandalizada-em-mocambique-encerra-atividades\/","title":{"rendered":"Empresa portuguesa vandalizada em Mo\u00e7ambique encerra atividades"},"content":{"rendered":"<p>A empresa Dimatel, distribuidora de material el\u00e9trico com origem portuguesa, encerra atividades em Maputo. A decis\u00e3o foi comunicada aos clientes e fornecedores, com efeito a partir de 31 de mar\u00e7o de 2026. A loja n\u00e3o dever\u00e1 manter fun\u00e7\u00f5es a partir de essa data, deixando cerca de 30 trabalhadores sem ocupa\u00e7\u00e3o.<\/p>\n<p>A Dimatel est\u00e1 em Mo\u00e7ambique h\u00e1 19 anos e acabou por enfrentar uma s\u00e9rie de eventos adversos ao longo de 2025. A empresa descreve instabilidade social, repetidos saques e dificuldades na importa\u00e7\u00e3o, aliadas \u00e0 escassez de divisas, como raz\u00f5es centrais para o encerramento definitivo.<\/p>\n<h3>Contexto das manifesta\u00e7\u00f5es e impactos econ\u00f4micos<\/h3>\n<p>Os acontecimentos p\u00f3s-eleitorais de 9 de outubro de 2024 desencadearam protestos que se estenderam at\u00e9 2025, com acusa\u00e7\u00f5es de viol\u00eancia e mortes durante confrontos com a pol\u00edcia. Houve danos em v\u00e1rias infraestruturas, incluindo armaz\u00e9ns e escrit\u00f3rios, em v\u00e1rias regi\u00f5es do pa\u00eds.<\/p>\n<p>A Dire\u00e7\u00e3o da Dimatel refere que as agress\u00f5es contribu\u00edram para a morosidade log\u00edstica e para a inviabilidade econ\u00f3mica da empresa. Em carta p\u00fablica, a administra\u00e7\u00e3o agradece as rela\u00e7\u00f5es de colabora\u00e7\u00e3o estabelecidas ao longo dos anos.<\/p>\n<h3>Situa\u00e7\u00e3o laboral e pr\u00f3ximos passos<\/h3>\n<p>Segundo a empresa, o encerramento afeta diretamente cerca de 30 trabalhadores, que ficar\u00e3o sem emprego a partir do fim de mar\u00e7o de 2026. A comunica\u00e7\u00e3o tamb\u00e9m indica o tratamento adequado de direitos laborais e apoio conforme a legisla\u00e7\u00e3o aplic\u00e1vel.<\/p>\n<p>As instala\u00e7\u00f5es da Dimatel situam-se no centro de Maputo, onde a empresa operava h\u00e1 quase duas d\u00e9cadas. A dire\u00e7\u00e3o n\u00e3o indicou planos de reabertura nem a transfer\u00eancia de atividades para outra unidade.<\/p>\n","protected":false},"excerpt":{"rendered":"<ul>\n<li>A Dimatel, empresa portuguesa de distribui\u00e7\u00e3o de material el\u00e9trico, encerra as atividades em Maputo no dia 31 de mar\u00e7o de 2026, colocando pelo menos 30 trabalhadores no desemprego.<\/li>\n<li>A empresa est\u00e1 em Maputo h\u00e1 dezoito a dezenove anos e decidiu fechar devido a fatores adversos de 2025, incluindo instabilidade social e vandalismo.<\/li>\n<li>As instala\u00e7\u00f5es foram vandalizadas e pilhadas durante os protestos p\u00f3s-eleitorais de Mo\u00e7ambique, com pelo menos duas pessoas a morrer no interior do armaz\u00e9m.<\/li>\n<li>Os administradores chegaram a dormir nas instala\u00e7\u00f5es durante os protestos de novembro de 2024 e janeiro de 2025, que coincidiram com a tomada de posse de Daniel Chapo.<\/li>\n<li>A gest\u00e3o aponta ainda dificuldades na importa\u00e7\u00e3o de mercadorias e escassez de divisas como parte das raz\u00f5es para o encerramento definitivo.<\/li>\n<\/ul>\n","protected":false},"author":2,"featured_media":419401,"comment_status":"closed","ping_status":"closed","sticky":false,"template":"","format":"standard","meta":{"footnotes":""},"categories":[2,6735],"tags":[820,28,1006,2697,2506,1911],"class_list":["post-419396","post","type-post","status-publish","format-standard","has-post-thumbnail","hentry","category-economia","category-negocios","tag-desemprego","tag-economia","tag-emprego","tag-empresas","tag-maputo","tag-mocambique"],"yoast_head":"<!-- This site is optimized with the Yoast SEO plugin v27.2 - https:\/\/yoast.com\/product\/yoast-seo-wordpress\/ -->\n<title>Empresa portuguesa vandalizada em Mo\u00e7ambique encerra atividades - Portal Tela Portugal<\/title>\n<meta name=\"robots\" content=\"index, follow, max-snippet:-1, max-image-preview:large, max-video-preview:-1\" \/>\n<meta property=\"og:locale\" content=\"pt_PT\" \/>\n<meta property=\"og:type\" content=\"article\" \/>\n<meta property=\"og:title\" content=\"Empresa portuguesa vandalizada em Mo\u00e7ambique encerra atividades - Portal Tela Portugal\" \/>\n<meta property=\"og:description\" content=\"A Dimatel, empresa portuguesa de distribui\u00e7\u00e3o de material el\u00e9trico, encerra as atividades em Maputo no dia 31 de mar\u00e7o de 2026, colocando pelo menos 30 trabalhadores no desemprego. A empresa est\u00e1 em Maputo h\u00e1 dezoito a dezenove anos e decidiu fechar devido a fatores adversos de 2025, incluindo instabilidade social e vandalismo. As instala\u00e7\u00f5es foram vandalizadas e pilhadas durante os protestos p\u00f3s-eleitorais de Mo\u00e7ambique, com pelo menos duas pessoas a morrer no interior do armaz\u00e9m. Os administradores chegaram a dormir nas instala\u00e7\u00f5es durante os protestos de novembro de 2024 e janeiro de 2025, que coincidiram com a tomada de posse de Daniel Chapo. A gest\u00e3o aponta ainda dificuldades na importa\u00e7\u00e3o de mercadorias e escassez de divisas como parte das raz\u00f5es para o encerramento definitivo.\" \/>\n<meta property=\"og:url\" content=\"https:\/\/portaltela.pt\/noticias\/2026\/03\/24\/empresa-portuguesa-vandalizada-em-mocambique-encerra-atividades\/\" \/>\n<meta property=\"og:site_name\" content=\"Portal Tela Portugal\" \/>\n<meta property=\"article:published_time\" content=\"2026-03-24T11:09:16+00:00\" \/>\n<meta name=\"author\" content=\"Telinha\" \/>\n<meta name=\"twitter:card\" content=\"summary_large_image\" \/>\n<meta name=\"twitter:label1\" content=\"Escrito por\" \/>\n\t<meta name=\"twitter:data1\" content=\"Telinha\" \/>\n\t<meta name=\"twitter:label2\" content=\"Tempo estimado de leitura\" \/>\n\t<meta name=\"twitter:data2\" content=\"1 minuto\" \/>\n<script type=\"application\/ld+json\" class=\"yoast-schema-graph\">{\"@context\":\"https:\/\/schema.org\",\"@graph\":[{\"@type\":\"Article\",\"@id\":\"https:\/\/portaltela.pt\/noticias\/2026\/03\/24\/empresa-portuguesa-vandalizada-em-mocambique-encerra-atividades\/#article\",\"isPartOf\":{\"@id\":\"https:\/\/portaltela.pt\/noticias\/2026\/03\/24\/empresa-portuguesa-vandalizada-em-mocambique-encerra-atividades\/\"},\"author\":{\"name\":\"Telinha\",\"@id\":\"https:\/\/portaltela.pt\/#\/schema\/person\/c4278d4a6028830caff9ee44b42d32ed\"},\"headline\":\"Empresa portuguesa vandalizada em Mo\u00e7ambique encerra atividades\",\"datePublished\":\"2026-03-24T11:09:16+00:00\",\"mainEntityOfPage\":{\"@id\":\"https:\/\/portaltela.pt\/noticias\/2026\/03\/24\/empresa-portuguesa-vandalizada-em-mocambique-encerra-atividades\/\"},\"wordCount\":293,\"image\":{\"@id\":\"https:\/\/portaltela.pt\/noticias\/2026\/03\/24\/empresa-portuguesa-vandalizada-em-mocambique-encerra-atividades\/#primaryimage\"},\"thumbnailUrl\":\"https:\/\/portaltela.pt\/s.01k8rhncp4jt1\/2026\/03\/img_1500x1000uu2025-03-06-12-02-14-2196559.jpg\",\"keywords\":[\"desemprego\",\"economia\",\"emprego\",\"empresas\",\"Maputo\",\"Mo\u00e7ambique\"],\"articleSection\":[\"Economia\",\"Neg\u00f3cios\"],\"inLanguage\":\"pt-PT\"},{\"@type\":\"WebPage\",\"@id\":\"https:\/\/portaltela.pt\/noticias\/2026\/03\/24\/empresa-portuguesa-vandalizada-em-mocambique-encerra-atividades\/\",\"url\":\"https:\/\/portaltela.pt\/noticias\/2026\/03\/24\/empresa-portuguesa-vandalizada-em-mocambique-encerra-atividades\/\",\"name\":\"Empresa portuguesa vandalizada em Mo\u00e7ambique encerra atividades - Portal Tela Portugal\",\"isPartOf\":{\"@id\":\"https:\/\/portaltela.pt\/#website\"},\"primaryImageOfPage\":{\"@id\":\"https:\/\/portaltela.pt\/noticias\/2026\/03\/24\/empresa-portuguesa-vandalizada-em-mocambique-encerra-atividades\/#primaryimage\"},\"image\":{\"@id\":\"https:\/\/portaltela.pt\/noticias\/2026\/03\/24\/empresa-portuguesa-vandalizada-em-mocambique-encerra-atividades\/#primaryimage\"},\"thumbnailUrl\":\"https:\/\/portaltela.pt\/s.01k8rhncp4jt1\/2026\/03\/img_1500x1000uu2025-03-06-12-02-14-2196559.jpg\",\"datePublished\":\"2026-03-24T11:09:16+00:00\",\"author\":{\"@id\":\"https:\/\/portaltela.pt\/#\/schema\/person\/c4278d4a6028830caff9ee44b42d32ed\"},\"breadcrumb\":{\"@id\":\"https:\/\/portaltela.pt\/noticias\/2026\/03\/24\/empresa-portuguesa-vandalizada-em-mocambique-encerra-atividades\/#breadcrumb\"},\"inLanguage\":\"pt-PT\",\"potentialAction\":[{\"@type\":\"ReadAction\",\"target\":[\"https:\/\/portaltela.pt\/noticias\/2026\/03\/24\/empresa-portuguesa-vandalizada-em-mocambique-encerra-atividades\/\"]}]},{\"@type\":\"ImageObject\",\"inLanguage\":\"pt-PT\",\"@id\":\"https:\/\/portaltela.pt\/noticias\/2026\/03\/24\/empresa-portuguesa-vandalizada-em-mocambique-encerra-atividades\/#primaryimage\",\"url\":\"https:\/\/portaltela.pt\/s.01k8rhncp4jt1\/2026\/03\/img_1500x1000uu2025-03-06-12-02-14-2196559.jpg\",\"contentUrl\":\"https:\/\/portaltela.pt\/s.01k8rhncp4jt1\/2026\/03\/img_1500x1000uu2025-03-06-12-02-14-2196559.jpg\",\"width\":796,\"height\":448,\"caption\":\"Tiros e caos em bairro perif\u00e9rico de Maputo em protestos por disparos contra caravana de Mondlane\"},{\"@type\":\"BreadcrumbList\",\"@id\":\"https:\/\/portaltela.pt\/noticias\/2026\/03\/24\/empresa-portuguesa-vandalizada-em-mocambique-encerra-atividades\/#breadcrumb\",\"itemListElement\":[{\"@type\":\"ListItem\",\"position\":1,\"name\":\"In\u00edcio\",\"item\":\"https:\/\/portaltela.pt\/\"},{\"@type\":\"ListItem\",\"position\":2,\"name\":\"Empresa portuguesa vandalizada em Mo\u00e7ambique encerra atividades\"}]},{\"@type\":\"WebSite\",\"@id\":\"https:\/\/portaltela.pt\/#website\",\"url\":\"https:\/\/portaltela.pt\/\",\"name\":\"Portal Tela Portugal\",\"description\":\"\",\"potentialAction\":[{\"@type\":\"SearchAction\",\"target\":{\"@type\":\"EntryPoint\",\"urlTemplate\":\"https:\/\/portaltela.pt\/?s={search_term_string}\"},\"query-input\":{\"@type\":\"PropertyValueSpecification\",\"valueRequired\":true,\"valueName\":\"search_term_string\"}}],\"inLanguage\":\"pt-PT\"},{\"@type\":\"Person\",\"@id\":\"https:\/\/portaltela.pt\/#\/schema\/person\/c4278d4a6028830caff9ee44b42d32ed\",\"name\":\"Telinha\",\"image\":{\"@type\":\"ImageObject\",\"inLanguage\":\"pt-PT\",\"@id\":\"https:\/\/portaltela.pt\/s.01k8rhncp4jt1\/2025\/11\/talking-bot-125x125.png\",\"url\":\"https:\/\/portaltela.pt\/s.01k8rhncp4jt1\/2025\/11\/talking-bot-125x125.png\",\"contentUrl\":\"https:\/\/portaltela.pt\/s.01k8rhncp4jt1\/2025\/11\/talking-bot-125x125.png\",\"caption\":\"Telinha\"},\"sameAs\":[\"https:\/\/portaltela.pt\/\"],\"url\":\"https:\/\/portaltela.pt\/por\/367410592786\/\"}]}<\/script>\n<!-- \/ Yoast SEO plugin. -->","yoast_head_json":{"title":"Empresa portuguesa vandalizada em Mo\u00e7ambique encerra atividades - Portal Tela Portugal","robots":{"index":"index","follow":"follow","max-snippet":"max-snippet:-1","max-image-preview":"max-image-preview:large","max-video-preview":"max-video-preview:-1"},"og_locale":"pt_PT","og_type":"article","og_title":"Empresa portuguesa vandalizada em Mo\u00e7ambique encerra atividades - Portal Tela Portugal","og_description":"A Dimatel, empresa portuguesa de distribui\u00e7\u00e3o de material el\u00e9trico, encerra as atividades em Maputo no dia 31 de mar\u00e7o de 2026, colocando pelo menos 30 trabalhadores no desemprego. A empresa est\u00e1 em Maputo h\u00e1 dezoito a dezenove anos e decidiu fechar devido a fatores adversos de 2025, incluindo instabilidade social e vandalismo. As instala\u00e7\u00f5es foram vandalizadas e pilhadas durante os protestos p\u00f3s-eleitorais de Mo\u00e7ambique, com pelo menos duas pessoas a morrer no interior do armaz\u00e9m. Os administradores chegaram a dormir nas instala\u00e7\u00f5es durante os protestos de novembro de 2024 e janeiro de 2025, que coincidiram com a tomada de posse de Daniel Chapo. A gest\u00e3o aponta ainda dificuldades na importa\u00e7\u00e3o de mercadorias e escassez de divisas como parte das raz\u00f5es para o encerramento definitivo.","og_url":"https:\/\/portaltela.pt\/noticias\/2026\/03\/24\/empresa-portuguesa-vandalizada-em-mocambique-encerra-atividades\/","og_site_name":"Portal Tela Portugal","article_published_time":"2026-03-24T11:09:16+00:00","author":"Telinha","twitter_card":"summary_large_image","twitter_misc":{"Escrito por":"Telinha","Tempo estimado de leitura":"1 minuto"},"schema":{"@context":"https:\/\/schema.org","@graph":[{"@type":"Article","@id":"https:\/\/portaltela.pt\/noticias\/2026\/03\/24\/empresa-portuguesa-vandalizada-em-mocambique-encerra-atividades\/#article","isPartOf":{"@id":"https:\/\/portaltela.pt\/noticias\/2026\/03\/24\/empresa-portuguesa-vandalizada-em-mocambique-encerra-atividades\/"},"author":{"name":"Telinha","@id":"https:\/\/portaltela.pt\/#\/schema\/person\/c4278d4a6028830caff9ee44b42d32ed"},"headline":"Empresa portuguesa vandalizada em Mo\u00e7ambique encerra atividades","datePublished":"2026-03-24T11:09:16+00:00","mainEntityOfPage":{"@id":"https:\/\/portaltela.pt\/noticias\/2026\/03\/24\/empresa-portuguesa-vandalizada-em-mocambique-encerra-atividades\/"},"wordCount":293,"image":{"@id":"https:\/\/portaltela.pt\/noticias\/2026\/03\/24\/empresa-portuguesa-vandalizada-em-mocambique-encerra-atividades\/#primaryimage"},"thumbnailUrl":"https:\/\/portaltela.pt\/s.01k8rhncp4jt1\/2026\/03\/img_1500x1000uu2025-03-06-12-02-14-2196559.jpg","keywords":["desemprego","economia","emprego","empresas","Maputo","Mo\u00e7ambique"],"articleSection":["Economia","Neg\u00f3cios"],"inLanguage":"pt-PT"},{"@type":"WebPage","@id":"https:\/\/portaltela.pt\/noticias\/2026\/03\/24\/empresa-portuguesa-vandalizada-em-mocambique-encerra-atividades\/","url":"https:\/\/portaltela.pt\/noticias\/2026\/03\/24\/empresa-portuguesa-vandalizada-em-mocambique-encerra-atividades\/","name":"Empresa portuguesa vandalizada em Mo\u00e7ambique encerra atividades - Portal Tela Portugal","isPartOf":{"@id":"https:\/\/portaltela.pt\/#website"},"primaryImageOfPage":{"@id":"https:\/\/portaltela.pt\/noticias\/2026\/03\/24\/empresa-portuguesa-vandalizada-em-mocambique-encerra-atividades\/#primaryimage"},"image":{"@id":"https:\/\/portaltela.pt\/noticias\/2026\/03\/24\/empresa-portuguesa-vandalizada-em-mocambique-encerra-atividades\/#primaryimage"},"thumbnailUrl":"https:\/\/portaltela.pt\/s.01k8rhncp4jt1\/2026\/03\/img_1500x1000uu2025-03-06-12-02-14-2196559.jpg","datePublished":"2026-03-24T11:09:16+00:00","author":{"@id":"https:\/\/portaltela.pt\/#\/schema\/person\/c4278d4a6028830caff9ee44b42d32ed"},"breadcrumb":{"@id":"https:\/\/portaltela.pt\/noticias\/2026\/03\/24\/empresa-portuguesa-vandalizada-em-mocambique-encerra-atividades\/#breadcrumb"},"inLanguage":"pt-PT","potentialAction":[{"@type":"ReadAction","target":["https:\/\/portaltela.pt\/noticias\/2026\/03\/24\/empresa-portuguesa-vandalizada-em-mocambique-encerra-atividades\/"]}]},{"@type":"ImageObject","inLanguage":"pt-PT","@id":"https:\/\/portaltela.pt\/noticias\/2026\/03\/24\/empresa-portuguesa-vandalizada-em-mocambique-encerra-atividades\/#primaryimage","url":"https:\/\/portaltela.pt\/s.01k8rhncp4jt1\/2026\/03\/img_1500x1000uu2025-03-06-12-02-14-2196559.jpg","contentUrl":"https:\/\/portaltela.pt\/s.01k8rhncp4jt1\/2026\/03\/img_1500x1000uu2025-03-06-12-02-14-2196559.jpg","width":796,"height":448,"caption":"Tiros e caos em bairro perif\u00e9rico de Maputo em protestos por disparos contra caravana de Mondlane"},{"@type":"BreadcrumbList","@id":"https:\/\/portaltela.pt\/noticias\/2026\/03\/24\/empresa-portuguesa-vandalizada-em-mocambique-encerra-atividades\/#breadcrumb","itemListElement":[{"@type":"ListItem","position":1,"name":"In\u00edcio","item":"https:\/\/portaltela.pt\/"},{"@type":"ListItem","position":2,"name":"Empresa portuguesa vandalizada em Mo\u00e7ambique encerra atividades"}]},{"@type":"WebSite","@id":"https:\/\/portaltela.pt\/#website","url":"https:\/\/portaltela.pt\/","name":"Portal Tela Portugal","description":"","potentialAction":[{"@type":"SearchAction","target":{"@type":"EntryPoint","urlTemplate":"https:\/\/portaltela.pt\/?s={search_term_string}"},"query-input":{"@type":"PropertyValueSpecification","valueRequired":true,"valueName":"search_term_string"}}],"inLanguage":"pt-PT"},{"@type":"Person","@id":"https:\/\/portaltela.pt\/#\/schema\/person\/c4278d4a6028830caff9ee44b42d32ed","name":"Telinha","image":{"@type":"ImageObject","inLanguage":"pt-PT","@id":"https:\/\/portaltela.pt\/s.01k8rhncp4jt1\/2025\/11\/talking-bot-125x125.png","url":"https:\/\/portaltela.pt\/s.01k8rhncp4jt1\/2025\/11\/talking-bot-125x125.png","contentUrl":"https:\/\/portaltela.pt\/s.01k8rhncp4jt1\/2025\/11\/talking-bot-125x125.png","caption":"Telinha"},"sameAs":["https:\/\/portaltela.pt\/"],"url":"https:\/\/portaltela.pt\/por\/367410592786\/"}]}},"_links":{"self":[{"href":"https:\/\/portaltela.pt\/api\/wp\/v2\/posts\/419396","targetHints":{"allow":["GET"]}}],"collection":[{"href":"https:\/\/portaltela.pt\/api\/wp\/v2\/posts"}],"about":[{"href":"https:\/\/portaltela.pt\/api\/wp\/v2\/types\/post"}],"author":[{"embeddable":true,"href":"https:\/\/portaltela.pt\/api\/wp\/v2\/users\/2"}],"replies":[{"embeddable":true,"href":"https:\/\/portaltela.pt\/api\/wp\/v2\/comments?post=419396"}],"version-history":[{"count":0,"href":"https:\/\/portaltela.pt\/api\/wp\/v2\/posts\/419396\/revisions"}],"wp:featuredmedia":[{"embeddable":true,"href":"https:\/\/portaltela.pt\/api\/wp\/v2\/media\/419401"}],"wp:attachment":[{"href":"https:\/\/portaltela.pt\/api\/wp\/v2\/media?parent=419396"}],"wp:term":[{"taxonomy":"category","embeddable":true,"href":"https:\/\/portaltela.pt\/api\/wp\/v2\/categories?post=419396"},{"taxonomy":"post_tag","embeddable":true,"href":"https:\/\/portaltela.pt\/api\/wp\/v2\/tags?post=419396"}],"curies":[{"name":"wp","href":"https:\/\/api.w.org\/{rel}","templated":true}]}}