{"id":419391,"date":"2026-03-24T08:14:12","date_gmt":"2026-03-24T11:14:12","guid":{"rendered":"https:\/\/portaltela.pt\/noticias\/2026\/03\/24\/arabia-saudita-intercepta-27-drones-em-ataques-atribuidos-ao-irao\/"},"modified":"2026-03-24T08:14:12","modified_gmt":"2026-03-24T11:14:12","slug":"arabia-saudita-intercepta-27-drones-em-ataques-atribuidos-ao-irao","status":"publish","type":"post","link":"https:\/\/portaltela.pt\/guerra\/2026\/03\/24\/arabia-saudita-intercepta-27-drones-em-ataques-atribuidos-ao-irao\/","title":{"rendered":"Ar\u00e1bia Saudita intercepta 27 drones em ataques atribu\u00eddos ao Ir\u00e3o"},"content":{"rendered":"<p>O governo da Ar\u00e1bia Saudita anunciou a interce\u00e7\u00e3o de 27 drones na zona oriental do reino, atribu\u00eddos a ataques das for\u00e7as iranianas. O incidente ocorreu na ter\u00e7a-feira, num contexto de tens\u00f5es entre Riade e Teer\u00e3o. Alegadamente, os aparelhos a\u00e9reos n\u00e3o tripulados foram abatidos pela defesa a\u00e9rea, sem registar v\u00edtimas ou danos materiais.<\/p>\n<p>O Minist\u00e9rio da Defesa saudita informou, via redes sociais, que as a\u00e7\u00f5es ocorreram de forma coordenada pelos sistemas de defesa a\u00e9rea, que conseguiram neutralizar as amea\u00e7as. O comunicado n\u00e3o detalhou os modelos dos drones nem especificou a origem dos ataques.<\/p>\n<p>Na sequ\u00eancia de medidas recentes, v\u00e1rios iranianos trabalhavam na embaixada de Teer\u00e3o em Riade e foram declarados persona non grata no \u00faltimo s\u00e1bado. Na semana anterior, o ministro dos Neg\u00f3cios Estrangeiros saudita indicou que o reino pode responder militarmente a ataques vindos do Ir\u00e3o.<\/p>\n<h3>Contexto diplom\u00e1tico<\/h3>\n<p>As autoridades sauditas afirmaram ter abatido dezenas de m\u00edsseis e drones disparados pelo Ir\u00e3o, segundo relatos oficiais. O Ir\u00e3o reivindicou que os ataques visavam retalia\u00e7\u00e3o aos bombardeamentos dos Estados Unidos e de Israel contra o territ\u00f3rio iraniano, iniciados no fim de fevereiro. As informa\u00e7\u00f5es s\u00e3o apresentadas sem confirma\u00e7\u00e3o independente.<\/p>\n<h3>Desdobramentos<\/h3>\n<p>A situa\u00e7\u00e3o mant\u00e9m-se tensa, com a afirma\u00e7\u00e3o de Riade de que o Om\u00e3 e outras frentes permanecem sob vigil\u00e2ncia. N\u00e3o foram divulgadas confirma\u00e7\u00f5es adicionais sobre danos, v\u00edctimas ou impactos em infraestruturas. Autoridades iranianas n\u00e3o comentaram diretamente o epis\u00f3dio sob a mesma narrativa.<\/p>\n","protected":false},"excerpt":{"rendered":"<ul>\n<li>A Ar\u00e1bia Saudita intercetou 27 drones na zona oriental do pa\u00eds, atribu\u00eddos \u00e0s for\u00e7as iranianas.<\/li>\n<li>O Minist\u00e9rio da Defesa saudita afirmou que os drones foram abatidos pelas defesas a\u00e9reas, sem v\u00edtimas ou danos materiais reportados.<\/li>\n<li>Na semana passada, v\u00e1rios cidad\u00e3os iranianos que trabalhavam na embaixada de Teer\u00e3 em Riade foram declarados persona non grata.<\/li>\n<li>O ministro dos Neg\u00f3cios Estrangeiros saudita, Faisal bin Farhan, j\u00e1 tinha dito que o reino pode responder militarmente a ataques do Ir\u00e3o.<\/li>\n<li>As autoridades sauditas dizem ter abatido dezenas de m\u00edsseis e drones lan\u00e7ados pelo Ir\u00e3o, que alegadamente visavam interesses de Israel e dos Estados Unidos; o Ir\u00e3o afirma que os ataques foram retalia\u00e7\u00e3o a a\u00e7\u00f5es dos EUA e de Israel iniciadas no dias 28 de fevereiro.<\/li>\n<\/ul>\n","protected":false},"author":2,"featured_media":419393,"comment_status":"closed","ping_status":"closed","sticky":false,"template":"","format":"standard","meta":{"footnotes":""},"categories":[6790,6804],"tags":[6625,29,7400,62,3153,4222],"class_list":["post-419391","post","type-post","status-publish","format-standard","has-post-thumbnail","hentry","category-conflitos","category-guerra","tag-arabia","tag-diplomacia","tag-drones","tag-guerra","tag-ira","tag-seguranca-internacional"],"yoast_head":"<!-- This site is optimized with the Yoast SEO plugin v27.2 - https:\/\/yoast.com\/product\/yoast-seo-wordpress\/ -->\n<title>Ar\u00e1bia Saudita intercepta 27 drones em ataques atribu\u00eddos ao Ir\u00e3o - Portal Tela Portugal<\/title>\n<meta name=\"robots\" content=\"index, follow, max-snippet:-1, max-image-preview:large, max-video-preview:-1\" \/>\n<meta property=\"og:locale\" content=\"pt_PT\" \/>\n<meta property=\"og:type\" content=\"article\" \/>\n<meta property=\"og:title\" content=\"Ar\u00e1bia Saudita intercepta 27 drones em ataques atribu\u00eddos ao Ir\u00e3o - Portal Tela Portugal\" \/>\n<meta property=\"og:description\" content=\"A Ar\u00e1bia Saudita intercetou 27 drones na zona oriental do pa\u00eds, atribu\u00eddos \u00e0s for\u00e7as iranianas. O Minist\u00e9rio da Defesa saudita afirmou que os drones foram abatidos pelas defesas a\u00e9reas, sem v\u00edtimas ou danos materiais reportados. Na semana passada, v\u00e1rios cidad\u00e3os iranianos que trabalhavam na embaixada de Teer\u00e3 em Riade foram declarados persona non grata. O ministro dos Neg\u00f3cios Estrangeiros saudita, Faisal bin Farhan, j\u00e1 tinha dito que o reino pode responder militarmente a ataques do Ir\u00e3o. As autoridades sauditas dizem ter abatido dezenas de m\u00edsseis e drones lan\u00e7ados pelo Ir\u00e3o, que alegadamente visavam interesses de Israel e dos Estados Unidos; o Ir\u00e3o afirma que os ataques foram retalia\u00e7\u00e3o a a\u00e7\u00f5es dos EUA e de Israel iniciadas no dias 28 de fevereiro.\" \/>\n<meta property=\"og:url\" content=\"https:\/\/portaltela.pt\/noticias\/2026\/03\/24\/arabia-saudita-intercepta-27-drones-em-ataques-atribuidos-ao-irao\/\" \/>\n<meta property=\"og:site_name\" content=\"Portal Tela Portugal\" \/>\n<meta property=\"article:published_time\" content=\"2026-03-24T11:14:12+00:00\" \/>\n<meta name=\"author\" content=\"Telinha\" \/>\n<meta name=\"twitter:card\" content=\"summary_large_image\" \/>\n<meta name=\"twitter:label1\" content=\"Escrito por\" \/>\n\t<meta name=\"twitter:data1\" content=\"Telinha\" \/>\n\t<meta name=\"twitter:label2\" content=\"Tempo estimado de leitura\" \/>\n\t<meta name=\"twitter:data2\" content=\"1 minuto\" \/>\n<script type=\"application\/ld+json\" class=\"yoast-schema-graph\">{\"@context\":\"https:\/\/schema.org\",\"@graph\":[{\"@type\":\"Article\",\"@id\":\"https:\/\/portaltela.pt\/noticias\/2026\/03\/24\/arabia-saudita-intercepta-27-drones-em-ataques-atribuidos-ao-irao\/#article\",\"isPartOf\":{\"@id\":\"https:\/\/portaltela.pt\/noticias\/2026\/03\/24\/arabia-saudita-intercepta-27-drones-em-ataques-atribuidos-ao-irao\/\"},\"author\":{\"name\":\"Telinha\",\"@id\":\"https:\/\/portaltela.pt\/#\/schema\/person\/c4278d4a6028830caff9ee44b42d32ed\"},\"headline\":\"Ar\u00e1bia Saudita intercepta 27 drones em ataques atribu\u00eddos ao Ir\u00e3o\",\"datePublished\":\"2026-03-24T11:14:12+00:00\",\"mainEntityOfPage\":{\"@id\":\"https:\/\/portaltela.pt\/noticias\/2026\/03\/24\/arabia-saudita-intercepta-27-drones-em-ataques-atribuidos-ao-irao\/\"},\"wordCount\":281,\"image\":{\"@id\":\"https:\/\/portaltela.pt\/noticias\/2026\/03\/24\/arabia-saudita-intercepta-27-drones-em-ataques-atribuidos-ao-irao\/#primaryimage\"},\"thumbnailUrl\":\"https:\/\/portaltela.pt\/s.01k8rhncp4jt1\/2026\/03\/img_1500x1000uu2023-07-01-18-36-48-1385021-im-639099475371586500.jpg\",\"keywords\":[\"Ar\u00e1bia\",\"diplomacia\",\"drones\",\"guerra\",\"Ir\u00e3\",\"seguran\u00e7a internacional\"],\"articleSection\":[\"Conflitos\",\"Guerra\"],\"inLanguage\":\"pt-PT\"},{\"@type\":\"WebPage\",\"@id\":\"https:\/\/portaltela.pt\/noticias\/2026\/03\/24\/arabia-saudita-intercepta-27-drones-em-ataques-atribuidos-ao-irao\/\",\"url\":\"https:\/\/portaltela.pt\/noticias\/2026\/03\/24\/arabia-saudita-intercepta-27-drones-em-ataques-atribuidos-ao-irao\/\",\"name\":\"Ar\u00e1bia Saudita intercepta 27 drones em ataques atribu\u00eddos ao Ir\u00e3o - Portal Tela Portugal\",\"isPartOf\":{\"@id\":\"https:\/\/portaltela.pt\/#website\"},\"primaryImageOfPage\":{\"@id\":\"https:\/\/portaltela.pt\/noticias\/2026\/03\/24\/arabia-saudita-intercepta-27-drones-em-ataques-atribuidos-ao-irao\/#primaryimage\"},\"image\":{\"@id\":\"https:\/\/portaltela.pt\/noticias\/2026\/03\/24\/arabia-saudita-intercepta-27-drones-em-ataques-atribuidos-ao-irao\/#primaryimage\"},\"thumbnailUrl\":\"https:\/\/portaltela.pt\/s.01k8rhncp4jt1\/2026\/03\/img_1500x1000uu2023-07-01-18-36-48-1385021-im-639099475371586500.jpg\",\"datePublished\":\"2026-03-24T11:14:12+00:00\",\"author\":{\"@id\":\"https:\/\/portaltela.pt\/#\/schema\/person\/c4278d4a6028830caff9ee44b42d32ed\"},\"breadcrumb\":{\"@id\":\"https:\/\/portaltela.pt\/noticias\/2026\/03\/24\/arabia-saudita-intercepta-27-drones-em-ataques-atribuidos-ao-irao\/#breadcrumb\"},\"inLanguage\":\"pt-PT\",\"potentialAction\":[{\"@type\":\"ReadAction\",\"target\":[\"https:\/\/portaltela.pt\/noticias\/2026\/03\/24\/arabia-saudita-intercepta-27-drones-em-ataques-atribuidos-ao-irao\/\"]}]},{\"@type\":\"ImageObject\",\"inLanguage\":\"pt-PT\",\"@id\":\"https:\/\/portaltela.pt\/noticias\/2026\/03\/24\/arabia-saudita-intercepta-27-drones-em-ataques-atribuidos-ao-irao\/#primaryimage\",\"url\":\"https:\/\/portaltela.pt\/s.01k8rhncp4jt1\/2026\/03\/img_1500x1000uu2023-07-01-18-36-48-1385021-im-639099475371586500.jpg\",\"contentUrl\":\"https:\/\/portaltela.pt\/s.01k8rhncp4jt1\/2026\/03\/img_1500x1000uu2023-07-01-18-36-48-1385021-im-639099475371586500.jpg\",\"width\":796,\"height\":448,\"caption\":\"\u2018Kingdom Tower\u201d de Riade \u00e9 o s\u00edmbolo da modernidade saudita\"},{\"@type\":\"BreadcrumbList\",\"@id\":\"https:\/\/portaltela.pt\/noticias\/2026\/03\/24\/arabia-saudita-intercepta-27-drones-em-ataques-atribuidos-ao-irao\/#breadcrumb\",\"itemListElement\":[{\"@type\":\"ListItem\",\"position\":1,\"name\":\"In\u00edcio\",\"item\":\"https:\/\/portaltela.pt\/\"},{\"@type\":\"ListItem\",\"position\":2,\"name\":\"Ar\u00e1bia Saudita intercepta 27 drones em ataques atribu\u00eddos ao Ir\u00e3o\"}]},{\"@type\":\"WebSite\",\"@id\":\"https:\/\/portaltela.pt\/#website\",\"url\":\"https:\/\/portaltela.pt\/\",\"name\":\"Portal Tela Portugal\",\"description\":\"\",\"potentialAction\":[{\"@type\":\"SearchAction\",\"target\":{\"@type\":\"EntryPoint\",\"urlTemplate\":\"https:\/\/portaltela.pt\/?s={search_term_string}\"},\"query-input\":{\"@type\":\"PropertyValueSpecification\",\"valueRequired\":true,\"valueName\":\"search_term_string\"}}],\"inLanguage\":\"pt-PT\"},{\"@type\":\"Person\",\"@id\":\"https:\/\/portaltela.pt\/#\/schema\/person\/c4278d4a6028830caff9ee44b42d32ed\",\"name\":\"Telinha\",\"image\":{\"@type\":\"ImageObject\",\"inLanguage\":\"pt-PT\",\"@id\":\"https:\/\/portaltela.pt\/s.01k8rhncp4jt1\/2025\/11\/talking-bot-125x125.png\",\"url\":\"https:\/\/portaltela.pt\/s.01k8rhncp4jt1\/2025\/11\/talking-bot-125x125.png\",\"contentUrl\":\"https:\/\/portaltela.pt\/s.01k8rhncp4jt1\/2025\/11\/talking-bot-125x125.png\",\"caption\":\"Telinha\"},\"sameAs\":[\"https:\/\/portaltela.pt\/\"],\"url\":\"https:\/\/portaltela.pt\/por\/367410592786\/\"}]}<\/script>\n<!-- \/ Yoast SEO plugin. -->","yoast_head_json":{"title":"Ar\u00e1bia Saudita intercepta 27 drones em ataques atribu\u00eddos ao Ir\u00e3o - Portal Tela Portugal","robots":{"index":"index","follow":"follow","max-snippet":"max-snippet:-1","max-image-preview":"max-image-preview:large","max-video-preview":"max-video-preview:-1"},"og_locale":"pt_PT","og_type":"article","og_title":"Ar\u00e1bia Saudita intercepta 27 drones em ataques atribu\u00eddos ao Ir\u00e3o - Portal Tela Portugal","og_description":"A Ar\u00e1bia Saudita intercetou 27 drones na zona oriental do pa\u00eds, atribu\u00eddos \u00e0s for\u00e7as iranianas. O Minist\u00e9rio da Defesa saudita afirmou que os drones foram abatidos pelas defesas a\u00e9reas, sem v\u00edtimas ou danos materiais reportados. Na semana passada, v\u00e1rios cidad\u00e3os iranianos que trabalhavam na embaixada de Teer\u00e3 em Riade foram declarados persona non grata. O ministro dos Neg\u00f3cios Estrangeiros saudita, Faisal bin Farhan, j\u00e1 tinha dito que o reino pode responder militarmente a ataques do Ir\u00e3o. As autoridades sauditas dizem ter abatido dezenas de m\u00edsseis e drones lan\u00e7ados pelo Ir\u00e3o, que alegadamente visavam interesses de Israel e dos Estados Unidos; o Ir\u00e3o afirma que os ataques foram retalia\u00e7\u00e3o a a\u00e7\u00f5es dos EUA e de Israel iniciadas no dias 28 de fevereiro.","og_url":"https:\/\/portaltela.pt\/noticias\/2026\/03\/24\/arabia-saudita-intercepta-27-drones-em-ataques-atribuidos-ao-irao\/","og_site_name":"Portal Tela Portugal","article_published_time":"2026-03-24T11:14:12+00:00","author":"Telinha","twitter_card":"summary_large_image","twitter_misc":{"Escrito por":"Telinha","Tempo estimado de leitura":"1 minuto"},"schema":{"@context":"https:\/\/schema.org","@graph":[{"@type":"Article","@id":"https:\/\/portaltela.pt\/noticias\/2026\/03\/24\/arabia-saudita-intercepta-27-drones-em-ataques-atribuidos-ao-irao\/#article","isPartOf":{"@id":"https:\/\/portaltela.pt\/noticias\/2026\/03\/24\/arabia-saudita-intercepta-27-drones-em-ataques-atribuidos-ao-irao\/"},"author":{"name":"Telinha","@id":"https:\/\/portaltela.pt\/#\/schema\/person\/c4278d4a6028830caff9ee44b42d32ed"},"headline":"Ar\u00e1bia Saudita intercepta 27 drones em ataques atribu\u00eddos ao Ir\u00e3o","datePublished":"2026-03-24T11:14:12+00:00","mainEntityOfPage":{"@id":"https:\/\/portaltela.pt\/noticias\/2026\/03\/24\/arabia-saudita-intercepta-27-drones-em-ataques-atribuidos-ao-irao\/"},"wordCount":281,"image":{"@id":"https:\/\/portaltela.pt\/noticias\/2026\/03\/24\/arabia-saudita-intercepta-27-drones-em-ataques-atribuidos-ao-irao\/#primaryimage"},"thumbnailUrl":"https:\/\/portaltela.pt\/s.01k8rhncp4jt1\/2026\/03\/img_1500x1000uu2023-07-01-18-36-48-1385021-im-639099475371586500.jpg","keywords":["Ar\u00e1bia","diplomacia","drones","guerra","Ir\u00e3","seguran\u00e7a internacional"],"articleSection":["Conflitos","Guerra"],"inLanguage":"pt-PT"},{"@type":"WebPage","@id":"https:\/\/portaltela.pt\/noticias\/2026\/03\/24\/arabia-saudita-intercepta-27-drones-em-ataques-atribuidos-ao-irao\/","url":"https:\/\/portaltela.pt\/noticias\/2026\/03\/24\/arabia-saudita-intercepta-27-drones-em-ataques-atribuidos-ao-irao\/","name":"Ar\u00e1bia Saudita intercepta 27 drones em ataques atribu\u00eddos ao Ir\u00e3o - Portal Tela Portugal","isPartOf":{"@id":"https:\/\/portaltela.pt\/#website"},"primaryImageOfPage":{"@id":"https:\/\/portaltela.pt\/noticias\/2026\/03\/24\/arabia-saudita-intercepta-27-drones-em-ataques-atribuidos-ao-irao\/#primaryimage"},"image":{"@id":"https:\/\/portaltela.pt\/noticias\/2026\/03\/24\/arabia-saudita-intercepta-27-drones-em-ataques-atribuidos-ao-irao\/#primaryimage"},"thumbnailUrl":"https:\/\/portaltela.pt\/s.01k8rhncp4jt1\/2026\/03\/img_1500x1000uu2023-07-01-18-36-48-1385021-im-639099475371586500.jpg","datePublished":"2026-03-24T11:14:12+00:00","author":{"@id":"https:\/\/portaltela.pt\/#\/schema\/person\/c4278d4a6028830caff9ee44b42d32ed"},"breadcrumb":{"@id":"https:\/\/portaltela.pt\/noticias\/2026\/03\/24\/arabia-saudita-intercepta-27-drones-em-ataques-atribuidos-ao-irao\/#breadcrumb"},"inLanguage":"pt-PT","potentialAction":[{"@type":"ReadAction","target":["https:\/\/portaltela.pt\/noticias\/2026\/03\/24\/arabia-saudita-intercepta-27-drones-em-ataques-atribuidos-ao-irao\/"]}]},{"@type":"ImageObject","inLanguage":"pt-PT","@id":"https:\/\/portaltela.pt\/noticias\/2026\/03\/24\/arabia-saudita-intercepta-27-drones-em-ataques-atribuidos-ao-irao\/#primaryimage","url":"https:\/\/portaltela.pt\/s.01k8rhncp4jt1\/2026\/03\/img_1500x1000uu2023-07-01-18-36-48-1385021-im-639099475371586500.jpg","contentUrl":"https:\/\/portaltela.pt\/s.01k8rhncp4jt1\/2026\/03\/img_1500x1000uu2023-07-01-18-36-48-1385021-im-639099475371586500.jpg","width":796,"height":448,"caption":"\u2018Kingdom Tower\u201d de Riade \u00e9 o s\u00edmbolo da modernidade saudita"},{"@type":"BreadcrumbList","@id":"https:\/\/portaltela.pt\/noticias\/2026\/03\/24\/arabia-saudita-intercepta-27-drones-em-ataques-atribuidos-ao-irao\/#breadcrumb","itemListElement":[{"@type":"ListItem","position":1,"name":"In\u00edcio","item":"https:\/\/portaltela.pt\/"},{"@type":"ListItem","position":2,"name":"Ar\u00e1bia Saudita intercepta 27 drones em ataques atribu\u00eddos ao Ir\u00e3o"}]},{"@type":"WebSite","@id":"https:\/\/portaltela.pt\/#website","url":"https:\/\/portaltela.pt\/","name":"Portal Tela Portugal","description":"","potentialAction":[{"@type":"SearchAction","target":{"@type":"EntryPoint","urlTemplate":"https:\/\/portaltela.pt\/?s={search_term_string}"},"query-input":{"@type":"PropertyValueSpecification","valueRequired":true,"valueName":"search_term_string"}}],"inLanguage":"pt-PT"},{"@type":"Person","@id":"https:\/\/portaltela.pt\/#\/schema\/person\/c4278d4a6028830caff9ee44b42d32ed","name":"Telinha","image":{"@type":"ImageObject","inLanguage":"pt-PT","@id":"https:\/\/portaltela.pt\/s.01k8rhncp4jt1\/2025\/11\/talking-bot-125x125.png","url":"https:\/\/portaltela.pt\/s.01k8rhncp4jt1\/2025\/11\/talking-bot-125x125.png","contentUrl":"https:\/\/portaltela.pt\/s.01k8rhncp4jt1\/2025\/11\/talking-bot-125x125.png","caption":"Telinha"},"sameAs":["https:\/\/portaltela.pt\/"],"url":"https:\/\/portaltela.pt\/por\/367410592786\/"}]}},"_links":{"self":[{"href":"https:\/\/portaltela.pt\/api\/wp\/v2\/posts\/419391","targetHints":{"allow":["GET"]}}],"collection":[{"href":"https:\/\/portaltela.pt\/api\/wp\/v2\/posts"}],"about":[{"href":"https:\/\/portaltela.pt\/api\/wp\/v2\/types\/post"}],"author":[{"embeddable":true,"href":"https:\/\/portaltela.pt\/api\/wp\/v2\/users\/2"}],"replies":[{"embeddable":true,"href":"https:\/\/portaltela.pt\/api\/wp\/v2\/comments?post=419391"}],"version-history":[{"count":0,"href":"https:\/\/portaltela.pt\/api\/wp\/v2\/posts\/419391\/revisions"}],"wp:featuredmedia":[{"embeddable":true,"href":"https:\/\/portaltela.pt\/api\/wp\/v2\/media\/419393"}],"wp:attachment":[{"href":"https:\/\/portaltela.pt\/api\/wp\/v2\/media?parent=419391"}],"wp:term":[{"taxonomy":"category","embeddable":true,"href":"https:\/\/portaltela.pt\/api\/wp\/v2\/categories?post=419391"},{"taxonomy":"post_tag","embeddable":true,"href":"https:\/\/portaltela.pt\/api\/wp\/v2\/tags?post=419391"}],"curies":[{"name":"wp","href":"https:\/\/api.w.org\/{rel}","templated":true}]}}