{"id":419389,"date":"2026-03-24T08:07:00","date_gmt":"2026-03-24T11:07:00","guid":{"rendered":"https:\/\/portaltela.pt\/noticias\/2026\/03\/24\/empresa-portuguesa-vandalizada-em-mocambique-fecha-portas\/"},"modified":"2026-03-24T08:07:00","modified_gmt":"2026-03-24T11:07:00","slug":"empresa-portuguesa-vandalizada-em-mocambique-fecha-portas","status":"publish","type":"post","link":"https:\/\/portaltela.pt\/noticias\/economia\/2026\/03\/24\/empresa-portuguesa-vandalizada-em-mocambique-fecha-portas\/","title":{"rendered":"Empresa portuguesa vandalizada em Mo\u00e7ambique fecha portas"},"content":{"rendered":"<p>Uma empresa portuguesa vandalizada durante manifesta\u00e7\u00f5es em Mo\u00e7ambique encerrou portas. A not\u00edcia n\u00e3o detalha datas espec\u00edficas do ocorrido nem o momento exato em que a decis\u00e3o foi tomada.<\/p>\n<p>Ainda n\u00e3o foram divulgados dados completos sobre os envolvidos na vandaliza\u00e7\u00e3o nem sobre o eventual impacto financeiro do incidente. Autoridades e representantes da empresa n\u00e3o revelaram informa\u00e7\u00f5es adicionais.<\/p>\n<p>O ocorrido ocorre no contexto de protestos no pa\u00eds, cuja repercuss\u00e3o levou a empresa a tomar a medida de fechar as suas opera\u00e7\u00f5es locais. A comunica\u00e7\u00e3o oficial n\u00e3o apresenta justificativas adicionais nem cronograma de encerramento.<\/p>\n<p>N\u00e3o h\u00e1 informa\u00e7\u00f5es sobre poss\u00edveis consequ\u00eancias para colaboradores, nem sobre medidas de suporte aos trabalhadores afetados pelo encerramento.<\/p>\n<p>As autoridades n\u00e3o confirmaram investiga\u00e7\u00e3o espec\u00edfica relacionada ao caso at\u00e9 o momento.<\/p>\n","protected":false},"excerpt":{"rendered":"<ul>\n<li>Uma empresa portuguesa vandalizada durante as manifesta\u00e7\u00f5es em Mo\u00e7ambique fecha portas.<\/li>\n<li>O conte\u00fado completo da not\u00edcia est\u00e1 dispon\u00edvel apenas para subscritores.<\/li>\n<li>No trecho fornecido n\u00e3o s\u00e3o apresentados detalhes adicionais sobre o incident\u0435.<\/li>\n<\/ul>\n","protected":false},"author":2,"featured_media":419390,"comment_status":"closed","ping_status":"closed","sticky":false,"template":"","format":"standard","meta":{"footnotes":""},"categories":[2,6735],"tags":[28,2697,1014,2857,2201,2008],"class_list":["post-419389","post","type-post","status-publish","format-standard","has-post-thumbnail","hentry","category-economia","category-negocios","tag-economia","tag-empresas","tag-portugal","tag-protestos","tag-trabalho","tag-vandalismo"],"yoast_head":"<!-- This site is optimized with the Yoast SEO plugin v27.2 - https:\/\/yoast.com\/product\/yoast-seo-wordpress\/ -->\n<title>Empresa portuguesa vandalizada em Mo\u00e7ambique fecha portas - Portal Tela Portugal<\/title>\n<meta name=\"robots\" content=\"index, follow, max-snippet:-1, max-image-preview:large, max-video-preview:-1\" \/>\n<meta property=\"og:locale\" content=\"pt_PT\" \/>\n<meta property=\"og:type\" content=\"article\" \/>\n<meta property=\"og:title\" content=\"Empresa portuguesa vandalizada em Mo\u00e7ambique fecha portas - Portal Tela Portugal\" \/>\n<meta property=\"og:description\" content=\"Uma empresa portuguesa vandalizada durante as manifesta\u00e7\u00f5es em Mo\u00e7ambique fecha portas. O conte\u00fado completo da not\u00edcia est\u00e1 dispon\u00edvel apenas para subscritores. No trecho fornecido n\u00e3o s\u00e3o apresentados detalhes adicionais sobre o incident\u0435.\" \/>\n<meta property=\"og:url\" content=\"https:\/\/portaltela.pt\/noticias\/2026\/03\/24\/empresa-portuguesa-vandalizada-em-mocambique-fecha-portas\/\" \/>\n<meta property=\"og:site_name\" content=\"Portal Tela Portugal\" \/>\n<meta property=\"article:published_time\" content=\"2026-03-24T11:07:00+00:00\" \/>\n<meta name=\"author\" content=\"Telinha\" \/>\n<meta name=\"twitter:card\" content=\"summary_large_image\" \/>\n<meta name=\"twitter:label1\" content=\"Escrito por\" \/>\n\t<meta name=\"twitter:data1\" content=\"Telinha\" \/>\n\t<meta name=\"twitter:label2\" content=\"Tempo estimado de leitura\" \/>\n\t<meta name=\"twitter:data2\" content=\"1 minuto\" \/>\n<script type=\"application\/ld+json\" class=\"yoast-schema-graph\">{\"@context\":\"https:\/\/schema.org\",\"@graph\":[{\"@type\":\"Article\",\"@id\":\"https:\/\/portaltela.pt\/noticias\/2026\/03\/24\/empresa-portuguesa-vandalizada-em-mocambique-fecha-portas\/#article\",\"isPartOf\":{\"@id\":\"https:\/\/portaltela.pt\/noticias\/2026\/03\/24\/empresa-portuguesa-vandalizada-em-mocambique-fecha-portas\/\"},\"author\":{\"name\":\"Telinha\",\"@id\":\"https:\/\/portaltela.pt\/#\/schema\/person\/c4278d4a6028830caff9ee44b42d32ed\"},\"headline\":\"Empresa portuguesa vandalizada em Mo\u00e7ambique fecha portas\",\"datePublished\":\"2026-03-24T11:07:00+00:00\",\"mainEntityOfPage\":{\"@id\":\"https:\/\/portaltela.pt\/noticias\/2026\/03\/24\/empresa-portuguesa-vandalizada-em-mocambique-fecha-portas\/\"},\"wordCount\":151,\"image\":{\"@id\":\"https:\/\/portaltela.pt\/noticias\/2026\/03\/24\/empresa-portuguesa-vandalizada-em-mocambique-fecha-portas\/#primaryimage\"},\"thumbnailUrl\":\"https:\/\/portaltela.pt\/s.01k8rhncp4jt1\/2026\/03\/CACHE_780X1200_ANALOG_WATERMARKED_43981895_5501405_27112024094021.jpg\",\"keywords\":[\"economia\",\"empresas\",\"Portugal\",\"protestos\",\"trabalho\",\"vandalismo\"],\"articleSection\":[\"Economia\",\"Neg\u00f3cios\"],\"inLanguage\":\"pt-PT\"},{\"@type\":\"WebPage\",\"@id\":\"https:\/\/portaltela.pt\/noticias\/2026\/03\/24\/empresa-portuguesa-vandalizada-em-mocambique-fecha-portas\/\",\"url\":\"https:\/\/portaltela.pt\/noticias\/2026\/03\/24\/empresa-portuguesa-vandalizada-em-mocambique-fecha-portas\/\",\"name\":\"Empresa portuguesa vandalizada em Mo\u00e7ambique fecha portas - Portal Tela Portugal\",\"isPartOf\":{\"@id\":\"https:\/\/portaltela.pt\/#website\"},\"primaryImageOfPage\":{\"@id\":\"https:\/\/portaltela.pt\/noticias\/2026\/03\/24\/empresa-portuguesa-vandalizada-em-mocambique-fecha-portas\/#primaryimage\"},\"image\":{\"@id\":\"https:\/\/portaltela.pt\/noticias\/2026\/03\/24\/empresa-portuguesa-vandalizada-em-mocambique-fecha-portas\/#primaryimage\"},\"thumbnailUrl\":\"https:\/\/portaltela.pt\/s.01k8rhncp4jt1\/2026\/03\/CACHE_780X1200_ANALOG_WATERMARKED_43981895_5501405_27112024094021.jpg\",\"datePublished\":\"2026-03-24T11:07:00+00:00\",\"author\":{\"@id\":\"https:\/\/portaltela.pt\/#\/schema\/person\/c4278d4a6028830caff9ee44b42d32ed\"},\"breadcrumb\":{\"@id\":\"https:\/\/portaltela.pt\/noticias\/2026\/03\/24\/empresa-portuguesa-vandalizada-em-mocambique-fecha-portas\/#breadcrumb\"},\"inLanguage\":\"pt-PT\",\"potentialAction\":[{\"@type\":\"ReadAction\",\"target\":[\"https:\/\/portaltela.pt\/noticias\/2026\/03\/24\/empresa-portuguesa-vandalizada-em-mocambique-fecha-portas\/\"]}]},{\"@type\":\"ImageObject\",\"inLanguage\":\"pt-PT\",\"@id\":\"https:\/\/portaltela.pt\/noticias\/2026\/03\/24\/empresa-portuguesa-vandalizada-em-mocambique-fecha-portas\/#primaryimage\",\"url\":\"https:\/\/portaltela.pt\/s.01k8rhncp4jt1\/2026\/03\/CACHE_780X1200_ANALOG_WATERMARKED_43981895_5501405_27112024094021.jpg\",\"contentUrl\":\"https:\/\/portaltela.pt\/s.01k8rhncp4jt1\/2026\/03\/CACHE_780X1200_ANALOG_WATERMARKED_43981895_5501405_27112024094021.jpg\",\"width\":768,\"height\":512,\"caption\":\"Empresa portuguesa vandalizada nas manifesta\u00e7\u00f5es em Mo\u00e7ambique fecha portas\"},{\"@type\":\"BreadcrumbList\",\"@id\":\"https:\/\/portaltela.pt\/noticias\/2026\/03\/24\/empresa-portuguesa-vandalizada-em-mocambique-fecha-portas\/#breadcrumb\",\"itemListElement\":[{\"@type\":\"ListItem\",\"position\":1,\"name\":\"In\u00edcio\",\"item\":\"https:\/\/portaltela.pt\/\"},{\"@type\":\"ListItem\",\"position\":2,\"name\":\"Empresa portuguesa vandalizada em Mo\u00e7ambique fecha portas\"}]},{\"@type\":\"WebSite\",\"@id\":\"https:\/\/portaltela.pt\/#website\",\"url\":\"https:\/\/portaltela.pt\/\",\"name\":\"Portal Tela Portugal\",\"description\":\"\",\"potentialAction\":[{\"@type\":\"SearchAction\",\"target\":{\"@type\":\"EntryPoint\",\"urlTemplate\":\"https:\/\/portaltela.pt\/?s={search_term_string}\"},\"query-input\":{\"@type\":\"PropertyValueSpecification\",\"valueRequired\":true,\"valueName\":\"search_term_string\"}}],\"inLanguage\":\"pt-PT\"},{\"@type\":\"Person\",\"@id\":\"https:\/\/portaltela.pt\/#\/schema\/person\/c4278d4a6028830caff9ee44b42d32ed\",\"name\":\"Telinha\",\"image\":{\"@type\":\"ImageObject\",\"inLanguage\":\"pt-PT\",\"@id\":\"https:\/\/portaltela.pt\/s.01k8rhncp4jt1\/2025\/11\/talking-bot-125x125.png\",\"url\":\"https:\/\/portaltela.pt\/s.01k8rhncp4jt1\/2025\/11\/talking-bot-125x125.png\",\"contentUrl\":\"https:\/\/portaltela.pt\/s.01k8rhncp4jt1\/2025\/11\/talking-bot-125x125.png\",\"caption\":\"Telinha\"},\"sameAs\":[\"https:\/\/portaltela.pt\/\"],\"url\":\"https:\/\/portaltela.pt\/por\/367410592786\/\"}]}<\/script>\n<!-- \/ Yoast SEO plugin. -->","yoast_head_json":{"title":"Empresa portuguesa vandalizada em Mo\u00e7ambique fecha portas - Portal Tela Portugal","robots":{"index":"index","follow":"follow","max-snippet":"max-snippet:-1","max-image-preview":"max-image-preview:large","max-video-preview":"max-video-preview:-1"},"og_locale":"pt_PT","og_type":"article","og_title":"Empresa portuguesa vandalizada em Mo\u00e7ambique fecha portas - Portal Tela Portugal","og_description":"Uma empresa portuguesa vandalizada durante as manifesta\u00e7\u00f5es em Mo\u00e7ambique fecha portas. O conte\u00fado completo da not\u00edcia est\u00e1 dispon\u00edvel apenas para subscritores. No trecho fornecido n\u00e3o s\u00e3o apresentados detalhes adicionais sobre o incident\u0435.","og_url":"https:\/\/portaltela.pt\/noticias\/2026\/03\/24\/empresa-portuguesa-vandalizada-em-mocambique-fecha-portas\/","og_site_name":"Portal Tela Portugal","article_published_time":"2026-03-24T11:07:00+00:00","author":"Telinha","twitter_card":"summary_large_image","twitter_misc":{"Escrito por":"Telinha","Tempo estimado de leitura":"1 minuto"},"schema":{"@context":"https:\/\/schema.org","@graph":[{"@type":"Article","@id":"https:\/\/portaltela.pt\/noticias\/2026\/03\/24\/empresa-portuguesa-vandalizada-em-mocambique-fecha-portas\/#article","isPartOf":{"@id":"https:\/\/portaltela.pt\/noticias\/2026\/03\/24\/empresa-portuguesa-vandalizada-em-mocambique-fecha-portas\/"},"author":{"name":"Telinha","@id":"https:\/\/portaltela.pt\/#\/schema\/person\/c4278d4a6028830caff9ee44b42d32ed"},"headline":"Empresa portuguesa vandalizada em Mo\u00e7ambique fecha portas","datePublished":"2026-03-24T11:07:00+00:00","mainEntityOfPage":{"@id":"https:\/\/portaltela.pt\/noticias\/2026\/03\/24\/empresa-portuguesa-vandalizada-em-mocambique-fecha-portas\/"},"wordCount":151,"image":{"@id":"https:\/\/portaltela.pt\/noticias\/2026\/03\/24\/empresa-portuguesa-vandalizada-em-mocambique-fecha-portas\/#primaryimage"},"thumbnailUrl":"https:\/\/portaltela.pt\/s.01k8rhncp4jt1\/2026\/03\/CACHE_780X1200_ANALOG_WATERMARKED_43981895_5501405_27112024094021.jpg","keywords":["economia","empresas","Portugal","protestos","trabalho","vandalismo"],"articleSection":["Economia","Neg\u00f3cios"],"inLanguage":"pt-PT"},{"@type":"WebPage","@id":"https:\/\/portaltela.pt\/noticias\/2026\/03\/24\/empresa-portuguesa-vandalizada-em-mocambique-fecha-portas\/","url":"https:\/\/portaltela.pt\/noticias\/2026\/03\/24\/empresa-portuguesa-vandalizada-em-mocambique-fecha-portas\/","name":"Empresa portuguesa vandalizada em Mo\u00e7ambique fecha portas - Portal Tela Portugal","isPartOf":{"@id":"https:\/\/portaltela.pt\/#website"},"primaryImageOfPage":{"@id":"https:\/\/portaltela.pt\/noticias\/2026\/03\/24\/empresa-portuguesa-vandalizada-em-mocambique-fecha-portas\/#primaryimage"},"image":{"@id":"https:\/\/portaltela.pt\/noticias\/2026\/03\/24\/empresa-portuguesa-vandalizada-em-mocambique-fecha-portas\/#primaryimage"},"thumbnailUrl":"https:\/\/portaltela.pt\/s.01k8rhncp4jt1\/2026\/03\/CACHE_780X1200_ANALOG_WATERMARKED_43981895_5501405_27112024094021.jpg","datePublished":"2026-03-24T11:07:00+00:00","author":{"@id":"https:\/\/portaltela.pt\/#\/schema\/person\/c4278d4a6028830caff9ee44b42d32ed"},"breadcrumb":{"@id":"https:\/\/portaltela.pt\/noticias\/2026\/03\/24\/empresa-portuguesa-vandalizada-em-mocambique-fecha-portas\/#breadcrumb"},"inLanguage":"pt-PT","potentialAction":[{"@type":"ReadAction","target":["https:\/\/portaltela.pt\/noticias\/2026\/03\/24\/empresa-portuguesa-vandalizada-em-mocambique-fecha-portas\/"]}]},{"@type":"ImageObject","inLanguage":"pt-PT","@id":"https:\/\/portaltela.pt\/noticias\/2026\/03\/24\/empresa-portuguesa-vandalizada-em-mocambique-fecha-portas\/#primaryimage","url":"https:\/\/portaltela.pt\/s.01k8rhncp4jt1\/2026\/03\/CACHE_780X1200_ANALOG_WATERMARKED_43981895_5501405_27112024094021.jpg","contentUrl":"https:\/\/portaltela.pt\/s.01k8rhncp4jt1\/2026\/03\/CACHE_780X1200_ANALOG_WATERMARKED_43981895_5501405_27112024094021.jpg","width":768,"height":512,"caption":"Empresa portuguesa vandalizada nas manifesta\u00e7\u00f5es em Mo\u00e7ambique fecha portas"},{"@type":"BreadcrumbList","@id":"https:\/\/portaltela.pt\/noticias\/2026\/03\/24\/empresa-portuguesa-vandalizada-em-mocambique-fecha-portas\/#breadcrumb","itemListElement":[{"@type":"ListItem","position":1,"name":"In\u00edcio","item":"https:\/\/portaltela.pt\/"},{"@type":"ListItem","position":2,"name":"Empresa portuguesa vandalizada em Mo\u00e7ambique fecha portas"}]},{"@type":"WebSite","@id":"https:\/\/portaltela.pt\/#website","url":"https:\/\/portaltela.pt\/","name":"Portal Tela Portugal","description":"","potentialAction":[{"@type":"SearchAction","target":{"@type":"EntryPoint","urlTemplate":"https:\/\/portaltela.pt\/?s={search_term_string}"},"query-input":{"@type":"PropertyValueSpecification","valueRequired":true,"valueName":"search_term_string"}}],"inLanguage":"pt-PT"},{"@type":"Person","@id":"https:\/\/portaltela.pt\/#\/schema\/person\/c4278d4a6028830caff9ee44b42d32ed","name":"Telinha","image":{"@type":"ImageObject","inLanguage":"pt-PT","@id":"https:\/\/portaltela.pt\/s.01k8rhncp4jt1\/2025\/11\/talking-bot-125x125.png","url":"https:\/\/portaltela.pt\/s.01k8rhncp4jt1\/2025\/11\/talking-bot-125x125.png","contentUrl":"https:\/\/portaltela.pt\/s.01k8rhncp4jt1\/2025\/11\/talking-bot-125x125.png","caption":"Telinha"},"sameAs":["https:\/\/portaltela.pt\/"],"url":"https:\/\/portaltela.pt\/por\/367410592786\/"}]}},"_links":{"self":[{"href":"https:\/\/portaltela.pt\/api\/wp\/v2\/posts\/419389","targetHints":{"allow":["GET"]}}],"collection":[{"href":"https:\/\/portaltela.pt\/api\/wp\/v2\/posts"}],"about":[{"href":"https:\/\/portaltela.pt\/api\/wp\/v2\/types\/post"}],"author":[{"embeddable":true,"href":"https:\/\/portaltela.pt\/api\/wp\/v2\/users\/2"}],"replies":[{"embeddable":true,"href":"https:\/\/portaltela.pt\/api\/wp\/v2\/comments?post=419389"}],"version-history":[{"count":0,"href":"https:\/\/portaltela.pt\/api\/wp\/v2\/posts\/419389\/revisions"}],"wp:featuredmedia":[{"embeddable":true,"href":"https:\/\/portaltela.pt\/api\/wp\/v2\/media\/419390"}],"wp:attachment":[{"href":"https:\/\/portaltela.pt\/api\/wp\/v2\/media?parent=419389"}],"wp:term":[{"taxonomy":"category","embeddable":true,"href":"https:\/\/portaltela.pt\/api\/wp\/v2\/categories?post=419389"},{"taxonomy":"post_tag","embeddable":true,"href":"https:\/\/portaltela.pt\/api\/wp\/v2\/tags?post=419389"}],"curies":[{"name":"wp","href":"https:\/\/api.w.org\/{rel}","templated":true}]}}