{"id":419379,"date":"2026-03-24T07:42:00","date_gmt":"2026-03-24T10:42:00","guid":{"rendered":"https:\/\/portaltela.pt\/noticias\/2026\/03\/24\/axn-portugal-celebra-o-dia-mundial-da-accao\/"},"modified":"2026-03-24T07:42:00","modified_gmt":"2026-03-24T10:42:00","slug":"axn-portugal-celebra-o-dia-mundial-da-accao","status":"publish","type":"post","link":"https:\/\/portaltela.pt\/series-e-filmes\/2026\/03\/24\/axn-portugal-celebra-o-dia-mundial-da-accao\/","title":{"rendered":"AXN Portugal celebra o Dia Mundial da Ac\u00e7\u00e3o"},"content":{"rendered":"<p>O AXN Portugal assinala hoje o Dia Mundial da Ac\u00e7\u00e3o, uma data dedicada a explorar a linha entre realidade e fic\u00e7\u00e3o e a forma como situa\u00e7\u00f5es do quotidiano podem parecer cenas de filme.<\/p>\n<p>A ideia central \u00e9 que o movimento, a tens\u00e3o e decis\u00f5es r\u00e1pidas definem tanto o ecr\u00e3 como o mundo fora dele. O canal convida a observar ao redor para descobrir hist\u00f3rias que podem surgir em qualquer momento.<\/p>\n<p>A programa\u00e7\u00e3o do AXN refor\u00e7a esse conceito com s\u00e9ries emblem\u00e1ticas. Em Chicago Fire, bombeiros e param\u00e9dicos enfrentam emerg\u00eancias no dia a dia do Quartel 51 de Chicago. Em Mentes Criminosas, a equipa do FBI analisa comportamentos para antever crimes.<\/p>\n<p>Hudson &amp; Rex acompanha as investiga\u00e7\u00f5es de um detective e do seu pastor-alem\u00e3o, numa parceria que combina m\u00e9todo e estrat\u00e9gia. Red Eye leva o suspense a um patamar de thriller contempor\u00e2neo, mantendo o p\u00fablico em alerta.<\/p>\n<p>No Dia Mundial da Ac\u00e7\u00e3o, o AXN prop\u00f5e uma vis\u00e3o da fronteira entre realidade e fic\u00e7\u00e3o, onde a pr\u00f3xima grande cena pode estar em qualquer lugar. A ideia \u00e9 reconhecer as hist\u00f3rias que j\u00e1 existem \u00e0 nossa volta.<\/p>\n","protected":false},"excerpt":{"rendered":"<ul>\n<li>O AXN Portugal assinala o Dia Mundial da Ac\u00e7\u00e3o, a 24 de mar\u00e7o, para lembrar a liga\u00e7\u00e3o entre fic\u00e7\u00e3o e realidade.<\/li>\n<li>A ideia \u00e9 que a ac\u00e7\u00e3o pode surgir tanto em persegui\u00e7\u00f5es e explos\u00f5es como em decis\u00f5es r\u00e1pidas do quotidiano.<\/li>\n<li>Destacam-se s\u00e9ries do AXN que ilustram esse dinamismo: Chicago Fire, Mentes Criminosas, Hudson &amp; Rex e Red Eye.<\/li>\n<li>Chicago Fire acompanha bombeiros e param\u00e9dicos do Quartel 51 de Chicago; Mentes Criminosas analisa o comportamento de criminosos; Hudson &amp; Rex segue um detective e o seu pastor-alem\u00e3o; Red Eye aposta no suspense de um thriller contempor\u00e2neo.<\/li>\n<li>A proposta \u00e9 olhar \u00e0 volta e descobrir que a pr\u00f3xima grande cena pode estar em qualquer lugar, com o AXN a conect\u00e1-la \u00e0 realidade.<\/li>\n<\/ul>\n","protected":false},"author":2,"featured_media":419383,"comment_status":"closed","ping_status":"closed","sticky":false,"template":"","format":"standard","meta":{"footnotes":""},"categories":[12,7368],"tags":[147,196,3797,215,2390,7409],"class_list":["post-419379","post","type-post","status-publish","format-standard","has-post-thumbnail","hentry","category-entretenimento","category-series-e-filmes","tag-crime","tag-documentarios","tag-ficcao","tag-investigacao","tag-series","tag-televisoes"],"yoast_head":"<!-- This site is optimized with the Yoast SEO plugin v27.2 - https:\/\/yoast.com\/product\/yoast-seo-wordpress\/ -->\n<title>AXN Portugal celebra o Dia Mundial da Ac\u00e7\u00e3o - Portal Tela Portugal<\/title>\n<meta name=\"robots\" content=\"index, follow, max-snippet:-1, max-image-preview:large, max-video-preview:-1\" \/>\n<meta property=\"og:locale\" content=\"pt_PT\" \/>\n<meta property=\"og:type\" content=\"article\" \/>\n<meta property=\"og:title\" content=\"AXN Portugal celebra o Dia Mundial da Ac\u00e7\u00e3o - Portal Tela Portugal\" \/>\n<meta property=\"og:description\" content=\"O AXN Portugal assinala o Dia Mundial da Ac\u00e7\u00e3o, a 24 de mar\u00e7o, para lembrar a liga\u00e7\u00e3o entre fic\u00e7\u00e3o e realidade. A ideia \u00e9 que a ac\u00e7\u00e3o pode surgir tanto em persegui\u00e7\u00f5es e explos\u00f5es como em decis\u00f5es r\u00e1pidas do quotidiano. Destacam-se s\u00e9ries do AXN que ilustram esse dinamismo: Chicago Fire, Mentes Criminosas, Hudson &amp; Rex e Red Eye. Chicago Fire acompanha bombeiros e param\u00e9dicos do Quartel 51 de Chicago; Mentes Criminosas analisa o comportamento de criminosos; Hudson &amp; Rex segue um detective e o seu pastor-alem\u00e3o; Red Eye aposta no suspense de um thriller contempor\u00e2neo. A proposta \u00e9 olhar \u00e0 volta e descobrir que a pr\u00f3xima grande cena pode estar em qualquer lugar, com o AXN a conect\u00e1-la \u00e0 realidade.\" \/>\n<meta property=\"og:url\" content=\"https:\/\/portaltela.pt\/noticias\/2026\/03\/24\/axn-portugal-celebra-o-dia-mundial-da-accao\/\" \/>\n<meta property=\"og:site_name\" content=\"Portal Tela Portugal\" \/>\n<meta property=\"article:published_time\" content=\"2026-03-24T10:42:00+00:00\" \/>\n<meta name=\"author\" content=\"Telinha\" \/>\n<meta name=\"twitter:card\" content=\"summary_large_image\" \/>\n<meta name=\"twitter:label1\" content=\"Escrito por\" \/>\n\t<meta name=\"twitter:data1\" content=\"Telinha\" \/>\n\t<meta name=\"twitter:label2\" content=\"Tempo estimado de leitura\" \/>\n\t<meta name=\"twitter:data2\" content=\"1 minuto\" \/>\n<script type=\"application\/ld+json\" class=\"yoast-schema-graph\">{\"@context\":\"https:\/\/schema.org\",\"@graph\":[{\"@type\":\"Article\",\"@id\":\"https:\/\/portaltela.pt\/noticias\/2026\/03\/24\/axn-portugal-celebra-o-dia-mundial-da-accao\/#article\",\"isPartOf\":{\"@id\":\"https:\/\/portaltela.pt\/noticias\/2026\/03\/24\/axn-portugal-celebra-o-dia-mundial-da-accao\/\"},\"author\":{\"name\":\"Telinha\",\"@id\":\"https:\/\/portaltela.pt\/#\/schema\/person\/c4278d4a6028830caff9ee44b42d32ed\"},\"headline\":\"AXN Portugal celebra o Dia Mundial da Ac\u00e7\u00e3o\",\"datePublished\":\"2026-03-24T10:42:00+00:00\",\"mainEntityOfPage\":{\"@id\":\"https:\/\/portaltela.pt\/noticias\/2026\/03\/24\/axn-portugal-celebra-o-dia-mundial-da-accao\/\"},\"wordCount\":213,\"image\":{\"@id\":\"https:\/\/portaltela.pt\/noticias\/2026\/03\/24\/axn-portugal-celebra-o-dia-mundial-da-accao\/#primaryimage\"},\"thumbnailUrl\":\"https:\/\/portaltela.pt\/s.01k8rhncp4jt1\/2026\/03\/2074971.jpg\",\"keywords\":[\"crime\",\"document\u00e1rios\",\"fic\u00e7\u00e3o\",\"investiga\u00e7\u00e3o\",\"S\u00c9RIES\",\"televis\u00f5es\"],\"articleSection\":[\"Entretenimento\",\"S\u00e9ries e filmes\"],\"inLanguage\":\"pt-PT\"},{\"@type\":\"WebPage\",\"@id\":\"https:\/\/portaltela.pt\/noticias\/2026\/03\/24\/axn-portugal-celebra-o-dia-mundial-da-accao\/\",\"url\":\"https:\/\/portaltela.pt\/noticias\/2026\/03\/24\/axn-portugal-celebra-o-dia-mundial-da-accao\/\",\"name\":\"AXN Portugal celebra o Dia Mundial da Ac\u00e7\u00e3o - Portal Tela Portugal\",\"isPartOf\":{\"@id\":\"https:\/\/portaltela.pt\/#website\"},\"primaryImageOfPage\":{\"@id\":\"https:\/\/portaltela.pt\/noticias\/2026\/03\/24\/axn-portugal-celebra-o-dia-mundial-da-accao\/#primaryimage\"},\"image\":{\"@id\":\"https:\/\/portaltela.pt\/noticias\/2026\/03\/24\/axn-portugal-celebra-o-dia-mundial-da-accao\/#primaryimage\"},\"thumbnailUrl\":\"https:\/\/portaltela.pt\/s.01k8rhncp4jt1\/2026\/03\/2074971.jpg\",\"datePublished\":\"2026-03-24T10:42:00+00:00\",\"author\":{\"@id\":\"https:\/\/portaltela.pt\/#\/schema\/person\/c4278d4a6028830caff9ee44b42d32ed\"},\"breadcrumb\":{\"@id\":\"https:\/\/portaltela.pt\/noticias\/2026\/03\/24\/axn-portugal-celebra-o-dia-mundial-da-accao\/#breadcrumb\"},\"inLanguage\":\"pt-PT\",\"potentialAction\":[{\"@type\":\"ReadAction\",\"target\":[\"https:\/\/portaltela.pt\/noticias\/2026\/03\/24\/axn-portugal-celebra-o-dia-mundial-da-accao\/\"]}]},{\"@type\":\"ImageObject\",\"inLanguage\":\"pt-PT\",\"@id\":\"https:\/\/portaltela.pt\/noticias\/2026\/03\/24\/axn-portugal-celebra-o-dia-mundial-da-accao\/#primaryimage\",\"url\":\"https:\/\/portaltela.pt\/s.01k8rhncp4jt1\/2026\/03\/2074971.jpg\",\"contentUrl\":\"https:\/\/portaltela.pt\/s.01k8rhncp4jt1\/2026\/03\/2074971.jpg\",\"width\":796,\"height\":448,\"caption\":\"Photo\"},{\"@type\":\"BreadcrumbList\",\"@id\":\"https:\/\/portaltela.pt\/noticias\/2026\/03\/24\/axn-portugal-celebra-o-dia-mundial-da-accao\/#breadcrumb\",\"itemListElement\":[{\"@type\":\"ListItem\",\"position\":1,\"name\":\"In\u00edcio\",\"item\":\"https:\/\/portaltela.pt\/\"},{\"@type\":\"ListItem\",\"position\":2,\"name\":\"AXN Portugal celebra o Dia Mundial da Ac\u00e7\u00e3o\"}]},{\"@type\":\"WebSite\",\"@id\":\"https:\/\/portaltela.pt\/#website\",\"url\":\"https:\/\/portaltela.pt\/\",\"name\":\"Portal Tela Portugal\",\"description\":\"\",\"potentialAction\":[{\"@type\":\"SearchAction\",\"target\":{\"@type\":\"EntryPoint\",\"urlTemplate\":\"https:\/\/portaltela.pt\/?s={search_term_string}\"},\"query-input\":{\"@type\":\"PropertyValueSpecification\",\"valueRequired\":true,\"valueName\":\"search_term_string\"}}],\"inLanguage\":\"pt-PT\"},{\"@type\":\"Person\",\"@id\":\"https:\/\/portaltela.pt\/#\/schema\/person\/c4278d4a6028830caff9ee44b42d32ed\",\"name\":\"Telinha\",\"image\":{\"@type\":\"ImageObject\",\"inLanguage\":\"pt-PT\",\"@id\":\"https:\/\/portaltela.pt\/s.01k8rhncp4jt1\/2025\/11\/talking-bot-125x125.png\",\"url\":\"https:\/\/portaltela.pt\/s.01k8rhncp4jt1\/2025\/11\/talking-bot-125x125.png\",\"contentUrl\":\"https:\/\/portaltela.pt\/s.01k8rhncp4jt1\/2025\/11\/talking-bot-125x125.png\",\"caption\":\"Telinha\"},\"sameAs\":[\"https:\/\/portaltela.pt\/\"],\"url\":\"https:\/\/portaltela.pt\/por\/367410592786\/\"}]}<\/script>\n<!-- \/ Yoast SEO plugin. -->","yoast_head_json":{"title":"AXN Portugal celebra o Dia Mundial da Ac\u00e7\u00e3o - Portal Tela Portugal","robots":{"index":"index","follow":"follow","max-snippet":"max-snippet:-1","max-image-preview":"max-image-preview:large","max-video-preview":"max-video-preview:-1"},"og_locale":"pt_PT","og_type":"article","og_title":"AXN Portugal celebra o Dia Mundial da Ac\u00e7\u00e3o - Portal Tela Portugal","og_description":"O AXN Portugal assinala o Dia Mundial da Ac\u00e7\u00e3o, a 24 de mar\u00e7o, para lembrar a liga\u00e7\u00e3o entre fic\u00e7\u00e3o e realidade. A ideia \u00e9 que a ac\u00e7\u00e3o pode surgir tanto em persegui\u00e7\u00f5es e explos\u00f5es como em decis\u00f5es r\u00e1pidas do quotidiano. Destacam-se s\u00e9ries do AXN que ilustram esse dinamismo: Chicago Fire, Mentes Criminosas, Hudson &amp; Rex e Red Eye. Chicago Fire acompanha bombeiros e param\u00e9dicos do Quartel 51 de Chicago; Mentes Criminosas analisa o comportamento de criminosos; Hudson &amp; Rex segue um detective e o seu pastor-alem\u00e3o; Red Eye aposta no suspense de um thriller contempor\u00e2neo. A proposta \u00e9 olhar \u00e0 volta e descobrir que a pr\u00f3xima grande cena pode estar em qualquer lugar, com o AXN a conect\u00e1-la \u00e0 realidade.","og_url":"https:\/\/portaltela.pt\/noticias\/2026\/03\/24\/axn-portugal-celebra-o-dia-mundial-da-accao\/","og_site_name":"Portal Tela Portugal","article_published_time":"2026-03-24T10:42:00+00:00","author":"Telinha","twitter_card":"summary_large_image","twitter_misc":{"Escrito por":"Telinha","Tempo estimado de leitura":"1 minuto"},"schema":{"@context":"https:\/\/schema.org","@graph":[{"@type":"Article","@id":"https:\/\/portaltela.pt\/noticias\/2026\/03\/24\/axn-portugal-celebra-o-dia-mundial-da-accao\/#article","isPartOf":{"@id":"https:\/\/portaltela.pt\/noticias\/2026\/03\/24\/axn-portugal-celebra-o-dia-mundial-da-accao\/"},"author":{"name":"Telinha","@id":"https:\/\/portaltela.pt\/#\/schema\/person\/c4278d4a6028830caff9ee44b42d32ed"},"headline":"AXN Portugal celebra o Dia Mundial da Ac\u00e7\u00e3o","datePublished":"2026-03-24T10:42:00+00:00","mainEntityOfPage":{"@id":"https:\/\/portaltela.pt\/noticias\/2026\/03\/24\/axn-portugal-celebra-o-dia-mundial-da-accao\/"},"wordCount":213,"image":{"@id":"https:\/\/portaltela.pt\/noticias\/2026\/03\/24\/axn-portugal-celebra-o-dia-mundial-da-accao\/#primaryimage"},"thumbnailUrl":"https:\/\/portaltela.pt\/s.01k8rhncp4jt1\/2026\/03\/2074971.jpg","keywords":["crime","document\u00e1rios","fic\u00e7\u00e3o","investiga\u00e7\u00e3o","S\u00c9RIES","televis\u00f5es"],"articleSection":["Entretenimento","S\u00e9ries e filmes"],"inLanguage":"pt-PT"},{"@type":"WebPage","@id":"https:\/\/portaltela.pt\/noticias\/2026\/03\/24\/axn-portugal-celebra-o-dia-mundial-da-accao\/","url":"https:\/\/portaltela.pt\/noticias\/2026\/03\/24\/axn-portugal-celebra-o-dia-mundial-da-accao\/","name":"AXN Portugal celebra o Dia Mundial da Ac\u00e7\u00e3o - Portal Tela Portugal","isPartOf":{"@id":"https:\/\/portaltela.pt\/#website"},"primaryImageOfPage":{"@id":"https:\/\/portaltela.pt\/noticias\/2026\/03\/24\/axn-portugal-celebra-o-dia-mundial-da-accao\/#primaryimage"},"image":{"@id":"https:\/\/portaltela.pt\/noticias\/2026\/03\/24\/axn-portugal-celebra-o-dia-mundial-da-accao\/#primaryimage"},"thumbnailUrl":"https:\/\/portaltela.pt\/s.01k8rhncp4jt1\/2026\/03\/2074971.jpg","datePublished":"2026-03-24T10:42:00+00:00","author":{"@id":"https:\/\/portaltela.pt\/#\/schema\/person\/c4278d4a6028830caff9ee44b42d32ed"},"breadcrumb":{"@id":"https:\/\/portaltela.pt\/noticias\/2026\/03\/24\/axn-portugal-celebra-o-dia-mundial-da-accao\/#breadcrumb"},"inLanguage":"pt-PT","potentialAction":[{"@type":"ReadAction","target":["https:\/\/portaltela.pt\/noticias\/2026\/03\/24\/axn-portugal-celebra-o-dia-mundial-da-accao\/"]}]},{"@type":"ImageObject","inLanguage":"pt-PT","@id":"https:\/\/portaltela.pt\/noticias\/2026\/03\/24\/axn-portugal-celebra-o-dia-mundial-da-accao\/#primaryimage","url":"https:\/\/portaltela.pt\/s.01k8rhncp4jt1\/2026\/03\/2074971.jpg","contentUrl":"https:\/\/portaltela.pt\/s.01k8rhncp4jt1\/2026\/03\/2074971.jpg","width":796,"height":448,"caption":"Photo"},{"@type":"BreadcrumbList","@id":"https:\/\/portaltela.pt\/noticias\/2026\/03\/24\/axn-portugal-celebra-o-dia-mundial-da-accao\/#breadcrumb","itemListElement":[{"@type":"ListItem","position":1,"name":"In\u00edcio","item":"https:\/\/portaltela.pt\/"},{"@type":"ListItem","position":2,"name":"AXN Portugal celebra o Dia Mundial da Ac\u00e7\u00e3o"}]},{"@type":"WebSite","@id":"https:\/\/portaltela.pt\/#website","url":"https:\/\/portaltela.pt\/","name":"Portal Tela Portugal","description":"","potentialAction":[{"@type":"SearchAction","target":{"@type":"EntryPoint","urlTemplate":"https:\/\/portaltela.pt\/?s={search_term_string}"},"query-input":{"@type":"PropertyValueSpecification","valueRequired":true,"valueName":"search_term_string"}}],"inLanguage":"pt-PT"},{"@type":"Person","@id":"https:\/\/portaltela.pt\/#\/schema\/person\/c4278d4a6028830caff9ee44b42d32ed","name":"Telinha","image":{"@type":"ImageObject","inLanguage":"pt-PT","@id":"https:\/\/portaltela.pt\/s.01k8rhncp4jt1\/2025\/11\/talking-bot-125x125.png","url":"https:\/\/portaltela.pt\/s.01k8rhncp4jt1\/2025\/11\/talking-bot-125x125.png","contentUrl":"https:\/\/portaltela.pt\/s.01k8rhncp4jt1\/2025\/11\/talking-bot-125x125.png","caption":"Telinha"},"sameAs":["https:\/\/portaltela.pt\/"],"url":"https:\/\/portaltela.pt\/por\/367410592786\/"}]}},"_links":{"self":[{"href":"https:\/\/portaltela.pt\/api\/wp\/v2\/posts\/419379","targetHints":{"allow":["GET"]}}],"collection":[{"href":"https:\/\/portaltela.pt\/api\/wp\/v2\/posts"}],"about":[{"href":"https:\/\/portaltela.pt\/api\/wp\/v2\/types\/post"}],"author":[{"embeddable":true,"href":"https:\/\/portaltela.pt\/api\/wp\/v2\/users\/2"}],"replies":[{"embeddable":true,"href":"https:\/\/portaltela.pt\/api\/wp\/v2\/comments?post=419379"}],"version-history":[{"count":0,"href":"https:\/\/portaltela.pt\/api\/wp\/v2\/posts\/419379\/revisions"}],"wp:featuredmedia":[{"embeddable":true,"href":"https:\/\/portaltela.pt\/api\/wp\/v2\/media\/419383"}],"wp:attachment":[{"href":"https:\/\/portaltela.pt\/api\/wp\/v2\/media?parent=419379"}],"wp:term":[{"taxonomy":"category","embeddable":true,"href":"https:\/\/portaltela.pt\/api\/wp\/v2\/categories?post=419379"},{"taxonomy":"post_tag","embeddable":true,"href":"https:\/\/portaltela.pt\/api\/wp\/v2\/tags?post=419379"}],"curies":[{"name":"wp","href":"https:\/\/api.w.org\/{rel}","templated":true}]}}