{"id":419374,"date":"2026-03-24T07:53:21","date_gmt":"2026-03-24T10:53:21","guid":{"rendered":"https:\/\/portaltela.pt\/noticias\/2026\/03\/24\/homem-encontrado-morto-no-rio-em-vila-praia-de-ancora\/"},"modified":"2026-03-24T07:53:21","modified_gmt":"2026-03-24T10:53:21","slug":"homem-encontrado-morto-no-rio-em-vila-praia-de-ancora","status":"publish","type":"post","link":"https:\/\/portaltela.pt\/policia\/2026\/03\/24\/homem-encontrado-morto-no-rio-em-vila-praia-de-ancora\/","title":{"rendered":"Homem encontrado morto no rio em Vila Praia de \u00c2ncora"},"content":{"rendered":"<p>Um homem com cerca de 70 anos foi encontrado morto no rio em Vila Praia de \u00c2ncora, no concelho de Caminha, Portugal, na manh\u00e3 de 24 de mar\u00e7o de 2026. Populars que passavam pelo local chamaram a pol\u00edcia, e o corpo foi removido para aut\u00f3psia.<\/p>\n<p>A identidade da v\u00edtima ainda n\u00e3o foi oficializada. A autoridade policial iniciou a investiga\u00e7\u00e3o e realiza dilig\u00eancias na regi\u00e3o para apurar as circunst\u00e2ncias do ocorrido.<\/p>\n<p>O corpo foi encaminhado ao Instituto de Medicina Legal de Vila Praia de \u00c2ncora, onde ser\u00e3o feitos exames complementares para esclarecer as causas da morte. A investiga\u00e7\u00e3o permanece em curso e, de momento, n\u00e3o h\u00e1 informa\u00e7\u00f5es adicionais a divulgar.<\/p>\n","protected":false},"excerpt":{"rendered":"<ul>\n<li>O corpo de um homem de cerca de 70 anos foi encontrado morto no rio em Vila Praia de \u00c2ncora.<\/li>\n<li>A v\u00edtima foi removida para aut\u00f3psia no Instituto de Medicina Legal local.<\/li>\n<li>O local foi situado na manh\u00e3 de quarta-feira, 24 de mar\u00e7o de 2026, por populares que passavam pelo local.<\/li>\n<li>A identidade da v\u00edtima ainda n\u00e3o foi confirmada; a pol\u00edcia investiga as circunst\u00e2ncias do falecimento.<\/li>\n<li>A aut\u00f3psia dever\u00e1 esclarecer as causas da morte e a pol\u00edcia mant\u00e9m dilig\u00eancias na regi\u00e3o.<\/li>\n<\/ul>\n","protected":false},"author":2,"featured_media":419381,"comment_status":"closed","ping_status":"closed","sticky":false,"template":"","format":"standard","meta":{"footnotes":""},"categories":[6781],"tags":[5909,1525,217,6429,3418,1014],"class_list":["post-419374","post","type-post","status-publish","format-standard","has-post-thumbnail","hentry","category-policia","tag-autopsias","tag-caminha","tag-investigacao-criminal","tag-mortes","tag-policia-de-seguranca-publica","tag-portugal"],"yoast_head":"<!-- This site is optimized with the Yoast SEO plugin v27.2 - https:\/\/yoast.com\/product\/yoast-seo-wordpress\/ -->\n<title>Homem encontrado morto no rio em Vila Praia de \u00c2ncora - Portal Tela Portugal<\/title>\n<meta name=\"robots\" content=\"index, follow, max-snippet:-1, max-image-preview:large, max-video-preview:-1\" \/>\n<meta property=\"og:locale\" content=\"pt_PT\" \/>\n<meta property=\"og:type\" content=\"article\" \/>\n<meta property=\"og:title\" content=\"Homem encontrado morto no rio em Vila Praia de \u00c2ncora - Portal Tela Portugal\" \/>\n<meta property=\"og:description\" content=\"O corpo de um homem de cerca de 70 anos foi encontrado morto no rio em Vila Praia de \u00c2ncora. A v\u00edtima foi removida para aut\u00f3psia no Instituto de Medicina Legal local. O local foi situado na manh\u00e3 de quarta-feira, 24 de mar\u00e7o de 2026, por populares que passavam pelo local. A identidade da v\u00edtima ainda n\u00e3o foi confirmada; a pol\u00edcia investiga as circunst\u00e2ncias do falecimento. A aut\u00f3psia dever\u00e1 esclarecer as causas da morte e a pol\u00edcia mant\u00e9m dilig\u00eancias na regi\u00e3o.\" \/>\n<meta property=\"og:url\" content=\"https:\/\/portaltela.pt\/noticias\/2026\/03\/24\/homem-encontrado-morto-no-rio-em-vila-praia-de-ancora\/\" \/>\n<meta property=\"og:site_name\" content=\"Portal Tela Portugal\" \/>\n<meta property=\"article:published_time\" content=\"2026-03-24T10:53:21+00:00\" \/>\n<meta name=\"author\" content=\"Telinha\" \/>\n<meta name=\"twitter:card\" content=\"summary_large_image\" \/>\n<meta name=\"twitter:label1\" content=\"Escrito por\" \/>\n\t<meta name=\"twitter:data1\" content=\"Telinha\" \/>\n\t<meta name=\"twitter:label2\" content=\"Tempo estimado de leitura\" \/>\n\t<meta name=\"twitter:data2\" content=\"1 minuto\" \/>\n<script type=\"application\/ld+json\" class=\"yoast-schema-graph\">{\"@context\":\"https:\/\/schema.org\",\"@graph\":[{\"@type\":\"Article\",\"@id\":\"https:\/\/portaltela.pt\/noticias\/2026\/03\/24\/homem-encontrado-morto-no-rio-em-vila-praia-de-ancora\/#article\",\"isPartOf\":{\"@id\":\"https:\/\/portaltela.pt\/noticias\/2026\/03\/24\/homem-encontrado-morto-no-rio-em-vila-praia-de-ancora\/\"},\"author\":{\"name\":\"Telinha\",\"@id\":\"https:\/\/portaltela.pt\/#\/schema\/person\/c4278d4a6028830caff9ee44b42d32ed\"},\"headline\":\"Homem encontrado morto no rio em Vila Praia de \u00c2ncora\",\"datePublished\":\"2026-03-24T10:53:21+00:00\",\"mainEntityOfPage\":{\"@id\":\"https:\/\/portaltela.pt\/noticias\/2026\/03\/24\/homem-encontrado-morto-no-rio-em-vila-praia-de-ancora\/\"},\"wordCount\":129,\"image\":{\"@id\":\"https:\/\/portaltela.pt\/noticias\/2026\/03\/24\/homem-encontrado-morto-no-rio-em-vila-praia-de-ancora\/#primaryimage\"},\"thumbnailUrl\":\"https:\/\/portaltela.pt\/s.01k8rhncp4jt1\/2026\/03\/img_1280x722uu2023-09-05-22-49-57-1436125-im-639098823829723818.jpg\",\"keywords\":[\"aut\u00f3psias\",\"Caminha\",\"investiga\u00e7\u00e3o criminal\",\"mortes\",\"Pol\u00edcia de Seguran\u00e7a P\u00fablica\",\"Portugal\"],\"articleSection\":[\"Pol\u00edcia\"],\"inLanguage\":\"pt-PT\"},{\"@type\":\"WebPage\",\"@id\":\"https:\/\/portaltela.pt\/noticias\/2026\/03\/24\/homem-encontrado-morto-no-rio-em-vila-praia-de-ancora\/\",\"url\":\"https:\/\/portaltela.pt\/noticias\/2026\/03\/24\/homem-encontrado-morto-no-rio-em-vila-praia-de-ancora\/\",\"name\":\"Homem encontrado morto no rio em Vila Praia de \u00c2ncora - Portal Tela Portugal\",\"isPartOf\":{\"@id\":\"https:\/\/portaltela.pt\/#website\"},\"primaryImageOfPage\":{\"@id\":\"https:\/\/portaltela.pt\/noticias\/2026\/03\/24\/homem-encontrado-morto-no-rio-em-vila-praia-de-ancora\/#primaryimage\"},\"image\":{\"@id\":\"https:\/\/portaltela.pt\/noticias\/2026\/03\/24\/homem-encontrado-morto-no-rio-em-vila-praia-de-ancora\/#primaryimage\"},\"thumbnailUrl\":\"https:\/\/portaltela.pt\/s.01k8rhncp4jt1\/2026\/03\/img_1280x722uu2023-09-05-22-49-57-1436125-im-639098823829723818.jpg\",\"datePublished\":\"2026-03-24T10:53:21+00:00\",\"author\":{\"@id\":\"https:\/\/portaltela.pt\/#\/schema\/person\/c4278d4a6028830caff9ee44b42d32ed\"},\"breadcrumb\":{\"@id\":\"https:\/\/portaltela.pt\/noticias\/2026\/03\/24\/homem-encontrado-morto-no-rio-em-vila-praia-de-ancora\/#breadcrumb\"},\"inLanguage\":\"pt-PT\",\"potentialAction\":[{\"@type\":\"ReadAction\",\"target\":[\"https:\/\/portaltela.pt\/noticias\/2026\/03\/24\/homem-encontrado-morto-no-rio-em-vila-praia-de-ancora\/\"]}]},{\"@type\":\"ImageObject\",\"inLanguage\":\"pt-PT\",\"@id\":\"https:\/\/portaltela.pt\/noticias\/2026\/03\/24\/homem-encontrado-morto-no-rio-em-vila-praia-de-ancora\/#primaryimage\",\"url\":\"https:\/\/portaltela.pt\/s.01k8rhncp4jt1\/2026\/03\/img_1280x722uu2023-09-05-22-49-57-1436125-im-639098823829723818.jpg\",\"contentUrl\":\"https:\/\/portaltela.pt\/s.01k8rhncp4jt1\/2026\/03\/img_1280x722uu2023-09-05-22-49-57-1436125-im-639098823829723818.jpg\",\"width\":796,\"height\":448,\"caption\":\"Photo\"},{\"@type\":\"BreadcrumbList\",\"@id\":\"https:\/\/portaltela.pt\/noticias\/2026\/03\/24\/homem-encontrado-morto-no-rio-em-vila-praia-de-ancora\/#breadcrumb\",\"itemListElement\":[{\"@type\":\"ListItem\",\"position\":1,\"name\":\"In\u00edcio\",\"item\":\"https:\/\/portaltela.pt\/\"},{\"@type\":\"ListItem\",\"position\":2,\"name\":\"Homem encontrado morto no rio em Vila Praia de \u00c2ncora\"}]},{\"@type\":\"WebSite\",\"@id\":\"https:\/\/portaltela.pt\/#website\",\"url\":\"https:\/\/portaltela.pt\/\",\"name\":\"Portal Tela Portugal\",\"description\":\"\",\"potentialAction\":[{\"@type\":\"SearchAction\",\"target\":{\"@type\":\"EntryPoint\",\"urlTemplate\":\"https:\/\/portaltela.pt\/?s={search_term_string}\"},\"query-input\":{\"@type\":\"PropertyValueSpecification\",\"valueRequired\":true,\"valueName\":\"search_term_string\"}}],\"inLanguage\":\"pt-PT\"},{\"@type\":\"Person\",\"@id\":\"https:\/\/portaltela.pt\/#\/schema\/person\/c4278d4a6028830caff9ee44b42d32ed\",\"name\":\"Telinha\",\"image\":{\"@type\":\"ImageObject\",\"inLanguage\":\"pt-PT\",\"@id\":\"https:\/\/portaltela.pt\/s.01k8rhncp4jt1\/2025\/11\/talking-bot-125x125.png\",\"url\":\"https:\/\/portaltela.pt\/s.01k8rhncp4jt1\/2025\/11\/talking-bot-125x125.png\",\"contentUrl\":\"https:\/\/portaltela.pt\/s.01k8rhncp4jt1\/2025\/11\/talking-bot-125x125.png\",\"caption\":\"Telinha\"},\"sameAs\":[\"https:\/\/portaltela.pt\/\"],\"url\":\"https:\/\/portaltela.pt\/por\/367410592786\/\"}]}<\/script>\n<!-- \/ Yoast SEO plugin. -->","yoast_head_json":{"title":"Homem encontrado morto no rio em Vila Praia de \u00c2ncora - Portal Tela Portugal","robots":{"index":"index","follow":"follow","max-snippet":"max-snippet:-1","max-image-preview":"max-image-preview:large","max-video-preview":"max-video-preview:-1"},"og_locale":"pt_PT","og_type":"article","og_title":"Homem encontrado morto no rio em Vila Praia de \u00c2ncora - Portal Tela Portugal","og_description":"O corpo de um homem de cerca de 70 anos foi encontrado morto no rio em Vila Praia de \u00c2ncora. A v\u00edtima foi removida para aut\u00f3psia no Instituto de Medicina Legal local. O local foi situado na manh\u00e3 de quarta-feira, 24 de mar\u00e7o de 2026, por populares que passavam pelo local. A identidade da v\u00edtima ainda n\u00e3o foi confirmada; a pol\u00edcia investiga as circunst\u00e2ncias do falecimento. A aut\u00f3psia dever\u00e1 esclarecer as causas da morte e a pol\u00edcia mant\u00e9m dilig\u00eancias na regi\u00e3o.","og_url":"https:\/\/portaltela.pt\/noticias\/2026\/03\/24\/homem-encontrado-morto-no-rio-em-vila-praia-de-ancora\/","og_site_name":"Portal Tela Portugal","article_published_time":"2026-03-24T10:53:21+00:00","author":"Telinha","twitter_card":"summary_large_image","twitter_misc":{"Escrito por":"Telinha","Tempo estimado de leitura":"1 minuto"},"schema":{"@context":"https:\/\/schema.org","@graph":[{"@type":"Article","@id":"https:\/\/portaltela.pt\/noticias\/2026\/03\/24\/homem-encontrado-morto-no-rio-em-vila-praia-de-ancora\/#article","isPartOf":{"@id":"https:\/\/portaltela.pt\/noticias\/2026\/03\/24\/homem-encontrado-morto-no-rio-em-vila-praia-de-ancora\/"},"author":{"name":"Telinha","@id":"https:\/\/portaltela.pt\/#\/schema\/person\/c4278d4a6028830caff9ee44b42d32ed"},"headline":"Homem encontrado morto no rio em Vila Praia de \u00c2ncora","datePublished":"2026-03-24T10:53:21+00:00","mainEntityOfPage":{"@id":"https:\/\/portaltela.pt\/noticias\/2026\/03\/24\/homem-encontrado-morto-no-rio-em-vila-praia-de-ancora\/"},"wordCount":129,"image":{"@id":"https:\/\/portaltela.pt\/noticias\/2026\/03\/24\/homem-encontrado-morto-no-rio-em-vila-praia-de-ancora\/#primaryimage"},"thumbnailUrl":"https:\/\/portaltela.pt\/s.01k8rhncp4jt1\/2026\/03\/img_1280x722uu2023-09-05-22-49-57-1436125-im-639098823829723818.jpg","keywords":["aut\u00f3psias","Caminha","investiga\u00e7\u00e3o criminal","mortes","Pol\u00edcia de Seguran\u00e7a P\u00fablica","Portugal"],"articleSection":["Pol\u00edcia"],"inLanguage":"pt-PT"},{"@type":"WebPage","@id":"https:\/\/portaltela.pt\/noticias\/2026\/03\/24\/homem-encontrado-morto-no-rio-em-vila-praia-de-ancora\/","url":"https:\/\/portaltela.pt\/noticias\/2026\/03\/24\/homem-encontrado-morto-no-rio-em-vila-praia-de-ancora\/","name":"Homem encontrado morto no rio em Vila Praia de \u00c2ncora - Portal Tela Portugal","isPartOf":{"@id":"https:\/\/portaltela.pt\/#website"},"primaryImageOfPage":{"@id":"https:\/\/portaltela.pt\/noticias\/2026\/03\/24\/homem-encontrado-morto-no-rio-em-vila-praia-de-ancora\/#primaryimage"},"image":{"@id":"https:\/\/portaltela.pt\/noticias\/2026\/03\/24\/homem-encontrado-morto-no-rio-em-vila-praia-de-ancora\/#primaryimage"},"thumbnailUrl":"https:\/\/portaltela.pt\/s.01k8rhncp4jt1\/2026\/03\/img_1280x722uu2023-09-05-22-49-57-1436125-im-639098823829723818.jpg","datePublished":"2026-03-24T10:53:21+00:00","author":{"@id":"https:\/\/portaltela.pt\/#\/schema\/person\/c4278d4a6028830caff9ee44b42d32ed"},"breadcrumb":{"@id":"https:\/\/portaltela.pt\/noticias\/2026\/03\/24\/homem-encontrado-morto-no-rio-em-vila-praia-de-ancora\/#breadcrumb"},"inLanguage":"pt-PT","potentialAction":[{"@type":"ReadAction","target":["https:\/\/portaltela.pt\/noticias\/2026\/03\/24\/homem-encontrado-morto-no-rio-em-vila-praia-de-ancora\/"]}]},{"@type":"ImageObject","inLanguage":"pt-PT","@id":"https:\/\/portaltela.pt\/noticias\/2026\/03\/24\/homem-encontrado-morto-no-rio-em-vila-praia-de-ancora\/#primaryimage","url":"https:\/\/portaltela.pt\/s.01k8rhncp4jt1\/2026\/03\/img_1280x722uu2023-09-05-22-49-57-1436125-im-639098823829723818.jpg","contentUrl":"https:\/\/portaltela.pt\/s.01k8rhncp4jt1\/2026\/03\/img_1280x722uu2023-09-05-22-49-57-1436125-im-639098823829723818.jpg","width":796,"height":448,"caption":"Photo"},{"@type":"BreadcrumbList","@id":"https:\/\/portaltela.pt\/noticias\/2026\/03\/24\/homem-encontrado-morto-no-rio-em-vila-praia-de-ancora\/#breadcrumb","itemListElement":[{"@type":"ListItem","position":1,"name":"In\u00edcio","item":"https:\/\/portaltela.pt\/"},{"@type":"ListItem","position":2,"name":"Homem encontrado morto no rio em Vila Praia de \u00c2ncora"}]},{"@type":"WebSite","@id":"https:\/\/portaltela.pt\/#website","url":"https:\/\/portaltela.pt\/","name":"Portal Tela Portugal","description":"","potentialAction":[{"@type":"SearchAction","target":{"@type":"EntryPoint","urlTemplate":"https:\/\/portaltela.pt\/?s={search_term_string}"},"query-input":{"@type":"PropertyValueSpecification","valueRequired":true,"valueName":"search_term_string"}}],"inLanguage":"pt-PT"},{"@type":"Person","@id":"https:\/\/portaltela.pt\/#\/schema\/person\/c4278d4a6028830caff9ee44b42d32ed","name":"Telinha","image":{"@type":"ImageObject","inLanguage":"pt-PT","@id":"https:\/\/portaltela.pt\/s.01k8rhncp4jt1\/2025\/11\/talking-bot-125x125.png","url":"https:\/\/portaltela.pt\/s.01k8rhncp4jt1\/2025\/11\/talking-bot-125x125.png","contentUrl":"https:\/\/portaltela.pt\/s.01k8rhncp4jt1\/2025\/11\/talking-bot-125x125.png","caption":"Telinha"},"sameAs":["https:\/\/portaltela.pt\/"],"url":"https:\/\/portaltela.pt\/por\/367410592786\/"}]}},"_links":{"self":[{"href":"https:\/\/portaltela.pt\/api\/wp\/v2\/posts\/419374","targetHints":{"allow":["GET"]}}],"collection":[{"href":"https:\/\/portaltela.pt\/api\/wp\/v2\/posts"}],"about":[{"href":"https:\/\/portaltela.pt\/api\/wp\/v2\/types\/post"}],"author":[{"embeddable":true,"href":"https:\/\/portaltela.pt\/api\/wp\/v2\/users\/2"}],"replies":[{"embeddable":true,"href":"https:\/\/portaltela.pt\/api\/wp\/v2\/comments?post=419374"}],"version-history":[{"count":0,"href":"https:\/\/portaltela.pt\/api\/wp\/v2\/posts\/419374\/revisions"}],"wp:featuredmedia":[{"embeddable":true,"href":"https:\/\/portaltela.pt\/api\/wp\/v2\/media\/419381"}],"wp:attachment":[{"href":"https:\/\/portaltela.pt\/api\/wp\/v2\/media?parent=419374"}],"wp:term":[{"taxonomy":"category","embeddable":true,"href":"https:\/\/portaltela.pt\/api\/wp\/v2\/categories?post=419374"},{"taxonomy":"post_tag","embeddable":true,"href":"https:\/\/portaltela.pt\/api\/wp\/v2\/tags?post=419374"}],"curies":[{"name":"wp","href":"https:\/\/api.w.org\/{rel}","templated":true}]}}