{"id":419371,"date":"2026-03-24T07:50:00","date_gmt":"2026-03-24T10:50:00","guid":{"rendered":"https:\/\/portaltela.pt\/noticias\/2026\/03\/24\/adeptos-apresentam-queixa-a-comissao-europeia-sobre-precos-dos-bilhetes-do-mundial-2026\/"},"modified":"2026-03-24T07:50:00","modified_gmt":"2026-03-24T10:50:00","slug":"adeptos-apresentam-queixa-a-comissao-europeia-sobre-precos-dos-bilhetes-do-mundial-2026","status":"publish","type":"post","link":"https:\/\/portaltela.pt\/sociedade\/2026\/03\/24\/adeptos-apresentam-queixa-a-comissao-europeia-sobre-precos-dos-bilhetes-do-mundial-2026\/","title":{"rendered":"Adeptos apresentam queixa \u00e0 Comiss\u00e3o Europeia sobre pre\u00e7os dos bilhetes do Mundial-2026"},"content":{"rendered":"<p>A Federa\u00e7\u00e3o Europeia de Adeptos (FSE) apresentou uma queixa \u00e0 Comiss\u00e3o Europeia contra a FIFA, contestando os pre\u00e7os dos bilhetes do Mundial de 2026 e os procedimentos de compra considerados opacos. A queixa surge em parceria com a Euroconsumers, organiza\u00e7\u00e3o que representa consumidores na Europa.<\/p>\n<p>A FSE acusa a FIFA de abuso da posi\u00e7\u00e3o de monop\u00f3lio exercida na venda de bilhetes para o campeonato. A den\u00fancia foi publicada pela pr\u00f3pria federa\u00e7\u00e3o, que j\u00e1 apelou, em meados de dezembro, \u00e0 FIFA para iniciar negocia\u00e7\u00f5es visando uma solu\u00e7\u00e3o que respeite a tradi\u00e7\u00e3o e o significado cultural do Mundial.<\/p>\n<p>A queixa recorre \u00e0 legisla\u00e7\u00e3o europeia sobre concorr\u00eancia, alegando que a FIFA imp\u00f4s condi\u00e7\u00f5es aos adeptos atrav\u00e9s do seu monop\u00f3lio. A inten\u00e7\u00e3o \u00e9 que a Comiss\u00e3o Europeia ordene o abandono da pol\u00edtica de pre\u00e7os din\u00e2micos e o congelamento dos valores anunciados para a pr\u00f3xima fase de vendas, em abril, al\u00e9m de exigir a publica\u00e7\u00e3o do n\u00famero de bilhetes dispon\u00edveis com pelo menos 48 horas de anteced\u00eancia.<\/p>\n<p>Entre os seis abusos apontados, destacam-se os pre\u00e7os considerados exorbitantes, superiores aos de edi\u00e7\u00f5es anteriores. O bilhete mais barato para a final situa-se nos 4 185 d\u00f3lares, cerca de 3 609 euros, segundo os reclamantes, o que representa mais de sete vezes o pre\u00e7o do Mundial de 2022.<\/p>\n<p>As organiza\u00e7\u00f5es discutem ainda publicidade considerada enganosa para bilhetes da fase de grupos, alegando que a disponibilidade de lugares divulgada n\u00e3o correspondia \u00e0 realidade de venda. A compra \u00e9 descrita como sujeita a regras pouco transparentes sobre localiza\u00e7\u00e3o de lugares, disposi\u00e7\u00e3o dos est\u00e1dios e equipas.<\/p>\n<p>Outro ponto da queixa refere-se a t\u00e9cnicas de venda agressivas e \u00e0 cobran\u00e7a de uma comiss\u00e3o de 15% sobre revenda de bilhetes, praticadas pela FIFA e pela organiza\u00e7\u00e3o respons\u00e1vel pela venda. A den\u00fancia enfatiza falhas na previsibilidade de custos para os adeptos.<\/p>\n","protected":false},"excerpt":{"rendered":"<ul>\n<li>A Federa\u00e7\u00e3o Europeia de Adeptos (FSE), com a Euroconsumers, apresentou \u00e0 Comiss\u00e3o Europeia uma queixa contra a FIFA sobre pre\u00e7os \u201cexorbitantes\u201d dos bilhetes do Mundial de 2026 e sobre os procedimentos de compra.<\/li>\n<li>Acusam a FIFA de abuso de posi\u00e7\u00e3o monop\u00f3lica, solicitando que a Comiss\u00e3o ordene o abandono da pol\u00edtica de \u201cpre\u00e7os din\u00e2micos\u201d e o congelamento dos pre\u00e7os anunciados para a pr\u00f3xima fase de vendas em abril.<\/li>\n<li>Reivindicam a publica\u00e7\u00e3o do n\u00famero de bilhetes restantes em cada categoria com pelo menos 48 horas de anteced\u00eancia e apontam seis abusos, incluindo pre\u00e7os acima de edi\u00e7\u00f5es anteriores e alegada publicidade enganosa.<\/li>\n<li>Valores apontados incluem bilhetes mais baratos para a final a partir de 4.185 d\u00f3lares (3.609 euros), cerca de sete vezes superiores aos pre\u00e7os de 2022 no Qatar.<\/li>\n<li>Denunciam ainda regras de venda opacas, desempenho de venda agressivo e uma comiss\u00e3o de 15% pela revenda de bilhetes.<\/li>\n<\/ul>\n","protected":false},"author":2,"featured_media":419375,"comment_status":"closed","ping_status":"closed","sticky":false,"template":"","format":"standard","meta":{"footnotes":""},"categories":[7384,6871],"tags":[1638,2207,28,32,2023,3209],"class_list":["post-419371","post","type-post","status-publish","format-standard","has-post-thumbnail","hentry","category-curiosidades","category-sociedade","tag-comissao-europeia","tag-concorrencia","tag-economia","tag-futebol","tag-organizacoes-internacionais","tag-publicidade-enganosa"],"yoast_head":"<!-- This site is optimized with the Yoast SEO plugin v27.2 - https:\/\/yoast.com\/product\/yoast-seo-wordpress\/ -->\n<title>Adeptos apresentam queixa \u00e0 Comiss\u00e3o Europeia sobre pre\u00e7os dos bilhetes do Mundial-2026 - Portal Tela Portugal<\/title>\n<meta name=\"robots\" content=\"index, follow, max-snippet:-1, max-image-preview:large, max-video-preview:-1\" \/>\n<meta property=\"og:locale\" content=\"pt_PT\" \/>\n<meta property=\"og:type\" content=\"article\" \/>\n<meta property=\"og:title\" content=\"Adeptos apresentam queixa \u00e0 Comiss\u00e3o Europeia sobre pre\u00e7os dos bilhetes do Mundial-2026 - Portal Tela Portugal\" \/>\n<meta property=\"og:description\" content=\"A Federa\u00e7\u00e3o Europeia de Adeptos (FSE), com a Euroconsumers, apresentou \u00e0 Comiss\u00e3o Europeia uma queixa contra a FIFA sobre pre\u00e7os \u201cexorbitantes\u201d dos bilhetes do Mundial de 2026 e sobre os procedimentos de compra. Acusam a FIFA de abuso de posi\u00e7\u00e3o monop\u00f3lica, solicitando que a Comiss\u00e3o ordene o abandono da pol\u00edtica de \u201cpre\u00e7os din\u00e2micos\u201d e o congelamento dos pre\u00e7os anunciados para a pr\u00f3xima fase de vendas em abril. Reivindicam a publica\u00e7\u00e3o do n\u00famero de bilhetes restantes em cada categoria com pelo menos 48 horas de anteced\u00eancia e apontam seis abusos, incluindo pre\u00e7os acima de edi\u00e7\u00f5es anteriores e alegada publicidade enganosa. Valores apontados incluem bilhetes mais baratos para a final a partir de 4.185 d\u00f3lares (3.609 euros), cerca de sete vezes superiores aos pre\u00e7os de 2022 no Qatar. Denunciam ainda regras de venda opacas, desempenho de venda agressivo e uma comiss\u00e3o de 15% pela revenda de bilhetes.\" \/>\n<meta property=\"og:url\" content=\"https:\/\/portaltela.pt\/noticias\/2026\/03\/24\/adeptos-apresentam-queixa-a-comissao-europeia-sobre-precos-dos-bilhetes-do-mundial-2026\/\" \/>\n<meta property=\"og:site_name\" content=\"Portal Tela Portugal\" \/>\n<meta property=\"article:published_time\" content=\"2026-03-24T10:50:00+00:00\" \/>\n<meta name=\"author\" content=\"Telinha\" \/>\n<meta name=\"twitter:card\" content=\"summary_large_image\" \/>\n<meta name=\"twitter:label1\" content=\"Escrito por\" \/>\n\t<meta name=\"twitter:data1\" content=\"Telinha\" \/>\n\t<meta name=\"twitter:label2\" content=\"Tempo estimado de leitura\" \/>\n\t<meta name=\"twitter:data2\" content=\"2 minutos\" \/>\n<script type=\"application\/ld+json\" class=\"yoast-schema-graph\">{\"@context\":\"https:\/\/schema.org\",\"@graph\":[{\"@type\":\"Article\",\"@id\":\"https:\/\/portaltela.pt\/noticias\/2026\/03\/24\/adeptos-apresentam-queixa-a-comissao-europeia-sobre-precos-dos-bilhetes-do-mundial-2026\/#article\",\"isPartOf\":{\"@id\":\"https:\/\/portaltela.pt\/noticias\/2026\/03\/24\/adeptos-apresentam-queixa-a-comissao-europeia-sobre-precos-dos-bilhetes-do-mundial-2026\/\"},\"author\":{\"name\":\"Telinha\",\"@id\":\"https:\/\/portaltela.pt\/#\/schema\/person\/c4278d4a6028830caff9ee44b42d32ed\"},\"headline\":\"Adeptos apresentam queixa \u00e0 Comiss\u00e3o Europeia sobre pre\u00e7os dos bilhetes do Mundial-2026\",\"datePublished\":\"2026-03-24T10:50:00+00:00\",\"mainEntityOfPage\":{\"@id\":\"https:\/\/portaltela.pt\/noticias\/2026\/03\/24\/adeptos-apresentam-queixa-a-comissao-europeia-sobre-precos-dos-bilhetes-do-mundial-2026\/\"},\"wordCount\":339,\"image\":{\"@id\":\"https:\/\/portaltela.pt\/noticias\/2026\/03\/24\/adeptos-apresentam-queixa-a-comissao-europeia-sobre-precos-dos-bilhetes-do-mundial-2026\/#primaryimage\"},\"thumbnailUrl\":\"https:\/\/portaltela.pt\/s.01k8rhncp4jt1\/2026\/03\/image-1441.jpg\",\"keywords\":[\"Comiss\u00e3o Europeia\",\"concorr\u00eancia\",\"economia\",\"futebol\",\"organiza\u00e7\u00f5es internacionais\",\"publicidade enganosa\"],\"articleSection\":[\"Curiosidades\",\"Sociedade\"],\"inLanguage\":\"pt-PT\"},{\"@type\":\"WebPage\",\"@id\":\"https:\/\/portaltela.pt\/noticias\/2026\/03\/24\/adeptos-apresentam-queixa-a-comissao-europeia-sobre-precos-dos-bilhetes-do-mundial-2026\/\",\"url\":\"https:\/\/portaltela.pt\/noticias\/2026\/03\/24\/adeptos-apresentam-queixa-a-comissao-europeia-sobre-precos-dos-bilhetes-do-mundial-2026\/\",\"name\":\"Adeptos apresentam queixa \u00e0 Comiss\u00e3o Europeia sobre pre\u00e7os dos bilhetes do Mundial-2026 - Portal Tela Portugal\",\"isPartOf\":{\"@id\":\"https:\/\/portaltela.pt\/#website\"},\"primaryImageOfPage\":{\"@id\":\"https:\/\/portaltela.pt\/noticias\/2026\/03\/24\/adeptos-apresentam-queixa-a-comissao-europeia-sobre-precos-dos-bilhetes-do-mundial-2026\/#primaryimage\"},\"image\":{\"@id\":\"https:\/\/portaltela.pt\/noticias\/2026\/03\/24\/adeptos-apresentam-queixa-a-comissao-europeia-sobre-precos-dos-bilhetes-do-mundial-2026\/#primaryimage\"},\"thumbnailUrl\":\"https:\/\/portaltela.pt\/s.01k8rhncp4jt1\/2026\/03\/image-1441.jpg\",\"datePublished\":\"2026-03-24T10:50:00+00:00\",\"author\":{\"@id\":\"https:\/\/portaltela.pt\/#\/schema\/person\/c4278d4a6028830caff9ee44b42d32ed\"},\"breadcrumb\":{\"@id\":\"https:\/\/portaltela.pt\/noticias\/2026\/03\/24\/adeptos-apresentam-queixa-a-comissao-europeia-sobre-precos-dos-bilhetes-do-mundial-2026\/#breadcrumb\"},\"inLanguage\":\"pt-PT\",\"potentialAction\":[{\"@type\":\"ReadAction\",\"target\":[\"https:\/\/portaltela.pt\/noticias\/2026\/03\/24\/adeptos-apresentam-queixa-a-comissao-europeia-sobre-precos-dos-bilhetes-do-mundial-2026\/\"]}]},{\"@type\":\"ImageObject\",\"inLanguage\":\"pt-PT\",\"@id\":\"https:\/\/portaltela.pt\/noticias\/2026\/03\/24\/adeptos-apresentam-queixa-a-comissao-europeia-sobre-precos-dos-bilhetes-do-mundial-2026\/#primaryimage\",\"url\":\"https:\/\/portaltela.pt\/s.01k8rhncp4jt1\/2026\/03\/image-1441.jpg\",\"contentUrl\":\"https:\/\/portaltela.pt\/s.01k8rhncp4jt1\/2026\/03\/image-1441.jpg\",\"width\":796,\"height\":448,\"caption\":\"Mundial vai ser jogado entre M\u00e9xico, Estados Unidos e Canad\u00e1\"},{\"@type\":\"BreadcrumbList\",\"@id\":\"https:\/\/portaltela.pt\/noticias\/2026\/03\/24\/adeptos-apresentam-queixa-a-comissao-europeia-sobre-precos-dos-bilhetes-do-mundial-2026\/#breadcrumb\",\"itemListElement\":[{\"@type\":\"ListItem\",\"position\":1,\"name\":\"In\u00edcio\",\"item\":\"https:\/\/portaltela.pt\/\"},{\"@type\":\"ListItem\",\"position\":2,\"name\":\"Adeptos apresentam queixa \u00e0 Comiss\u00e3o Europeia sobre pre\u00e7os dos bilhetes do Mundial-2026\"}]},{\"@type\":\"WebSite\",\"@id\":\"https:\/\/portaltela.pt\/#website\",\"url\":\"https:\/\/portaltela.pt\/\",\"name\":\"Portal Tela Portugal\",\"description\":\"\",\"potentialAction\":[{\"@type\":\"SearchAction\",\"target\":{\"@type\":\"EntryPoint\",\"urlTemplate\":\"https:\/\/portaltela.pt\/?s={search_term_string}\"},\"query-input\":{\"@type\":\"PropertyValueSpecification\",\"valueRequired\":true,\"valueName\":\"search_term_string\"}}],\"inLanguage\":\"pt-PT\"},{\"@type\":\"Person\",\"@id\":\"https:\/\/portaltela.pt\/#\/schema\/person\/c4278d4a6028830caff9ee44b42d32ed\",\"name\":\"Telinha\",\"image\":{\"@type\":\"ImageObject\",\"inLanguage\":\"pt-PT\",\"@id\":\"https:\/\/portaltela.pt\/s.01k8rhncp4jt1\/2025\/11\/talking-bot-125x125.png\",\"url\":\"https:\/\/portaltela.pt\/s.01k8rhncp4jt1\/2025\/11\/talking-bot-125x125.png\",\"contentUrl\":\"https:\/\/portaltela.pt\/s.01k8rhncp4jt1\/2025\/11\/talking-bot-125x125.png\",\"caption\":\"Telinha\"},\"sameAs\":[\"https:\/\/portaltela.pt\/\"],\"url\":\"https:\/\/portaltela.pt\/por\/367410592786\/\"}]}<\/script>\n<!-- \/ Yoast SEO plugin. -->","yoast_head_json":{"title":"Adeptos apresentam queixa \u00e0 Comiss\u00e3o Europeia sobre pre\u00e7os dos bilhetes do Mundial-2026 - Portal Tela Portugal","robots":{"index":"index","follow":"follow","max-snippet":"max-snippet:-1","max-image-preview":"max-image-preview:large","max-video-preview":"max-video-preview:-1"},"og_locale":"pt_PT","og_type":"article","og_title":"Adeptos apresentam queixa \u00e0 Comiss\u00e3o Europeia sobre pre\u00e7os dos bilhetes do Mundial-2026 - Portal Tela Portugal","og_description":"A Federa\u00e7\u00e3o Europeia de Adeptos (FSE), com a Euroconsumers, apresentou \u00e0 Comiss\u00e3o Europeia uma queixa contra a FIFA sobre pre\u00e7os \u201cexorbitantes\u201d dos bilhetes do Mundial de 2026 e sobre os procedimentos de compra. Acusam a FIFA de abuso de posi\u00e7\u00e3o monop\u00f3lica, solicitando que a Comiss\u00e3o ordene o abandono da pol\u00edtica de \u201cpre\u00e7os din\u00e2micos\u201d e o congelamento dos pre\u00e7os anunciados para a pr\u00f3xima fase de vendas em abril. Reivindicam a publica\u00e7\u00e3o do n\u00famero de bilhetes restantes em cada categoria com pelo menos 48 horas de anteced\u00eancia e apontam seis abusos, incluindo pre\u00e7os acima de edi\u00e7\u00f5es anteriores e alegada publicidade enganosa. Valores apontados incluem bilhetes mais baratos para a final a partir de 4.185 d\u00f3lares (3.609 euros), cerca de sete vezes superiores aos pre\u00e7os de 2022 no Qatar. Denunciam ainda regras de venda opacas, desempenho de venda agressivo e uma comiss\u00e3o de 15% pela revenda de bilhetes.","og_url":"https:\/\/portaltela.pt\/noticias\/2026\/03\/24\/adeptos-apresentam-queixa-a-comissao-europeia-sobre-precos-dos-bilhetes-do-mundial-2026\/","og_site_name":"Portal Tela Portugal","article_published_time":"2026-03-24T10:50:00+00:00","author":"Telinha","twitter_card":"summary_large_image","twitter_misc":{"Escrito por":"Telinha","Tempo estimado de leitura":"2 minutos"},"schema":{"@context":"https:\/\/schema.org","@graph":[{"@type":"Article","@id":"https:\/\/portaltela.pt\/noticias\/2026\/03\/24\/adeptos-apresentam-queixa-a-comissao-europeia-sobre-precos-dos-bilhetes-do-mundial-2026\/#article","isPartOf":{"@id":"https:\/\/portaltela.pt\/noticias\/2026\/03\/24\/adeptos-apresentam-queixa-a-comissao-europeia-sobre-precos-dos-bilhetes-do-mundial-2026\/"},"author":{"name":"Telinha","@id":"https:\/\/portaltela.pt\/#\/schema\/person\/c4278d4a6028830caff9ee44b42d32ed"},"headline":"Adeptos apresentam queixa \u00e0 Comiss\u00e3o Europeia sobre pre\u00e7os dos bilhetes do Mundial-2026","datePublished":"2026-03-24T10:50:00+00:00","mainEntityOfPage":{"@id":"https:\/\/portaltela.pt\/noticias\/2026\/03\/24\/adeptos-apresentam-queixa-a-comissao-europeia-sobre-precos-dos-bilhetes-do-mundial-2026\/"},"wordCount":339,"image":{"@id":"https:\/\/portaltela.pt\/noticias\/2026\/03\/24\/adeptos-apresentam-queixa-a-comissao-europeia-sobre-precos-dos-bilhetes-do-mundial-2026\/#primaryimage"},"thumbnailUrl":"https:\/\/portaltela.pt\/s.01k8rhncp4jt1\/2026\/03\/image-1441.jpg","keywords":["Comiss\u00e3o Europeia","concorr\u00eancia","economia","futebol","organiza\u00e7\u00f5es internacionais","publicidade enganosa"],"articleSection":["Curiosidades","Sociedade"],"inLanguage":"pt-PT"},{"@type":"WebPage","@id":"https:\/\/portaltela.pt\/noticias\/2026\/03\/24\/adeptos-apresentam-queixa-a-comissao-europeia-sobre-precos-dos-bilhetes-do-mundial-2026\/","url":"https:\/\/portaltela.pt\/noticias\/2026\/03\/24\/adeptos-apresentam-queixa-a-comissao-europeia-sobre-precos-dos-bilhetes-do-mundial-2026\/","name":"Adeptos apresentam queixa \u00e0 Comiss\u00e3o Europeia sobre pre\u00e7os dos bilhetes do Mundial-2026 - Portal Tela Portugal","isPartOf":{"@id":"https:\/\/portaltela.pt\/#website"},"primaryImageOfPage":{"@id":"https:\/\/portaltela.pt\/noticias\/2026\/03\/24\/adeptos-apresentam-queixa-a-comissao-europeia-sobre-precos-dos-bilhetes-do-mundial-2026\/#primaryimage"},"image":{"@id":"https:\/\/portaltela.pt\/noticias\/2026\/03\/24\/adeptos-apresentam-queixa-a-comissao-europeia-sobre-precos-dos-bilhetes-do-mundial-2026\/#primaryimage"},"thumbnailUrl":"https:\/\/portaltela.pt\/s.01k8rhncp4jt1\/2026\/03\/image-1441.jpg","datePublished":"2026-03-24T10:50:00+00:00","author":{"@id":"https:\/\/portaltela.pt\/#\/schema\/person\/c4278d4a6028830caff9ee44b42d32ed"},"breadcrumb":{"@id":"https:\/\/portaltela.pt\/noticias\/2026\/03\/24\/adeptos-apresentam-queixa-a-comissao-europeia-sobre-precos-dos-bilhetes-do-mundial-2026\/#breadcrumb"},"inLanguage":"pt-PT","potentialAction":[{"@type":"ReadAction","target":["https:\/\/portaltela.pt\/noticias\/2026\/03\/24\/adeptos-apresentam-queixa-a-comissao-europeia-sobre-precos-dos-bilhetes-do-mundial-2026\/"]}]},{"@type":"ImageObject","inLanguage":"pt-PT","@id":"https:\/\/portaltela.pt\/noticias\/2026\/03\/24\/adeptos-apresentam-queixa-a-comissao-europeia-sobre-precos-dos-bilhetes-do-mundial-2026\/#primaryimage","url":"https:\/\/portaltela.pt\/s.01k8rhncp4jt1\/2026\/03\/image-1441.jpg","contentUrl":"https:\/\/portaltela.pt\/s.01k8rhncp4jt1\/2026\/03\/image-1441.jpg","width":796,"height":448,"caption":"Mundial vai ser jogado entre M\u00e9xico, Estados Unidos e Canad\u00e1"},{"@type":"BreadcrumbList","@id":"https:\/\/portaltela.pt\/noticias\/2026\/03\/24\/adeptos-apresentam-queixa-a-comissao-europeia-sobre-precos-dos-bilhetes-do-mundial-2026\/#breadcrumb","itemListElement":[{"@type":"ListItem","position":1,"name":"In\u00edcio","item":"https:\/\/portaltela.pt\/"},{"@type":"ListItem","position":2,"name":"Adeptos apresentam queixa \u00e0 Comiss\u00e3o Europeia sobre pre\u00e7os dos bilhetes do Mundial-2026"}]},{"@type":"WebSite","@id":"https:\/\/portaltela.pt\/#website","url":"https:\/\/portaltela.pt\/","name":"Portal Tela Portugal","description":"","potentialAction":[{"@type":"SearchAction","target":{"@type":"EntryPoint","urlTemplate":"https:\/\/portaltela.pt\/?s={search_term_string}"},"query-input":{"@type":"PropertyValueSpecification","valueRequired":true,"valueName":"search_term_string"}}],"inLanguage":"pt-PT"},{"@type":"Person","@id":"https:\/\/portaltela.pt\/#\/schema\/person\/c4278d4a6028830caff9ee44b42d32ed","name":"Telinha","image":{"@type":"ImageObject","inLanguage":"pt-PT","@id":"https:\/\/portaltela.pt\/s.01k8rhncp4jt1\/2025\/11\/talking-bot-125x125.png","url":"https:\/\/portaltela.pt\/s.01k8rhncp4jt1\/2025\/11\/talking-bot-125x125.png","contentUrl":"https:\/\/portaltela.pt\/s.01k8rhncp4jt1\/2025\/11\/talking-bot-125x125.png","caption":"Telinha"},"sameAs":["https:\/\/portaltela.pt\/"],"url":"https:\/\/portaltela.pt\/por\/367410592786\/"}]}},"_links":{"self":[{"href":"https:\/\/portaltela.pt\/api\/wp\/v2\/posts\/419371","targetHints":{"allow":["GET"]}}],"collection":[{"href":"https:\/\/portaltela.pt\/api\/wp\/v2\/posts"}],"about":[{"href":"https:\/\/portaltela.pt\/api\/wp\/v2\/types\/post"}],"author":[{"embeddable":true,"href":"https:\/\/portaltela.pt\/api\/wp\/v2\/users\/2"}],"replies":[{"embeddable":true,"href":"https:\/\/portaltela.pt\/api\/wp\/v2\/comments?post=419371"}],"version-history":[{"count":0,"href":"https:\/\/portaltela.pt\/api\/wp\/v2\/posts\/419371\/revisions"}],"wp:featuredmedia":[{"embeddable":true,"href":"https:\/\/portaltela.pt\/api\/wp\/v2\/media\/419375"}],"wp:attachment":[{"href":"https:\/\/portaltela.pt\/api\/wp\/v2\/media?parent=419371"}],"wp:term":[{"taxonomy":"category","embeddable":true,"href":"https:\/\/portaltela.pt\/api\/wp\/v2\/categories?post=419371"},{"taxonomy":"post_tag","embeddable":true,"href":"https:\/\/portaltela.pt\/api\/wp\/v2\/tags?post=419371"}],"curies":[{"name":"wp","href":"https:\/\/api.w.org\/{rel}","templated":true}]}}