{"id":419361,"date":"2026-03-24T07:47:04","date_gmt":"2026-03-24T10:47:04","guid":{"rendered":"https:\/\/portaltela.pt\/noticias\/2026\/03\/24\/trump-instala-estatua-de-cristovao-colombo-na-casa-branca-gerando-polemica\/"},"modified":"2026-03-24T07:47:04","modified_gmt":"2026-03-24T10:47:04","slug":"trump-instala-estatua-de-cristovao-colombo-na-casa-branca-gerando-polemica","status":"publish","type":"post","link":"https:\/\/portaltela.pt\/geopolitica\/2026\/03\/24\/trump-instala-estatua-de-cristovao-colombo-na-casa-branca-gerando-polemica\/","title":{"rendered":"Trump instala est\u00e1tua de Crist\u00f3v\u00e3o Colombo na Casa Branca, gerando pol\u00e9mica"},"content":{"rendered":"<p>Donald Trump ordenou a instala\u00e7\u00e3o de uma est\u00e1tua de Crist\u00f3v\u00e3o Colombo nos terrenos da Casa Branca, diante do Eisenhower Executive Office Building. A obra, j\u00e1 conhecida por ter estado exposta num monumento anterior, \u00e9 uma r\u00e9plica de um memorial inaugurado em 1984, em Baltimore, que foi removido em 2020 durante a onda de protestos.<\/p>\n<p>A Casa Branca explicou que a iniciativa visa reivindicar a figura do navegador, cujas expedi\u00e7\u00f5es financiadas pela Coroa de Castela marcaram o in\u00edcio da expans\u00e3o europeia na Am\u00e9rica, como parte da hist\u00f3ria ocidental. Trump descreveu Colombo como o her\u00f3i americano original, alinhando a decis\u00e3o com a defesa de uma vis\u00e3o tradicional do passado.<\/p>\n<p>A est\u00e1tua foi oferecida por organiza\u00e7\u00f5es \u00edtalo-americanas, integrando uma estrat\u00e9gia do presidente para restabelecer s\u00edmbolos hist\u00f3ricos removidos nos \u00faltimos anos. Anteriormente, Trump j\u00e1 promoveu a recupera\u00e7\u00e3o do Dia de Colombo no calend\u00e1rio oficial, substituindo o Dia dos Povos Ind\u00edgenas promovido pela administra\u00e7\u00e3o anterior.<\/p>\n<h3>Contexto e rea\u00e7\u00e3o<\/h3>\n<p>A decis\u00e3o gerou um intenso debate pol\u00edtico e cultural no pa\u00eds. Apoiadores encararam a instala\u00e7\u00e3o como uma defesa do patrim\u00f3nio cultural ocidental e do orgulho nacional. Cr\u00edticos e v\u00e1rias organiza\u00e7\u00f5es sociais afastaram-se do simbolismo ligado ao in\u00edcio da coloniza\u00e7\u00e3o e aos abusos contra povos ind\u00edgenas.<\/p>\n<p>A medida intensifica o debate sobre mem\u00f3ria hist\u00f3rica nos Estados Unidos e sobre quais figuras devem figurar em espa\u00e7os oficiais. A situa\u00e7\u00e3o envolve a Casa Branca, aliados pol\u00edticos e comunidades que defendem diferentes leituras da hist\u00f3ria colonial.<\/p>\n","protected":false},"excerpt":{"rendered":"<ul>\n<li>Donald Trump ordenou a instala\u00e7\u00e3o de uma est\u00e1tua de Crist\u00f3v\u00e3o Colombo na Casa Branca, em frente ao Eisenhower Executive Office Building.<\/li>\n<li>A pe\u00e7a \u00e9 uma r\u00e9plica de um monumento inaugurado em 1984 em Baltimore, que foi derrubado em 2020 durante os protestos antirracistas.<\/li>\n<li>Segundo a Casa Branca, Colombo \u00e9 visto como figura fundamental da hist\u00f3ria ocidental, por expedi\u00e7\u00f5es financiadas por Castela que marcaram a expans\u00e3o europeia na Am\u00e9rica.<\/li>\n<li>Trump descreveu Colombo como &#8220;o her\u00f3i americano original&#8221; e o porta-voz afirmou que ele ser\u00e1 honrado para as gera\u00e7\u00f5es vindouras.<\/li>\n<li>A decis\u00e3o reacende o debate sobre mem\u00f3ria hist\u00f3rica, com apoiantes a verem um s\u00edmbolo de patrim\u00f3nio cultural ocidental, enquanto cr\u00edticos associam Colombo a coloniza\u00e7\u00e3o e abusos contra povos ind\u00edgenas.<\/li>\n<\/ul>\n","protected":false},"author":2,"featured_media":419364,"comment_status":"closed","ping_status":"closed","sticky":false,"template":"","format":"standard","meta":{"footnotes":""},"categories":[6814],"tags":[5720,299,814,1175,2832],"class_list":["post-419361","post","type-post","status-publish","format-standard","has-post-thumbnail","hentry","category-geopolitica","tag-colonatos","tag-historia","tag-patrimonio","tag-patrimonio-cultural","tag-politica"],"yoast_head":"<!-- This site is optimized with the Yoast SEO plugin v27.2 - https:\/\/yoast.com\/product\/yoast-seo-wordpress\/ -->\n<title>Trump instala est\u00e1tua de Crist\u00f3v\u00e3o Colombo na Casa Branca, gerando pol\u00e9mica - Portal Tela Portugal<\/title>\n<meta name=\"robots\" content=\"index, follow, max-snippet:-1, max-image-preview:large, max-video-preview:-1\" \/>\n<meta property=\"og:locale\" content=\"pt_PT\" \/>\n<meta property=\"og:type\" content=\"article\" \/>\n<meta property=\"og:title\" content=\"Trump instala est\u00e1tua de Crist\u00f3v\u00e3o Colombo na Casa Branca, gerando pol\u00e9mica - Portal Tela Portugal\" \/>\n<meta property=\"og:description\" content=\"Donald Trump ordenou a instala\u00e7\u00e3o de uma est\u00e1tua de Crist\u00f3v\u00e3o Colombo na Casa Branca, em frente ao Eisenhower Executive Office Building. A pe\u00e7a \u00e9 uma r\u00e9plica de um monumento inaugurado em 1984 em Baltimore, que foi derrubado em 2020 durante os protestos antirracistas. Segundo a Casa Branca, Colombo \u00e9 visto como figura fundamental da hist\u00f3ria ocidental, por expedi\u00e7\u00f5es financiadas por Castela que marcaram a expans\u00e3o europeia na Am\u00e9rica. Trump descreveu Colombo como &quot;o her\u00f3i americano original&quot; e o porta-voz afirmou que ele ser\u00e1 honrado para as gera\u00e7\u00f5es vindouras. A decis\u00e3o reacende o debate sobre mem\u00f3ria hist\u00f3rica, com apoiantes a verem um s\u00edmbolo de patrim\u00f3nio cultural ocidental, enquanto cr\u00edticos associam Colombo a coloniza\u00e7\u00e3o e abusos contra povos ind\u00edgenas.\" \/>\n<meta property=\"og:url\" content=\"https:\/\/portaltela.pt\/noticias\/2026\/03\/24\/trump-instala-estatua-de-cristovao-colombo-na-casa-branca-gerando-polemica\/\" \/>\n<meta property=\"og:site_name\" content=\"Portal Tela Portugal\" \/>\n<meta property=\"article:published_time\" content=\"2026-03-24T10:47:04+00:00\" \/>\n<meta name=\"author\" content=\"Telinha\" \/>\n<meta name=\"twitter:card\" content=\"summary_large_image\" \/>\n<meta name=\"twitter:label1\" content=\"Escrito por\" \/>\n\t<meta name=\"twitter:data1\" content=\"Telinha\" \/>\n\t<meta name=\"twitter:label2\" content=\"Tempo estimado de leitura\" \/>\n\t<meta name=\"twitter:data2\" content=\"1 minuto\" \/>\n<script type=\"application\/ld+json\" class=\"yoast-schema-graph\">{\"@context\":\"https:\/\/schema.org\",\"@graph\":[{\"@type\":\"Article\",\"@id\":\"https:\/\/portaltela.pt\/noticias\/2026\/03\/24\/trump-instala-estatua-de-cristovao-colombo-na-casa-branca-gerando-polemica\/#article\",\"isPartOf\":{\"@id\":\"https:\/\/portaltela.pt\/noticias\/2026\/03\/24\/trump-instala-estatua-de-cristovao-colombo-na-casa-branca-gerando-polemica\/\"},\"author\":{\"name\":\"Telinha\",\"@id\":\"https:\/\/portaltela.pt\/#\/schema\/person\/c4278d4a6028830caff9ee44b42d32ed\"},\"headline\":\"Trump instala est\u00e1tua de Crist\u00f3v\u00e3o Colombo na Casa Branca, gerando pol\u00e9mica\",\"datePublished\":\"2026-03-24T10:47:04+00:00\",\"mainEntityOfPage\":{\"@id\":\"https:\/\/portaltela.pt\/noticias\/2026\/03\/24\/trump-instala-estatua-de-cristovao-colombo-na-casa-branca-gerando-polemica\/\"},\"wordCount\":287,\"image\":{\"@id\":\"https:\/\/portaltela.pt\/noticias\/2026\/03\/24\/trump-instala-estatua-de-cristovao-colombo-na-casa-branca-gerando-polemica\/#primaryimage\"},\"thumbnailUrl\":\"https:\/\/portaltela.pt\/s.01k8rhncp4jt1\/2026\/03\/1536x864_cmsv2_2bfb59e0-54aa-521a-8a33-53b86aba736d-9695919.jpg\",\"keywords\":[\"colonatos\",\"hist\u00f3ria\",\"patrim\u00f3nio\",\"Patrim\u00f3nio Cultural\",\"pol\u00edtica\"],\"articleSection\":[\"Geopol\u00edtica\"],\"inLanguage\":\"pt-PT\"},{\"@type\":\"WebPage\",\"@id\":\"https:\/\/portaltela.pt\/noticias\/2026\/03\/24\/trump-instala-estatua-de-cristovao-colombo-na-casa-branca-gerando-polemica\/\",\"url\":\"https:\/\/portaltela.pt\/noticias\/2026\/03\/24\/trump-instala-estatua-de-cristovao-colombo-na-casa-branca-gerando-polemica\/\",\"name\":\"Trump instala est\u00e1tua de Crist\u00f3v\u00e3o Colombo na Casa Branca, gerando pol\u00e9mica - Portal Tela Portugal\",\"isPartOf\":{\"@id\":\"https:\/\/portaltela.pt\/#website\"},\"primaryImageOfPage\":{\"@id\":\"https:\/\/portaltela.pt\/noticias\/2026\/03\/24\/trump-instala-estatua-de-cristovao-colombo-na-casa-branca-gerando-polemica\/#primaryimage\"},\"image\":{\"@id\":\"https:\/\/portaltela.pt\/noticias\/2026\/03\/24\/trump-instala-estatua-de-cristovao-colombo-na-casa-branca-gerando-polemica\/#primaryimage\"},\"thumbnailUrl\":\"https:\/\/portaltela.pt\/s.01k8rhncp4jt1\/2026\/03\/1536x864_cmsv2_2bfb59e0-54aa-521a-8a33-53b86aba736d-9695919.jpg\",\"datePublished\":\"2026-03-24T10:47:04+00:00\",\"author\":{\"@id\":\"https:\/\/portaltela.pt\/#\/schema\/person\/c4278d4a6028830caff9ee44b42d32ed\"},\"breadcrumb\":{\"@id\":\"https:\/\/portaltela.pt\/noticias\/2026\/03\/24\/trump-instala-estatua-de-cristovao-colombo-na-casa-branca-gerando-polemica\/#breadcrumb\"},\"inLanguage\":\"pt-PT\",\"potentialAction\":[{\"@type\":\"ReadAction\",\"target\":[\"https:\/\/portaltela.pt\/noticias\/2026\/03\/24\/trump-instala-estatua-de-cristovao-colombo-na-casa-branca-gerando-polemica\/\"]}]},{\"@type\":\"ImageObject\",\"inLanguage\":\"pt-PT\",\"@id\":\"https:\/\/portaltela.pt\/noticias\/2026\/03\/24\/trump-instala-estatua-de-cristovao-colombo-na-casa-branca-gerando-polemica\/#primaryimage\",\"url\":\"https:\/\/portaltela.pt\/s.01k8rhncp4jt1\/2026\/03\/1536x864_cmsv2_2bfb59e0-54aa-521a-8a33-53b86aba736d-9695919.jpg\",\"contentUrl\":\"https:\/\/portaltela.pt\/s.01k8rhncp4jt1\/2026\/03\/1536x864_cmsv2_2bfb59e0-54aa-521a-8a33-53b86aba736d-9695919.jpg\",\"width\":796,\"height\":448,\"caption\":\"Uma nova est\u00e1tua de Crist\u00f3v\u00e3o Colombo em frente ao edif\u00edcio Eisenhower Executive Office, no complexo da Casa Branca, a 23 de mar\u00e7o de 2026, em Washington.\"},{\"@type\":\"BreadcrumbList\",\"@id\":\"https:\/\/portaltela.pt\/noticias\/2026\/03\/24\/trump-instala-estatua-de-cristovao-colombo-na-casa-branca-gerando-polemica\/#breadcrumb\",\"itemListElement\":[{\"@type\":\"ListItem\",\"position\":1,\"name\":\"In\u00edcio\",\"item\":\"https:\/\/portaltela.pt\/\"},{\"@type\":\"ListItem\",\"position\":2,\"name\":\"Trump instala est\u00e1tua de Crist\u00f3v\u00e3o Colombo na Casa Branca, gerando pol\u00e9mica\"}]},{\"@type\":\"WebSite\",\"@id\":\"https:\/\/portaltela.pt\/#website\",\"url\":\"https:\/\/portaltela.pt\/\",\"name\":\"Portal Tela Portugal\",\"description\":\"\",\"potentialAction\":[{\"@type\":\"SearchAction\",\"target\":{\"@type\":\"EntryPoint\",\"urlTemplate\":\"https:\/\/portaltela.pt\/?s={search_term_string}\"},\"query-input\":{\"@type\":\"PropertyValueSpecification\",\"valueRequired\":true,\"valueName\":\"search_term_string\"}}],\"inLanguage\":\"pt-PT\"},{\"@type\":\"Person\",\"@id\":\"https:\/\/portaltela.pt\/#\/schema\/person\/c4278d4a6028830caff9ee44b42d32ed\",\"name\":\"Telinha\",\"image\":{\"@type\":\"ImageObject\",\"inLanguage\":\"pt-PT\",\"@id\":\"https:\/\/portaltela.pt\/s.01k8rhncp4jt1\/2025\/11\/talking-bot-125x125.png\",\"url\":\"https:\/\/portaltela.pt\/s.01k8rhncp4jt1\/2025\/11\/talking-bot-125x125.png\",\"contentUrl\":\"https:\/\/portaltela.pt\/s.01k8rhncp4jt1\/2025\/11\/talking-bot-125x125.png\",\"caption\":\"Telinha\"},\"sameAs\":[\"https:\/\/portaltela.pt\/\"],\"url\":\"https:\/\/portaltela.pt\/por\/367410592786\/\"}]}<\/script>\n<!-- \/ Yoast SEO plugin. -->","yoast_head_json":{"title":"Trump instala est\u00e1tua de Crist\u00f3v\u00e3o Colombo na Casa Branca, gerando pol\u00e9mica - Portal Tela Portugal","robots":{"index":"index","follow":"follow","max-snippet":"max-snippet:-1","max-image-preview":"max-image-preview:large","max-video-preview":"max-video-preview:-1"},"og_locale":"pt_PT","og_type":"article","og_title":"Trump instala est\u00e1tua de Crist\u00f3v\u00e3o Colombo na Casa Branca, gerando pol\u00e9mica - Portal Tela Portugal","og_description":"Donald Trump ordenou a instala\u00e7\u00e3o de uma est\u00e1tua de Crist\u00f3v\u00e3o Colombo na Casa Branca, em frente ao Eisenhower Executive Office Building. A pe\u00e7a \u00e9 uma r\u00e9plica de um monumento inaugurado em 1984 em Baltimore, que foi derrubado em 2020 durante os protestos antirracistas. Segundo a Casa Branca, Colombo \u00e9 visto como figura fundamental da hist\u00f3ria ocidental, por expedi\u00e7\u00f5es financiadas por Castela que marcaram a expans\u00e3o europeia na Am\u00e9rica. Trump descreveu Colombo como \"o her\u00f3i americano original\" e o porta-voz afirmou que ele ser\u00e1 honrado para as gera\u00e7\u00f5es vindouras. A decis\u00e3o reacende o debate sobre mem\u00f3ria hist\u00f3rica, com apoiantes a verem um s\u00edmbolo de patrim\u00f3nio cultural ocidental, enquanto cr\u00edticos associam Colombo a coloniza\u00e7\u00e3o e abusos contra povos ind\u00edgenas.","og_url":"https:\/\/portaltela.pt\/noticias\/2026\/03\/24\/trump-instala-estatua-de-cristovao-colombo-na-casa-branca-gerando-polemica\/","og_site_name":"Portal Tela Portugal","article_published_time":"2026-03-24T10:47:04+00:00","author":"Telinha","twitter_card":"summary_large_image","twitter_misc":{"Escrito por":"Telinha","Tempo estimado de leitura":"1 minuto"},"schema":{"@context":"https:\/\/schema.org","@graph":[{"@type":"Article","@id":"https:\/\/portaltela.pt\/noticias\/2026\/03\/24\/trump-instala-estatua-de-cristovao-colombo-na-casa-branca-gerando-polemica\/#article","isPartOf":{"@id":"https:\/\/portaltela.pt\/noticias\/2026\/03\/24\/trump-instala-estatua-de-cristovao-colombo-na-casa-branca-gerando-polemica\/"},"author":{"name":"Telinha","@id":"https:\/\/portaltela.pt\/#\/schema\/person\/c4278d4a6028830caff9ee44b42d32ed"},"headline":"Trump instala est\u00e1tua de Crist\u00f3v\u00e3o Colombo na Casa Branca, gerando pol\u00e9mica","datePublished":"2026-03-24T10:47:04+00:00","mainEntityOfPage":{"@id":"https:\/\/portaltela.pt\/noticias\/2026\/03\/24\/trump-instala-estatua-de-cristovao-colombo-na-casa-branca-gerando-polemica\/"},"wordCount":287,"image":{"@id":"https:\/\/portaltela.pt\/noticias\/2026\/03\/24\/trump-instala-estatua-de-cristovao-colombo-na-casa-branca-gerando-polemica\/#primaryimage"},"thumbnailUrl":"https:\/\/portaltela.pt\/s.01k8rhncp4jt1\/2026\/03\/1536x864_cmsv2_2bfb59e0-54aa-521a-8a33-53b86aba736d-9695919.jpg","keywords":["colonatos","hist\u00f3ria","patrim\u00f3nio","Patrim\u00f3nio Cultural","pol\u00edtica"],"articleSection":["Geopol\u00edtica"],"inLanguage":"pt-PT"},{"@type":"WebPage","@id":"https:\/\/portaltela.pt\/noticias\/2026\/03\/24\/trump-instala-estatua-de-cristovao-colombo-na-casa-branca-gerando-polemica\/","url":"https:\/\/portaltela.pt\/noticias\/2026\/03\/24\/trump-instala-estatua-de-cristovao-colombo-na-casa-branca-gerando-polemica\/","name":"Trump instala est\u00e1tua de Crist\u00f3v\u00e3o Colombo na Casa Branca, gerando pol\u00e9mica - Portal Tela Portugal","isPartOf":{"@id":"https:\/\/portaltela.pt\/#website"},"primaryImageOfPage":{"@id":"https:\/\/portaltela.pt\/noticias\/2026\/03\/24\/trump-instala-estatua-de-cristovao-colombo-na-casa-branca-gerando-polemica\/#primaryimage"},"image":{"@id":"https:\/\/portaltela.pt\/noticias\/2026\/03\/24\/trump-instala-estatua-de-cristovao-colombo-na-casa-branca-gerando-polemica\/#primaryimage"},"thumbnailUrl":"https:\/\/portaltela.pt\/s.01k8rhncp4jt1\/2026\/03\/1536x864_cmsv2_2bfb59e0-54aa-521a-8a33-53b86aba736d-9695919.jpg","datePublished":"2026-03-24T10:47:04+00:00","author":{"@id":"https:\/\/portaltela.pt\/#\/schema\/person\/c4278d4a6028830caff9ee44b42d32ed"},"breadcrumb":{"@id":"https:\/\/portaltela.pt\/noticias\/2026\/03\/24\/trump-instala-estatua-de-cristovao-colombo-na-casa-branca-gerando-polemica\/#breadcrumb"},"inLanguage":"pt-PT","potentialAction":[{"@type":"ReadAction","target":["https:\/\/portaltela.pt\/noticias\/2026\/03\/24\/trump-instala-estatua-de-cristovao-colombo-na-casa-branca-gerando-polemica\/"]}]},{"@type":"ImageObject","inLanguage":"pt-PT","@id":"https:\/\/portaltela.pt\/noticias\/2026\/03\/24\/trump-instala-estatua-de-cristovao-colombo-na-casa-branca-gerando-polemica\/#primaryimage","url":"https:\/\/portaltela.pt\/s.01k8rhncp4jt1\/2026\/03\/1536x864_cmsv2_2bfb59e0-54aa-521a-8a33-53b86aba736d-9695919.jpg","contentUrl":"https:\/\/portaltela.pt\/s.01k8rhncp4jt1\/2026\/03\/1536x864_cmsv2_2bfb59e0-54aa-521a-8a33-53b86aba736d-9695919.jpg","width":796,"height":448,"caption":"Uma nova est\u00e1tua de Crist\u00f3v\u00e3o Colombo em frente ao edif\u00edcio Eisenhower Executive Office, no complexo da Casa Branca, a 23 de mar\u00e7o de 2026, em Washington."},{"@type":"BreadcrumbList","@id":"https:\/\/portaltela.pt\/noticias\/2026\/03\/24\/trump-instala-estatua-de-cristovao-colombo-na-casa-branca-gerando-polemica\/#breadcrumb","itemListElement":[{"@type":"ListItem","position":1,"name":"In\u00edcio","item":"https:\/\/portaltela.pt\/"},{"@type":"ListItem","position":2,"name":"Trump instala est\u00e1tua de Crist\u00f3v\u00e3o Colombo na Casa Branca, gerando pol\u00e9mica"}]},{"@type":"WebSite","@id":"https:\/\/portaltela.pt\/#website","url":"https:\/\/portaltela.pt\/","name":"Portal Tela Portugal","description":"","potentialAction":[{"@type":"SearchAction","target":{"@type":"EntryPoint","urlTemplate":"https:\/\/portaltela.pt\/?s={search_term_string}"},"query-input":{"@type":"PropertyValueSpecification","valueRequired":true,"valueName":"search_term_string"}}],"inLanguage":"pt-PT"},{"@type":"Person","@id":"https:\/\/portaltela.pt\/#\/schema\/person\/c4278d4a6028830caff9ee44b42d32ed","name":"Telinha","image":{"@type":"ImageObject","inLanguage":"pt-PT","@id":"https:\/\/portaltela.pt\/s.01k8rhncp4jt1\/2025\/11\/talking-bot-125x125.png","url":"https:\/\/portaltela.pt\/s.01k8rhncp4jt1\/2025\/11\/talking-bot-125x125.png","contentUrl":"https:\/\/portaltela.pt\/s.01k8rhncp4jt1\/2025\/11\/talking-bot-125x125.png","caption":"Telinha"},"sameAs":["https:\/\/portaltela.pt\/"],"url":"https:\/\/portaltela.pt\/por\/367410592786\/"}]}},"_links":{"self":[{"href":"https:\/\/portaltela.pt\/api\/wp\/v2\/posts\/419361","targetHints":{"allow":["GET"]}}],"collection":[{"href":"https:\/\/portaltela.pt\/api\/wp\/v2\/posts"}],"about":[{"href":"https:\/\/portaltela.pt\/api\/wp\/v2\/types\/post"}],"author":[{"embeddable":true,"href":"https:\/\/portaltela.pt\/api\/wp\/v2\/users\/2"}],"replies":[{"embeddable":true,"href":"https:\/\/portaltela.pt\/api\/wp\/v2\/comments?post=419361"}],"version-history":[{"count":0,"href":"https:\/\/portaltela.pt\/api\/wp\/v2\/posts\/419361\/revisions"}],"wp:featuredmedia":[{"embeddable":true,"href":"https:\/\/portaltela.pt\/api\/wp\/v2\/media\/419364"}],"wp:attachment":[{"href":"https:\/\/portaltela.pt\/api\/wp\/v2\/media?parent=419361"}],"wp:term":[{"taxonomy":"category","embeddable":true,"href":"https:\/\/portaltela.pt\/api\/wp\/v2\/categories?post=419361"},{"taxonomy":"post_tag","embeddable":true,"href":"https:\/\/portaltela.pt\/api\/wp\/v2\/tags?post=419361"}],"curies":[{"name":"wp","href":"https:\/\/api.w.org\/{rel}","templated":true}]}}