{"id":419352,"date":"2026-03-24T07:44:44","date_gmt":"2026-03-24T10:44:44","guid":{"rendered":"https:\/\/portaltela.pt\/noticias\/2026\/03\/24\/desaparecimento-de-gestor-de-restaurante-de-luxo-no-algarve-suscita-temor\/"},"modified":"2026-03-24T07:44:44","modified_gmt":"2026-03-24T10:44:44","slug":"desaparecimento-de-gestor-de-restaurante-de-luxo-no-algarve-suscita-temor","status":"publish","type":"post","link":"https:\/\/portaltela.pt\/crime\/2026\/03\/24\/desaparecimento-de-gestor-de-restaurante-de-luxo-no-algarve-suscita-temor\/","title":{"rendered":"Desaparecimento de gestor de restaurante de luxo no Algarve suscita temor"},"content":{"rendered":"<p>Manuel Rodrigues, comentador da CMTV, refereu em teoria o envolvimento de cart\u00f5es banc\u00e1rios de Ricardo Claro em v\u00e1rias zonas do pa\u00eds, no \u00e2mbito de um caso relacionado com o desaparecimento de um gestor de restaurante de luxo no Algarve. A informa\u00e7\u00e3o foi partilhada na sequ\u00eancia de declara\u00e7\u00f5es do comentador.<\/p>\n<p>O desaparecimento do gestor, ocorrente no Algarve, deixou incerteza sobre as circunst\u00e2ncias e motiva\u00e7\u00e3o do caso. N\u00e3o foram divulgados detalhes oficiais sobre as dilig\u00eancias das autoridades nem sobre a linha de investiga\u00e7\u00e3o at\u00e9 ao momento.<\/p>\n<p>Segundo Rodrigues, h\u00e1 refer\u00eancias a movimenta\u00e7\u00f5es com cart\u00f5es associados a Ricardo Claro, em m\u00faltiplos pontos do territ\u00f3rio. O conte\u00fado sugere uma poss\u00edvel pista para as autoridades, ainda que n\u00e3o haja confirma\u00e7\u00e3o p\u00fablica sobre a relev\u00e2ncia dessas transa\u00e7\u00f5es.<\/p>\n<h3>Desenvolvimento<\/h3>\n<p>At\u00e9 ao momento, as autoridades permanecem sem confirmar liga\u00e7\u00f5es diretas entre o desaparecimento e as informa\u00e7\u00f5es sobre os cart\u00f5es. O caso continua a ser acompanhado pelas for\u00e7as de seguran\u00e7a, que n\u00e3o divulgaram novos dados ao p\u00fablico.<\/p>\n<p>A n\u00edvel p\u00fablico, n\u00e3o foram anunciadas pris\u00f5es nem desmentidos oficiais sobre o que motivou o desaparecimento. O gabinete de imprensa da institui\u00e7\u00e3o respons\u00e1vel n\u00e3o forneceu declara\u00e7\u00f5es adicionais para divulga\u00e7\u00e3o.<\/p>\n","protected":false},"excerpt":{"rendered":"<ul>\n<li>O comentador da CMTV, Manuel Rodrigues, comenta o desaparecimento de um gestor de um restaurante de luxo no Algarve.<\/li>\n<li>Rodrigues afirma: \u201cPresumo que o pior tenha acontecido\u201d, a respeito do caso.<\/li>\n<li>O caso envolve o representante do restaurante situado no Algarve, cuja localiza\u00e7\u00e3o foi indicada como foco da investiga\u00e7\u00e3o.<\/li>\n<li>Manuel Rodrigues tamb\u00e9m abordou o alegado uso dos cart\u00f5es banc\u00e1rios de Ricardo Claro em v\u00e1rios locais do pa\u00eds.<\/li>\n<li>A not\u00edcia foi publicada a 24 de mar\u00e7o de 2026, \u00e0s 10:44.<\/li>\n<\/ul>\n","protected":false},"author":2,"featured_media":419356,"comment_status":"closed","ping_status":"closed","sticky":false,"template":"","format":"standard","meta":{"footnotes":""},"categories":[6907],"tags":[928,2322,147,653,215,5661],"class_list":["post-419352","post","type-post","status-publish","format-standard","has-post-thumbnail","hentry","category-crime","tag-algarve","tag-cartoes-de-credito","tag-crime","tag-dinheiro","tag-investigacao","tag-pessoas-publicas"],"yoast_head":"<!-- This site is optimized with the Yoast SEO plugin v27.2 - https:\/\/yoast.com\/product\/yoast-seo-wordpress\/ -->\n<title>Desaparecimento de gestor de restaurante de luxo no Algarve suscita temor - Portal Tela Portugal<\/title>\n<meta name=\"robots\" content=\"index, follow, max-snippet:-1, max-image-preview:large, max-video-preview:-1\" \/>\n<meta property=\"og:locale\" content=\"pt_PT\" \/>\n<meta property=\"og:type\" content=\"article\" \/>\n<meta property=\"og:title\" content=\"Desaparecimento de gestor de restaurante de luxo no Algarve suscita temor - Portal Tela Portugal\" \/>\n<meta property=\"og:description\" content=\"O comentador da CMTV, Manuel Rodrigues, comenta o desaparecimento de um gestor de um restaurante de luxo no Algarve. Rodrigues afirma: \u201cPresumo que o pior tenha acontecido\u201d, a respeito do caso. O caso envolve o representante do restaurante situado no Algarve, cuja localiza\u00e7\u00e3o foi indicada como foco da investiga\u00e7\u00e3o. Manuel Rodrigues tamb\u00e9m abordou o alegado uso dos cart\u00f5es banc\u00e1rios de Ricardo Claro em v\u00e1rios locais do pa\u00eds. A not\u00edcia foi publicada a 24 de mar\u00e7o de 2026, \u00e0s 10:44.\" \/>\n<meta property=\"og:url\" content=\"https:\/\/portaltela.pt\/noticias\/2026\/03\/24\/desaparecimento-de-gestor-de-restaurante-de-luxo-no-algarve-suscita-temor\/\" \/>\n<meta property=\"og:site_name\" content=\"Portal Tela Portugal\" \/>\n<meta property=\"article:published_time\" content=\"2026-03-24T10:44:44+00:00\" \/>\n<meta name=\"author\" content=\"Telinha\" \/>\n<meta name=\"twitter:card\" content=\"summary_large_image\" \/>\n<meta name=\"twitter:label1\" content=\"Escrito por\" \/>\n\t<meta name=\"twitter:data1\" content=\"Telinha\" \/>\n\t<meta name=\"twitter:label2\" content=\"Tempo estimado de leitura\" \/>\n\t<meta name=\"twitter:data2\" content=\"1 minuto\" \/>\n<script type=\"application\/ld+json\" class=\"yoast-schema-graph\">{\"@context\":\"https:\/\/schema.org\",\"@graph\":[{\"@type\":\"Article\",\"@id\":\"https:\/\/portaltela.pt\/noticias\/2026\/03\/24\/desaparecimento-de-gestor-de-restaurante-de-luxo-no-algarve-suscita-temor\/#article\",\"isPartOf\":{\"@id\":\"https:\/\/portaltela.pt\/noticias\/2026\/03\/24\/desaparecimento-de-gestor-de-restaurante-de-luxo-no-algarve-suscita-temor\/\"},\"author\":{\"name\":\"Telinha\",\"@id\":\"https:\/\/portaltela.pt\/#\/schema\/person\/c4278d4a6028830caff9ee44b42d32ed\"},\"headline\":\"Desaparecimento de gestor de restaurante de luxo no Algarve suscita temor\",\"datePublished\":\"2026-03-24T10:44:44+00:00\",\"mainEntityOfPage\":{\"@id\":\"https:\/\/portaltela.pt\/noticias\/2026\/03\/24\/desaparecimento-de-gestor-de-restaurante-de-luxo-no-algarve-suscita-temor\/\"},\"wordCount\":238,\"image\":{\"@id\":\"https:\/\/portaltela.pt\/noticias\/2026\/03\/24\/desaparecimento-de-gestor-de-restaurante-de-luxo-no-algarve-suscita-temor\/#primaryimage\"},\"thumbnailUrl\":\"https:\/\/portaltela.pt\/s.01k8rhncp4jt1\/2026\/03\/img_400x516uu2026-03-24-01-30-00-2274442.jpg\",\"keywords\":[\"Algarve\",\"Cart\u00f5es de Cr\u00e9dito\",\"crime\",\"dinheiro\",\"investiga\u00e7\u00e3o\",\"pessoas p\u00fablicas\"],\"articleSection\":[\"Crime\"],\"inLanguage\":\"pt-PT\"},{\"@type\":\"WebPage\",\"@id\":\"https:\/\/portaltela.pt\/noticias\/2026\/03\/24\/desaparecimento-de-gestor-de-restaurante-de-luxo-no-algarve-suscita-temor\/\",\"url\":\"https:\/\/portaltela.pt\/noticias\/2026\/03\/24\/desaparecimento-de-gestor-de-restaurante-de-luxo-no-algarve-suscita-temor\/\",\"name\":\"Desaparecimento de gestor de restaurante de luxo no Algarve suscita temor - Portal Tela Portugal\",\"isPartOf\":{\"@id\":\"https:\/\/portaltela.pt\/#website\"},\"primaryImageOfPage\":{\"@id\":\"https:\/\/portaltela.pt\/noticias\/2026\/03\/24\/desaparecimento-de-gestor-de-restaurante-de-luxo-no-algarve-suscita-temor\/#primaryimage\"},\"image\":{\"@id\":\"https:\/\/portaltela.pt\/noticias\/2026\/03\/24\/desaparecimento-de-gestor-de-restaurante-de-luxo-no-algarve-suscita-temor\/#primaryimage\"},\"thumbnailUrl\":\"https:\/\/portaltela.pt\/s.01k8rhncp4jt1\/2026\/03\/img_400x516uu2026-03-24-01-30-00-2274442.jpg\",\"datePublished\":\"2026-03-24T10:44:44+00:00\",\"author\":{\"@id\":\"https:\/\/portaltela.pt\/#\/schema\/person\/c4278d4a6028830caff9ee44b42d32ed\"},\"breadcrumb\":{\"@id\":\"https:\/\/portaltela.pt\/noticias\/2026\/03\/24\/desaparecimento-de-gestor-de-restaurante-de-luxo-no-algarve-suscita-temor\/#breadcrumb\"},\"inLanguage\":\"pt-PT\",\"potentialAction\":[{\"@type\":\"ReadAction\",\"target\":[\"https:\/\/portaltela.pt\/noticias\/2026\/03\/24\/desaparecimento-de-gestor-de-restaurante-de-luxo-no-algarve-suscita-temor\/\"]}]},{\"@type\":\"ImageObject\",\"inLanguage\":\"pt-PT\",\"@id\":\"https:\/\/portaltela.pt\/noticias\/2026\/03\/24\/desaparecimento-de-gestor-de-restaurante-de-luxo-no-algarve-suscita-temor\/#primaryimage\",\"url\":\"https:\/\/portaltela.pt\/s.01k8rhncp4jt1\/2026\/03\/img_400x516uu2026-03-24-01-30-00-2274442.jpg\",\"contentUrl\":\"https:\/\/portaltela.pt\/s.01k8rhncp4jt1\/2026\/03\/img_400x516uu2026-03-24-01-30-00-2274442.jpg\",\"width\":796,\"height\":448,\"caption\":\"Capa do jornal\"},{\"@type\":\"BreadcrumbList\",\"@id\":\"https:\/\/portaltela.pt\/noticias\/2026\/03\/24\/desaparecimento-de-gestor-de-restaurante-de-luxo-no-algarve-suscita-temor\/#breadcrumb\",\"itemListElement\":[{\"@type\":\"ListItem\",\"position\":1,\"name\":\"In\u00edcio\",\"item\":\"https:\/\/portaltela.pt\/\"},{\"@type\":\"ListItem\",\"position\":2,\"name\":\"Desaparecimento de gestor de restaurante de luxo no Algarve suscita temor\"}]},{\"@type\":\"WebSite\",\"@id\":\"https:\/\/portaltela.pt\/#website\",\"url\":\"https:\/\/portaltela.pt\/\",\"name\":\"Portal Tela Portugal\",\"description\":\"\",\"potentialAction\":[{\"@type\":\"SearchAction\",\"target\":{\"@type\":\"EntryPoint\",\"urlTemplate\":\"https:\/\/portaltela.pt\/?s={search_term_string}\"},\"query-input\":{\"@type\":\"PropertyValueSpecification\",\"valueRequired\":true,\"valueName\":\"search_term_string\"}}],\"inLanguage\":\"pt-PT\"},{\"@type\":\"Person\",\"@id\":\"https:\/\/portaltela.pt\/#\/schema\/person\/c4278d4a6028830caff9ee44b42d32ed\",\"name\":\"Telinha\",\"image\":{\"@type\":\"ImageObject\",\"inLanguage\":\"pt-PT\",\"@id\":\"https:\/\/portaltela.pt\/s.01k8rhncp4jt1\/2025\/11\/talking-bot-125x125.png\",\"url\":\"https:\/\/portaltela.pt\/s.01k8rhncp4jt1\/2025\/11\/talking-bot-125x125.png\",\"contentUrl\":\"https:\/\/portaltela.pt\/s.01k8rhncp4jt1\/2025\/11\/talking-bot-125x125.png\",\"caption\":\"Telinha\"},\"sameAs\":[\"https:\/\/portaltela.pt\/\"],\"url\":\"https:\/\/portaltela.pt\/por\/367410592786\/\"}]}<\/script>\n<!-- \/ Yoast SEO plugin. -->","yoast_head_json":{"title":"Desaparecimento de gestor de restaurante de luxo no Algarve suscita temor - Portal Tela Portugal","robots":{"index":"index","follow":"follow","max-snippet":"max-snippet:-1","max-image-preview":"max-image-preview:large","max-video-preview":"max-video-preview:-1"},"og_locale":"pt_PT","og_type":"article","og_title":"Desaparecimento de gestor de restaurante de luxo no Algarve suscita temor - Portal Tela Portugal","og_description":"O comentador da CMTV, Manuel Rodrigues, comenta o desaparecimento de um gestor de um restaurante de luxo no Algarve. Rodrigues afirma: \u201cPresumo que o pior tenha acontecido\u201d, a respeito do caso. O caso envolve o representante do restaurante situado no Algarve, cuja localiza\u00e7\u00e3o foi indicada como foco da investiga\u00e7\u00e3o. Manuel Rodrigues tamb\u00e9m abordou o alegado uso dos cart\u00f5es banc\u00e1rios de Ricardo Claro em v\u00e1rios locais do pa\u00eds. A not\u00edcia foi publicada a 24 de mar\u00e7o de 2026, \u00e0s 10:44.","og_url":"https:\/\/portaltela.pt\/noticias\/2026\/03\/24\/desaparecimento-de-gestor-de-restaurante-de-luxo-no-algarve-suscita-temor\/","og_site_name":"Portal Tela Portugal","article_published_time":"2026-03-24T10:44:44+00:00","author":"Telinha","twitter_card":"summary_large_image","twitter_misc":{"Escrito por":"Telinha","Tempo estimado de leitura":"1 minuto"},"schema":{"@context":"https:\/\/schema.org","@graph":[{"@type":"Article","@id":"https:\/\/portaltela.pt\/noticias\/2026\/03\/24\/desaparecimento-de-gestor-de-restaurante-de-luxo-no-algarve-suscita-temor\/#article","isPartOf":{"@id":"https:\/\/portaltela.pt\/noticias\/2026\/03\/24\/desaparecimento-de-gestor-de-restaurante-de-luxo-no-algarve-suscita-temor\/"},"author":{"name":"Telinha","@id":"https:\/\/portaltela.pt\/#\/schema\/person\/c4278d4a6028830caff9ee44b42d32ed"},"headline":"Desaparecimento de gestor de restaurante de luxo no Algarve suscita temor","datePublished":"2026-03-24T10:44:44+00:00","mainEntityOfPage":{"@id":"https:\/\/portaltela.pt\/noticias\/2026\/03\/24\/desaparecimento-de-gestor-de-restaurante-de-luxo-no-algarve-suscita-temor\/"},"wordCount":238,"image":{"@id":"https:\/\/portaltela.pt\/noticias\/2026\/03\/24\/desaparecimento-de-gestor-de-restaurante-de-luxo-no-algarve-suscita-temor\/#primaryimage"},"thumbnailUrl":"https:\/\/portaltela.pt\/s.01k8rhncp4jt1\/2026\/03\/img_400x516uu2026-03-24-01-30-00-2274442.jpg","keywords":["Algarve","Cart\u00f5es de Cr\u00e9dito","crime","dinheiro","investiga\u00e7\u00e3o","pessoas p\u00fablicas"],"articleSection":["Crime"],"inLanguage":"pt-PT"},{"@type":"WebPage","@id":"https:\/\/portaltela.pt\/noticias\/2026\/03\/24\/desaparecimento-de-gestor-de-restaurante-de-luxo-no-algarve-suscita-temor\/","url":"https:\/\/portaltela.pt\/noticias\/2026\/03\/24\/desaparecimento-de-gestor-de-restaurante-de-luxo-no-algarve-suscita-temor\/","name":"Desaparecimento de gestor de restaurante de luxo no Algarve suscita temor - Portal Tela Portugal","isPartOf":{"@id":"https:\/\/portaltela.pt\/#website"},"primaryImageOfPage":{"@id":"https:\/\/portaltela.pt\/noticias\/2026\/03\/24\/desaparecimento-de-gestor-de-restaurante-de-luxo-no-algarve-suscita-temor\/#primaryimage"},"image":{"@id":"https:\/\/portaltela.pt\/noticias\/2026\/03\/24\/desaparecimento-de-gestor-de-restaurante-de-luxo-no-algarve-suscita-temor\/#primaryimage"},"thumbnailUrl":"https:\/\/portaltela.pt\/s.01k8rhncp4jt1\/2026\/03\/img_400x516uu2026-03-24-01-30-00-2274442.jpg","datePublished":"2026-03-24T10:44:44+00:00","author":{"@id":"https:\/\/portaltela.pt\/#\/schema\/person\/c4278d4a6028830caff9ee44b42d32ed"},"breadcrumb":{"@id":"https:\/\/portaltela.pt\/noticias\/2026\/03\/24\/desaparecimento-de-gestor-de-restaurante-de-luxo-no-algarve-suscita-temor\/#breadcrumb"},"inLanguage":"pt-PT","potentialAction":[{"@type":"ReadAction","target":["https:\/\/portaltela.pt\/noticias\/2026\/03\/24\/desaparecimento-de-gestor-de-restaurante-de-luxo-no-algarve-suscita-temor\/"]}]},{"@type":"ImageObject","inLanguage":"pt-PT","@id":"https:\/\/portaltela.pt\/noticias\/2026\/03\/24\/desaparecimento-de-gestor-de-restaurante-de-luxo-no-algarve-suscita-temor\/#primaryimage","url":"https:\/\/portaltela.pt\/s.01k8rhncp4jt1\/2026\/03\/img_400x516uu2026-03-24-01-30-00-2274442.jpg","contentUrl":"https:\/\/portaltela.pt\/s.01k8rhncp4jt1\/2026\/03\/img_400x516uu2026-03-24-01-30-00-2274442.jpg","width":796,"height":448,"caption":"Capa do jornal"},{"@type":"BreadcrumbList","@id":"https:\/\/portaltela.pt\/noticias\/2026\/03\/24\/desaparecimento-de-gestor-de-restaurante-de-luxo-no-algarve-suscita-temor\/#breadcrumb","itemListElement":[{"@type":"ListItem","position":1,"name":"In\u00edcio","item":"https:\/\/portaltela.pt\/"},{"@type":"ListItem","position":2,"name":"Desaparecimento de gestor de restaurante de luxo no Algarve suscita temor"}]},{"@type":"WebSite","@id":"https:\/\/portaltela.pt\/#website","url":"https:\/\/portaltela.pt\/","name":"Portal Tela Portugal","description":"","potentialAction":[{"@type":"SearchAction","target":{"@type":"EntryPoint","urlTemplate":"https:\/\/portaltela.pt\/?s={search_term_string}"},"query-input":{"@type":"PropertyValueSpecification","valueRequired":true,"valueName":"search_term_string"}}],"inLanguage":"pt-PT"},{"@type":"Person","@id":"https:\/\/portaltela.pt\/#\/schema\/person\/c4278d4a6028830caff9ee44b42d32ed","name":"Telinha","image":{"@type":"ImageObject","inLanguage":"pt-PT","@id":"https:\/\/portaltela.pt\/s.01k8rhncp4jt1\/2025\/11\/talking-bot-125x125.png","url":"https:\/\/portaltela.pt\/s.01k8rhncp4jt1\/2025\/11\/talking-bot-125x125.png","contentUrl":"https:\/\/portaltela.pt\/s.01k8rhncp4jt1\/2025\/11\/talking-bot-125x125.png","caption":"Telinha"},"sameAs":["https:\/\/portaltela.pt\/"],"url":"https:\/\/portaltela.pt\/por\/367410592786\/"}]}},"_links":{"self":[{"href":"https:\/\/portaltela.pt\/api\/wp\/v2\/posts\/419352","targetHints":{"allow":["GET"]}}],"collection":[{"href":"https:\/\/portaltela.pt\/api\/wp\/v2\/posts"}],"about":[{"href":"https:\/\/portaltela.pt\/api\/wp\/v2\/types\/post"}],"author":[{"embeddable":true,"href":"https:\/\/portaltela.pt\/api\/wp\/v2\/users\/2"}],"replies":[{"embeddable":true,"href":"https:\/\/portaltela.pt\/api\/wp\/v2\/comments?post=419352"}],"version-history":[{"count":0,"href":"https:\/\/portaltela.pt\/api\/wp\/v2\/posts\/419352\/revisions"}],"wp:featuredmedia":[{"embeddable":true,"href":"https:\/\/portaltela.pt\/api\/wp\/v2\/media\/419356"}],"wp:attachment":[{"href":"https:\/\/portaltela.pt\/api\/wp\/v2\/media?parent=419352"}],"wp:term":[{"taxonomy":"category","embeddable":true,"href":"https:\/\/portaltela.pt\/api\/wp\/v2\/categories?post=419352"},{"taxonomy":"post_tag","embeddable":true,"href":"https:\/\/portaltela.pt\/api\/wp\/v2\/tags?post=419352"}],"curies":[{"name":"wp","href":"https:\/\/api.w.org\/{rel}","templated":true}]}}