{"id":419348,"date":"2026-03-24T07:33:31","date_gmt":"2026-03-24T10:33:31","guid":{"rendered":"https:\/\/portaltela.pt\/noticias\/2026\/03\/24\/euronews-earth-reportagem-sobre-crises-climaticas-e-biodiversidade\/"},"modified":"2026-03-24T07:33:31","modified_gmt":"2026-03-24T10:33:31","slug":"euronews-earth-reportagem-sobre-crises-climaticas-e-biodiversidade","status":"publish","type":"post","link":"https:\/\/portaltela.pt\/meio-ambiente\/2026\/03\/24\/euronews-earth-reportagem-sobre-crises-climaticas-e-biodiversidade\/","title":{"rendered":"Euronews Earth: reportagem sobre crises clim\u00e1ticas e biodiversidade"},"content":{"rendered":"<p>O Euronews anunciou a mudan\u00e7a de marca de Euronews Green para Euronews Earth, refletindo uma fase em que as mudan\u00e7as clim\u00e1ticas j\u00e1 s\u00e3o parte do quotidiano. A transi\u00e7\u00e3o acompanha a evolu\u00e7\u00e3o do debate p\u00fablico, que passou de metas para impactos di\u00e1rios na vida das pessoas.<\/p>\n<p>A altera\u00e7\u00e3o de nome foca a cr\u00f3nica dos fen\u00f3menos clim\u00e1ticos e da biodiversidade com uma abordagem mais pr\u00e1tica, centrada em solu\u00e7\u00f5es. O objetivo \u00e9 manter o jornalismo baseado em factos, escrut\u00ednio rigoroso e cobertura local com perspetiva europeia.<\/p>\n<p>A equipa mant\u00e9m o mesmo n\u00facleo editorial e padr\u00f5es de reportagem, assegurando continuidade na qualidade e na confiabilidade das informa\u00e7\u00f5es. A mudan\u00e7a refor\u00e7a o compromisso com a clareza para traduzir termos de sustentabilidade em leitura acess\u00edvel.<\/p>\n<h3>Nova sec\u00e7\u00e3o: \u00e1gua \u00e0 frente<\/h3>\n<p>A grande novidade \u00e9 a cria\u00e7\u00e3o de uma sec\u00e7\u00e3o permanente dedicada \u00e0 \u00e1gua, que aborda temas como escassez, seca, inunda\u00e7\u00f5es, oceanos e agricultura. O objetivo \u00e9 dar visibilidade a um recurso essencial e cada vez mais pressionado.<\/p>\n<p>A sec\u00e7\u00e3o pretende acompanhar hist\u00f3rias em primeira m\u00e3o e relatos de campo em toda a Europa e al\u00e9m-fronteiras. O foco \u00e9 oferecer contexto, dados verific\u00e1veis e solu\u00e7\u00f5es pr\u00e1ticas para as quest\u00f5es h\u00eddricas atuais.<\/p>\n<p>Euronews Earth promete continuar a apresentar inova\u00e7\u00f5es, pol\u00edticas e comunidades que trabalham para tornar a Terra mais habit\u00e1vel. A reda\u00e7\u00e3o refor\u00e7a o papel de informar com neutralidade, sem opini\u00e3o pessoal.<\/p>\n<p>A Terra \u00e9 apresentada como casa comum, com cobertura jornal\u00edstica que acompanha as mudan\u00e7as e as respostas que surgem para proteg\u00ea-la.<\/p>\n","protected":false},"excerpt":{"rendered":"<ul>\n<li>O Euronews Green passa a chamar-se Euronews Earth, refletindo uma nova fase do debate clim\u00e1tico centrada em como a mudan\u00e7a j\u00e1 transforma o dia a dia.<\/li>\n<li>A Europa encara ondas de calor recorde, cheias extremas, escassez de \u00e1gua, perda de biodiversidade e contesta\u00e7\u00e3o pol\u00edtica \u00e0s pol\u00edticas clim\u00e1ticas.<\/li>\n<li>O Euronews Earth mant\u00e9m um jornalismo baseado em factos, escrut\u00ednio e solu\u00e7\u00f5es pr\u00e1ticas, com uma sec\u00e7\u00e3o permanente dedicada \u00e0 \u00e1gua.<\/li>\n<li>A sec\u00e7\u00e3o de \u00e1gua aborda escassez, seca, inunda\u00e7\u00f5es, oceanos e agricultura, trazendo hist\u00f3rias em primeira pessoa e relatos de campo.<\/li>\n<li>O objetivo \u00e9 traduzir o jarg\u00e3o da sustentabilidade em informa\u00e7\u00e3o clara e destacar inova\u00e7\u00f5es, pol\u00edticas e comunidades que tornam a Terra mais habit\u00e1vel.<\/li>\n<\/ul>\n","protected":false},"author":2,"featured_media":419350,"comment_status":"closed","ping_status":"closed","sticky":false,"template":"","format":"standard","meta":{"footnotes":""},"categories":[7380,6725],"tags":[1090,2665,3100,1701,1958,811],"class_list":["post-419348","post","type-post","status-publish","format-standard","has-post-thumbnail","hentry","category-clima","category-meio-ambiente","tag-agua","tag-alteracoes-climaticas","tag-ambiental","tag-biodiversidade","tag-educacao-ambiental","tag-protecao-ambiental"],"yoast_head":"<!-- This site is optimized with the Yoast SEO plugin v27.2 - https:\/\/yoast.com\/product\/yoast-seo-wordpress\/ -->\n<title>Euronews Earth: reportagem sobre crises clim\u00e1ticas e biodiversidade - Portal Tela Portugal<\/title>\n<meta name=\"robots\" content=\"index, follow, max-snippet:-1, max-image-preview:large, max-video-preview:-1\" \/>\n<meta property=\"og:locale\" content=\"pt_PT\" \/>\n<meta property=\"og:type\" content=\"article\" \/>\n<meta property=\"og:title\" content=\"Euronews Earth: reportagem sobre crises clim\u00e1ticas e biodiversidade - Portal Tela Portugal\" \/>\n<meta property=\"og:description\" content=\"O Euronews Green passa a chamar-se Euronews Earth, refletindo uma nova fase do debate clim\u00e1tico centrada em como a mudan\u00e7a j\u00e1 transforma o dia a dia. A Europa encara ondas de calor recorde, cheias extremas, escassez de \u00e1gua, perda de biodiversidade e contesta\u00e7\u00e3o pol\u00edtica \u00e0s pol\u00edticas clim\u00e1ticas. O Euronews Earth mant\u00e9m um jornalismo baseado em factos, escrut\u00ednio e solu\u00e7\u00f5es pr\u00e1ticas, com uma sec\u00e7\u00e3o permanente dedicada \u00e0 \u00e1gua. A sec\u00e7\u00e3o de \u00e1gua aborda escassez, seca, inunda\u00e7\u00f5es, oceanos e agricultura, trazendo hist\u00f3rias em primeira pessoa e relatos de campo. O objetivo \u00e9 traduzir o jarg\u00e3o da sustentabilidade em informa\u00e7\u00e3o clara e destacar inova\u00e7\u00f5es, pol\u00edticas e comunidades que tornam a Terra mais habit\u00e1vel.\" \/>\n<meta property=\"og:url\" content=\"https:\/\/portaltela.pt\/noticias\/2026\/03\/24\/euronews-earth-reportagem-sobre-crises-climaticas-e-biodiversidade\/\" \/>\n<meta property=\"og:site_name\" content=\"Portal Tela Portugal\" \/>\n<meta property=\"article:published_time\" content=\"2026-03-24T10:33:31+00:00\" \/>\n<meta name=\"author\" content=\"Telinha\" \/>\n<meta name=\"twitter:card\" content=\"summary_large_image\" \/>\n<meta name=\"twitter:label1\" content=\"Escrito por\" \/>\n\t<meta name=\"twitter:data1\" content=\"Telinha\" \/>\n\t<meta name=\"twitter:label2\" content=\"Tempo estimado de leitura\" \/>\n\t<meta name=\"twitter:data2\" content=\"1 minuto\" \/>\n<script type=\"application\/ld+json\" class=\"yoast-schema-graph\">{\"@context\":\"https:\/\/schema.org\",\"@graph\":[{\"@type\":\"Article\",\"@id\":\"https:\/\/portaltela.pt\/noticias\/2026\/03\/24\/euronews-earth-reportagem-sobre-crises-climaticas-e-biodiversidade\/#article\",\"isPartOf\":{\"@id\":\"https:\/\/portaltela.pt\/noticias\/2026\/03\/24\/euronews-earth-reportagem-sobre-crises-climaticas-e-biodiversidade\/\"},\"author\":{\"name\":\"Telinha\",\"@id\":\"https:\/\/portaltela.pt\/#\/schema\/person\/c4278d4a6028830caff9ee44b42d32ed\"},\"headline\":\"Euronews Earth: reportagem sobre crises clim\u00e1ticas e biodiversidade\",\"datePublished\":\"2026-03-24T10:33:31+00:00\",\"mainEntityOfPage\":{\"@id\":\"https:\/\/portaltela.pt\/noticias\/2026\/03\/24\/euronews-earth-reportagem-sobre-crises-climaticas-e-biodiversidade\/\"},\"wordCount\":291,\"image\":{\"@id\":\"https:\/\/portaltela.pt\/noticias\/2026\/03\/24\/euronews-earth-reportagem-sobre-crises-climaticas-e-biodiversidade\/#primaryimage\"},\"thumbnailUrl\":\"https:\/\/portaltela.pt\/s.01k8rhncp4jt1\/2026\/03\/1536x864_cmsv2_06154615-f7ba-5968-af6e-b40dc62aa148-9695295.jpg\",\"keywords\":[\"\u00e1gua\",\"Altera\u00e7\u00f5es Clim\u00e1ticas\",\"ambiental\",\"biodiversidade\",\"educa\u00e7\u00e3o ambiental\",\"prote\u00e7\u00e3o ambiental\"],\"articleSection\":[\"Clima\",\"Meio Ambiente\"],\"inLanguage\":\"pt-PT\"},{\"@type\":\"WebPage\",\"@id\":\"https:\/\/portaltela.pt\/noticias\/2026\/03\/24\/euronews-earth-reportagem-sobre-crises-climaticas-e-biodiversidade\/\",\"url\":\"https:\/\/portaltela.pt\/noticias\/2026\/03\/24\/euronews-earth-reportagem-sobre-crises-climaticas-e-biodiversidade\/\",\"name\":\"Euronews Earth: reportagem sobre crises clim\u00e1ticas e biodiversidade - Portal Tela Portugal\",\"isPartOf\":{\"@id\":\"https:\/\/portaltela.pt\/#website\"},\"primaryImageOfPage\":{\"@id\":\"https:\/\/portaltela.pt\/noticias\/2026\/03\/24\/euronews-earth-reportagem-sobre-crises-climaticas-e-biodiversidade\/#primaryimage\"},\"image\":{\"@id\":\"https:\/\/portaltela.pt\/noticias\/2026\/03\/24\/euronews-earth-reportagem-sobre-crises-climaticas-e-biodiversidade\/#primaryimage\"},\"thumbnailUrl\":\"https:\/\/portaltela.pt\/s.01k8rhncp4jt1\/2026\/03\/1536x864_cmsv2_06154615-f7ba-5968-af6e-b40dc62aa148-9695295.jpg\",\"datePublished\":\"2026-03-24T10:33:31+00:00\",\"author\":{\"@id\":\"https:\/\/portaltela.pt\/#\/schema\/person\/c4278d4a6028830caff9ee44b42d32ed\"},\"breadcrumb\":{\"@id\":\"https:\/\/portaltela.pt\/noticias\/2026\/03\/24\/euronews-earth-reportagem-sobre-crises-climaticas-e-biodiversidade\/#breadcrumb\"},\"inLanguage\":\"pt-PT\",\"potentialAction\":[{\"@type\":\"ReadAction\",\"target\":[\"https:\/\/portaltela.pt\/noticias\/2026\/03\/24\/euronews-earth-reportagem-sobre-crises-climaticas-e-biodiversidade\/\"]}]},{\"@type\":\"ImageObject\",\"inLanguage\":\"pt-PT\",\"@id\":\"https:\/\/portaltela.pt\/noticias\/2026\/03\/24\/euronews-earth-reportagem-sobre-crises-climaticas-e-biodiversidade\/#primaryimage\",\"url\":\"https:\/\/portaltela.pt\/s.01k8rhncp4jt1\/2026\/03\/1536x864_cmsv2_06154615-f7ba-5968-af6e-b40dc62aa148-9695295.jpg\",\"contentUrl\":\"https:\/\/portaltela.pt\/s.01k8rhncp4jt1\/2026\/03\/1536x864_cmsv2_06154615-f7ba-5968-af6e-b40dc62aa148-9695295.jpg\",\"width\":796,\"height\":448,\"caption\":\"Euronews Green passa a chamar-se Euronews Earth\"},{\"@type\":\"BreadcrumbList\",\"@id\":\"https:\/\/portaltela.pt\/noticias\/2026\/03\/24\/euronews-earth-reportagem-sobre-crises-climaticas-e-biodiversidade\/#breadcrumb\",\"itemListElement\":[{\"@type\":\"ListItem\",\"position\":1,\"name\":\"In\u00edcio\",\"item\":\"https:\/\/portaltela.pt\/\"},{\"@type\":\"ListItem\",\"position\":2,\"name\":\"Euronews Earth: reportagem sobre crises clim\u00e1ticas e biodiversidade\"}]},{\"@type\":\"WebSite\",\"@id\":\"https:\/\/portaltela.pt\/#website\",\"url\":\"https:\/\/portaltela.pt\/\",\"name\":\"Portal Tela Portugal\",\"description\":\"\",\"potentialAction\":[{\"@type\":\"SearchAction\",\"target\":{\"@type\":\"EntryPoint\",\"urlTemplate\":\"https:\/\/portaltela.pt\/?s={search_term_string}\"},\"query-input\":{\"@type\":\"PropertyValueSpecification\",\"valueRequired\":true,\"valueName\":\"search_term_string\"}}],\"inLanguage\":\"pt-PT\"},{\"@type\":\"Person\",\"@id\":\"https:\/\/portaltela.pt\/#\/schema\/person\/c4278d4a6028830caff9ee44b42d32ed\",\"name\":\"Telinha\",\"image\":{\"@type\":\"ImageObject\",\"inLanguage\":\"pt-PT\",\"@id\":\"https:\/\/portaltela.pt\/s.01k8rhncp4jt1\/2025\/11\/talking-bot-125x125.png\",\"url\":\"https:\/\/portaltela.pt\/s.01k8rhncp4jt1\/2025\/11\/talking-bot-125x125.png\",\"contentUrl\":\"https:\/\/portaltela.pt\/s.01k8rhncp4jt1\/2025\/11\/talking-bot-125x125.png\",\"caption\":\"Telinha\"},\"sameAs\":[\"https:\/\/portaltela.pt\/\"],\"url\":\"https:\/\/portaltela.pt\/por\/367410592786\/\"}]}<\/script>\n<!-- \/ Yoast SEO plugin. -->","yoast_head_json":{"title":"Euronews Earth: reportagem sobre crises clim\u00e1ticas e biodiversidade - Portal Tela Portugal","robots":{"index":"index","follow":"follow","max-snippet":"max-snippet:-1","max-image-preview":"max-image-preview:large","max-video-preview":"max-video-preview:-1"},"og_locale":"pt_PT","og_type":"article","og_title":"Euronews Earth: reportagem sobre crises clim\u00e1ticas e biodiversidade - Portal Tela Portugal","og_description":"O Euronews Green passa a chamar-se Euronews Earth, refletindo uma nova fase do debate clim\u00e1tico centrada em como a mudan\u00e7a j\u00e1 transforma o dia a dia. A Europa encara ondas de calor recorde, cheias extremas, escassez de \u00e1gua, perda de biodiversidade e contesta\u00e7\u00e3o pol\u00edtica \u00e0s pol\u00edticas clim\u00e1ticas. O Euronews Earth mant\u00e9m um jornalismo baseado em factos, escrut\u00ednio e solu\u00e7\u00f5es pr\u00e1ticas, com uma sec\u00e7\u00e3o permanente dedicada \u00e0 \u00e1gua. A sec\u00e7\u00e3o de \u00e1gua aborda escassez, seca, inunda\u00e7\u00f5es, oceanos e agricultura, trazendo hist\u00f3rias em primeira pessoa e relatos de campo. O objetivo \u00e9 traduzir o jarg\u00e3o da sustentabilidade em informa\u00e7\u00e3o clara e destacar inova\u00e7\u00f5es, pol\u00edticas e comunidades que tornam a Terra mais habit\u00e1vel.","og_url":"https:\/\/portaltela.pt\/noticias\/2026\/03\/24\/euronews-earth-reportagem-sobre-crises-climaticas-e-biodiversidade\/","og_site_name":"Portal Tela Portugal","article_published_time":"2026-03-24T10:33:31+00:00","author":"Telinha","twitter_card":"summary_large_image","twitter_misc":{"Escrito por":"Telinha","Tempo estimado de leitura":"1 minuto"},"schema":{"@context":"https:\/\/schema.org","@graph":[{"@type":"Article","@id":"https:\/\/portaltela.pt\/noticias\/2026\/03\/24\/euronews-earth-reportagem-sobre-crises-climaticas-e-biodiversidade\/#article","isPartOf":{"@id":"https:\/\/portaltela.pt\/noticias\/2026\/03\/24\/euronews-earth-reportagem-sobre-crises-climaticas-e-biodiversidade\/"},"author":{"name":"Telinha","@id":"https:\/\/portaltela.pt\/#\/schema\/person\/c4278d4a6028830caff9ee44b42d32ed"},"headline":"Euronews Earth: reportagem sobre crises clim\u00e1ticas e biodiversidade","datePublished":"2026-03-24T10:33:31+00:00","mainEntityOfPage":{"@id":"https:\/\/portaltela.pt\/noticias\/2026\/03\/24\/euronews-earth-reportagem-sobre-crises-climaticas-e-biodiversidade\/"},"wordCount":291,"image":{"@id":"https:\/\/portaltela.pt\/noticias\/2026\/03\/24\/euronews-earth-reportagem-sobre-crises-climaticas-e-biodiversidade\/#primaryimage"},"thumbnailUrl":"https:\/\/portaltela.pt\/s.01k8rhncp4jt1\/2026\/03\/1536x864_cmsv2_06154615-f7ba-5968-af6e-b40dc62aa148-9695295.jpg","keywords":["\u00e1gua","Altera\u00e7\u00f5es Clim\u00e1ticas","ambiental","biodiversidade","educa\u00e7\u00e3o ambiental","prote\u00e7\u00e3o ambiental"],"articleSection":["Clima","Meio Ambiente"],"inLanguage":"pt-PT"},{"@type":"WebPage","@id":"https:\/\/portaltela.pt\/noticias\/2026\/03\/24\/euronews-earth-reportagem-sobre-crises-climaticas-e-biodiversidade\/","url":"https:\/\/portaltela.pt\/noticias\/2026\/03\/24\/euronews-earth-reportagem-sobre-crises-climaticas-e-biodiversidade\/","name":"Euronews Earth: reportagem sobre crises clim\u00e1ticas e biodiversidade - Portal Tela Portugal","isPartOf":{"@id":"https:\/\/portaltela.pt\/#website"},"primaryImageOfPage":{"@id":"https:\/\/portaltela.pt\/noticias\/2026\/03\/24\/euronews-earth-reportagem-sobre-crises-climaticas-e-biodiversidade\/#primaryimage"},"image":{"@id":"https:\/\/portaltela.pt\/noticias\/2026\/03\/24\/euronews-earth-reportagem-sobre-crises-climaticas-e-biodiversidade\/#primaryimage"},"thumbnailUrl":"https:\/\/portaltela.pt\/s.01k8rhncp4jt1\/2026\/03\/1536x864_cmsv2_06154615-f7ba-5968-af6e-b40dc62aa148-9695295.jpg","datePublished":"2026-03-24T10:33:31+00:00","author":{"@id":"https:\/\/portaltela.pt\/#\/schema\/person\/c4278d4a6028830caff9ee44b42d32ed"},"breadcrumb":{"@id":"https:\/\/portaltela.pt\/noticias\/2026\/03\/24\/euronews-earth-reportagem-sobre-crises-climaticas-e-biodiversidade\/#breadcrumb"},"inLanguage":"pt-PT","potentialAction":[{"@type":"ReadAction","target":["https:\/\/portaltela.pt\/noticias\/2026\/03\/24\/euronews-earth-reportagem-sobre-crises-climaticas-e-biodiversidade\/"]}]},{"@type":"ImageObject","inLanguage":"pt-PT","@id":"https:\/\/portaltela.pt\/noticias\/2026\/03\/24\/euronews-earth-reportagem-sobre-crises-climaticas-e-biodiversidade\/#primaryimage","url":"https:\/\/portaltela.pt\/s.01k8rhncp4jt1\/2026\/03\/1536x864_cmsv2_06154615-f7ba-5968-af6e-b40dc62aa148-9695295.jpg","contentUrl":"https:\/\/portaltela.pt\/s.01k8rhncp4jt1\/2026\/03\/1536x864_cmsv2_06154615-f7ba-5968-af6e-b40dc62aa148-9695295.jpg","width":796,"height":448,"caption":"Euronews Green passa a chamar-se Euronews Earth"},{"@type":"BreadcrumbList","@id":"https:\/\/portaltela.pt\/noticias\/2026\/03\/24\/euronews-earth-reportagem-sobre-crises-climaticas-e-biodiversidade\/#breadcrumb","itemListElement":[{"@type":"ListItem","position":1,"name":"In\u00edcio","item":"https:\/\/portaltela.pt\/"},{"@type":"ListItem","position":2,"name":"Euronews Earth: reportagem sobre crises clim\u00e1ticas e biodiversidade"}]},{"@type":"WebSite","@id":"https:\/\/portaltela.pt\/#website","url":"https:\/\/portaltela.pt\/","name":"Portal Tela Portugal","description":"","potentialAction":[{"@type":"SearchAction","target":{"@type":"EntryPoint","urlTemplate":"https:\/\/portaltela.pt\/?s={search_term_string}"},"query-input":{"@type":"PropertyValueSpecification","valueRequired":true,"valueName":"search_term_string"}}],"inLanguage":"pt-PT"},{"@type":"Person","@id":"https:\/\/portaltela.pt\/#\/schema\/person\/c4278d4a6028830caff9ee44b42d32ed","name":"Telinha","image":{"@type":"ImageObject","inLanguage":"pt-PT","@id":"https:\/\/portaltela.pt\/s.01k8rhncp4jt1\/2025\/11\/talking-bot-125x125.png","url":"https:\/\/portaltela.pt\/s.01k8rhncp4jt1\/2025\/11\/talking-bot-125x125.png","contentUrl":"https:\/\/portaltela.pt\/s.01k8rhncp4jt1\/2025\/11\/talking-bot-125x125.png","caption":"Telinha"},"sameAs":["https:\/\/portaltela.pt\/"],"url":"https:\/\/portaltela.pt\/por\/367410592786\/"}]}},"_links":{"self":[{"href":"https:\/\/portaltela.pt\/api\/wp\/v2\/posts\/419348","targetHints":{"allow":["GET"]}}],"collection":[{"href":"https:\/\/portaltela.pt\/api\/wp\/v2\/posts"}],"about":[{"href":"https:\/\/portaltela.pt\/api\/wp\/v2\/types\/post"}],"author":[{"embeddable":true,"href":"https:\/\/portaltela.pt\/api\/wp\/v2\/users\/2"}],"replies":[{"embeddable":true,"href":"https:\/\/portaltela.pt\/api\/wp\/v2\/comments?post=419348"}],"version-history":[{"count":0,"href":"https:\/\/portaltela.pt\/api\/wp\/v2\/posts\/419348\/revisions"}],"wp:featuredmedia":[{"embeddable":true,"href":"https:\/\/portaltela.pt\/api\/wp\/v2\/media\/419350"}],"wp:attachment":[{"href":"https:\/\/portaltela.pt\/api\/wp\/v2\/media?parent=419348"}],"wp:term":[{"taxonomy":"category","embeddable":true,"href":"https:\/\/portaltela.pt\/api\/wp\/v2\/categories?post=419348"},{"taxonomy":"post_tag","embeddable":true,"href":"https:\/\/portaltela.pt\/api\/wp\/v2\/tags?post=419348"}],"curies":[{"name":"wp","href":"https:\/\/api.w.org\/{rel}","templated":true}]}}