{"id":419347,"date":"2026-03-24T07:33:31","date_gmt":"2026-03-24T10:33:31","guid":{"rendered":"https:\/\/portaltela.pt\/noticias\/2026\/03\/24\/guerra-no-irao-empurra-europa-para-crise-de-estagflacao\/"},"modified":"2026-03-24T07:33:31","modified_gmt":"2026-03-24T10:33:31","slug":"guerra-no-irao-empurra-europa-para-crise-de-estagflacao","status":"publish","type":"post","link":"https:\/\/portaltela.pt\/noticias\/economia\/2026\/03\/24\/guerra-no-irao-empurra-europa-para-crise-de-estagflacao\/","title":{"rendered":"Guerra no Ir\u00e3o empurra Europa para crise de estagfla\u00e7\u00e3o"},"content":{"rendered":"<p>O Ir\u00e3o est\u00e1 a intensificar o choque geopol\u00edtico que j\u00e1 empurra a Europa para a estagfla\u00e7\u00e3o. A escalada de pre\u00e7os do petr\u00f3leo, associada a perturba\u00e7\u00f5es no transporte e a custos de energia em alta, come\u00e7a a reduzir a atividade econ\u00f3mica na zona euro. A recupera\u00e7\u00e3o parece abrandar, enquanto a infla\u00e7\u00e3o se mant\u00e9m elevada.<\/p>\n<p>Dados preliminares do PMI da S&amp;P Global indicam queda de dinamismo na zona euro em mar\u00e7o, com custos de produ\u00e7\u00e3o no n\u00edvel mais elevado em mais de tr\u00eas anos. A infla\u00e7\u00e3o dos fatores de produ\u00e7\u00e3o acelera, ap\u00f3s o choque energ\u00e9tico ligado ao conflito no M\u00e9dio Oriente.<\/p>\n<p>O PMI comp\u00f3sito da zona euro ficou em 50,5, o pior em dez meses e abaixo de fevereiro. O indicador aponta para uma margem de crescimento muito estreita, com press\u00f5es de custo a sobreporem-se \u00e0 estagna\u00e7\u00e3o de atividade.<\/p>\n<p>A infla\u00e7\u00e3o associada aos custos de fatores acelera para perto de 3%, agravando o dilema do BCE. A combina\u00e7\u00e3o de menor crescimento e maior infla\u00e7\u00e3o caracteriza uma estagfla\u00e7\u00e3o pela primeira vez em anos, segundo analistas.<\/p>\n<p>A zona euro v\u00ea o setor de servi\u00e7os como principal trav\u00e3o: novas encomendas recuam e a confian\u00e7a enfraquece. A produ\u00e7\u00e3o industrial, por\u00e9m, mant\u00e9m alguma resili\u00eancia, apoiada por compras antecipadas para evitar perturba\u00e7\u00f5es.<\/p>\n<p>A log\u00edstica acusa atrasos generalizados: cadeias de abastecimento mostram sinais de constrangimento, com fornecimentos mais lentos e custos de expedi\u00e7\u00e3o em alta. O stock de insumos continua a reduzir-se, refletindo dificuldades de subsist\u00eancia.<\/p>\n<p>Na Alemanha, o PMI comp\u00f3sito situa-se em 51,9, com a ind\u00fastria a crescer no ritmo mais r\u00e1pido em mais de quatro anos. A ind\u00fastria transformadora atinge 51,7, impulsionada pela antecipa\u00e7\u00e3o de compras para enfrentar perturba\u00e7\u00f5es.<\/p>\n<p>Apesar disso, o segmento de servi\u00e7os alem\u00e3o mostra fragilidade, com menor volume de neg\u00f3cios e custos mais altos. A incerteza de consumidores e empresas agrava as press\u00f5es de custos e pode limitar a recupera\u00e7\u00e3o.<\/p>\n<p>Em Fran\u00e7a, o cen\u00e1rio \u00e9 mais pessimista, com o PMI comp\u00f3sito em 48,3. Produ\u00e7\u00e3o industrial e servi\u00e7os encolhem, refletindo menor procura e incerteza ligada a governos locais e ao conflito externo. As encomendas externas tamb\u00e9m recuam.<\/p>\n<p>A press\u00e3o de custos em Fran\u00e7a atinge n\u00edveis elevados, sublinhando uma recupera\u00e7\u00e3o fr\u00e1gil que pode atrasar a normaliza\u00e7\u00e3o econ\u00f3mica. A infla\u00e7\u00e3o associada aos custos de produ\u00e7\u00e3o cresce, complicando margens das empresas nacionais.<\/p>\n<p>Para o BCE, os dados de mar\u00e7o mant\u00eam-se desafiantes. Com o crescimento pr\u00f3ximo da estagna\u00e7\u00e3o e a infla\u00e7\u00e3o alimentada por choques de oferta, as op\u00e7\u00f5es de pol\u00edtica monet\u00e1ria tornam-se menos claras, apesar dos riscos de estabilidade.<\/p>\n<p>O consultor da S&amp;P Global, Chris Williamson, alerta para sinais de estagfla\u00e7\u00e3o j\u00e1 emergentes na Europa. A r\u00e1pida evolu\u00e7\u00e3o do pre\u00e7o da energia e a incerteza de abastecimento podem prolongar o per\u00edodo de desacelera\u00e7\u00e3o.<\/p>\n","protected":false},"excerpt":{"rendered":"<ul>\n<li>A guerra com o Ir\u00e3o aumenta custos e acelera a infla\u00e7\u00e3o na zona euro, apontando para estagfla\u00e7\u00e3o segundo o PMI preliminar de mar\u00e7o.<\/li>\n<li>O PMI comp\u00f3sito da zona euro ficou em 50,5, abaixo de fevereiro, com o crescimento fraco e custos de produ\u00e7\u00e3o nos n\u00edveis mais altos em quase tr\u00eas anos.<\/li>\n<li>Servi\u00e7os estagnaram praticamente, enchendo as preocupa\u00e7\u00f5es com a desacelera\u00e7\u00e3o e com atrasos na cadeia de suprimentos devido ao aumento dos custos de energia e perturba\u00e7\u00f5es no transporte.<\/li>\n<li>A Alemanha ainda cresceu, mas com sinais de fragilidade, enquanto a Fran\u00e7a entrou em contra\u00e7\u00e3o, refletindo o impacto externo sobre a atividade econ\u00f3mica.<\/li>\n<li>O recuo do crescimento e a acelera\u00e7\u00e3o da infla\u00e7\u00e3o complicam a pol\u00edtica do Banco Central Europeu, levantando d\u00favidas sobre o alcance de respostas monet\u00e1rias claras no curto prazo.<\/li>\n<\/ul>\n","protected":false},"author":2,"featured_media":419349,"comment_status":"closed","ping_status":"closed","sticky":false,"template":"","format":"standard","meta":{"footnotes":""},"categories":[2,6735],"tags":[5397,2198,28,174,2487,961],"class_list":["post-419347","post","type-post","status-publish","format-standard","has-post-thumbnail","hentry","category-economia","category-negocios","tag-banco-central-europeu","tag-conflitos-internacionais","tag-economia","tag-energia","tag-europa","tag-logistica"],"yoast_head":"<!-- This site is optimized with the Yoast SEO plugin v27.2 - https:\/\/yoast.com\/product\/yoast-seo-wordpress\/ -->\n<title>Guerra no Ir\u00e3o empurra Europa para crise de estagfla\u00e7\u00e3o - Portal Tela Portugal<\/title>\n<meta name=\"robots\" content=\"index, follow, max-snippet:-1, max-image-preview:large, max-video-preview:-1\" \/>\n<meta property=\"og:locale\" content=\"pt_PT\" \/>\n<meta property=\"og:type\" content=\"article\" \/>\n<meta property=\"og:title\" content=\"Guerra no Ir\u00e3o empurra Europa para crise de estagfla\u00e7\u00e3o - Portal Tela Portugal\" \/>\n<meta property=\"og:description\" content=\"A guerra com o Ir\u00e3o aumenta custos e acelera a infla\u00e7\u00e3o na zona euro, apontando para estagfla\u00e7\u00e3o segundo o PMI preliminar de mar\u00e7o. O PMI comp\u00f3sito da zona euro ficou em 50,5, abaixo de fevereiro, com o crescimento fraco e custos de produ\u00e7\u00e3o nos n\u00edveis mais altos em quase tr\u00eas anos. Servi\u00e7os estagnaram praticamente, enchendo as preocupa\u00e7\u00f5es com a desacelera\u00e7\u00e3o e com atrasos na cadeia de suprimentos devido ao aumento dos custos de energia e perturba\u00e7\u00f5es no transporte. A Alemanha ainda cresceu, mas com sinais de fragilidade, enquanto a Fran\u00e7a entrou em contra\u00e7\u00e3o, refletindo o impacto externo sobre a atividade econ\u00f3mica. O recuo do crescimento e a acelera\u00e7\u00e3o da infla\u00e7\u00e3o complicam a pol\u00edtica do Banco Central Europeu, levantando d\u00favidas sobre o alcance de respostas monet\u00e1rias claras no curto prazo.\" \/>\n<meta property=\"og:url\" content=\"https:\/\/portaltela.pt\/noticias\/2026\/03\/24\/guerra-no-irao-empurra-europa-para-crise-de-estagflacao\/\" \/>\n<meta property=\"og:site_name\" content=\"Portal Tela Portugal\" \/>\n<meta property=\"article:published_time\" content=\"2026-03-24T10:33:31+00:00\" \/>\n<meta name=\"author\" content=\"Telinha\" \/>\n<meta name=\"twitter:card\" content=\"summary_large_image\" \/>\n<meta name=\"twitter:label1\" content=\"Escrito por\" \/>\n\t<meta name=\"twitter:data1\" content=\"Telinha\" \/>\n\t<meta name=\"twitter:label2\" content=\"Tempo estimado de leitura\" \/>\n\t<meta name=\"twitter:data2\" content=\"3 minutos\" \/>\n<script type=\"application\/ld+json\" class=\"yoast-schema-graph\">{\"@context\":\"https:\/\/schema.org\",\"@graph\":[{\"@type\":\"Article\",\"@id\":\"https:\/\/portaltela.pt\/noticias\/2026\/03\/24\/guerra-no-irao-empurra-europa-para-crise-de-estagflacao\/#article\",\"isPartOf\":{\"@id\":\"https:\/\/portaltela.pt\/noticias\/2026\/03\/24\/guerra-no-irao-empurra-europa-para-crise-de-estagflacao\/\"},\"author\":{\"name\":\"Telinha\",\"@id\":\"https:\/\/portaltela.pt\/#\/schema\/person\/c4278d4a6028830caff9ee44b42d32ed\"},\"headline\":\"Guerra no Ir\u00e3o empurra Europa para crise de estagfla\u00e7\u00e3o\",\"datePublished\":\"2026-03-24T10:33:31+00:00\",\"mainEntityOfPage\":{\"@id\":\"https:\/\/portaltela.pt\/noticias\/2026\/03\/24\/guerra-no-irao-empurra-europa-para-crise-de-estagflacao\/\"},\"wordCount\":530,\"image\":{\"@id\":\"https:\/\/portaltela.pt\/noticias\/2026\/03\/24\/guerra-no-irao-empurra-europa-para-crise-de-estagflacao\/#primaryimage\"},\"thumbnailUrl\":\"https:\/\/portaltela.pt\/s.01k8rhncp4jt1\/2026\/03\/1536x864_cmsv2_4234f697-1d2d-5211-9ec4-dd84455075a6-9696114.jpg\",\"keywords\":[\"Banco Central Europeu\",\"conflitos internacionais\",\"economia\",\"energia\",\"Europa\",\"Log\u00edstica\"],\"articleSection\":[\"Economia\",\"Neg\u00f3cios\"],\"inLanguage\":\"pt-PT\"},{\"@type\":\"WebPage\",\"@id\":\"https:\/\/portaltela.pt\/noticias\/2026\/03\/24\/guerra-no-irao-empurra-europa-para-crise-de-estagflacao\/\",\"url\":\"https:\/\/portaltela.pt\/noticias\/2026\/03\/24\/guerra-no-irao-empurra-europa-para-crise-de-estagflacao\/\",\"name\":\"Guerra no Ir\u00e3o empurra Europa para crise de estagfla\u00e7\u00e3o - Portal Tela Portugal\",\"isPartOf\":{\"@id\":\"https:\/\/portaltela.pt\/#website\"},\"primaryImageOfPage\":{\"@id\":\"https:\/\/portaltela.pt\/noticias\/2026\/03\/24\/guerra-no-irao-empurra-europa-para-crise-de-estagflacao\/#primaryimage\"},\"image\":{\"@id\":\"https:\/\/portaltela.pt\/noticias\/2026\/03\/24\/guerra-no-irao-empurra-europa-para-crise-de-estagflacao\/#primaryimage\"},\"thumbnailUrl\":\"https:\/\/portaltela.pt\/s.01k8rhncp4jt1\/2026\/03\/1536x864_cmsv2_4234f697-1d2d-5211-9ec4-dd84455075a6-9696114.jpg\",\"datePublished\":\"2026-03-24T10:33:31+00:00\",\"author\":{\"@id\":\"https:\/\/portaltela.pt\/#\/schema\/person\/c4278d4a6028830caff9ee44b42d32ed\"},\"breadcrumb\":{\"@id\":\"https:\/\/portaltela.pt\/noticias\/2026\/03\/24\/guerra-no-irao-empurra-europa-para-crise-de-estagflacao\/#breadcrumb\"},\"inLanguage\":\"pt-PT\",\"potentialAction\":[{\"@type\":\"ReadAction\",\"target\":[\"https:\/\/portaltela.pt\/noticias\/2026\/03\/24\/guerra-no-irao-empurra-europa-para-crise-de-estagflacao\/\"]}]},{\"@type\":\"ImageObject\",\"inLanguage\":\"pt-PT\",\"@id\":\"https:\/\/portaltela.pt\/noticias\/2026\/03\/24\/guerra-no-irao-empurra-europa-para-crise-de-estagflacao\/#primaryimage\",\"url\":\"https:\/\/portaltela.pt\/s.01k8rhncp4jt1\/2026\/03\/1536x864_cmsv2_4234f697-1d2d-5211-9ec4-dd84455075a6-9696114.jpg\",\"contentUrl\":\"https:\/\/portaltela.pt\/s.01k8rhncp4jt1\/2026\/03\/1536x864_cmsv2_4234f697-1d2d-5211-9ec4-dd84455075a6-9696114.jpg\",\"width\":796,\"height\":448,\"caption\":\"Um carro entra numa esta\u00e7\u00e3o de servi\u00e7o enquanto os pre\u00e7os da gasolina s\u00e3o exibidos em Paris, segunda-feira, 9 de mar\u00e7o de 2026\"},{\"@type\":\"BreadcrumbList\",\"@id\":\"https:\/\/portaltela.pt\/noticias\/2026\/03\/24\/guerra-no-irao-empurra-europa-para-crise-de-estagflacao\/#breadcrumb\",\"itemListElement\":[{\"@type\":\"ListItem\",\"position\":1,\"name\":\"In\u00edcio\",\"item\":\"https:\/\/portaltela.pt\/\"},{\"@type\":\"ListItem\",\"position\":2,\"name\":\"Guerra no Ir\u00e3o empurra Europa para crise de estagfla\u00e7\u00e3o\"}]},{\"@type\":\"WebSite\",\"@id\":\"https:\/\/portaltela.pt\/#website\",\"url\":\"https:\/\/portaltela.pt\/\",\"name\":\"Portal Tela Portugal\",\"description\":\"\",\"potentialAction\":[{\"@type\":\"SearchAction\",\"target\":{\"@type\":\"EntryPoint\",\"urlTemplate\":\"https:\/\/portaltela.pt\/?s={search_term_string}\"},\"query-input\":{\"@type\":\"PropertyValueSpecification\",\"valueRequired\":true,\"valueName\":\"search_term_string\"}}],\"inLanguage\":\"pt-PT\"},{\"@type\":\"Person\",\"@id\":\"https:\/\/portaltela.pt\/#\/schema\/person\/c4278d4a6028830caff9ee44b42d32ed\",\"name\":\"Telinha\",\"image\":{\"@type\":\"ImageObject\",\"inLanguage\":\"pt-PT\",\"@id\":\"https:\/\/portaltela.pt\/s.01k8rhncp4jt1\/2025\/11\/talking-bot-125x125.png\",\"url\":\"https:\/\/portaltela.pt\/s.01k8rhncp4jt1\/2025\/11\/talking-bot-125x125.png\",\"contentUrl\":\"https:\/\/portaltela.pt\/s.01k8rhncp4jt1\/2025\/11\/talking-bot-125x125.png\",\"caption\":\"Telinha\"},\"sameAs\":[\"https:\/\/portaltela.pt\/\"],\"url\":\"https:\/\/portaltela.pt\/por\/367410592786\/\"}]}<\/script>\n<!-- \/ Yoast SEO plugin. -->","yoast_head_json":{"title":"Guerra no Ir\u00e3o empurra Europa para crise de estagfla\u00e7\u00e3o - Portal Tela Portugal","robots":{"index":"index","follow":"follow","max-snippet":"max-snippet:-1","max-image-preview":"max-image-preview:large","max-video-preview":"max-video-preview:-1"},"og_locale":"pt_PT","og_type":"article","og_title":"Guerra no Ir\u00e3o empurra Europa para crise de estagfla\u00e7\u00e3o - Portal Tela Portugal","og_description":"A guerra com o Ir\u00e3o aumenta custos e acelera a infla\u00e7\u00e3o na zona euro, apontando para estagfla\u00e7\u00e3o segundo o PMI preliminar de mar\u00e7o. O PMI comp\u00f3sito da zona euro ficou em 50,5, abaixo de fevereiro, com o crescimento fraco e custos de produ\u00e7\u00e3o nos n\u00edveis mais altos em quase tr\u00eas anos. Servi\u00e7os estagnaram praticamente, enchendo as preocupa\u00e7\u00f5es com a desacelera\u00e7\u00e3o e com atrasos na cadeia de suprimentos devido ao aumento dos custos de energia e perturba\u00e7\u00f5es no transporte. A Alemanha ainda cresceu, mas com sinais de fragilidade, enquanto a Fran\u00e7a entrou em contra\u00e7\u00e3o, refletindo o impacto externo sobre a atividade econ\u00f3mica. O recuo do crescimento e a acelera\u00e7\u00e3o da infla\u00e7\u00e3o complicam a pol\u00edtica do Banco Central Europeu, levantando d\u00favidas sobre o alcance de respostas monet\u00e1rias claras no curto prazo.","og_url":"https:\/\/portaltela.pt\/noticias\/2026\/03\/24\/guerra-no-irao-empurra-europa-para-crise-de-estagflacao\/","og_site_name":"Portal Tela Portugal","article_published_time":"2026-03-24T10:33:31+00:00","author":"Telinha","twitter_card":"summary_large_image","twitter_misc":{"Escrito por":"Telinha","Tempo estimado de leitura":"3 minutos"},"schema":{"@context":"https:\/\/schema.org","@graph":[{"@type":"Article","@id":"https:\/\/portaltela.pt\/noticias\/2026\/03\/24\/guerra-no-irao-empurra-europa-para-crise-de-estagflacao\/#article","isPartOf":{"@id":"https:\/\/portaltela.pt\/noticias\/2026\/03\/24\/guerra-no-irao-empurra-europa-para-crise-de-estagflacao\/"},"author":{"name":"Telinha","@id":"https:\/\/portaltela.pt\/#\/schema\/person\/c4278d4a6028830caff9ee44b42d32ed"},"headline":"Guerra no Ir\u00e3o empurra Europa para crise de estagfla\u00e7\u00e3o","datePublished":"2026-03-24T10:33:31+00:00","mainEntityOfPage":{"@id":"https:\/\/portaltela.pt\/noticias\/2026\/03\/24\/guerra-no-irao-empurra-europa-para-crise-de-estagflacao\/"},"wordCount":530,"image":{"@id":"https:\/\/portaltela.pt\/noticias\/2026\/03\/24\/guerra-no-irao-empurra-europa-para-crise-de-estagflacao\/#primaryimage"},"thumbnailUrl":"https:\/\/portaltela.pt\/s.01k8rhncp4jt1\/2026\/03\/1536x864_cmsv2_4234f697-1d2d-5211-9ec4-dd84455075a6-9696114.jpg","keywords":["Banco Central Europeu","conflitos internacionais","economia","energia","Europa","Log\u00edstica"],"articleSection":["Economia","Neg\u00f3cios"],"inLanguage":"pt-PT"},{"@type":"WebPage","@id":"https:\/\/portaltela.pt\/noticias\/2026\/03\/24\/guerra-no-irao-empurra-europa-para-crise-de-estagflacao\/","url":"https:\/\/portaltela.pt\/noticias\/2026\/03\/24\/guerra-no-irao-empurra-europa-para-crise-de-estagflacao\/","name":"Guerra no Ir\u00e3o empurra Europa para crise de estagfla\u00e7\u00e3o - Portal Tela Portugal","isPartOf":{"@id":"https:\/\/portaltela.pt\/#website"},"primaryImageOfPage":{"@id":"https:\/\/portaltela.pt\/noticias\/2026\/03\/24\/guerra-no-irao-empurra-europa-para-crise-de-estagflacao\/#primaryimage"},"image":{"@id":"https:\/\/portaltela.pt\/noticias\/2026\/03\/24\/guerra-no-irao-empurra-europa-para-crise-de-estagflacao\/#primaryimage"},"thumbnailUrl":"https:\/\/portaltela.pt\/s.01k8rhncp4jt1\/2026\/03\/1536x864_cmsv2_4234f697-1d2d-5211-9ec4-dd84455075a6-9696114.jpg","datePublished":"2026-03-24T10:33:31+00:00","author":{"@id":"https:\/\/portaltela.pt\/#\/schema\/person\/c4278d4a6028830caff9ee44b42d32ed"},"breadcrumb":{"@id":"https:\/\/portaltela.pt\/noticias\/2026\/03\/24\/guerra-no-irao-empurra-europa-para-crise-de-estagflacao\/#breadcrumb"},"inLanguage":"pt-PT","potentialAction":[{"@type":"ReadAction","target":["https:\/\/portaltela.pt\/noticias\/2026\/03\/24\/guerra-no-irao-empurra-europa-para-crise-de-estagflacao\/"]}]},{"@type":"ImageObject","inLanguage":"pt-PT","@id":"https:\/\/portaltela.pt\/noticias\/2026\/03\/24\/guerra-no-irao-empurra-europa-para-crise-de-estagflacao\/#primaryimage","url":"https:\/\/portaltela.pt\/s.01k8rhncp4jt1\/2026\/03\/1536x864_cmsv2_4234f697-1d2d-5211-9ec4-dd84455075a6-9696114.jpg","contentUrl":"https:\/\/portaltela.pt\/s.01k8rhncp4jt1\/2026\/03\/1536x864_cmsv2_4234f697-1d2d-5211-9ec4-dd84455075a6-9696114.jpg","width":796,"height":448,"caption":"Um carro entra numa esta\u00e7\u00e3o de servi\u00e7o enquanto os pre\u00e7os da gasolina s\u00e3o exibidos em Paris, segunda-feira, 9 de mar\u00e7o de 2026"},{"@type":"BreadcrumbList","@id":"https:\/\/portaltela.pt\/noticias\/2026\/03\/24\/guerra-no-irao-empurra-europa-para-crise-de-estagflacao\/#breadcrumb","itemListElement":[{"@type":"ListItem","position":1,"name":"In\u00edcio","item":"https:\/\/portaltela.pt\/"},{"@type":"ListItem","position":2,"name":"Guerra no Ir\u00e3o empurra Europa para crise de estagfla\u00e7\u00e3o"}]},{"@type":"WebSite","@id":"https:\/\/portaltela.pt\/#website","url":"https:\/\/portaltela.pt\/","name":"Portal Tela Portugal","description":"","potentialAction":[{"@type":"SearchAction","target":{"@type":"EntryPoint","urlTemplate":"https:\/\/portaltela.pt\/?s={search_term_string}"},"query-input":{"@type":"PropertyValueSpecification","valueRequired":true,"valueName":"search_term_string"}}],"inLanguage":"pt-PT"},{"@type":"Person","@id":"https:\/\/portaltela.pt\/#\/schema\/person\/c4278d4a6028830caff9ee44b42d32ed","name":"Telinha","image":{"@type":"ImageObject","inLanguage":"pt-PT","@id":"https:\/\/portaltela.pt\/s.01k8rhncp4jt1\/2025\/11\/talking-bot-125x125.png","url":"https:\/\/portaltela.pt\/s.01k8rhncp4jt1\/2025\/11\/talking-bot-125x125.png","contentUrl":"https:\/\/portaltela.pt\/s.01k8rhncp4jt1\/2025\/11\/talking-bot-125x125.png","caption":"Telinha"},"sameAs":["https:\/\/portaltela.pt\/"],"url":"https:\/\/portaltela.pt\/por\/367410592786\/"}]}},"_links":{"self":[{"href":"https:\/\/portaltela.pt\/api\/wp\/v2\/posts\/419347","targetHints":{"allow":["GET"]}}],"collection":[{"href":"https:\/\/portaltela.pt\/api\/wp\/v2\/posts"}],"about":[{"href":"https:\/\/portaltela.pt\/api\/wp\/v2\/types\/post"}],"author":[{"embeddable":true,"href":"https:\/\/portaltela.pt\/api\/wp\/v2\/users\/2"}],"replies":[{"embeddable":true,"href":"https:\/\/portaltela.pt\/api\/wp\/v2\/comments?post=419347"}],"version-history":[{"count":0,"href":"https:\/\/portaltela.pt\/api\/wp\/v2\/posts\/419347\/revisions"}],"wp:featuredmedia":[{"embeddable":true,"href":"https:\/\/portaltela.pt\/api\/wp\/v2\/media\/419349"}],"wp:attachment":[{"href":"https:\/\/portaltela.pt\/api\/wp\/v2\/media?parent=419347"}],"wp:term":[{"taxonomy":"category","embeddable":true,"href":"https:\/\/portaltela.pt\/api\/wp\/v2\/categories?post=419347"},{"taxonomy":"post_tag","embeddable":true,"href":"https:\/\/portaltela.pt\/api\/wp\/v2\/tags?post=419347"}],"curies":[{"name":"wp","href":"https:\/\/api.w.org\/{rel}","templated":true}]}}