{"id":419343,"date":"2026-03-24T07:23:00","date_gmt":"2026-03-24T10:23:00","guid":{"rendered":"https:\/\/portaltela.pt\/noticias\/2026\/03\/24\/estudantes-da-soares-dos-reis-pedem-mais-investimento-na-escola-publica\/"},"modified":"2026-03-24T07:23:00","modified_gmt":"2026-03-24T10:23:00","slug":"estudantes-da-soares-dos-reis-pedem-mais-investimento-na-escola-publica","status":"publish","type":"post","link":"https:\/\/portaltela.pt\/sociedade\/2026\/03\/24\/estudantes-da-soares-dos-reis-pedem-mais-investimento-na-escola-publica\/","title":{"rendered":"Estudantes da Soares dos Reis pedem mais investimento na escola p\u00fablica"},"content":{"rendered":"<p>Estudantes da Escola Art\u00edstica do Soares dos Reis, no Porto, sa\u00edram hoje \u00e0 rua para reivindicar mais investimento na escola p\u00fablica, com foco no ensino art\u00edstico. A a\u00e7\u00e3o decorre no \u00e2mbito do Dia Nacional do Estudante, promovido por 40 associa\u00e7\u00f5es de estudantes em todo o pa\u00eds.<\/p>\n<p>Os promotores do protesto na Soares dos Reis dizem que a escola enfrenta precariza\u00e7\u00e3o, com obras urgentes necess\u00e1rias em mais de 600 estabelecimentos nacionais. T\u00eam ainda como objetivo combater a sobrecarga hor\u00e1ria e exigir a gratuitidade de materiais dos cursos art\u00edsticos.<\/p>\n<p>Al\u00e9m da escola do Porto, tamb\u00e9m estudantes do Ensino Superior v\u00e3o sair \u00e0 rua hoje, com uma manifesta\u00e7\u00e3o marcada para as 14h30, no Rossio, at\u00e9 \u00e0 Assembleia da Rep\u00fablica.<\/p>\n<h3>Protesto no Ensino Superior<\/h3>\n<p>A mobiliza\u00e7\u00e3o do ensino superior visa dar continuidade ao conjunto de reivindica\u00e7\u00f5es sobre financiamento, acesso e condi\u00e7\u00f5es de estudo em Portugal, conforme divulgam os organizadores na manh\u00e3 de hoje.<\/p>\n","protected":false},"excerpt":{"rendered":"<ul>\n<li>Estudantes da Escola Art\u00edstica de Soares dos Reis, no Porto, sa\u00edram \u00e0 rua para pedir mais investimento na escola p\u00fablica, com foco no ensino art\u00edstico.<\/li>\n<li>O protesto ocorre no \u00e2mbito do Dia Nacional do Estudante, promovido por quarenta associa\u00e7\u00f5es de estudantes em todo o pa\u00eds.<\/li>\n<li>Os promotores falam em precariza\u00e7\u00e3o da escola p\u00fablica, obras urgentes em mais de seiscentas escolas e no impacto dos exames nacionais no acesso ao ensino superior.<\/li>\n<li>Exigem a redu\u00e7\u00e3o da sobrecarga hor\u00e1ria e a gratuitidade dos materiais dos cursos art\u00edsticos.<\/li>\n<li>Tamb\u00e9m estudantes do Ensino Superior prometem manifestar-se hoje, \u00e0s 14h30, no Rossio, em direc\u00e7\u00e3o \u00e0 Assembleia da Rep\u00fablica.<\/li>\n<\/ul>\n","protected":false},"author":2,"featured_media":419344,"comment_status":"closed","ping_status":"closed","sticky":false,"template":"","format":"standard","meta":{"footnotes":""},"categories":[1,6871],"tags":[163,2443,6623,5139,982,2857],"class_list":["post-419343","post","type-post","status-publish","format-standard","has-post-thumbnail","hentry","category-noticias","category-sociedade","tag-educacao","tag-educacao-publica","tag-ensino-superior","tag-estudantes","tag-porto","tag-protestos"],"yoast_head":"<!-- This site is optimized with the Yoast SEO plugin v27.2 - https:\/\/yoast.com\/product\/yoast-seo-wordpress\/ -->\n<title>Estudantes da Soares dos Reis pedem mais investimento na escola p\u00fablica - Portal Tela Portugal<\/title>\n<meta name=\"robots\" content=\"index, follow, max-snippet:-1, max-image-preview:large, max-video-preview:-1\" \/>\n<meta property=\"og:locale\" content=\"pt_PT\" \/>\n<meta property=\"og:type\" content=\"article\" \/>\n<meta property=\"og:title\" content=\"Estudantes da Soares dos Reis pedem mais investimento na escola p\u00fablica - Portal Tela Portugal\" \/>\n<meta property=\"og:description\" content=\"Estudantes da Escola Art\u00edstica de Soares dos Reis, no Porto, sa\u00edram \u00e0 rua para pedir mais investimento na escola p\u00fablica, com foco no ensino art\u00edstico. O protesto ocorre no \u00e2mbito do Dia Nacional do Estudante, promovido por quarenta associa\u00e7\u00f5es de estudantes em todo o pa\u00eds. Os promotores falam em precariza\u00e7\u00e3o da escola p\u00fablica, obras urgentes em mais de seiscentas escolas e no impacto dos exames nacionais no acesso ao ensino superior. Exigem a redu\u00e7\u00e3o da sobrecarga hor\u00e1ria e a gratuitidade dos materiais dos cursos art\u00edsticos. Tamb\u00e9m estudantes do Ensino Superior prometem manifestar-se hoje, \u00e0s 14h30, no Rossio, em direc\u00e7\u00e3o \u00e0 Assembleia da Rep\u00fablica.\" \/>\n<meta property=\"og:url\" content=\"https:\/\/portaltela.pt\/noticias\/2026\/03\/24\/estudantes-da-soares-dos-reis-pedem-mais-investimento-na-escola-publica\/\" \/>\n<meta property=\"og:site_name\" content=\"Portal Tela Portugal\" \/>\n<meta property=\"article:published_time\" content=\"2026-03-24T10:23:00+00:00\" \/>\n<meta name=\"author\" content=\"Telinha\" \/>\n<meta name=\"twitter:card\" content=\"summary_large_image\" \/>\n<meta name=\"twitter:label1\" content=\"Escrito por\" \/>\n\t<meta name=\"twitter:data1\" content=\"Telinha\" \/>\n\t<meta name=\"twitter:label2\" content=\"Tempo estimado de leitura\" \/>\n\t<meta name=\"twitter:data2\" content=\"1 minuto\" \/>\n<script type=\"application\/ld+json\" class=\"yoast-schema-graph\">{\"@context\":\"https:\/\/schema.org\",\"@graph\":[{\"@type\":\"Article\",\"@id\":\"https:\/\/portaltela.pt\/noticias\/2026\/03\/24\/estudantes-da-soares-dos-reis-pedem-mais-investimento-na-escola-publica\/#article\",\"isPartOf\":{\"@id\":\"https:\/\/portaltela.pt\/noticias\/2026\/03\/24\/estudantes-da-soares-dos-reis-pedem-mais-investimento-na-escola-publica\/\"},\"author\":{\"name\":\"Telinha\",\"@id\":\"https:\/\/portaltela.pt\/#\/schema\/person\/c4278d4a6028830caff9ee44b42d32ed\"},\"headline\":\"Estudantes da Soares dos Reis pedem mais investimento na escola p\u00fablica\",\"datePublished\":\"2026-03-24T10:23:00+00:00\",\"mainEntityOfPage\":{\"@id\":\"https:\/\/portaltela.pt\/noticias\/2026\/03\/24\/estudantes-da-soares-dos-reis-pedem-mais-investimento-na-escola-publica\/\"},\"wordCount\":176,\"image\":{\"@id\":\"https:\/\/portaltela.pt\/noticias\/2026\/03\/24\/estudantes-da-soares-dos-reis-pedem-mais-investimento-na-escola-publica\/#primaryimage\"},\"thumbnailUrl\":\"https:\/\/portaltela.pt\/s.01k8rhncp4jt1\/2026\/03\/image-1439.jpg\",\"keywords\":[\"educa\u00e7\u00e3o\",\"educa\u00e7\u00e3o p\u00fablica\",\"Ensino Superior\",\"estudantes\",\"Porto\",\"protestos\"],\"articleSection\":[\"Not\u00edcias\",\"Sociedade\"],\"inLanguage\":\"pt-PT\"},{\"@type\":\"WebPage\",\"@id\":\"https:\/\/portaltela.pt\/noticias\/2026\/03\/24\/estudantes-da-soares-dos-reis-pedem-mais-investimento-na-escola-publica\/\",\"url\":\"https:\/\/portaltela.pt\/noticias\/2026\/03\/24\/estudantes-da-soares-dos-reis-pedem-mais-investimento-na-escola-publica\/\",\"name\":\"Estudantes da Soares dos Reis pedem mais investimento na escola p\u00fablica - Portal Tela Portugal\",\"isPartOf\":{\"@id\":\"https:\/\/portaltela.pt\/#website\"},\"primaryImageOfPage\":{\"@id\":\"https:\/\/portaltela.pt\/noticias\/2026\/03\/24\/estudantes-da-soares-dos-reis-pedem-mais-investimento-na-escola-publica\/#primaryimage\"},\"image\":{\"@id\":\"https:\/\/portaltela.pt\/noticias\/2026\/03\/24\/estudantes-da-soares-dos-reis-pedem-mais-investimento-na-escola-publica\/#primaryimage\"},\"thumbnailUrl\":\"https:\/\/portaltela.pt\/s.01k8rhncp4jt1\/2026\/03\/image-1439.jpg\",\"datePublished\":\"2026-03-24T10:23:00+00:00\",\"author\":{\"@id\":\"https:\/\/portaltela.pt\/#\/schema\/person\/c4278d4a6028830caff9ee44b42d32ed\"},\"breadcrumb\":{\"@id\":\"https:\/\/portaltela.pt\/noticias\/2026\/03\/24\/estudantes-da-soares-dos-reis-pedem-mais-investimento-na-escola-publica\/#breadcrumb\"},\"inLanguage\":\"pt-PT\",\"potentialAction\":[{\"@type\":\"ReadAction\",\"target\":[\"https:\/\/portaltela.pt\/noticias\/2026\/03\/24\/estudantes-da-soares-dos-reis-pedem-mais-investimento-na-escola-publica\/\"]}]},{\"@type\":\"ImageObject\",\"inLanguage\":\"pt-PT\",\"@id\":\"https:\/\/portaltela.pt\/noticias\/2026\/03\/24\/estudantes-da-soares-dos-reis-pedem-mais-investimento-na-escola-publica\/#primaryimage\",\"url\":\"https:\/\/portaltela.pt\/s.01k8rhncp4jt1\/2026\/03\/image-1439.jpg\",\"contentUrl\":\"https:\/\/portaltela.pt\/s.01k8rhncp4jt1\/2026\/03\/image-1439.jpg\",\"width\":796,\"height\":448,\"caption\":\"Imagem de contexto do artigo Estudantes da Soares dos Reis saem \u00e0 rua para pedir mais investimento na escola p\u00fablica\"},{\"@type\":\"BreadcrumbList\",\"@id\":\"https:\/\/portaltela.pt\/noticias\/2026\/03\/24\/estudantes-da-soares-dos-reis-pedem-mais-investimento-na-escola-publica\/#breadcrumb\",\"itemListElement\":[{\"@type\":\"ListItem\",\"position\":1,\"name\":\"In\u00edcio\",\"item\":\"https:\/\/portaltela.pt\/\"},{\"@type\":\"ListItem\",\"position\":2,\"name\":\"Estudantes da Soares dos Reis pedem mais investimento na escola p\u00fablica\"}]},{\"@type\":\"WebSite\",\"@id\":\"https:\/\/portaltela.pt\/#website\",\"url\":\"https:\/\/portaltela.pt\/\",\"name\":\"Portal Tela Portugal\",\"description\":\"\",\"potentialAction\":[{\"@type\":\"SearchAction\",\"target\":{\"@type\":\"EntryPoint\",\"urlTemplate\":\"https:\/\/portaltela.pt\/?s={search_term_string}\"},\"query-input\":{\"@type\":\"PropertyValueSpecification\",\"valueRequired\":true,\"valueName\":\"search_term_string\"}}],\"inLanguage\":\"pt-PT\"},{\"@type\":\"Person\",\"@id\":\"https:\/\/portaltela.pt\/#\/schema\/person\/c4278d4a6028830caff9ee44b42d32ed\",\"name\":\"Telinha\",\"image\":{\"@type\":\"ImageObject\",\"inLanguage\":\"pt-PT\",\"@id\":\"https:\/\/portaltela.pt\/s.01k8rhncp4jt1\/2025\/11\/talking-bot-125x125.png\",\"url\":\"https:\/\/portaltela.pt\/s.01k8rhncp4jt1\/2025\/11\/talking-bot-125x125.png\",\"contentUrl\":\"https:\/\/portaltela.pt\/s.01k8rhncp4jt1\/2025\/11\/talking-bot-125x125.png\",\"caption\":\"Telinha\"},\"sameAs\":[\"https:\/\/portaltela.pt\/\"],\"url\":\"https:\/\/portaltela.pt\/por\/367410592786\/\"}]}<\/script>\n<!-- \/ Yoast SEO plugin. -->","yoast_head_json":{"title":"Estudantes da Soares dos Reis pedem mais investimento na escola p\u00fablica - Portal Tela Portugal","robots":{"index":"index","follow":"follow","max-snippet":"max-snippet:-1","max-image-preview":"max-image-preview:large","max-video-preview":"max-video-preview:-1"},"og_locale":"pt_PT","og_type":"article","og_title":"Estudantes da Soares dos Reis pedem mais investimento na escola p\u00fablica - Portal Tela Portugal","og_description":"Estudantes da Escola Art\u00edstica de Soares dos Reis, no Porto, sa\u00edram \u00e0 rua para pedir mais investimento na escola p\u00fablica, com foco no ensino art\u00edstico. O protesto ocorre no \u00e2mbito do Dia Nacional do Estudante, promovido por quarenta associa\u00e7\u00f5es de estudantes em todo o pa\u00eds. Os promotores falam em precariza\u00e7\u00e3o da escola p\u00fablica, obras urgentes em mais de seiscentas escolas e no impacto dos exames nacionais no acesso ao ensino superior. Exigem a redu\u00e7\u00e3o da sobrecarga hor\u00e1ria e a gratuitidade dos materiais dos cursos art\u00edsticos. Tamb\u00e9m estudantes do Ensino Superior prometem manifestar-se hoje, \u00e0s 14h30, no Rossio, em direc\u00e7\u00e3o \u00e0 Assembleia da Rep\u00fablica.","og_url":"https:\/\/portaltela.pt\/noticias\/2026\/03\/24\/estudantes-da-soares-dos-reis-pedem-mais-investimento-na-escola-publica\/","og_site_name":"Portal Tela Portugal","article_published_time":"2026-03-24T10:23:00+00:00","author":"Telinha","twitter_card":"summary_large_image","twitter_misc":{"Escrito por":"Telinha","Tempo estimado de leitura":"1 minuto"},"schema":{"@context":"https:\/\/schema.org","@graph":[{"@type":"Article","@id":"https:\/\/portaltela.pt\/noticias\/2026\/03\/24\/estudantes-da-soares-dos-reis-pedem-mais-investimento-na-escola-publica\/#article","isPartOf":{"@id":"https:\/\/portaltela.pt\/noticias\/2026\/03\/24\/estudantes-da-soares-dos-reis-pedem-mais-investimento-na-escola-publica\/"},"author":{"name":"Telinha","@id":"https:\/\/portaltela.pt\/#\/schema\/person\/c4278d4a6028830caff9ee44b42d32ed"},"headline":"Estudantes da Soares dos Reis pedem mais investimento na escola p\u00fablica","datePublished":"2026-03-24T10:23:00+00:00","mainEntityOfPage":{"@id":"https:\/\/portaltela.pt\/noticias\/2026\/03\/24\/estudantes-da-soares-dos-reis-pedem-mais-investimento-na-escola-publica\/"},"wordCount":176,"image":{"@id":"https:\/\/portaltela.pt\/noticias\/2026\/03\/24\/estudantes-da-soares-dos-reis-pedem-mais-investimento-na-escola-publica\/#primaryimage"},"thumbnailUrl":"https:\/\/portaltela.pt\/s.01k8rhncp4jt1\/2026\/03\/image-1439.jpg","keywords":["educa\u00e7\u00e3o","educa\u00e7\u00e3o p\u00fablica","Ensino Superior","estudantes","Porto","protestos"],"articleSection":["Not\u00edcias","Sociedade"],"inLanguage":"pt-PT"},{"@type":"WebPage","@id":"https:\/\/portaltela.pt\/noticias\/2026\/03\/24\/estudantes-da-soares-dos-reis-pedem-mais-investimento-na-escola-publica\/","url":"https:\/\/portaltela.pt\/noticias\/2026\/03\/24\/estudantes-da-soares-dos-reis-pedem-mais-investimento-na-escola-publica\/","name":"Estudantes da Soares dos Reis pedem mais investimento na escola p\u00fablica - Portal Tela Portugal","isPartOf":{"@id":"https:\/\/portaltela.pt\/#website"},"primaryImageOfPage":{"@id":"https:\/\/portaltela.pt\/noticias\/2026\/03\/24\/estudantes-da-soares-dos-reis-pedem-mais-investimento-na-escola-publica\/#primaryimage"},"image":{"@id":"https:\/\/portaltela.pt\/noticias\/2026\/03\/24\/estudantes-da-soares-dos-reis-pedem-mais-investimento-na-escola-publica\/#primaryimage"},"thumbnailUrl":"https:\/\/portaltela.pt\/s.01k8rhncp4jt1\/2026\/03\/image-1439.jpg","datePublished":"2026-03-24T10:23:00+00:00","author":{"@id":"https:\/\/portaltela.pt\/#\/schema\/person\/c4278d4a6028830caff9ee44b42d32ed"},"breadcrumb":{"@id":"https:\/\/portaltela.pt\/noticias\/2026\/03\/24\/estudantes-da-soares-dos-reis-pedem-mais-investimento-na-escola-publica\/#breadcrumb"},"inLanguage":"pt-PT","potentialAction":[{"@type":"ReadAction","target":["https:\/\/portaltela.pt\/noticias\/2026\/03\/24\/estudantes-da-soares-dos-reis-pedem-mais-investimento-na-escola-publica\/"]}]},{"@type":"ImageObject","inLanguage":"pt-PT","@id":"https:\/\/portaltela.pt\/noticias\/2026\/03\/24\/estudantes-da-soares-dos-reis-pedem-mais-investimento-na-escola-publica\/#primaryimage","url":"https:\/\/portaltela.pt\/s.01k8rhncp4jt1\/2026\/03\/image-1439.jpg","contentUrl":"https:\/\/portaltela.pt\/s.01k8rhncp4jt1\/2026\/03\/image-1439.jpg","width":796,"height":448,"caption":"Imagem de contexto do artigo Estudantes da Soares dos Reis saem \u00e0 rua para pedir mais investimento na escola p\u00fablica"},{"@type":"BreadcrumbList","@id":"https:\/\/portaltela.pt\/noticias\/2026\/03\/24\/estudantes-da-soares-dos-reis-pedem-mais-investimento-na-escola-publica\/#breadcrumb","itemListElement":[{"@type":"ListItem","position":1,"name":"In\u00edcio","item":"https:\/\/portaltela.pt\/"},{"@type":"ListItem","position":2,"name":"Estudantes da Soares dos Reis pedem mais investimento na escola p\u00fablica"}]},{"@type":"WebSite","@id":"https:\/\/portaltela.pt\/#website","url":"https:\/\/portaltela.pt\/","name":"Portal Tela Portugal","description":"","potentialAction":[{"@type":"SearchAction","target":{"@type":"EntryPoint","urlTemplate":"https:\/\/portaltela.pt\/?s={search_term_string}"},"query-input":{"@type":"PropertyValueSpecification","valueRequired":true,"valueName":"search_term_string"}}],"inLanguage":"pt-PT"},{"@type":"Person","@id":"https:\/\/portaltela.pt\/#\/schema\/person\/c4278d4a6028830caff9ee44b42d32ed","name":"Telinha","image":{"@type":"ImageObject","inLanguage":"pt-PT","@id":"https:\/\/portaltela.pt\/s.01k8rhncp4jt1\/2025\/11\/talking-bot-125x125.png","url":"https:\/\/portaltela.pt\/s.01k8rhncp4jt1\/2025\/11\/talking-bot-125x125.png","contentUrl":"https:\/\/portaltela.pt\/s.01k8rhncp4jt1\/2025\/11\/talking-bot-125x125.png","caption":"Telinha"},"sameAs":["https:\/\/portaltela.pt\/"],"url":"https:\/\/portaltela.pt\/por\/367410592786\/"}]}},"_links":{"self":[{"href":"https:\/\/portaltela.pt\/api\/wp\/v2\/posts\/419343","targetHints":{"allow":["GET"]}}],"collection":[{"href":"https:\/\/portaltela.pt\/api\/wp\/v2\/posts"}],"about":[{"href":"https:\/\/portaltela.pt\/api\/wp\/v2\/types\/post"}],"author":[{"embeddable":true,"href":"https:\/\/portaltela.pt\/api\/wp\/v2\/users\/2"}],"replies":[{"embeddable":true,"href":"https:\/\/portaltela.pt\/api\/wp\/v2\/comments?post=419343"}],"version-history":[{"count":0,"href":"https:\/\/portaltela.pt\/api\/wp\/v2\/posts\/419343\/revisions"}],"wp:featuredmedia":[{"embeddable":true,"href":"https:\/\/portaltela.pt\/api\/wp\/v2\/media\/419344"}],"wp:attachment":[{"href":"https:\/\/portaltela.pt\/api\/wp\/v2\/media?parent=419343"}],"wp:term":[{"taxonomy":"category","embeddable":true,"href":"https:\/\/portaltela.pt\/api\/wp\/v2\/categories?post=419343"},{"taxonomy":"post_tag","embeddable":true,"href":"https:\/\/portaltela.pt\/api\/wp\/v2\/tags?post=419343"}],"curies":[{"name":"wp","href":"https:\/\/api.w.org\/{rel}","templated":true}]}}