{"id":419331,"date":"2026-03-24T06:43:00","date_gmt":"2026-03-24T09:43:00","guid":{"rendered":"https:\/\/portaltela.pt\/noticias\/2026\/03\/24\/adeptos-denunciam-a-comissao-europeia-precos-dos-bilhetes-do-mundial-2026\/"},"modified":"2026-03-24T06:43:00","modified_gmt":"2026-03-24T09:43:00","slug":"adeptos-denunciam-a-comissao-europeia-precos-dos-bilhetes-do-mundial-2026","status":"publish","type":"post","link":"https:\/\/portaltela.pt\/desporto\/copa-do-mundo\/2026\/03\/24\/adeptos-denunciam-a-comissao-europeia-precos-dos-bilhetes-do-mundial-2026\/","title":{"rendered":"Adeptos denunciam \u00e0 Comiss\u00e3o Europeia pre\u00e7os dos bilhetes do Mundial 2026"},"content":{"rendered":"<p>Adeptos franceses e europeus apresentaram \u00e0 Comiss\u00e3o Europeia uma queixa contra a FIFA, contestando os pre\u00e7os dos bilhetes para o Mundial 2026. A comunica\u00e7\u00e3o foi apresentada para analisar eventuais impactos na concorr\u00eancia e nos direitos dos consumidores.<\/p>\n<p>Segundo as informa\u00e7\u00f5es dispon\u00edveis, a queixa questiona a acessibilidade dos bilhetes e a sua rela\u00e7\u00e3o com o planeamento da competi\u00e7\u00e3o. Ainda n\u00e3o foram divulgados detalhes sobre os signat\u00e1rios, o conte\u00fado exato da reclama\u00e7\u00e3o ou os argumentos jur\u00eddicos espec\u00edficos.<\/p>\n<p>A Federa\u00e7\u00e3o Internacional de Futebol (FIFA) mant\u00e9m o controlo sobre a pol\u00edtica de bilhetes para o Mundial 2026 e n\u00e3o h\u00e1 confirma\u00e7\u00e3o p\u00fablica de respostas oficiais at\u00e9 ao momento. A Comiss\u00e3o Europeia dever\u00e1 avaliar a queixa \u00e0 luz das regras de concorr\u00eancia da Uni\u00e3o.<\/p>\n<p>O caso pode abrir debate sobre pre\u00e7os, distribui\u00e7\u00e3o de bilhetes e prote\u00e7\u00e3o dos consumidores no contexto de grandes eventos desportivos. N\u00e3o foi anunciada data de decis\u00e3o nem de novas informa\u00e7\u00f5es por parte das autoridades competentes.<\/p>\n","protected":false},"excerpt":{"rendered":"<ul>\n<li>Adeptos apresentaram uma queixa formal \u00e0 Comiss\u00e3o Europeia contra a FIFA, alegando problemas com o pre\u00e7o dos bilhetes do Mundial de 2026.<\/li>\n<li>A queixa centra-se nos custos de ingresso considerados elevados para os f\u00e3s.<\/li>\n<li>O grupo de adeptos solicita uma revis\u00e3o das pol\u00edticas de precifica\u00e7\u00e3o da FIFA para o torneio de 2026.<\/li>\n<li>O conte\u00fado completo da mat\u00e9ria est\u00e1 dispon\u00edvel apenas para subscritores.<\/li>\n<\/ul>\n","protected":false},"author":2,"featured_media":419332,"comment_status":"closed","ping_status":"closed","sticky":false,"template":"","format":"standard","meta":{"footnotes":""},"categories":[6695,21],"tags":[6367,1638,2207,7147,2487,32],"class_list":["post-419331","post","type-post","status-publish","format-standard","has-post-thumbnail","hentry","category-copa-do-mundo","category-desporto","tag-copa2026","tag-comissao-europeia","tag-concorrencia","tag-consumidores","tag-europa","tag-futebol"],"yoast_head":"<!-- This site is optimized with the Yoast SEO plugin v27.2 - https:\/\/yoast.com\/product\/yoast-seo-wordpress\/ -->\n<title>Adeptos denunciam \u00e0 Comiss\u00e3o Europeia pre\u00e7os dos bilhetes do Mundial 2026 - Portal Tela Portugal<\/title>\n<meta name=\"robots\" content=\"index, follow, max-snippet:-1, max-image-preview:large, max-video-preview:-1\" \/>\n<meta property=\"og:locale\" content=\"pt_PT\" \/>\n<meta property=\"og:type\" content=\"article\" \/>\n<meta property=\"og:title\" content=\"Adeptos denunciam \u00e0 Comiss\u00e3o Europeia pre\u00e7os dos bilhetes do Mundial 2026 - Portal Tela Portugal\" \/>\n<meta property=\"og:description\" content=\"Adeptos apresentaram uma queixa formal \u00e0 Comiss\u00e3o Europeia contra a FIFA, alegando problemas com o pre\u00e7o dos bilhetes do Mundial de 2026. A queixa centra-se nos custos de ingresso considerados elevados para os f\u00e3s. O grupo de adeptos solicita uma revis\u00e3o das pol\u00edticas de precifica\u00e7\u00e3o da FIFA para o torneio de 2026. O conte\u00fado completo da mat\u00e9ria est\u00e1 dispon\u00edvel apenas para subscritores.\" \/>\n<meta property=\"og:url\" content=\"https:\/\/portaltela.pt\/noticias\/2026\/03\/24\/adeptos-denunciam-a-comissao-europeia-precos-dos-bilhetes-do-mundial-2026\/\" \/>\n<meta property=\"og:site_name\" content=\"Portal Tela Portugal\" \/>\n<meta property=\"article:published_time\" content=\"2026-03-24T09:43:00+00:00\" \/>\n<meta name=\"author\" content=\"Telinha\" \/>\n<meta name=\"twitter:card\" content=\"summary_large_image\" \/>\n<meta name=\"twitter:label1\" content=\"Escrito por\" \/>\n\t<meta name=\"twitter:data1\" content=\"Telinha\" \/>\n\t<meta name=\"twitter:label2\" content=\"Tempo estimado de leitura\" \/>\n\t<meta name=\"twitter:data2\" content=\"1 minuto\" \/>\n<script type=\"application\/ld+json\" class=\"yoast-schema-graph\">{\"@context\":\"https:\/\/schema.org\",\"@graph\":[{\"@type\":\"Article\",\"@id\":\"https:\/\/portaltela.pt\/noticias\/2026\/03\/24\/adeptos-denunciam-a-comissao-europeia-precos-dos-bilhetes-do-mundial-2026\/#article\",\"isPartOf\":{\"@id\":\"https:\/\/portaltela.pt\/noticias\/2026\/03\/24\/adeptos-denunciam-a-comissao-europeia-precos-dos-bilhetes-do-mundial-2026\/\"},\"author\":{\"name\":\"Telinha\",\"@id\":\"https:\/\/portaltela.pt\/#\/schema\/person\/c4278d4a6028830caff9ee44b42d32ed\"},\"headline\":\"Adeptos denunciam \u00e0 Comiss\u00e3o Europeia pre\u00e7os dos bilhetes do Mundial 2026\",\"datePublished\":\"2026-03-24T09:43:00+00:00\",\"mainEntityOfPage\":{\"@id\":\"https:\/\/portaltela.pt\/noticias\/2026\/03\/24\/adeptos-denunciam-a-comissao-europeia-precos-dos-bilhetes-do-mundial-2026\/\"},\"wordCount\":190,\"image\":{\"@id\":\"https:\/\/portaltela.pt\/noticias\/2026\/03\/24\/adeptos-denunciam-a-comissao-europeia-precos-dos-bilhetes-do-mundial-2026\/#primaryimage\"},\"thumbnailUrl\":\"https:\/\/portaltela.pt\/s.01k8rhncp4jt1\/2026\/03\/CACHE_780X1200_ANALOG_WATERMARKED_35895876_234860312510893.jpg\",\"keywords\":[\"#copa2026\",\"Comiss\u00e3o Europeia\",\"concorr\u00eancia\",\"consumidores\",\"Europa\",\"futebol\"],\"articleSection\":[\"Copa do Mundo\",\"Desporto\"],\"inLanguage\":\"pt-PT\"},{\"@type\":\"WebPage\",\"@id\":\"https:\/\/portaltela.pt\/noticias\/2026\/03\/24\/adeptos-denunciam-a-comissao-europeia-precos-dos-bilhetes-do-mundial-2026\/\",\"url\":\"https:\/\/portaltela.pt\/noticias\/2026\/03\/24\/adeptos-denunciam-a-comissao-europeia-precos-dos-bilhetes-do-mundial-2026\/\",\"name\":\"Adeptos denunciam \u00e0 Comiss\u00e3o Europeia pre\u00e7os dos bilhetes do Mundial 2026 - Portal Tela Portugal\",\"isPartOf\":{\"@id\":\"https:\/\/portaltela.pt\/#website\"},\"primaryImageOfPage\":{\"@id\":\"https:\/\/portaltela.pt\/noticias\/2026\/03\/24\/adeptos-denunciam-a-comissao-europeia-precos-dos-bilhetes-do-mundial-2026\/#primaryimage\"},\"image\":{\"@id\":\"https:\/\/portaltela.pt\/noticias\/2026\/03\/24\/adeptos-denunciam-a-comissao-europeia-precos-dos-bilhetes-do-mundial-2026\/#primaryimage\"},\"thumbnailUrl\":\"https:\/\/portaltela.pt\/s.01k8rhncp4jt1\/2026\/03\/CACHE_780X1200_ANALOG_WATERMARKED_35895876_234860312510893.jpg\",\"datePublished\":\"2026-03-24T09:43:00+00:00\",\"author\":{\"@id\":\"https:\/\/portaltela.pt\/#\/schema\/person\/c4278d4a6028830caff9ee44b42d32ed\"},\"breadcrumb\":{\"@id\":\"https:\/\/portaltela.pt\/noticias\/2026\/03\/24\/adeptos-denunciam-a-comissao-europeia-precos-dos-bilhetes-do-mundial-2026\/#breadcrumb\"},\"inLanguage\":\"pt-PT\",\"potentialAction\":[{\"@type\":\"ReadAction\",\"target\":[\"https:\/\/portaltela.pt\/noticias\/2026\/03\/24\/adeptos-denunciam-a-comissao-europeia-precos-dos-bilhetes-do-mundial-2026\/\"]}]},{\"@type\":\"ImageObject\",\"inLanguage\":\"pt-PT\",\"@id\":\"https:\/\/portaltela.pt\/noticias\/2026\/03\/24\/adeptos-denunciam-a-comissao-europeia-precos-dos-bilhetes-do-mundial-2026\/#primaryimage\",\"url\":\"https:\/\/portaltela.pt\/s.01k8rhncp4jt1\/2026\/03\/CACHE_780X1200_ANALOG_WATERMARKED_35895876_234860312510893.jpg\",\"contentUrl\":\"https:\/\/portaltela.pt\/s.01k8rhncp4jt1\/2026\/03\/CACHE_780X1200_ANALOG_WATERMARKED_35895876_234860312510893.jpg\",\"width\":796,\"height\":448,\"caption\":\"Mundial2026: Adeptos queixam-se da FIFA \u00e0 Comiss\u00e3o Europeia devido ao pre\u00e7o dos bilhetes\"},{\"@type\":\"BreadcrumbList\",\"@id\":\"https:\/\/portaltela.pt\/noticias\/2026\/03\/24\/adeptos-denunciam-a-comissao-europeia-precos-dos-bilhetes-do-mundial-2026\/#breadcrumb\",\"itemListElement\":[{\"@type\":\"ListItem\",\"position\":1,\"name\":\"In\u00edcio\",\"item\":\"https:\/\/portaltela.pt\/\"},{\"@type\":\"ListItem\",\"position\":2,\"name\":\"Adeptos denunciam \u00e0 Comiss\u00e3o Europeia pre\u00e7os dos bilhetes do Mundial 2026\"}]},{\"@type\":\"WebSite\",\"@id\":\"https:\/\/portaltela.pt\/#website\",\"url\":\"https:\/\/portaltela.pt\/\",\"name\":\"Portal Tela Portugal\",\"description\":\"\",\"potentialAction\":[{\"@type\":\"SearchAction\",\"target\":{\"@type\":\"EntryPoint\",\"urlTemplate\":\"https:\/\/portaltela.pt\/?s={search_term_string}\"},\"query-input\":{\"@type\":\"PropertyValueSpecification\",\"valueRequired\":true,\"valueName\":\"search_term_string\"}}],\"inLanguage\":\"pt-PT\"},{\"@type\":\"Person\",\"@id\":\"https:\/\/portaltela.pt\/#\/schema\/person\/c4278d4a6028830caff9ee44b42d32ed\",\"name\":\"Telinha\",\"image\":{\"@type\":\"ImageObject\",\"inLanguage\":\"pt-PT\",\"@id\":\"https:\/\/portaltela.pt\/s.01k8rhncp4jt1\/2025\/11\/talking-bot-125x125.png\",\"url\":\"https:\/\/portaltela.pt\/s.01k8rhncp4jt1\/2025\/11\/talking-bot-125x125.png\",\"contentUrl\":\"https:\/\/portaltela.pt\/s.01k8rhncp4jt1\/2025\/11\/talking-bot-125x125.png\",\"caption\":\"Telinha\"},\"sameAs\":[\"https:\/\/portaltela.pt\/\"],\"url\":\"https:\/\/portaltela.pt\/por\/367410592786\/\"}]}<\/script>\n<!-- \/ Yoast SEO plugin. -->","yoast_head_json":{"title":"Adeptos denunciam \u00e0 Comiss\u00e3o Europeia pre\u00e7os dos bilhetes do Mundial 2026 - Portal Tela Portugal","robots":{"index":"index","follow":"follow","max-snippet":"max-snippet:-1","max-image-preview":"max-image-preview:large","max-video-preview":"max-video-preview:-1"},"og_locale":"pt_PT","og_type":"article","og_title":"Adeptos denunciam \u00e0 Comiss\u00e3o Europeia pre\u00e7os dos bilhetes do Mundial 2026 - Portal Tela Portugal","og_description":"Adeptos apresentaram uma queixa formal \u00e0 Comiss\u00e3o Europeia contra a FIFA, alegando problemas com o pre\u00e7o dos bilhetes do Mundial de 2026. A queixa centra-se nos custos de ingresso considerados elevados para os f\u00e3s. O grupo de adeptos solicita uma revis\u00e3o das pol\u00edticas de precifica\u00e7\u00e3o da FIFA para o torneio de 2026. O conte\u00fado completo da mat\u00e9ria est\u00e1 dispon\u00edvel apenas para subscritores.","og_url":"https:\/\/portaltela.pt\/noticias\/2026\/03\/24\/adeptos-denunciam-a-comissao-europeia-precos-dos-bilhetes-do-mundial-2026\/","og_site_name":"Portal Tela Portugal","article_published_time":"2026-03-24T09:43:00+00:00","author":"Telinha","twitter_card":"summary_large_image","twitter_misc":{"Escrito por":"Telinha","Tempo estimado de leitura":"1 minuto"},"schema":{"@context":"https:\/\/schema.org","@graph":[{"@type":"Article","@id":"https:\/\/portaltela.pt\/noticias\/2026\/03\/24\/adeptos-denunciam-a-comissao-europeia-precos-dos-bilhetes-do-mundial-2026\/#article","isPartOf":{"@id":"https:\/\/portaltela.pt\/noticias\/2026\/03\/24\/adeptos-denunciam-a-comissao-europeia-precos-dos-bilhetes-do-mundial-2026\/"},"author":{"name":"Telinha","@id":"https:\/\/portaltela.pt\/#\/schema\/person\/c4278d4a6028830caff9ee44b42d32ed"},"headline":"Adeptos denunciam \u00e0 Comiss\u00e3o Europeia pre\u00e7os dos bilhetes do Mundial 2026","datePublished":"2026-03-24T09:43:00+00:00","mainEntityOfPage":{"@id":"https:\/\/portaltela.pt\/noticias\/2026\/03\/24\/adeptos-denunciam-a-comissao-europeia-precos-dos-bilhetes-do-mundial-2026\/"},"wordCount":190,"image":{"@id":"https:\/\/portaltela.pt\/noticias\/2026\/03\/24\/adeptos-denunciam-a-comissao-europeia-precos-dos-bilhetes-do-mundial-2026\/#primaryimage"},"thumbnailUrl":"https:\/\/portaltela.pt\/s.01k8rhncp4jt1\/2026\/03\/CACHE_780X1200_ANALOG_WATERMARKED_35895876_234860312510893.jpg","keywords":["#copa2026","Comiss\u00e3o Europeia","concorr\u00eancia","consumidores","Europa","futebol"],"articleSection":["Copa do Mundo","Desporto"],"inLanguage":"pt-PT"},{"@type":"WebPage","@id":"https:\/\/portaltela.pt\/noticias\/2026\/03\/24\/adeptos-denunciam-a-comissao-europeia-precos-dos-bilhetes-do-mundial-2026\/","url":"https:\/\/portaltela.pt\/noticias\/2026\/03\/24\/adeptos-denunciam-a-comissao-europeia-precos-dos-bilhetes-do-mundial-2026\/","name":"Adeptos denunciam \u00e0 Comiss\u00e3o Europeia pre\u00e7os dos bilhetes do Mundial 2026 - Portal Tela Portugal","isPartOf":{"@id":"https:\/\/portaltela.pt\/#website"},"primaryImageOfPage":{"@id":"https:\/\/portaltela.pt\/noticias\/2026\/03\/24\/adeptos-denunciam-a-comissao-europeia-precos-dos-bilhetes-do-mundial-2026\/#primaryimage"},"image":{"@id":"https:\/\/portaltela.pt\/noticias\/2026\/03\/24\/adeptos-denunciam-a-comissao-europeia-precos-dos-bilhetes-do-mundial-2026\/#primaryimage"},"thumbnailUrl":"https:\/\/portaltela.pt\/s.01k8rhncp4jt1\/2026\/03\/CACHE_780X1200_ANALOG_WATERMARKED_35895876_234860312510893.jpg","datePublished":"2026-03-24T09:43:00+00:00","author":{"@id":"https:\/\/portaltela.pt\/#\/schema\/person\/c4278d4a6028830caff9ee44b42d32ed"},"breadcrumb":{"@id":"https:\/\/portaltela.pt\/noticias\/2026\/03\/24\/adeptos-denunciam-a-comissao-europeia-precos-dos-bilhetes-do-mundial-2026\/#breadcrumb"},"inLanguage":"pt-PT","potentialAction":[{"@type":"ReadAction","target":["https:\/\/portaltela.pt\/noticias\/2026\/03\/24\/adeptos-denunciam-a-comissao-europeia-precos-dos-bilhetes-do-mundial-2026\/"]}]},{"@type":"ImageObject","inLanguage":"pt-PT","@id":"https:\/\/portaltela.pt\/noticias\/2026\/03\/24\/adeptos-denunciam-a-comissao-europeia-precos-dos-bilhetes-do-mundial-2026\/#primaryimage","url":"https:\/\/portaltela.pt\/s.01k8rhncp4jt1\/2026\/03\/CACHE_780X1200_ANALOG_WATERMARKED_35895876_234860312510893.jpg","contentUrl":"https:\/\/portaltela.pt\/s.01k8rhncp4jt1\/2026\/03\/CACHE_780X1200_ANALOG_WATERMARKED_35895876_234860312510893.jpg","width":796,"height":448,"caption":"Mundial2026: Adeptos queixam-se da FIFA \u00e0 Comiss\u00e3o Europeia devido ao pre\u00e7o dos bilhetes"},{"@type":"BreadcrumbList","@id":"https:\/\/portaltela.pt\/noticias\/2026\/03\/24\/adeptos-denunciam-a-comissao-europeia-precos-dos-bilhetes-do-mundial-2026\/#breadcrumb","itemListElement":[{"@type":"ListItem","position":1,"name":"In\u00edcio","item":"https:\/\/portaltela.pt\/"},{"@type":"ListItem","position":2,"name":"Adeptos denunciam \u00e0 Comiss\u00e3o Europeia pre\u00e7os dos bilhetes do Mundial 2026"}]},{"@type":"WebSite","@id":"https:\/\/portaltela.pt\/#website","url":"https:\/\/portaltela.pt\/","name":"Portal Tela Portugal","description":"","potentialAction":[{"@type":"SearchAction","target":{"@type":"EntryPoint","urlTemplate":"https:\/\/portaltela.pt\/?s={search_term_string}"},"query-input":{"@type":"PropertyValueSpecification","valueRequired":true,"valueName":"search_term_string"}}],"inLanguage":"pt-PT"},{"@type":"Person","@id":"https:\/\/portaltela.pt\/#\/schema\/person\/c4278d4a6028830caff9ee44b42d32ed","name":"Telinha","image":{"@type":"ImageObject","inLanguage":"pt-PT","@id":"https:\/\/portaltela.pt\/s.01k8rhncp4jt1\/2025\/11\/talking-bot-125x125.png","url":"https:\/\/portaltela.pt\/s.01k8rhncp4jt1\/2025\/11\/talking-bot-125x125.png","contentUrl":"https:\/\/portaltela.pt\/s.01k8rhncp4jt1\/2025\/11\/talking-bot-125x125.png","caption":"Telinha"},"sameAs":["https:\/\/portaltela.pt\/"],"url":"https:\/\/portaltela.pt\/por\/367410592786\/"}]}},"_links":{"self":[{"href":"https:\/\/portaltela.pt\/api\/wp\/v2\/posts\/419331","targetHints":{"allow":["GET"]}}],"collection":[{"href":"https:\/\/portaltela.pt\/api\/wp\/v2\/posts"}],"about":[{"href":"https:\/\/portaltela.pt\/api\/wp\/v2\/types\/post"}],"author":[{"embeddable":true,"href":"https:\/\/portaltela.pt\/api\/wp\/v2\/users\/2"}],"replies":[{"embeddable":true,"href":"https:\/\/portaltela.pt\/api\/wp\/v2\/comments?post=419331"}],"version-history":[{"count":0,"href":"https:\/\/portaltela.pt\/api\/wp\/v2\/posts\/419331\/revisions"}],"wp:featuredmedia":[{"embeddable":true,"href":"https:\/\/portaltela.pt\/api\/wp\/v2\/media\/419332"}],"wp:attachment":[{"href":"https:\/\/portaltela.pt\/api\/wp\/v2\/media?parent=419331"}],"wp:term":[{"taxonomy":"category","embeddable":true,"href":"https:\/\/portaltela.pt\/api\/wp\/v2\/categories?post=419331"},{"taxonomy":"post_tag","embeddable":true,"href":"https:\/\/portaltela.pt\/api\/wp\/v2\/tags?post=419331"}],"curies":[{"name":"wp","href":"https:\/\/api.w.org\/{rel}","templated":true}]}}