{"id":419328,"date":"2026-03-24T07:01:27","date_gmt":"2026-03-24T10:01:27","guid":{"rendered":"https:\/\/portaltela.pt\/noticias\/2026\/03\/24\/silencio-do-cancro-colorretal-complica-diagnostico-precoce\/"},"modified":"2026-03-24T07:01:27","modified_gmt":"2026-03-24T10:01:27","slug":"silencio-do-cancro-colorretal-complica-diagnostico-precoce","status":"publish","type":"post","link":"https:\/\/portaltela.pt\/saude\/2026\/03\/24\/silencio-do-cancro-colorretal-complica-diagnostico-precoce\/","title":{"rendered":"Sil\u00eancio do cancro colorretal complica diagn\u00f3stico precoce"},"content":{"rendered":"<p>O cancro colorretal \u00e9 o tumor com maior incid\u00eancia globalmente em Portugal. Este m\u00eas de mar\u00e7o foca a sensibiliza\u00e7\u00e3o para o rastreio, indicado a partir dos 50 anos, mesmo na aus\u00eancia de sintomas. O objetivo \u00e9 reduzir diagn\u00f3sticos tardios.<\/p>\n<p>A m\u00e9dica Anabela Barros, diretora do Servi\u00e7o de Oncologia da ULS de Coimbra, explica que fatores de risco s\u00e3o diversos. Doen\u00e7as inflamat\u00f3rias intestinais, historial familiar e h\u00e1bitos di\u00e1rios elevam a probabilidade de desenvolver a doen\u00e7a.<\/p>\n<p>O rastreio \u00e9 essencial para diagn\u00f3stico precoce. O teste do sangue oculto nas fezes, simples e indolor, envolve tr\u00eas amostras recolhidas em dias diferentes. Pode revelar anomalias mesmo sem sinais cl\u00ednicos.<\/p>\n<p>Os tumores podem surgir no c\u00f3lon direito ou esquerdo. No direito, o sangramento pode passar despercebido, levando \u00e0 anemia sem altera\u00e7\u00f5es claras de h\u00e1bitos. No esquerdo, o sangramento \u00e9 mais vis\u00edvel e surgem c\u00f3licas e obstru\u00e7\u00f5es precoces.<\/p>\n<p>P\u00f3lipos benignos (adenomas) podem evoluir para cancro. A doen\u00e7a pode disseminar-se para g\u00e2nglios linf\u00e1ticos e depois para o f\u00edgado ou pulm\u00f5es, configurando met\u00e1stases. A detec\u00e7\u00e3o precoce facilita op\u00e7\u00f5es de tratamento.<\/p>\n<p>O rastreio, pedido nos cuidados prim\u00e1rios, identifica irregularidades e pode levar a uma colonoscopia quando h\u00e1 sangue nas fezes. Os p\u00f3lipos removidos s\u00e3o depois analisados para confirmar benignidade ou malignidade.<\/p>\n<p>O tratamento \u00e9 personalizado e discutido numa reuni\u00e3o multidisciplinar. Cirurgia, radioterapia e quimioterapia s\u00e3o op\u00e7\u00f5es, com mol\u00e9culas direcionadas e imunoterapia em casos metastizados. Em est\u00e1gios iniciais, a taxa de cura em cinco anos \u00e9 superior a 80%.<\/p>\n","protected":false},"excerpt":{"rendered":"<ul>\n<li>Mar\u00e7o \u00e9 o m\u00eas de sensibiliza\u00e7\u00e3o para o rastreio do cancro colorretal; o rastreio \u00e9 recomendado a partir dos 50 anos e \u00e9 indicado para pessoas sem sintomas.<\/li>\n<li>O cancro colorretal \u00e9 o cancro com maior incid\u00eancia no pa\u00eds, com entre 10 mil e 11 mil novos casos por ano.<\/li>\n<li>Fatores de risco incluem doen\u00e7a inflamat\u00f3ria intestinal cr\u00f3nica (doen\u00e7a de Crohn ou colite ulcerosa) e historial familiar; h\u00e1bitos di\u00e1rios como consumo elevado de carnes processadas, a\u00e7\u00facares e refrigerantes, bem como baixa ingesta de legumes e fruta, \u00e1lcool e tabagismo.<\/li>\n<li>Os sintomas variam conforme o local do tumor: no c\u00f3lon direito podem ser silenciosos; no c\u00f3lon esquerdo h\u00e1 perdas de sangue vis\u00edveis e poder\u00e3o surgir c\u00f3licas, dor abdominal e altera\u00e7\u00f5es no tr\u00e2nsito intestinal.<\/li>\n<li>O rastreio utiliza o teste de sangue oculto nas fezes; se detectar sangue, procede-se a colonoscopia. O tratamento \u00e9 personalizado e pode envolver cirurgia, radioterapia, quimioterapia ou imunoterapia; a taxa de cura em est\u00e1gios iniciais \u00e9 cerca de 80%.<\/li>\n<\/ul>\n","protected":false},"author":2,"featured_media":419330,"comment_status":"closed","ping_status":"closed","sticky":false,"template":"","format":"standard","meta":{"footnotes":""},"categories":[1,6745],"tags":[1874,2594,2805,7211,3994,271],"class_list":["post-419328","post","type-post","status-publish","format-standard","has-post-thumbnail","hentry","category-noticias","category-saude","tag-cancer","tag-cirurgia","tag-diagnostico","tag-medicina","tag-oncologia","tag-saude-publica"],"yoast_head":"<!-- This site is optimized with the Yoast SEO plugin v27.2 - https:\/\/yoast.com\/product\/yoast-seo-wordpress\/ -->\n<title>Sil\u00eancio do cancro colorretal complica diagn\u00f3stico precoce - Portal Tela Portugal<\/title>\n<meta name=\"robots\" content=\"index, follow, max-snippet:-1, max-image-preview:large, max-video-preview:-1\" \/>\n<meta property=\"og:locale\" content=\"pt_PT\" \/>\n<meta property=\"og:type\" content=\"article\" \/>\n<meta property=\"og:title\" content=\"Sil\u00eancio do cancro colorretal complica diagn\u00f3stico precoce - Portal Tela Portugal\" \/>\n<meta property=\"og:description\" content=\"Mar\u00e7o \u00e9 o m\u00eas de sensibiliza\u00e7\u00e3o para o rastreio do cancro colorretal; o rastreio \u00e9 recomendado a partir dos 50 anos e \u00e9 indicado para pessoas sem sintomas. O cancro colorretal \u00e9 o cancro com maior incid\u00eancia no pa\u00eds, com entre 10 mil e 11 mil novos casos por ano. Fatores de risco incluem doen\u00e7a inflamat\u00f3ria intestinal cr\u00f3nica (doen\u00e7a de Crohn ou colite ulcerosa) e historial familiar; h\u00e1bitos di\u00e1rios como consumo elevado de carnes processadas, a\u00e7\u00facares e refrigerantes, bem como baixa ingesta de legumes e fruta, \u00e1lcool e tabagismo. Os sintomas variam conforme o local do tumor: no c\u00f3lon direito podem ser silenciosos; no c\u00f3lon esquerdo h\u00e1 perdas de sangue vis\u00edveis e poder\u00e3o surgir c\u00f3licas, dor abdominal e altera\u00e7\u00f5es no tr\u00e2nsito intestinal. O rastreio utiliza o teste de sangue oculto nas fezes; se detectar sangue, procede-se a colonoscopia. O tratamento \u00e9 personalizado e pode envolver cirurgia, radioterapia, quimioterapia ou imunoterapia; a taxa de cura em est\u00e1gios iniciais \u00e9 cerca de 80%.\" \/>\n<meta property=\"og:url\" content=\"https:\/\/portaltela.pt\/noticias\/2026\/03\/24\/silencio-do-cancro-colorretal-complica-diagnostico-precoce\/\" \/>\n<meta property=\"og:site_name\" content=\"Portal Tela Portugal\" \/>\n<meta property=\"article:published_time\" content=\"2026-03-24T10:01:27+00:00\" \/>\n<meta name=\"author\" content=\"Telinha\" \/>\n<meta name=\"twitter:card\" content=\"summary_large_image\" \/>\n<meta name=\"twitter:label1\" content=\"Escrito por\" \/>\n\t<meta name=\"twitter:data1\" content=\"Telinha\" \/>\n\t<meta name=\"twitter:label2\" content=\"Tempo estimado de leitura\" \/>\n\t<meta name=\"twitter:data2\" content=\"1 minuto\" \/>\n<script type=\"application\/ld+json\" class=\"yoast-schema-graph\">{\"@context\":\"https:\/\/schema.org\",\"@graph\":[{\"@type\":\"Article\",\"@id\":\"https:\/\/portaltela.pt\/noticias\/2026\/03\/24\/silencio-do-cancro-colorretal-complica-diagnostico-precoce\/#article\",\"isPartOf\":{\"@id\":\"https:\/\/portaltela.pt\/noticias\/2026\/03\/24\/silencio-do-cancro-colorretal-complica-diagnostico-precoce\/\"},\"author\":{\"name\":\"Telinha\",\"@id\":\"https:\/\/portaltela.pt\/#\/schema\/person\/c4278d4a6028830caff9ee44b42d32ed\"},\"headline\":\"Sil\u00eancio do cancro colorretal complica diagn\u00f3stico precoce\",\"datePublished\":\"2026-03-24T10:01:27+00:00\",\"mainEntityOfPage\":{\"@id\":\"https:\/\/portaltela.pt\/noticias\/2026\/03\/24\/silencio-do-cancro-colorretal-complica-diagnostico-precoce\/\"},\"wordCount\":279,\"image\":{\"@id\":\"https:\/\/portaltela.pt\/noticias\/2026\/03\/24\/silencio-do-cancro-colorretal-complica-diagnostico-precoce\/#primaryimage\"},\"thumbnailUrl\":\"https:\/\/portaltela.pt\/s.01k8rhncp4jt1\/2026\/03\/img_1500x1000uu2021-10-13-10-49-11-1089693.jpg\",\"keywords\":[\"C\u00e2ncer\",\"cirurgia\",\"diagn\u00f3stico\",\"medicina\",\"Oncologia\",\"sa\u00fade p\u00fablica\"],\"articleSection\":[\"Not\u00edcias\",\"Sa\u00fade\"],\"inLanguage\":\"pt-PT\"},{\"@type\":\"WebPage\",\"@id\":\"https:\/\/portaltela.pt\/noticias\/2026\/03\/24\/silencio-do-cancro-colorretal-complica-diagnostico-precoce\/\",\"url\":\"https:\/\/portaltela.pt\/noticias\/2026\/03\/24\/silencio-do-cancro-colorretal-complica-diagnostico-precoce\/\",\"name\":\"Sil\u00eancio do cancro colorretal complica diagn\u00f3stico precoce - Portal Tela Portugal\",\"isPartOf\":{\"@id\":\"https:\/\/portaltela.pt\/#website\"},\"primaryImageOfPage\":{\"@id\":\"https:\/\/portaltela.pt\/noticias\/2026\/03\/24\/silencio-do-cancro-colorretal-complica-diagnostico-precoce\/#primaryimage\"},\"image\":{\"@id\":\"https:\/\/portaltela.pt\/noticias\/2026\/03\/24\/silencio-do-cancro-colorretal-complica-diagnostico-precoce\/#primaryimage\"},\"thumbnailUrl\":\"https:\/\/portaltela.pt\/s.01k8rhncp4jt1\/2026\/03\/img_1500x1000uu2021-10-13-10-49-11-1089693.jpg\",\"datePublished\":\"2026-03-24T10:01:27+00:00\",\"author\":{\"@id\":\"https:\/\/portaltela.pt\/#\/schema\/person\/c4278d4a6028830caff9ee44b42d32ed\"},\"breadcrumb\":{\"@id\":\"https:\/\/portaltela.pt\/noticias\/2026\/03\/24\/silencio-do-cancro-colorretal-complica-diagnostico-precoce\/#breadcrumb\"},\"inLanguage\":\"pt-PT\",\"potentialAction\":[{\"@type\":\"ReadAction\",\"target\":[\"https:\/\/portaltela.pt\/noticias\/2026\/03\/24\/silencio-do-cancro-colorretal-complica-diagnostico-precoce\/\"]}]},{\"@type\":\"ImageObject\",\"inLanguage\":\"pt-PT\",\"@id\":\"https:\/\/portaltela.pt\/noticias\/2026\/03\/24\/silencio-do-cancro-colorretal-complica-diagnostico-precoce\/#primaryimage\",\"url\":\"https:\/\/portaltela.pt\/s.01k8rhncp4jt1\/2026\/03\/img_1500x1000uu2021-10-13-10-49-11-1089693.jpg\",\"contentUrl\":\"https:\/\/portaltela.pt\/s.01k8rhncp4jt1\/2026\/03\/img_1500x1000uu2021-10-13-10-49-11-1089693.jpg\",\"width\":796,\"height\":448,\"caption\":\"Cancro\"},{\"@type\":\"BreadcrumbList\",\"@id\":\"https:\/\/portaltela.pt\/noticias\/2026\/03\/24\/silencio-do-cancro-colorretal-complica-diagnostico-precoce\/#breadcrumb\",\"itemListElement\":[{\"@type\":\"ListItem\",\"position\":1,\"name\":\"In\u00edcio\",\"item\":\"https:\/\/portaltela.pt\/\"},{\"@type\":\"ListItem\",\"position\":2,\"name\":\"Sil\u00eancio do cancro colorretal complica diagn\u00f3stico precoce\"}]},{\"@type\":\"WebSite\",\"@id\":\"https:\/\/portaltela.pt\/#website\",\"url\":\"https:\/\/portaltela.pt\/\",\"name\":\"Portal Tela Portugal\",\"description\":\"\",\"potentialAction\":[{\"@type\":\"SearchAction\",\"target\":{\"@type\":\"EntryPoint\",\"urlTemplate\":\"https:\/\/portaltela.pt\/?s={search_term_string}\"},\"query-input\":{\"@type\":\"PropertyValueSpecification\",\"valueRequired\":true,\"valueName\":\"search_term_string\"}}],\"inLanguage\":\"pt-PT\"},{\"@type\":\"Person\",\"@id\":\"https:\/\/portaltela.pt\/#\/schema\/person\/c4278d4a6028830caff9ee44b42d32ed\",\"name\":\"Telinha\",\"image\":{\"@type\":\"ImageObject\",\"inLanguage\":\"pt-PT\",\"@id\":\"https:\/\/portaltela.pt\/s.01k8rhncp4jt1\/2025\/11\/talking-bot-125x125.png\",\"url\":\"https:\/\/portaltela.pt\/s.01k8rhncp4jt1\/2025\/11\/talking-bot-125x125.png\",\"contentUrl\":\"https:\/\/portaltela.pt\/s.01k8rhncp4jt1\/2025\/11\/talking-bot-125x125.png\",\"caption\":\"Telinha\"},\"sameAs\":[\"https:\/\/portaltela.pt\/\"],\"url\":\"https:\/\/portaltela.pt\/por\/367410592786\/\"}]}<\/script>\n<!-- \/ Yoast SEO plugin. -->","yoast_head_json":{"title":"Sil\u00eancio do cancro colorretal complica diagn\u00f3stico precoce - Portal Tela Portugal","robots":{"index":"index","follow":"follow","max-snippet":"max-snippet:-1","max-image-preview":"max-image-preview:large","max-video-preview":"max-video-preview:-1"},"og_locale":"pt_PT","og_type":"article","og_title":"Sil\u00eancio do cancro colorretal complica diagn\u00f3stico precoce - Portal Tela Portugal","og_description":"Mar\u00e7o \u00e9 o m\u00eas de sensibiliza\u00e7\u00e3o para o rastreio do cancro colorretal; o rastreio \u00e9 recomendado a partir dos 50 anos e \u00e9 indicado para pessoas sem sintomas. O cancro colorretal \u00e9 o cancro com maior incid\u00eancia no pa\u00eds, com entre 10 mil e 11 mil novos casos por ano. Fatores de risco incluem doen\u00e7a inflamat\u00f3ria intestinal cr\u00f3nica (doen\u00e7a de Crohn ou colite ulcerosa) e historial familiar; h\u00e1bitos di\u00e1rios como consumo elevado de carnes processadas, a\u00e7\u00facares e refrigerantes, bem como baixa ingesta de legumes e fruta, \u00e1lcool e tabagismo. Os sintomas variam conforme o local do tumor: no c\u00f3lon direito podem ser silenciosos; no c\u00f3lon esquerdo h\u00e1 perdas de sangue vis\u00edveis e poder\u00e3o surgir c\u00f3licas, dor abdominal e altera\u00e7\u00f5es no tr\u00e2nsito intestinal. O rastreio utiliza o teste de sangue oculto nas fezes; se detectar sangue, procede-se a colonoscopia. O tratamento \u00e9 personalizado e pode envolver cirurgia, radioterapia, quimioterapia ou imunoterapia; a taxa de cura em est\u00e1gios iniciais \u00e9 cerca de 80%.","og_url":"https:\/\/portaltela.pt\/noticias\/2026\/03\/24\/silencio-do-cancro-colorretal-complica-diagnostico-precoce\/","og_site_name":"Portal Tela Portugal","article_published_time":"2026-03-24T10:01:27+00:00","author":"Telinha","twitter_card":"summary_large_image","twitter_misc":{"Escrito por":"Telinha","Tempo estimado de leitura":"1 minuto"},"schema":{"@context":"https:\/\/schema.org","@graph":[{"@type":"Article","@id":"https:\/\/portaltela.pt\/noticias\/2026\/03\/24\/silencio-do-cancro-colorretal-complica-diagnostico-precoce\/#article","isPartOf":{"@id":"https:\/\/portaltela.pt\/noticias\/2026\/03\/24\/silencio-do-cancro-colorretal-complica-diagnostico-precoce\/"},"author":{"name":"Telinha","@id":"https:\/\/portaltela.pt\/#\/schema\/person\/c4278d4a6028830caff9ee44b42d32ed"},"headline":"Sil\u00eancio do cancro colorretal complica diagn\u00f3stico precoce","datePublished":"2026-03-24T10:01:27+00:00","mainEntityOfPage":{"@id":"https:\/\/portaltela.pt\/noticias\/2026\/03\/24\/silencio-do-cancro-colorretal-complica-diagnostico-precoce\/"},"wordCount":279,"image":{"@id":"https:\/\/portaltela.pt\/noticias\/2026\/03\/24\/silencio-do-cancro-colorretal-complica-diagnostico-precoce\/#primaryimage"},"thumbnailUrl":"https:\/\/portaltela.pt\/s.01k8rhncp4jt1\/2026\/03\/img_1500x1000uu2021-10-13-10-49-11-1089693.jpg","keywords":["C\u00e2ncer","cirurgia","diagn\u00f3stico","medicina","Oncologia","sa\u00fade p\u00fablica"],"articleSection":["Not\u00edcias","Sa\u00fade"],"inLanguage":"pt-PT"},{"@type":"WebPage","@id":"https:\/\/portaltela.pt\/noticias\/2026\/03\/24\/silencio-do-cancro-colorretal-complica-diagnostico-precoce\/","url":"https:\/\/portaltela.pt\/noticias\/2026\/03\/24\/silencio-do-cancro-colorretal-complica-diagnostico-precoce\/","name":"Sil\u00eancio do cancro colorretal complica diagn\u00f3stico precoce - Portal Tela Portugal","isPartOf":{"@id":"https:\/\/portaltela.pt\/#website"},"primaryImageOfPage":{"@id":"https:\/\/portaltela.pt\/noticias\/2026\/03\/24\/silencio-do-cancro-colorretal-complica-diagnostico-precoce\/#primaryimage"},"image":{"@id":"https:\/\/portaltela.pt\/noticias\/2026\/03\/24\/silencio-do-cancro-colorretal-complica-diagnostico-precoce\/#primaryimage"},"thumbnailUrl":"https:\/\/portaltela.pt\/s.01k8rhncp4jt1\/2026\/03\/img_1500x1000uu2021-10-13-10-49-11-1089693.jpg","datePublished":"2026-03-24T10:01:27+00:00","author":{"@id":"https:\/\/portaltela.pt\/#\/schema\/person\/c4278d4a6028830caff9ee44b42d32ed"},"breadcrumb":{"@id":"https:\/\/portaltela.pt\/noticias\/2026\/03\/24\/silencio-do-cancro-colorretal-complica-diagnostico-precoce\/#breadcrumb"},"inLanguage":"pt-PT","potentialAction":[{"@type":"ReadAction","target":["https:\/\/portaltela.pt\/noticias\/2026\/03\/24\/silencio-do-cancro-colorretal-complica-diagnostico-precoce\/"]}]},{"@type":"ImageObject","inLanguage":"pt-PT","@id":"https:\/\/portaltela.pt\/noticias\/2026\/03\/24\/silencio-do-cancro-colorretal-complica-diagnostico-precoce\/#primaryimage","url":"https:\/\/portaltela.pt\/s.01k8rhncp4jt1\/2026\/03\/img_1500x1000uu2021-10-13-10-49-11-1089693.jpg","contentUrl":"https:\/\/portaltela.pt\/s.01k8rhncp4jt1\/2026\/03\/img_1500x1000uu2021-10-13-10-49-11-1089693.jpg","width":796,"height":448,"caption":"Cancro"},{"@type":"BreadcrumbList","@id":"https:\/\/portaltela.pt\/noticias\/2026\/03\/24\/silencio-do-cancro-colorretal-complica-diagnostico-precoce\/#breadcrumb","itemListElement":[{"@type":"ListItem","position":1,"name":"In\u00edcio","item":"https:\/\/portaltela.pt\/"},{"@type":"ListItem","position":2,"name":"Sil\u00eancio do cancro colorretal complica diagn\u00f3stico precoce"}]},{"@type":"WebSite","@id":"https:\/\/portaltela.pt\/#website","url":"https:\/\/portaltela.pt\/","name":"Portal Tela Portugal","description":"","potentialAction":[{"@type":"SearchAction","target":{"@type":"EntryPoint","urlTemplate":"https:\/\/portaltela.pt\/?s={search_term_string}"},"query-input":{"@type":"PropertyValueSpecification","valueRequired":true,"valueName":"search_term_string"}}],"inLanguage":"pt-PT"},{"@type":"Person","@id":"https:\/\/portaltela.pt\/#\/schema\/person\/c4278d4a6028830caff9ee44b42d32ed","name":"Telinha","image":{"@type":"ImageObject","inLanguage":"pt-PT","@id":"https:\/\/portaltela.pt\/s.01k8rhncp4jt1\/2025\/11\/talking-bot-125x125.png","url":"https:\/\/portaltela.pt\/s.01k8rhncp4jt1\/2025\/11\/talking-bot-125x125.png","contentUrl":"https:\/\/portaltela.pt\/s.01k8rhncp4jt1\/2025\/11\/talking-bot-125x125.png","caption":"Telinha"},"sameAs":["https:\/\/portaltela.pt\/"],"url":"https:\/\/portaltela.pt\/por\/367410592786\/"}]}},"_links":{"self":[{"href":"https:\/\/portaltela.pt\/api\/wp\/v2\/posts\/419328","targetHints":{"allow":["GET"]}}],"collection":[{"href":"https:\/\/portaltela.pt\/api\/wp\/v2\/posts"}],"about":[{"href":"https:\/\/portaltela.pt\/api\/wp\/v2\/types\/post"}],"author":[{"embeddable":true,"href":"https:\/\/portaltela.pt\/api\/wp\/v2\/users\/2"}],"replies":[{"embeddable":true,"href":"https:\/\/portaltela.pt\/api\/wp\/v2\/comments?post=419328"}],"version-history":[{"count":0,"href":"https:\/\/portaltela.pt\/api\/wp\/v2\/posts\/419328\/revisions"}],"wp:featuredmedia":[{"embeddable":true,"href":"https:\/\/portaltela.pt\/api\/wp\/v2\/media\/419330"}],"wp:attachment":[{"href":"https:\/\/portaltela.pt\/api\/wp\/v2\/media?parent=419328"}],"wp:term":[{"taxonomy":"category","embeddable":true,"href":"https:\/\/portaltela.pt\/api\/wp\/v2\/categories?post=419328"},{"taxonomy":"post_tag","embeddable":true,"href":"https:\/\/portaltela.pt\/api\/wp\/v2\/tags?post=419328"}],"curies":[{"name":"wp","href":"https:\/\/api.w.org\/{rel}","templated":true}]}}