{"id":419321,"date":"2026-03-24T07:07:37","date_gmt":"2026-03-24T10:07:37","guid":{"rendered":"https:\/\/portaltela.pt\/noticias\/2026\/03\/24\/durao-barroso-comemora-70-anos-em-lisboa-montenegro-entre-convidados\/"},"modified":"2026-03-24T07:07:37","modified_gmt":"2026-03-24T10:07:37","slug":"durao-barroso-comemora-70-anos-em-lisboa-montenegro-entre-convidados","status":"publish","type":"post","link":"https:\/\/portaltela.pt\/sociedade\/2026\/03\/24\/durao-barroso-comemora-70-anos-em-lisboa-montenegro-entre-convidados\/","title":{"rendered":"Dur\u00e3o Barroso comemora 70 anos em Lisboa; Montenegro entre convidados"},"content":{"rendered":"<p>Dur\u00e3o Barroso celebrou o seu 70\u00ba anivers\u00e1rio na noite desta segunda-feira, 23 de mar\u00e7o, no JNcQuoi Club, no centro de Lisboa. O ex-primeiro-ministro e ex-presidente da Comiss\u00e3o Europeia esteve acompanhado pela mulher, Joana Gon\u00e7alves.<\/p>\n<p>Entre os convidados estiveram v\u00e1rias figuras da pol\u00edtica e dos neg\u00f3cios, incluindo o atual primeiro-ministro Lu\u00eds Montenegro. Tamb\u00e9m marcaram presen\u00e7a Paulo Rangel, Paula Amorim, Cavaco Silva, Manuela Ferreira Leite, Rui Moreira, Jo\u00e3o e Vasco Pereira Coutinho, Ant\u00f3nio Horta Os\u00f3rio, Ant\u00f3nio Mexia e Jos\u00e9 Lu\u00eds Arnaut.<\/p>\n<p>Marcelo Rebelo de Sousa n\u00e3o participou na celebra\u00e7\u00e3o, que reuniu familiares e amigos para assinalar a data.<\/p>\n<p>A festa teve, assim, um formato de encontro social, em que diferentes elos do universo p\u00fablico e empresarial estiveram presentes para felicitar o aniversariante.<\/p>\n","protected":false},"excerpt":{"rendered":"<ul>\n<li>Dur\u00e3o Barroso celebrou o seu 70.\u00ba anivers\u00e1rio a 23 de mar\u00e7o, em Lisboa, no JNcQuoi Club.<\/li>\n<li>A festa contou com a participa\u00e7\u00e3o da mulher, Joana Gon\u00e7alves, e de familiares e amigos do meio pol\u00edtico e empresarial.<\/li>\n<li>O atual primeiro-ministro, Lu\u00eds Montenegro, cantou os parab\u00e9ns ao antigo chefe de Governo e ex-presidente da Comiss\u00e3o Europeia.<\/li>\n<li>Estiveram presentes nomes como Paulo Rangel, Paula Amorim, Cavaco Silva, Manuela Ferreira Leite, Rui Moreira, Jo\u00e3o e Vasco Pereira Coutinho, Ant\u00f3nio Horta Os\u00f3rio, Ant\u00f3nio Mexia e Jos\u00e9 Lu\u00eds Arnaut.<\/li>\n<li>Marcelo Rebelo de Sousa n\u00e3o marcou presen\u00e7a na celebra\u00e7\u00e3o.<\/li>\n<\/ul>\n","protected":false},"author":2,"featured_media":419327,"comment_status":"closed","ping_status":"closed","sticky":false,"template":"","format":"standard","meta":{"footnotes":""},"categories":[7366,6871],"tags":[6901,5468,981,3439,2832,2318],"class_list":["post-419321","post","type-post","status-publish","format-standard","has-post-thumbnail","hentry","category-familia","category-sociedade","tag-anibal-cavaco-silva","tag-festa","tag-lisboa","tag-luis-montenegro","tag-politica","tag-sociedade"],"yoast_head":"<!-- This site is optimized with the Yoast SEO plugin v27.2 - https:\/\/yoast.com\/product\/yoast-seo-wordpress\/ -->\n<title>Dur\u00e3o Barroso comemora 70 anos em Lisboa; Montenegro entre convidados - Portal Tela Portugal<\/title>\n<meta name=\"robots\" content=\"index, follow, max-snippet:-1, max-image-preview:large, max-video-preview:-1\" \/>\n<meta property=\"og:locale\" content=\"pt_PT\" \/>\n<meta property=\"og:type\" content=\"article\" \/>\n<meta property=\"og:title\" content=\"Dur\u00e3o Barroso comemora 70 anos em Lisboa; Montenegro entre convidados - Portal Tela Portugal\" \/>\n<meta property=\"og:description\" content=\"Dur\u00e3o Barroso celebrou o seu 70.\u00ba anivers\u00e1rio a 23 de mar\u00e7o, em Lisboa, no JNcQuoi Club. A festa contou com a participa\u00e7\u00e3o da mulher, Joana Gon\u00e7alves, e de familiares e amigos do meio pol\u00edtico e empresarial. O atual primeiro-ministro, Lu\u00eds Montenegro, cantou os parab\u00e9ns ao antigo chefe de Governo e ex-presidente da Comiss\u00e3o Europeia. Estiveram presentes nomes como Paulo Rangel, Paula Amorim, Cavaco Silva, Manuela Ferreira Leite, Rui Moreira, Jo\u00e3o e Vasco Pereira Coutinho, Ant\u00f3nio Horta Os\u00f3rio, Ant\u00f3nio Mexia e Jos\u00e9 Lu\u00eds Arnaut. Marcelo Rebelo de Sousa n\u00e3o marcou presen\u00e7a na celebra\u00e7\u00e3o.\" \/>\n<meta property=\"og:url\" content=\"https:\/\/portaltela.pt\/noticias\/2026\/03\/24\/durao-barroso-comemora-70-anos-em-lisboa-montenegro-entre-convidados\/\" \/>\n<meta property=\"og:site_name\" content=\"Portal Tela Portugal\" \/>\n<meta property=\"article:published_time\" content=\"2026-03-24T10:07:37+00:00\" \/>\n<meta name=\"author\" content=\"Telinha\" \/>\n<meta name=\"twitter:card\" content=\"summary_large_image\" \/>\n<meta name=\"twitter:label1\" content=\"Escrito por\" \/>\n\t<meta name=\"twitter:data1\" content=\"Telinha\" \/>\n\t<meta name=\"twitter:label2\" content=\"Tempo estimado de leitura\" \/>\n\t<meta name=\"twitter:data2\" content=\"1 minuto\" \/>\n<script type=\"application\/ld+json\" class=\"yoast-schema-graph\">{\"@context\":\"https:\/\/schema.org\",\"@graph\":[{\"@type\":\"Article\",\"@id\":\"https:\/\/portaltela.pt\/noticias\/2026\/03\/24\/durao-barroso-comemora-70-anos-em-lisboa-montenegro-entre-convidados\/#article\",\"isPartOf\":{\"@id\":\"https:\/\/portaltela.pt\/noticias\/2026\/03\/24\/durao-barroso-comemora-70-anos-em-lisboa-montenegro-entre-convidados\/\"},\"author\":{\"name\":\"Telinha\",\"@id\":\"https:\/\/portaltela.pt\/#\/schema\/person\/c4278d4a6028830caff9ee44b42d32ed\"},\"headline\":\"Dur\u00e3o Barroso comemora 70 anos em Lisboa; Montenegro entre convidados\",\"datePublished\":\"2026-03-24T10:07:37+00:00\",\"mainEntityOfPage\":{\"@id\":\"https:\/\/portaltela.pt\/noticias\/2026\/03\/24\/durao-barroso-comemora-70-anos-em-lisboa-montenegro-entre-convidados\/\"},\"wordCount\":147,\"image\":{\"@id\":\"https:\/\/portaltela.pt\/noticias\/2026\/03\/24\/durao-barroso-comemora-70-anos-em-lisboa-montenegro-entre-convidados\/#primaryimage\"},\"thumbnailUrl\":\"https:\/\/portaltela.pt\/s.01k8rhncp4jt1\/2026\/03\/img_1500x1000uu2023-10-21-23-16-30-2164779-im-639099424893736199.jpg\",\"keywords\":[\"An\u00edbal Cavaco Silva\",\"festa\",\"Lisboa\",\"Lu\u00eds Montenegro\",\"pol\u00edtica\",\"sociedade\"],\"articleSection\":[\"Fam\u00edlia\",\"Sociedade\"],\"inLanguage\":\"pt-PT\"},{\"@type\":\"WebPage\",\"@id\":\"https:\/\/portaltela.pt\/noticias\/2026\/03\/24\/durao-barroso-comemora-70-anos-em-lisboa-montenegro-entre-convidados\/\",\"url\":\"https:\/\/portaltela.pt\/noticias\/2026\/03\/24\/durao-barroso-comemora-70-anos-em-lisboa-montenegro-entre-convidados\/\",\"name\":\"Dur\u00e3o Barroso comemora 70 anos em Lisboa; Montenegro entre convidados - Portal Tela Portugal\",\"isPartOf\":{\"@id\":\"https:\/\/portaltela.pt\/#website\"},\"primaryImageOfPage\":{\"@id\":\"https:\/\/portaltela.pt\/noticias\/2026\/03\/24\/durao-barroso-comemora-70-anos-em-lisboa-montenegro-entre-convidados\/#primaryimage\"},\"image\":{\"@id\":\"https:\/\/portaltela.pt\/noticias\/2026\/03\/24\/durao-barroso-comemora-70-anos-em-lisboa-montenegro-entre-convidados\/#primaryimage\"},\"thumbnailUrl\":\"https:\/\/portaltela.pt\/s.01k8rhncp4jt1\/2026\/03\/img_1500x1000uu2023-10-21-23-16-30-2164779-im-639099424893736199.jpg\",\"datePublished\":\"2026-03-24T10:07:37+00:00\",\"author\":{\"@id\":\"https:\/\/portaltela.pt\/#\/schema\/person\/c4278d4a6028830caff9ee44b42d32ed\"},\"breadcrumb\":{\"@id\":\"https:\/\/portaltela.pt\/noticias\/2026\/03\/24\/durao-barroso-comemora-70-anos-em-lisboa-montenegro-entre-convidados\/#breadcrumb\"},\"inLanguage\":\"pt-PT\",\"potentialAction\":[{\"@type\":\"ReadAction\",\"target\":[\"https:\/\/portaltela.pt\/noticias\/2026\/03\/24\/durao-barroso-comemora-70-anos-em-lisboa-montenegro-entre-convidados\/\"]}]},{\"@type\":\"ImageObject\",\"inLanguage\":\"pt-PT\",\"@id\":\"https:\/\/portaltela.pt\/noticias\/2026\/03\/24\/durao-barroso-comemora-70-anos-em-lisboa-montenegro-entre-convidados\/#primaryimage\",\"url\":\"https:\/\/portaltela.pt\/s.01k8rhncp4jt1\/2026\/03\/img_1500x1000uu2023-10-21-23-16-30-2164779-im-639099424893736199.jpg\",\"contentUrl\":\"https:\/\/portaltela.pt\/s.01k8rhncp4jt1\/2026\/03\/img_1500x1000uu2023-10-21-23-16-30-2164779-im-639099424893736199.jpg\",\"width\":1500,\"height\":1000,\"caption\":\"Dur\u00e3o Barroso\"},{\"@type\":\"BreadcrumbList\",\"@id\":\"https:\/\/portaltela.pt\/noticias\/2026\/03\/24\/durao-barroso-comemora-70-anos-em-lisboa-montenegro-entre-convidados\/#breadcrumb\",\"itemListElement\":[{\"@type\":\"ListItem\",\"position\":1,\"name\":\"In\u00edcio\",\"item\":\"https:\/\/portaltela.pt\/\"},{\"@type\":\"ListItem\",\"position\":2,\"name\":\"Dur\u00e3o Barroso comemora 70 anos em Lisboa; Montenegro entre convidados\"}]},{\"@type\":\"WebSite\",\"@id\":\"https:\/\/portaltela.pt\/#website\",\"url\":\"https:\/\/portaltela.pt\/\",\"name\":\"Portal Tela Portugal\",\"description\":\"\",\"potentialAction\":[{\"@type\":\"SearchAction\",\"target\":{\"@type\":\"EntryPoint\",\"urlTemplate\":\"https:\/\/portaltela.pt\/?s={search_term_string}\"},\"query-input\":{\"@type\":\"PropertyValueSpecification\",\"valueRequired\":true,\"valueName\":\"search_term_string\"}}],\"inLanguage\":\"pt-PT\"},{\"@type\":\"Person\",\"@id\":\"https:\/\/portaltela.pt\/#\/schema\/person\/c4278d4a6028830caff9ee44b42d32ed\",\"name\":\"Telinha\",\"image\":{\"@type\":\"ImageObject\",\"inLanguage\":\"pt-PT\",\"@id\":\"https:\/\/portaltela.pt\/s.01k8rhncp4jt1\/2025\/11\/talking-bot-125x125.png\",\"url\":\"https:\/\/portaltela.pt\/s.01k8rhncp4jt1\/2025\/11\/talking-bot-125x125.png\",\"contentUrl\":\"https:\/\/portaltela.pt\/s.01k8rhncp4jt1\/2025\/11\/talking-bot-125x125.png\",\"caption\":\"Telinha\"},\"sameAs\":[\"https:\/\/portaltela.pt\/\"],\"url\":\"https:\/\/portaltela.pt\/por\/367410592786\/\"}]}<\/script>\n<!-- \/ Yoast SEO plugin. -->","yoast_head_json":{"title":"Dur\u00e3o Barroso comemora 70 anos em Lisboa; Montenegro entre convidados - Portal Tela Portugal","robots":{"index":"index","follow":"follow","max-snippet":"max-snippet:-1","max-image-preview":"max-image-preview:large","max-video-preview":"max-video-preview:-1"},"og_locale":"pt_PT","og_type":"article","og_title":"Dur\u00e3o Barroso comemora 70 anos em Lisboa; Montenegro entre convidados - Portal Tela Portugal","og_description":"Dur\u00e3o Barroso celebrou o seu 70.\u00ba anivers\u00e1rio a 23 de mar\u00e7o, em Lisboa, no JNcQuoi Club. A festa contou com a participa\u00e7\u00e3o da mulher, Joana Gon\u00e7alves, e de familiares e amigos do meio pol\u00edtico e empresarial. O atual primeiro-ministro, Lu\u00eds Montenegro, cantou os parab\u00e9ns ao antigo chefe de Governo e ex-presidente da Comiss\u00e3o Europeia. Estiveram presentes nomes como Paulo Rangel, Paula Amorim, Cavaco Silva, Manuela Ferreira Leite, Rui Moreira, Jo\u00e3o e Vasco Pereira Coutinho, Ant\u00f3nio Horta Os\u00f3rio, Ant\u00f3nio Mexia e Jos\u00e9 Lu\u00eds Arnaut. Marcelo Rebelo de Sousa n\u00e3o marcou presen\u00e7a na celebra\u00e7\u00e3o.","og_url":"https:\/\/portaltela.pt\/noticias\/2026\/03\/24\/durao-barroso-comemora-70-anos-em-lisboa-montenegro-entre-convidados\/","og_site_name":"Portal Tela Portugal","article_published_time":"2026-03-24T10:07:37+00:00","author":"Telinha","twitter_card":"summary_large_image","twitter_misc":{"Escrito por":"Telinha","Tempo estimado de leitura":"1 minuto"},"schema":{"@context":"https:\/\/schema.org","@graph":[{"@type":"Article","@id":"https:\/\/portaltela.pt\/noticias\/2026\/03\/24\/durao-barroso-comemora-70-anos-em-lisboa-montenegro-entre-convidados\/#article","isPartOf":{"@id":"https:\/\/portaltela.pt\/noticias\/2026\/03\/24\/durao-barroso-comemora-70-anos-em-lisboa-montenegro-entre-convidados\/"},"author":{"name":"Telinha","@id":"https:\/\/portaltela.pt\/#\/schema\/person\/c4278d4a6028830caff9ee44b42d32ed"},"headline":"Dur\u00e3o Barroso comemora 70 anos em Lisboa; Montenegro entre convidados","datePublished":"2026-03-24T10:07:37+00:00","mainEntityOfPage":{"@id":"https:\/\/portaltela.pt\/noticias\/2026\/03\/24\/durao-barroso-comemora-70-anos-em-lisboa-montenegro-entre-convidados\/"},"wordCount":147,"image":{"@id":"https:\/\/portaltela.pt\/noticias\/2026\/03\/24\/durao-barroso-comemora-70-anos-em-lisboa-montenegro-entre-convidados\/#primaryimage"},"thumbnailUrl":"https:\/\/portaltela.pt\/s.01k8rhncp4jt1\/2026\/03\/img_1500x1000uu2023-10-21-23-16-30-2164779-im-639099424893736199.jpg","keywords":["An\u00edbal Cavaco Silva","festa","Lisboa","Lu\u00eds Montenegro","pol\u00edtica","sociedade"],"articleSection":["Fam\u00edlia","Sociedade"],"inLanguage":"pt-PT"},{"@type":"WebPage","@id":"https:\/\/portaltela.pt\/noticias\/2026\/03\/24\/durao-barroso-comemora-70-anos-em-lisboa-montenegro-entre-convidados\/","url":"https:\/\/portaltela.pt\/noticias\/2026\/03\/24\/durao-barroso-comemora-70-anos-em-lisboa-montenegro-entre-convidados\/","name":"Dur\u00e3o Barroso comemora 70 anos em Lisboa; Montenegro entre convidados - Portal Tela Portugal","isPartOf":{"@id":"https:\/\/portaltela.pt\/#website"},"primaryImageOfPage":{"@id":"https:\/\/portaltela.pt\/noticias\/2026\/03\/24\/durao-barroso-comemora-70-anos-em-lisboa-montenegro-entre-convidados\/#primaryimage"},"image":{"@id":"https:\/\/portaltela.pt\/noticias\/2026\/03\/24\/durao-barroso-comemora-70-anos-em-lisboa-montenegro-entre-convidados\/#primaryimage"},"thumbnailUrl":"https:\/\/portaltela.pt\/s.01k8rhncp4jt1\/2026\/03\/img_1500x1000uu2023-10-21-23-16-30-2164779-im-639099424893736199.jpg","datePublished":"2026-03-24T10:07:37+00:00","author":{"@id":"https:\/\/portaltela.pt\/#\/schema\/person\/c4278d4a6028830caff9ee44b42d32ed"},"breadcrumb":{"@id":"https:\/\/portaltela.pt\/noticias\/2026\/03\/24\/durao-barroso-comemora-70-anos-em-lisboa-montenegro-entre-convidados\/#breadcrumb"},"inLanguage":"pt-PT","potentialAction":[{"@type":"ReadAction","target":["https:\/\/portaltela.pt\/noticias\/2026\/03\/24\/durao-barroso-comemora-70-anos-em-lisboa-montenegro-entre-convidados\/"]}]},{"@type":"ImageObject","inLanguage":"pt-PT","@id":"https:\/\/portaltela.pt\/noticias\/2026\/03\/24\/durao-barroso-comemora-70-anos-em-lisboa-montenegro-entre-convidados\/#primaryimage","url":"https:\/\/portaltela.pt\/s.01k8rhncp4jt1\/2026\/03\/img_1500x1000uu2023-10-21-23-16-30-2164779-im-639099424893736199.jpg","contentUrl":"https:\/\/portaltela.pt\/s.01k8rhncp4jt1\/2026\/03\/img_1500x1000uu2023-10-21-23-16-30-2164779-im-639099424893736199.jpg","width":1500,"height":1000,"caption":"Dur\u00e3o Barroso"},{"@type":"BreadcrumbList","@id":"https:\/\/portaltela.pt\/noticias\/2026\/03\/24\/durao-barroso-comemora-70-anos-em-lisboa-montenegro-entre-convidados\/#breadcrumb","itemListElement":[{"@type":"ListItem","position":1,"name":"In\u00edcio","item":"https:\/\/portaltela.pt\/"},{"@type":"ListItem","position":2,"name":"Dur\u00e3o Barroso comemora 70 anos em Lisboa; Montenegro entre convidados"}]},{"@type":"WebSite","@id":"https:\/\/portaltela.pt\/#website","url":"https:\/\/portaltela.pt\/","name":"Portal Tela Portugal","description":"","potentialAction":[{"@type":"SearchAction","target":{"@type":"EntryPoint","urlTemplate":"https:\/\/portaltela.pt\/?s={search_term_string}"},"query-input":{"@type":"PropertyValueSpecification","valueRequired":true,"valueName":"search_term_string"}}],"inLanguage":"pt-PT"},{"@type":"Person","@id":"https:\/\/portaltela.pt\/#\/schema\/person\/c4278d4a6028830caff9ee44b42d32ed","name":"Telinha","image":{"@type":"ImageObject","inLanguage":"pt-PT","@id":"https:\/\/portaltela.pt\/s.01k8rhncp4jt1\/2025\/11\/talking-bot-125x125.png","url":"https:\/\/portaltela.pt\/s.01k8rhncp4jt1\/2025\/11\/talking-bot-125x125.png","contentUrl":"https:\/\/portaltela.pt\/s.01k8rhncp4jt1\/2025\/11\/talking-bot-125x125.png","caption":"Telinha"},"sameAs":["https:\/\/portaltela.pt\/"],"url":"https:\/\/portaltela.pt\/por\/367410592786\/"}]}},"_links":{"self":[{"href":"https:\/\/portaltela.pt\/api\/wp\/v2\/posts\/419321","targetHints":{"allow":["GET"]}}],"collection":[{"href":"https:\/\/portaltela.pt\/api\/wp\/v2\/posts"}],"about":[{"href":"https:\/\/portaltela.pt\/api\/wp\/v2\/types\/post"}],"author":[{"embeddable":true,"href":"https:\/\/portaltela.pt\/api\/wp\/v2\/users\/2"}],"replies":[{"embeddable":true,"href":"https:\/\/portaltela.pt\/api\/wp\/v2\/comments?post=419321"}],"version-history":[{"count":0,"href":"https:\/\/portaltela.pt\/api\/wp\/v2\/posts\/419321\/revisions"}],"wp:featuredmedia":[{"embeddable":true,"href":"https:\/\/portaltela.pt\/api\/wp\/v2\/media\/419327"}],"wp:attachment":[{"href":"https:\/\/portaltela.pt\/api\/wp\/v2\/media?parent=419321"}],"wp:term":[{"taxonomy":"category","embeddable":true,"href":"https:\/\/portaltela.pt\/api\/wp\/v2\/categories?post=419321"},{"taxonomy":"post_tag","embeddable":true,"href":"https:\/\/portaltela.pt\/api\/wp\/v2\/tags?post=419321"}],"curies":[{"name":"wp","href":"https:\/\/api.w.org\/{rel}","templated":true}]}}