{"id":419319,"date":"2026-03-24T07:17:29","date_gmt":"2026-03-24T10:17:29","guid":{"rendered":"https:\/\/portaltela.pt\/noticias\/2026\/03\/24\/relatorio-aponta-crescimento-de-imagens-graves-de-abuso-infantil-geradas-por-ia\/"},"modified":"2026-03-24T07:17:29","modified_gmt":"2026-03-24T10:17:29","slug":"relatorio-aponta-crescimento-de-imagens-graves-de-abuso-infantil-geradas-por-ia","status":"publish","type":"post","link":"https:\/\/portaltela.pt\/criminalidade\/2026\/03\/24\/relatorio-aponta-crescimento-de-imagens-graves-de-abuso-infantil-geradas-por-ia\/","title":{"rendered":"Relat\u00f3rio aponta crescimento de imagens graves de abuso infantil geradas por IA"},"content":{"rendered":"<p>A produ\u00e7\u00e3o de conte\u00fados sexuais envolvendo menores gerados por intelig\u00eancia artificial (IA) continua a aumentar, segundo um relat\u00f3rio da Internet Watch Foundation (IWF). Em 2025, houve um aumento de 14% em imagens e v\u00eddeos criados com IA, que simulam abuso de crian\u00e7as. As descobertas baseiam-se em den\u00fancias de utilizadores.<\/p>\n<p>No total, a IWF identificou mais de 8.000 conte\u00fados gerados por IA no \u00faltimo ano. A organiza\u00e7\u00e3o brit\u00e2nica distingue o material gerado por IA das imagens reais por erros \u00f3bvios, pela afirma\u00e7\u00e3o da v\u00edtima de que \u00e9 IA ou por informa\u00e7\u00f5es do criador. O foco est\u00e1 no que \u00e9 produzido com IA.<\/p>\n<p>Mais de 3.400 conte\u00fados IA eram v\u00eddeos em movimento, com hiper-realismo, que permitem a intera\u00e7\u00e3o entre v\u00e1rias pessoas nas cenas. Al\u00e9m disso, 65% dos conte\u00fados de IA correspondiam \u00e0s formas mais graves de abuso, incluindo viola\u00e7\u00e3o, tortura sexual e outras viola\u00e7\u00f5es extremas.<\/p>\n<p>Ainda segundo o relat\u00f3rio, a pornografia infantil n\u00e3o gerada por IA tamb\u00e9m \u00e9 relevante, mas menos extrema: 43% enquadram-se nas categorias mais extremas, o que indica que alguns agressores recorrem \u00e0 IA para elevar o grau de viol\u00eancia. A IWF alerta para uma tend\u00eancia de crescimento r\u00e1pido.<\/p>\n<h3>Como utilizam os agressores a IA<\/h3>\n<p>A an\u00e1lise mostra discuss\u00f5es na dark web onde os ofensores trocam modelos de IA e bases de dados para gerar material abusivo. Em um caso, surgiu um an\u00fancio a oferecer \u201ccursos personalizados\u201d sobre cria\u00e7\u00e3o de imagens de adolescentes com IA.<\/p>\n<p>A IWF conclui que uma \u00fanica aplica\u00e7\u00e3o j\u00e1 permite gerar conte\u00fados abusivos com baixo esfor\u00e7o t\u00e9cnico, reduzindo barreiras \u00e0 entrada. Em alguns casos, basta uma imagem de refer\u00eancia para produzir conte\u00fado sexual envolvendo menores.<\/p>\n<p>Apesar do aumento, o relat\u00f3rio admite que o material recolhido oferece apenas uma vis\u00e3o parcial do que circula online. Barreiras de acesso a paywalls e espa\u00e7os encriptados limitam a capacidade de monitoriza\u00e7\u00e3o dos analistas.<\/p>\n<h3>Uni\u00e3o Europeia: proibi\u00e7\u00e3o alargada pode ser o padr\u00e3o m\u00ednimo<\/h3>\n<p>Kerry Smith, diretora-executiva da IWF, pediu \u00e0 UE para considerar uma proibi\u00e7\u00e3o ampla de conte\u00fados de abuso sexual de menores gerados por IA e das ferramentas usadas para cri\u00e1-los. A proibi\u00e7\u00e3o, segundo o relat\u00f3rio, tamb\u00e9m tornaria ilegal criar conte\u00fados personalizados, mesmo se n\u00e3o partilhados.<\/p>\n<p>A sondagem surge ap\u00f3s a extens\u00e3o tempor\u00e1ria da Directiva ePrivacy, at\u00e9 3 de abril, para permitir um quadro jur\u00eddico de longo prazo no combate ao CSAM. Os legisladores defendem medidas proporcionais que se apliquem apenas a conte\u00fados j\u00e1 sinalizados como potencial CSAM.<\/p>\n<p>A IWF tamb\u00e9m defende que a Lei da IA da UE classifique sistemas capazes de gerar conte\u00fado sexual de menores como de alto risco. Nessa designa\u00e7\u00e3o, os sistemas enfrentariam testes mais rigorosos antes de serem disponibilizados no bloco.<\/p>\n<p>O relat\u00f3rio refor\u00e7a que o uso da IA para explora\u00e7\u00e3o sexual de crian\u00e7as \u00e9 ilegal sob a Lei da IA da UE, que impede sistemas criados com esse fim de serem disponibilizados na UE.<\/p>\n","protected":false},"excerpt":{"rendered":"<ul>\n<li>A IWF aponta um aumento de 14% em 2025 de imagens geradas por IA que retratam abusos sexuais de menores, com mais de oito mil conte\u00fados identificados no \u00faltimo ano.<\/li>\n<li>Mais de 3.400 desses conte\u00fados s\u00e3o v\u00eddeos de \u201cfull motion\u201d gerados por IA, com intera\u00e7\u00f5es entre v\u00e1rias pessoas.<\/li>\n<li>Mais de 65% dessas imagens e v\u00eddeos representam as formas mais graves de abuso, incluindo viola\u00e7\u00e3o, tortura sexual e bestialidade.<\/li>\n<li>O relat\u00f3rio descreve discuss\u00f5es na dark web e an\u00fancios que oferecem \u201ccursos\u201d para ensinar a criar imagens de adolescentes por IA, reduzindo barreiras t\u00e9cnicas.<\/li>\n<li>A IWF pede \u00e0 Uni\u00e3o Europeia uma proibi\u00e7\u00e3o ampla de conte\u00fados de CSAM gerados por IA e das ferramentas usadas para cri\u00e1-los, classificando sistemas de IA que geram CSAM como alto risco no AI Act.<\/li>\n<\/ul>\n","protected":false},"author":2,"featured_media":419324,"comment_status":"closed","ping_status":"closed","sticky":false,"template":"","format":"standard","meta":{"footnotes":""},"categories":[6907,7374],"tags":[3990,2633,5194,51,1432,2055],"class_list":["post-419319","post","type-post","status-publish","format-standard","has-post-thumbnail","hentry","category-crime","category-criminalidade","tag-crimes-sexuais","tag-direitos-humanos","tag-exploracao-de-menores","tag-inteligencia-artificial","tag-pornografia-de-menores","tag-uniao-europeia"],"yoast_head":"<!-- This site is optimized with the Yoast SEO plugin v27.2 - https:\/\/yoast.com\/product\/yoast-seo-wordpress\/ -->\n<title>Relat\u00f3rio aponta crescimento de imagens graves de abuso infantil geradas por IA - Portal Tela Portugal<\/title>\n<meta name=\"robots\" content=\"index, follow, max-snippet:-1, max-image-preview:large, max-video-preview:-1\" \/>\n<meta property=\"og:locale\" content=\"pt_PT\" \/>\n<meta property=\"og:type\" content=\"article\" \/>\n<meta property=\"og:title\" content=\"Relat\u00f3rio aponta crescimento de imagens graves de abuso infantil geradas por IA - Portal Tela Portugal\" \/>\n<meta property=\"og:description\" content=\"A IWF aponta um aumento de 14% em 2025 de imagens geradas por IA que retratam abusos sexuais de menores, com mais de oito mil conte\u00fados identificados no \u00faltimo ano. Mais de 3.400 desses conte\u00fados s\u00e3o v\u00eddeos de \u201cfull motion\u201d gerados por IA, com intera\u00e7\u00f5es entre v\u00e1rias pessoas. Mais de 65% dessas imagens e v\u00eddeos representam as formas mais graves de abuso, incluindo viola\u00e7\u00e3o, tortura sexual e bestialidade. O relat\u00f3rio descreve discuss\u00f5es na dark web e an\u00fancios que oferecem \u201ccursos\u201d para ensinar a criar imagens de adolescentes por IA, reduzindo barreiras t\u00e9cnicas. A IWF pede \u00e0 Uni\u00e3o Europeia uma proibi\u00e7\u00e3o ampla de conte\u00fados de CSAM gerados por IA e das ferramentas usadas para cri\u00e1-los, classificando sistemas de IA que geram CSAM como alto risco no AI Act.\" \/>\n<meta property=\"og:url\" content=\"https:\/\/portaltela.pt\/noticias\/2026\/03\/24\/relatorio-aponta-crescimento-de-imagens-graves-de-abuso-infantil-geradas-por-ia\/\" \/>\n<meta property=\"og:site_name\" content=\"Portal Tela Portugal\" \/>\n<meta property=\"article:published_time\" content=\"2026-03-24T10:17:29+00:00\" \/>\n<meta name=\"author\" content=\"Telinha\" \/>\n<meta name=\"twitter:card\" content=\"summary_large_image\" \/>\n<meta name=\"twitter:label1\" content=\"Escrito por\" \/>\n\t<meta name=\"twitter:data1\" content=\"Telinha\" \/>\n\t<meta name=\"twitter:label2\" content=\"Tempo estimado de leitura\" \/>\n\t<meta name=\"twitter:data2\" content=\"3 minutos\" \/>\n<script type=\"application\/ld+json\" class=\"yoast-schema-graph\">{\"@context\":\"https:\/\/schema.org\",\"@graph\":[{\"@type\":\"Article\",\"@id\":\"https:\/\/portaltela.pt\/noticias\/2026\/03\/24\/relatorio-aponta-crescimento-de-imagens-graves-de-abuso-infantil-geradas-por-ia\/#article\",\"isPartOf\":{\"@id\":\"https:\/\/portaltela.pt\/noticias\/2026\/03\/24\/relatorio-aponta-crescimento-de-imagens-graves-de-abuso-infantil-geradas-por-ia\/\"},\"author\":{\"name\":\"Telinha\",\"@id\":\"https:\/\/portaltela.pt\/#\/schema\/person\/c4278d4a6028830caff9ee44b42d32ed\"},\"headline\":\"Relat\u00f3rio aponta crescimento de imagens graves de abuso infantil geradas por IA\",\"datePublished\":\"2026-03-24T10:17:29+00:00\",\"mainEntityOfPage\":{\"@id\":\"https:\/\/portaltela.pt\/noticias\/2026\/03\/24\/relatorio-aponta-crescimento-de-imagens-graves-de-abuso-infantil-geradas-por-ia\/\"},\"wordCount\":535,\"image\":{\"@id\":\"https:\/\/portaltela.pt\/noticias\/2026\/03\/24\/relatorio-aponta-crescimento-de-imagens-graves-de-abuso-infantil-geradas-por-ia\/#primaryimage\"},\"thumbnailUrl\":\"https:\/\/portaltela.pt\/s.01k8rhncp4jt1\/2026\/03\/1536x864_cmsv2_afd83cf1-b90d-5b56-bcfb-9999d486709c-9695533.jpg\",\"keywords\":[\"crimes sexuais\",\"direitos humanos\",\"explora\u00e7\u00e3o de menores\",\"intelig\u00eancia artificial\",\"pornografia de menores\",\"Uni\u00e3o Europeia\"],\"articleSection\":[\"Crime\",\"Criminalidade\"],\"inLanguage\":\"pt-PT\"},{\"@type\":\"WebPage\",\"@id\":\"https:\/\/portaltela.pt\/noticias\/2026\/03\/24\/relatorio-aponta-crescimento-de-imagens-graves-de-abuso-infantil-geradas-por-ia\/\",\"url\":\"https:\/\/portaltela.pt\/noticias\/2026\/03\/24\/relatorio-aponta-crescimento-de-imagens-graves-de-abuso-infantil-geradas-por-ia\/\",\"name\":\"Relat\u00f3rio aponta crescimento de imagens graves de abuso infantil geradas por IA - Portal Tela Portugal\",\"isPartOf\":{\"@id\":\"https:\/\/portaltela.pt\/#website\"},\"primaryImageOfPage\":{\"@id\":\"https:\/\/portaltela.pt\/noticias\/2026\/03\/24\/relatorio-aponta-crescimento-de-imagens-graves-de-abuso-infantil-geradas-por-ia\/#primaryimage\"},\"image\":{\"@id\":\"https:\/\/portaltela.pt\/noticias\/2026\/03\/24\/relatorio-aponta-crescimento-de-imagens-graves-de-abuso-infantil-geradas-por-ia\/#primaryimage\"},\"thumbnailUrl\":\"https:\/\/portaltela.pt\/s.01k8rhncp4jt1\/2026\/03\/1536x864_cmsv2_afd83cf1-b90d-5b56-bcfb-9999d486709c-9695533.jpg\",\"datePublished\":\"2026-03-24T10:17:29+00:00\",\"author\":{\"@id\":\"https:\/\/portaltela.pt\/#\/schema\/person\/c4278d4a6028830caff9ee44b42d32ed\"},\"breadcrumb\":{\"@id\":\"https:\/\/portaltela.pt\/noticias\/2026\/03\/24\/relatorio-aponta-crescimento-de-imagens-graves-de-abuso-infantil-geradas-por-ia\/#breadcrumb\"},\"inLanguage\":\"pt-PT\",\"potentialAction\":[{\"@type\":\"ReadAction\",\"target\":[\"https:\/\/portaltela.pt\/noticias\/2026\/03\/24\/relatorio-aponta-crescimento-de-imagens-graves-de-abuso-infantil-geradas-por-ia\/\"]}]},{\"@type\":\"ImageObject\",\"inLanguage\":\"pt-PT\",\"@id\":\"https:\/\/portaltela.pt\/noticias\/2026\/03\/24\/relatorio-aponta-crescimento-de-imagens-graves-de-abuso-infantil-geradas-por-ia\/#primaryimage\",\"url\":\"https:\/\/portaltela.pt\/s.01k8rhncp4jt1\/2026\/03\/1536x864_cmsv2_afd83cf1-b90d-5b56-bcfb-9999d486709c-9695533.jpg\",\"contentUrl\":\"https:\/\/portaltela.pt\/s.01k8rhncp4jt1\/2026\/03\/1536x864_cmsv2_afd83cf1-b90d-5b56-bcfb-9999d486709c-9695533.jpg\",\"width\":796,\"height\":448,\"caption\":\"A Internet Watch Foundation afirmou que a pornografia infantil gerada por IA \u00e9 mais extrema e violenta do que a produzida no passado.\"},{\"@type\":\"BreadcrumbList\",\"@id\":\"https:\/\/portaltela.pt\/noticias\/2026\/03\/24\/relatorio-aponta-crescimento-de-imagens-graves-de-abuso-infantil-geradas-por-ia\/#breadcrumb\",\"itemListElement\":[{\"@type\":\"ListItem\",\"position\":1,\"name\":\"In\u00edcio\",\"item\":\"https:\/\/portaltela.pt\/\"},{\"@type\":\"ListItem\",\"position\":2,\"name\":\"Relat\u00f3rio aponta crescimento de imagens graves de abuso infantil geradas por IA\"}]},{\"@type\":\"WebSite\",\"@id\":\"https:\/\/portaltela.pt\/#website\",\"url\":\"https:\/\/portaltela.pt\/\",\"name\":\"Portal Tela Portugal\",\"description\":\"\",\"potentialAction\":[{\"@type\":\"SearchAction\",\"target\":{\"@type\":\"EntryPoint\",\"urlTemplate\":\"https:\/\/portaltela.pt\/?s={search_term_string}\"},\"query-input\":{\"@type\":\"PropertyValueSpecification\",\"valueRequired\":true,\"valueName\":\"search_term_string\"}}],\"inLanguage\":\"pt-PT\"},{\"@type\":\"Person\",\"@id\":\"https:\/\/portaltela.pt\/#\/schema\/person\/c4278d4a6028830caff9ee44b42d32ed\",\"name\":\"Telinha\",\"image\":{\"@type\":\"ImageObject\",\"inLanguage\":\"pt-PT\",\"@id\":\"https:\/\/portaltela.pt\/s.01k8rhncp4jt1\/2025\/11\/talking-bot-125x125.png\",\"url\":\"https:\/\/portaltela.pt\/s.01k8rhncp4jt1\/2025\/11\/talking-bot-125x125.png\",\"contentUrl\":\"https:\/\/portaltela.pt\/s.01k8rhncp4jt1\/2025\/11\/talking-bot-125x125.png\",\"caption\":\"Telinha\"},\"sameAs\":[\"https:\/\/portaltela.pt\/\"],\"url\":\"https:\/\/portaltela.pt\/por\/367410592786\/\"}]}<\/script>\n<!-- \/ Yoast SEO plugin. -->","yoast_head_json":{"title":"Relat\u00f3rio aponta crescimento de imagens graves de abuso infantil geradas por IA - Portal Tela Portugal","robots":{"index":"index","follow":"follow","max-snippet":"max-snippet:-1","max-image-preview":"max-image-preview:large","max-video-preview":"max-video-preview:-1"},"og_locale":"pt_PT","og_type":"article","og_title":"Relat\u00f3rio aponta crescimento de imagens graves de abuso infantil geradas por IA - Portal Tela Portugal","og_description":"A IWF aponta um aumento de 14% em 2025 de imagens geradas por IA que retratam abusos sexuais de menores, com mais de oito mil conte\u00fados identificados no \u00faltimo ano. Mais de 3.400 desses conte\u00fados s\u00e3o v\u00eddeos de \u201cfull motion\u201d gerados por IA, com intera\u00e7\u00f5es entre v\u00e1rias pessoas. Mais de 65% dessas imagens e v\u00eddeos representam as formas mais graves de abuso, incluindo viola\u00e7\u00e3o, tortura sexual e bestialidade. O relat\u00f3rio descreve discuss\u00f5es na dark web e an\u00fancios que oferecem \u201ccursos\u201d para ensinar a criar imagens de adolescentes por IA, reduzindo barreiras t\u00e9cnicas. A IWF pede \u00e0 Uni\u00e3o Europeia uma proibi\u00e7\u00e3o ampla de conte\u00fados de CSAM gerados por IA e das ferramentas usadas para cri\u00e1-los, classificando sistemas de IA que geram CSAM como alto risco no AI Act.","og_url":"https:\/\/portaltela.pt\/noticias\/2026\/03\/24\/relatorio-aponta-crescimento-de-imagens-graves-de-abuso-infantil-geradas-por-ia\/","og_site_name":"Portal Tela Portugal","article_published_time":"2026-03-24T10:17:29+00:00","author":"Telinha","twitter_card":"summary_large_image","twitter_misc":{"Escrito por":"Telinha","Tempo estimado de leitura":"3 minutos"},"schema":{"@context":"https:\/\/schema.org","@graph":[{"@type":"Article","@id":"https:\/\/portaltela.pt\/noticias\/2026\/03\/24\/relatorio-aponta-crescimento-de-imagens-graves-de-abuso-infantil-geradas-por-ia\/#article","isPartOf":{"@id":"https:\/\/portaltela.pt\/noticias\/2026\/03\/24\/relatorio-aponta-crescimento-de-imagens-graves-de-abuso-infantil-geradas-por-ia\/"},"author":{"name":"Telinha","@id":"https:\/\/portaltela.pt\/#\/schema\/person\/c4278d4a6028830caff9ee44b42d32ed"},"headline":"Relat\u00f3rio aponta crescimento de imagens graves de abuso infantil geradas por IA","datePublished":"2026-03-24T10:17:29+00:00","mainEntityOfPage":{"@id":"https:\/\/portaltela.pt\/noticias\/2026\/03\/24\/relatorio-aponta-crescimento-de-imagens-graves-de-abuso-infantil-geradas-por-ia\/"},"wordCount":535,"image":{"@id":"https:\/\/portaltela.pt\/noticias\/2026\/03\/24\/relatorio-aponta-crescimento-de-imagens-graves-de-abuso-infantil-geradas-por-ia\/#primaryimage"},"thumbnailUrl":"https:\/\/portaltela.pt\/s.01k8rhncp4jt1\/2026\/03\/1536x864_cmsv2_afd83cf1-b90d-5b56-bcfb-9999d486709c-9695533.jpg","keywords":["crimes sexuais","direitos humanos","explora\u00e7\u00e3o de menores","intelig\u00eancia artificial","pornografia de menores","Uni\u00e3o Europeia"],"articleSection":["Crime","Criminalidade"],"inLanguage":"pt-PT"},{"@type":"WebPage","@id":"https:\/\/portaltela.pt\/noticias\/2026\/03\/24\/relatorio-aponta-crescimento-de-imagens-graves-de-abuso-infantil-geradas-por-ia\/","url":"https:\/\/portaltela.pt\/noticias\/2026\/03\/24\/relatorio-aponta-crescimento-de-imagens-graves-de-abuso-infantil-geradas-por-ia\/","name":"Relat\u00f3rio aponta crescimento de imagens graves de abuso infantil geradas por IA - Portal Tela Portugal","isPartOf":{"@id":"https:\/\/portaltela.pt\/#website"},"primaryImageOfPage":{"@id":"https:\/\/portaltela.pt\/noticias\/2026\/03\/24\/relatorio-aponta-crescimento-de-imagens-graves-de-abuso-infantil-geradas-por-ia\/#primaryimage"},"image":{"@id":"https:\/\/portaltela.pt\/noticias\/2026\/03\/24\/relatorio-aponta-crescimento-de-imagens-graves-de-abuso-infantil-geradas-por-ia\/#primaryimage"},"thumbnailUrl":"https:\/\/portaltela.pt\/s.01k8rhncp4jt1\/2026\/03\/1536x864_cmsv2_afd83cf1-b90d-5b56-bcfb-9999d486709c-9695533.jpg","datePublished":"2026-03-24T10:17:29+00:00","author":{"@id":"https:\/\/portaltela.pt\/#\/schema\/person\/c4278d4a6028830caff9ee44b42d32ed"},"breadcrumb":{"@id":"https:\/\/portaltela.pt\/noticias\/2026\/03\/24\/relatorio-aponta-crescimento-de-imagens-graves-de-abuso-infantil-geradas-por-ia\/#breadcrumb"},"inLanguage":"pt-PT","potentialAction":[{"@type":"ReadAction","target":["https:\/\/portaltela.pt\/noticias\/2026\/03\/24\/relatorio-aponta-crescimento-de-imagens-graves-de-abuso-infantil-geradas-por-ia\/"]}]},{"@type":"ImageObject","inLanguage":"pt-PT","@id":"https:\/\/portaltela.pt\/noticias\/2026\/03\/24\/relatorio-aponta-crescimento-de-imagens-graves-de-abuso-infantil-geradas-por-ia\/#primaryimage","url":"https:\/\/portaltela.pt\/s.01k8rhncp4jt1\/2026\/03\/1536x864_cmsv2_afd83cf1-b90d-5b56-bcfb-9999d486709c-9695533.jpg","contentUrl":"https:\/\/portaltela.pt\/s.01k8rhncp4jt1\/2026\/03\/1536x864_cmsv2_afd83cf1-b90d-5b56-bcfb-9999d486709c-9695533.jpg","width":796,"height":448,"caption":"A Internet Watch Foundation afirmou que a pornografia infantil gerada por IA \u00e9 mais extrema e violenta do que a produzida no passado."},{"@type":"BreadcrumbList","@id":"https:\/\/portaltela.pt\/noticias\/2026\/03\/24\/relatorio-aponta-crescimento-de-imagens-graves-de-abuso-infantil-geradas-por-ia\/#breadcrumb","itemListElement":[{"@type":"ListItem","position":1,"name":"In\u00edcio","item":"https:\/\/portaltela.pt\/"},{"@type":"ListItem","position":2,"name":"Relat\u00f3rio aponta crescimento de imagens graves de abuso infantil geradas por IA"}]},{"@type":"WebSite","@id":"https:\/\/portaltela.pt\/#website","url":"https:\/\/portaltela.pt\/","name":"Portal Tela Portugal","description":"","potentialAction":[{"@type":"SearchAction","target":{"@type":"EntryPoint","urlTemplate":"https:\/\/portaltela.pt\/?s={search_term_string}"},"query-input":{"@type":"PropertyValueSpecification","valueRequired":true,"valueName":"search_term_string"}}],"inLanguage":"pt-PT"},{"@type":"Person","@id":"https:\/\/portaltela.pt\/#\/schema\/person\/c4278d4a6028830caff9ee44b42d32ed","name":"Telinha","image":{"@type":"ImageObject","inLanguage":"pt-PT","@id":"https:\/\/portaltela.pt\/s.01k8rhncp4jt1\/2025\/11\/talking-bot-125x125.png","url":"https:\/\/portaltela.pt\/s.01k8rhncp4jt1\/2025\/11\/talking-bot-125x125.png","contentUrl":"https:\/\/portaltela.pt\/s.01k8rhncp4jt1\/2025\/11\/talking-bot-125x125.png","caption":"Telinha"},"sameAs":["https:\/\/portaltela.pt\/"],"url":"https:\/\/portaltela.pt\/por\/367410592786\/"}]}},"_links":{"self":[{"href":"https:\/\/portaltela.pt\/api\/wp\/v2\/posts\/419319","targetHints":{"allow":["GET"]}}],"collection":[{"href":"https:\/\/portaltela.pt\/api\/wp\/v2\/posts"}],"about":[{"href":"https:\/\/portaltela.pt\/api\/wp\/v2\/types\/post"}],"author":[{"embeddable":true,"href":"https:\/\/portaltela.pt\/api\/wp\/v2\/users\/2"}],"replies":[{"embeddable":true,"href":"https:\/\/portaltela.pt\/api\/wp\/v2\/comments?post=419319"}],"version-history":[{"count":0,"href":"https:\/\/portaltela.pt\/api\/wp\/v2\/posts\/419319\/revisions"}],"wp:featuredmedia":[{"embeddable":true,"href":"https:\/\/portaltela.pt\/api\/wp\/v2\/media\/419324"}],"wp:attachment":[{"href":"https:\/\/portaltela.pt\/api\/wp\/v2\/media?parent=419319"}],"wp:term":[{"taxonomy":"category","embeddable":true,"href":"https:\/\/portaltela.pt\/api\/wp\/v2\/categories?post=419319"},{"taxonomy":"post_tag","embeddable":true,"href":"https:\/\/portaltela.pt\/api\/wp\/v2\/tags?post=419319"}],"curies":[{"name":"wp","href":"https:\/\/api.w.org\/{rel}","templated":true}]}}