{"id":419315,"date":"2026-03-24T07:02:00","date_gmt":"2026-03-24T10:02:00","guid":{"rendered":"https:\/\/portaltela.pt\/noticias\/2026\/03\/24\/sul-de-mocambique-sob-alerta-devido-a-chuvas-fortes\/"},"modified":"2026-03-24T07:02:00","modified_gmt":"2026-03-24T10:02:00","slug":"sul-de-mocambique-sob-alerta-devido-a-chuvas-fortes","status":"publish","type":"post","link":"https:\/\/portaltela.pt\/tempo\/2026\/03\/24\/sul-de-mocambique-sob-alerta-devido-a-chuvas-fortes\/","title":{"rendered":"Sul de Mo\u00e7ambique sob alerta devido a chuvas fortes"},"content":{"rendered":"<p>O Sul de Mo\u00e7ambique est\u00e1 em alerta devido a chuvas fortes que se registam nas \u00faltimas horas e se prev\u00eaem nas pr\u00f3ximas. As autoridades de prote\u00e7\u00e3o civil emitiram o aviso para aumentar a vigil\u00e2ncia nas comunidades ribeirinhas e \u00e1reas propensas a inunda\u00e7\u00f5es.<\/p>\n<p>A situa\u00e7\u00e3o mobiliza equipas de resposta r\u00e1pida, que j\u00e1 foram desplegadas para monitorizar rios, confirmar vias de acesso e apoiar popula\u00e7\u00f5es vulner\u00e1veis. N\u00e3o h\u00e1, no momento, informa\u00e7\u00f5es sobre v\u00edtimas ou danos graves, mas o risco de desabamentos e inunda\u00e7\u00f5es continua presente.<\/p>\n<p>As prov\u00edncias do sul \u2014 incluindo Gaza, Maputo e Inhambane \u2014 s\u00e3o as mais afetadas pela precipita\u00e7\u00e3o intensa. Autoridades apelam \u00e0 popula\u00e7\u00e3o para evitar zonas alagadas e seguir instru\u00e7\u00f5es oficiais para abrigos tempor\u00e1rios, caso seja necess\u00e1rio.<\/p>\n<h3>Medidas de Prote\u00e7\u00e3o<\/h3>\n<p>As autoridades mant\u00eam a monitoriza\u00e7\u00e3o de canais de \u00e1gua e do estado das infraestruturas cr\u00edticas. Em caso de altera\u00e7\u00f5es, as comunica\u00e7\u00f5es oficiais devem indicar rotas de evacua\u00e7\u00e3o e locais de acolhimento.<\/p>\n","protected":false},"excerpt":{"rendered":"<ul>\n<li>Sul de Mo\u00e7ambique em alerta face a chuvas fortes.<\/li>\n<li>O conte\u00fado completo est\u00e1 dispon\u00edvel apenas para subscritores.<\/li>\n<li>O acesso ao texto integral requer login.<\/li>\n<\/ul>\n","protected":false},"author":2,"featured_media":419316,"comment_status":"closed","ping_status":"closed","sticky":false,"template":"","format":"standard","meta":{"footnotes":""},"categories":[7380,7365],"tags":[5329,3651,3702,2293,2506,1911],"class_list":["post-419315","post","type-post","status-publish","format-standard","has-post-thumbnail","hentry","category-clima","category-tempo","tag-chuva","tag-gaza","tag-inhambane","tag-inundacoes","tag-maputo","tag-mocambique"],"yoast_head":"<!-- This site is optimized with the Yoast SEO plugin v27.2 - https:\/\/yoast.com\/product\/yoast-seo-wordpress\/ -->\n<title>Sul de Mo\u00e7ambique sob alerta devido a chuvas fortes - Portal Tela Portugal<\/title>\n<meta name=\"robots\" content=\"index, follow, max-snippet:-1, max-image-preview:large, max-video-preview:-1\" \/>\n<meta property=\"og:locale\" content=\"pt_PT\" \/>\n<meta property=\"og:type\" content=\"article\" \/>\n<meta property=\"og:title\" content=\"Sul de Mo\u00e7ambique sob alerta devido a chuvas fortes - Portal Tela Portugal\" \/>\n<meta property=\"og:description\" content=\"Sul de Mo\u00e7ambique em alerta face a chuvas fortes. O conte\u00fado completo est\u00e1 dispon\u00edvel apenas para subscritores. O acesso ao texto integral requer login.\" \/>\n<meta property=\"og:url\" content=\"https:\/\/portaltela.pt\/noticias\/2026\/03\/24\/sul-de-mocambique-sob-alerta-devido-a-chuvas-fortes\/\" \/>\n<meta property=\"og:site_name\" content=\"Portal Tela Portugal\" \/>\n<meta property=\"article:published_time\" content=\"2026-03-24T10:02:00+00:00\" \/>\n<meta name=\"author\" content=\"Telinha\" \/>\n<meta name=\"twitter:card\" content=\"summary_large_image\" \/>\n<meta name=\"twitter:label1\" content=\"Escrito por\" \/>\n\t<meta name=\"twitter:data1\" content=\"Telinha\" \/>\n\t<meta name=\"twitter:label2\" content=\"Tempo estimado de leitura\" \/>\n\t<meta name=\"twitter:data2\" content=\"1 minuto\" \/>\n<script type=\"application\/ld+json\" class=\"yoast-schema-graph\">{\"@context\":\"https:\/\/schema.org\",\"@graph\":[{\"@type\":\"Article\",\"@id\":\"https:\/\/portaltela.pt\/noticias\/2026\/03\/24\/sul-de-mocambique-sob-alerta-devido-a-chuvas-fortes\/#article\",\"isPartOf\":{\"@id\":\"https:\/\/portaltela.pt\/noticias\/2026\/03\/24\/sul-de-mocambique-sob-alerta-devido-a-chuvas-fortes\/\"},\"author\":{\"name\":\"Telinha\",\"@id\":\"https:\/\/portaltela.pt\/#\/schema\/person\/c4278d4a6028830caff9ee44b42d32ed\"},\"headline\":\"Sul de Mo\u00e7ambique sob alerta devido a chuvas fortes\",\"datePublished\":\"2026-03-24T10:02:00+00:00\",\"mainEntityOfPage\":{\"@id\":\"https:\/\/portaltela.pt\/noticias\/2026\/03\/24\/sul-de-mocambique-sob-alerta-devido-a-chuvas-fortes\/\"},\"wordCount\":188,\"image\":{\"@id\":\"https:\/\/portaltela.pt\/noticias\/2026\/03\/24\/sul-de-mocambique-sob-alerta-devido-a-chuvas-fortes\/#primaryimage\"},\"thumbnailUrl\":\"https:\/\/portaltela.pt\/s.01k8rhncp4jt1\/2026\/03\/CACHE_780X1200_ANALOG_WATERMARKED_42573240_800461_24032024030502.jpg\",\"keywords\":[\"chuva\",\"Gaza\",\"Inhambane\",\"inunda\u00e7\u00f5es\",\"Maputo\",\"Mo\u00e7ambique\"],\"articleSection\":[\"Clima\",\"Tempo\"],\"inLanguage\":\"pt-PT\"},{\"@type\":\"WebPage\",\"@id\":\"https:\/\/portaltela.pt\/noticias\/2026\/03\/24\/sul-de-mocambique-sob-alerta-devido-a-chuvas-fortes\/\",\"url\":\"https:\/\/portaltela.pt\/noticias\/2026\/03\/24\/sul-de-mocambique-sob-alerta-devido-a-chuvas-fortes\/\",\"name\":\"Sul de Mo\u00e7ambique sob alerta devido a chuvas fortes - Portal Tela Portugal\",\"isPartOf\":{\"@id\":\"https:\/\/portaltela.pt\/#website\"},\"primaryImageOfPage\":{\"@id\":\"https:\/\/portaltela.pt\/noticias\/2026\/03\/24\/sul-de-mocambique-sob-alerta-devido-a-chuvas-fortes\/#primaryimage\"},\"image\":{\"@id\":\"https:\/\/portaltela.pt\/noticias\/2026\/03\/24\/sul-de-mocambique-sob-alerta-devido-a-chuvas-fortes\/#primaryimage\"},\"thumbnailUrl\":\"https:\/\/portaltela.pt\/s.01k8rhncp4jt1\/2026\/03\/CACHE_780X1200_ANALOG_WATERMARKED_42573240_800461_24032024030502.jpg\",\"datePublished\":\"2026-03-24T10:02:00+00:00\",\"author\":{\"@id\":\"https:\/\/portaltela.pt\/#\/schema\/person\/c4278d4a6028830caff9ee44b42d32ed\"},\"breadcrumb\":{\"@id\":\"https:\/\/portaltela.pt\/noticias\/2026\/03\/24\/sul-de-mocambique-sob-alerta-devido-a-chuvas-fortes\/#breadcrumb\"},\"inLanguage\":\"pt-PT\",\"potentialAction\":[{\"@type\":\"ReadAction\",\"target\":[\"https:\/\/portaltela.pt\/noticias\/2026\/03\/24\/sul-de-mocambique-sob-alerta-devido-a-chuvas-fortes\/\"]}]},{\"@type\":\"ImageObject\",\"inLanguage\":\"pt-PT\",\"@id\":\"https:\/\/portaltela.pt\/noticias\/2026\/03\/24\/sul-de-mocambique-sob-alerta-devido-a-chuvas-fortes\/#primaryimage\",\"url\":\"https:\/\/portaltela.pt\/s.01k8rhncp4jt1\/2026\/03\/CACHE_780X1200_ANALOG_WATERMARKED_42573240_800461_24032024030502.jpg\",\"contentUrl\":\"https:\/\/portaltela.pt\/s.01k8rhncp4jt1\/2026\/03\/CACHE_780X1200_ANALOG_WATERMARKED_42573240_800461_24032024030502.jpg\",\"width\":796,\"height\":448,\"caption\":\"Photo\"},{\"@type\":\"BreadcrumbList\",\"@id\":\"https:\/\/portaltela.pt\/noticias\/2026\/03\/24\/sul-de-mocambique-sob-alerta-devido-a-chuvas-fortes\/#breadcrumb\",\"itemListElement\":[{\"@type\":\"ListItem\",\"position\":1,\"name\":\"In\u00edcio\",\"item\":\"https:\/\/portaltela.pt\/\"},{\"@type\":\"ListItem\",\"position\":2,\"name\":\"Sul de Mo\u00e7ambique sob alerta devido a chuvas fortes\"}]},{\"@type\":\"WebSite\",\"@id\":\"https:\/\/portaltela.pt\/#website\",\"url\":\"https:\/\/portaltela.pt\/\",\"name\":\"Portal Tela Portugal\",\"description\":\"\",\"potentialAction\":[{\"@type\":\"SearchAction\",\"target\":{\"@type\":\"EntryPoint\",\"urlTemplate\":\"https:\/\/portaltela.pt\/?s={search_term_string}\"},\"query-input\":{\"@type\":\"PropertyValueSpecification\",\"valueRequired\":true,\"valueName\":\"search_term_string\"}}],\"inLanguage\":\"pt-PT\"},{\"@type\":\"Person\",\"@id\":\"https:\/\/portaltela.pt\/#\/schema\/person\/c4278d4a6028830caff9ee44b42d32ed\",\"name\":\"Telinha\",\"image\":{\"@type\":\"ImageObject\",\"inLanguage\":\"pt-PT\",\"@id\":\"https:\/\/portaltela.pt\/s.01k8rhncp4jt1\/2025\/11\/talking-bot-125x125.png\",\"url\":\"https:\/\/portaltela.pt\/s.01k8rhncp4jt1\/2025\/11\/talking-bot-125x125.png\",\"contentUrl\":\"https:\/\/portaltela.pt\/s.01k8rhncp4jt1\/2025\/11\/talking-bot-125x125.png\",\"caption\":\"Telinha\"},\"sameAs\":[\"https:\/\/portaltela.pt\/\"],\"url\":\"https:\/\/portaltela.pt\/por\/367410592786\/\"}]}<\/script>\n<!-- \/ Yoast SEO plugin. -->","yoast_head_json":{"title":"Sul de Mo\u00e7ambique sob alerta devido a chuvas fortes - Portal Tela Portugal","robots":{"index":"index","follow":"follow","max-snippet":"max-snippet:-1","max-image-preview":"max-image-preview:large","max-video-preview":"max-video-preview:-1"},"og_locale":"pt_PT","og_type":"article","og_title":"Sul de Mo\u00e7ambique sob alerta devido a chuvas fortes - Portal Tela Portugal","og_description":"Sul de Mo\u00e7ambique em alerta face a chuvas fortes. O conte\u00fado completo est\u00e1 dispon\u00edvel apenas para subscritores. O acesso ao texto integral requer login.","og_url":"https:\/\/portaltela.pt\/noticias\/2026\/03\/24\/sul-de-mocambique-sob-alerta-devido-a-chuvas-fortes\/","og_site_name":"Portal Tela Portugal","article_published_time":"2026-03-24T10:02:00+00:00","author":"Telinha","twitter_card":"summary_large_image","twitter_misc":{"Escrito por":"Telinha","Tempo estimado de leitura":"1 minuto"},"schema":{"@context":"https:\/\/schema.org","@graph":[{"@type":"Article","@id":"https:\/\/portaltela.pt\/noticias\/2026\/03\/24\/sul-de-mocambique-sob-alerta-devido-a-chuvas-fortes\/#article","isPartOf":{"@id":"https:\/\/portaltela.pt\/noticias\/2026\/03\/24\/sul-de-mocambique-sob-alerta-devido-a-chuvas-fortes\/"},"author":{"name":"Telinha","@id":"https:\/\/portaltela.pt\/#\/schema\/person\/c4278d4a6028830caff9ee44b42d32ed"},"headline":"Sul de Mo\u00e7ambique sob alerta devido a chuvas fortes","datePublished":"2026-03-24T10:02:00+00:00","mainEntityOfPage":{"@id":"https:\/\/portaltela.pt\/noticias\/2026\/03\/24\/sul-de-mocambique-sob-alerta-devido-a-chuvas-fortes\/"},"wordCount":188,"image":{"@id":"https:\/\/portaltela.pt\/noticias\/2026\/03\/24\/sul-de-mocambique-sob-alerta-devido-a-chuvas-fortes\/#primaryimage"},"thumbnailUrl":"https:\/\/portaltela.pt\/s.01k8rhncp4jt1\/2026\/03\/CACHE_780X1200_ANALOG_WATERMARKED_42573240_800461_24032024030502.jpg","keywords":["chuva","Gaza","Inhambane","inunda\u00e7\u00f5es","Maputo","Mo\u00e7ambique"],"articleSection":["Clima","Tempo"],"inLanguage":"pt-PT"},{"@type":"WebPage","@id":"https:\/\/portaltela.pt\/noticias\/2026\/03\/24\/sul-de-mocambique-sob-alerta-devido-a-chuvas-fortes\/","url":"https:\/\/portaltela.pt\/noticias\/2026\/03\/24\/sul-de-mocambique-sob-alerta-devido-a-chuvas-fortes\/","name":"Sul de Mo\u00e7ambique sob alerta devido a chuvas fortes - Portal Tela Portugal","isPartOf":{"@id":"https:\/\/portaltela.pt\/#website"},"primaryImageOfPage":{"@id":"https:\/\/portaltela.pt\/noticias\/2026\/03\/24\/sul-de-mocambique-sob-alerta-devido-a-chuvas-fortes\/#primaryimage"},"image":{"@id":"https:\/\/portaltela.pt\/noticias\/2026\/03\/24\/sul-de-mocambique-sob-alerta-devido-a-chuvas-fortes\/#primaryimage"},"thumbnailUrl":"https:\/\/portaltela.pt\/s.01k8rhncp4jt1\/2026\/03\/CACHE_780X1200_ANALOG_WATERMARKED_42573240_800461_24032024030502.jpg","datePublished":"2026-03-24T10:02:00+00:00","author":{"@id":"https:\/\/portaltela.pt\/#\/schema\/person\/c4278d4a6028830caff9ee44b42d32ed"},"breadcrumb":{"@id":"https:\/\/portaltela.pt\/noticias\/2026\/03\/24\/sul-de-mocambique-sob-alerta-devido-a-chuvas-fortes\/#breadcrumb"},"inLanguage":"pt-PT","potentialAction":[{"@type":"ReadAction","target":["https:\/\/portaltela.pt\/noticias\/2026\/03\/24\/sul-de-mocambique-sob-alerta-devido-a-chuvas-fortes\/"]}]},{"@type":"ImageObject","inLanguage":"pt-PT","@id":"https:\/\/portaltela.pt\/noticias\/2026\/03\/24\/sul-de-mocambique-sob-alerta-devido-a-chuvas-fortes\/#primaryimage","url":"https:\/\/portaltela.pt\/s.01k8rhncp4jt1\/2026\/03\/CACHE_780X1200_ANALOG_WATERMARKED_42573240_800461_24032024030502.jpg","contentUrl":"https:\/\/portaltela.pt\/s.01k8rhncp4jt1\/2026\/03\/CACHE_780X1200_ANALOG_WATERMARKED_42573240_800461_24032024030502.jpg","width":796,"height":448,"caption":"Photo"},{"@type":"BreadcrumbList","@id":"https:\/\/portaltela.pt\/noticias\/2026\/03\/24\/sul-de-mocambique-sob-alerta-devido-a-chuvas-fortes\/#breadcrumb","itemListElement":[{"@type":"ListItem","position":1,"name":"In\u00edcio","item":"https:\/\/portaltela.pt\/"},{"@type":"ListItem","position":2,"name":"Sul de Mo\u00e7ambique sob alerta devido a chuvas fortes"}]},{"@type":"WebSite","@id":"https:\/\/portaltela.pt\/#website","url":"https:\/\/portaltela.pt\/","name":"Portal Tela Portugal","description":"","potentialAction":[{"@type":"SearchAction","target":{"@type":"EntryPoint","urlTemplate":"https:\/\/portaltela.pt\/?s={search_term_string}"},"query-input":{"@type":"PropertyValueSpecification","valueRequired":true,"valueName":"search_term_string"}}],"inLanguage":"pt-PT"},{"@type":"Person","@id":"https:\/\/portaltela.pt\/#\/schema\/person\/c4278d4a6028830caff9ee44b42d32ed","name":"Telinha","image":{"@type":"ImageObject","inLanguage":"pt-PT","@id":"https:\/\/portaltela.pt\/s.01k8rhncp4jt1\/2025\/11\/talking-bot-125x125.png","url":"https:\/\/portaltela.pt\/s.01k8rhncp4jt1\/2025\/11\/talking-bot-125x125.png","contentUrl":"https:\/\/portaltela.pt\/s.01k8rhncp4jt1\/2025\/11\/talking-bot-125x125.png","caption":"Telinha"},"sameAs":["https:\/\/portaltela.pt\/"],"url":"https:\/\/portaltela.pt\/por\/367410592786\/"}]}},"_links":{"self":[{"href":"https:\/\/portaltela.pt\/api\/wp\/v2\/posts\/419315","targetHints":{"allow":["GET"]}}],"collection":[{"href":"https:\/\/portaltela.pt\/api\/wp\/v2\/posts"}],"about":[{"href":"https:\/\/portaltela.pt\/api\/wp\/v2\/types\/post"}],"author":[{"embeddable":true,"href":"https:\/\/portaltela.pt\/api\/wp\/v2\/users\/2"}],"replies":[{"embeddable":true,"href":"https:\/\/portaltela.pt\/api\/wp\/v2\/comments?post=419315"}],"version-history":[{"count":0,"href":"https:\/\/portaltela.pt\/api\/wp\/v2\/posts\/419315\/revisions"}],"wp:featuredmedia":[{"embeddable":true,"href":"https:\/\/portaltela.pt\/api\/wp\/v2\/media\/419316"}],"wp:attachment":[{"href":"https:\/\/portaltela.pt\/api\/wp\/v2\/media?parent=419315"}],"wp:term":[{"taxonomy":"category","embeddable":true,"href":"https:\/\/portaltela.pt\/api\/wp\/v2\/categories?post=419315"},{"taxonomy":"post_tag","embeddable":true,"href":"https:\/\/portaltela.pt\/api\/wp\/v2\/tags?post=419315"}],"curies":[{"name":"wp","href":"https:\/\/api.w.org\/{rel}","templated":true}]}}