{"id":419282,"date":"2026-03-24T06:17:38","date_gmt":"2026-03-24T09:17:38","guid":{"rendered":"https:\/\/portaltela.pt\/noticias\/2026\/03\/24\/ue-aprova-plano-para-enfrentar-crise-de-habitacao-na-europa\/"},"modified":"2026-03-24T06:17:38","modified_gmt":"2026-03-24T09:17:38","slug":"ue-aprova-plano-para-enfrentar-crise-de-habitacao-na-europa","status":"publish","type":"post","link":"https:\/\/portaltela.pt\/noticias\/politica\/2026\/03\/24\/ue-aprova-plano-para-enfrentar-crise-de-habitacao-na-europa\/","title":{"rendered":"UE aprova plano para enfrentar crise de habita\u00e7\u00e3o na Europa"},"content":{"rendered":"<p>O Parlamento Europeu aprovou hoje o relat\u00f3rio sobre a crise da habita\u00e7\u00e3o na Uni\u00e3o Europeia, acompanhado pela proposta de Habita\u00e7\u00e3o Acess\u00edvel da UE. O objetivo \u00e9 promover habita\u00e7\u00e3o de boa qualidade a custos acess\u00edveis, frente a pre\u00e7os de casas e rendas em subida.<\/p>\n<p>O texto defende a\u00e7\u00e3o conjunta da UE para enfrentar a situa\u00e7\u00e3o, reduzir burocracia, fortalecer constru\u00e7\u00e3o e inova\u00e7\u00e3o, e mobilizar investimento e apoio fiscal. Em causa est\u00e1 a preval\u00eancia de condi\u00e7\u00f5es de vida prec\u00e1rias em v\u00e1rios Estados-membros.<\/p>\n<p>A crise agravou-se ap\u00f3s a crise de 2008 e durante a pandemia. Entre 2015 e 2025, os pre\u00e7os das casas subiram cerca de 60,5% e as rendas 28%. Em 2025, a taxa de propriedade entre jovens de 24 a 35 anos caiu 6% desde 2005.<\/p>\n<p>A UE ressalva que a habita\u00e7\u00e3o \u00e9 essencial para o funcionamento do mercado \u00fanico, o crescimento econ\u00f3mico e a competitividade. O plano orienta Estados-membros a responderem com a\u00e7\u00f5es que aumentem a oferta e apoiem cidad\u00e3os.<\/p>\n<p>Al\u00e9m disso, o relat\u00f3rio aponta que os pre\u00e7os da habita\u00e7\u00e3o costumam exceder o rendimento m\u00e9dio, com r\u00e1cios pre\u00e7o\/rendimento entre 8 e 10 anos nas grandes cidades. Arrendar custa 30% a 40% dos rendimentos.<\/p>\n<p>A eurodeputada Irene Tinagli comentou \u00e0 Euronews que sal\u00e1rios n\u00e3o acompanharam a infla\u00e7\u00e3o, enquanto o mercado elevou pre\u00e7os de habita\u00e7\u00e3o nos \u00faltimos dez anos. A crise afeta jovens, fam\u00edlias e trabalhadores.<\/p>\n<p>A falta de habita\u00e7\u00e3o social agrava a situa\u00e7\u00e3o, com listas de espera longas e acesso restrito. Em v\u00e1rias cidades, quem trabalha n\u00e3o encontra habita\u00e7\u00e3o a custos adequados, agravando a pobreza energ\u00e9tica.<\/p>\n<p>De acordo com Eurostat, os pre\u00e7os na UE superaram o crescimento dos rendimentos desde 2015, e as rendas subiram acima de 20%. Pa\u00edses da Europa de Leste, Sul e alguns do Norte registam varia\u00e7\u00f5es pr\u00f3ximas da m\u00e9dia.<\/p>\n<p>A procura tem impulsionado a urbaniza\u00e7\u00e3o, migra\u00e7\u00e3o e agregados familiares mais pequenos. Custos de terra, materiais, licenciamento lento e burocracia bloqueiam a constru\u00e7\u00e3o. O BEI aponta d\u00e9fice de milh\u00f5es de casas.<\/p>\n<p>As taxas de juro mais altas desde 2022 tornaram as hipotecas menos acess\u00edveis, alimentando maior procura de arrendamento e elevando rendas. Investidores institucionais aumentam participa\u00e7\u00e3o em v\u00e1rias cidades.<\/p>\n<p>Cerca de 48% dos jovens entre 18 e 34 vivem com colegas; muitos prefeririam morar sozinhos. A habita\u00e7\u00e3o social n\u00e3o acompanha a procura, com menor acesso para rendimentos baixos e m\u00e9dios.<\/p>\n<p>A coopera\u00e7\u00e3o entre UE e Estados-membros \u00e9 necess\u00e1ria, reconhece o relat\u00f3rio. A UE n\u00e3o imp\u00f5e pol\u00edticas, mas pode apoiar com financiamento, orienta\u00e7\u00e3o e instrumentos n\u00e3o vinculativos.<\/p>\n<h3>A\u00e7\u00f5es e financiamento da UE<\/h3>\n<p>A Comiss\u00e3o mobilizou mais de 43 mil milh\u00f5es de euros para 2021-2027, com 10 mil milh\u00f5es adicionais para 2026-2027. Em 2024, estimou-se 100 mil milh\u00f5es para renova\u00e7\u00e3o energ\u00e9tica at\u00e9 2030.<\/p>\n<p>Entre 2021 e 2027, o BEI e fundos nacionais disponibilizam financiamento para habita\u00e7\u00e3o social. Parte do InvestEU e de fundos de coes\u00e3o destinam-se \u00e0 efici\u00eancia energ\u00e9tica e renova\u00e7\u00e3o de edif\u00edcios.<\/p>\n<p>O Plano Europeu para a Habita\u00e7\u00e3o Acess\u00edvel define quatro pilares: aumentar a oferta, atrair investimento, reformar e proteger os mais vulner\u00e1veis. Regras de aux\u00edlios estatais s\u00e3o revistas para facilitar apoio.<\/p>\n<p>O pacote Energia para os Cidad\u00e3os visa combater a pobreza energ\u00e9tica. A UE prev\u00ea uma Alian\u00e7a Europeia para a Habita\u00e7\u00e3o e uma primeira Cimeira da Habita\u00e7\u00e3o em 2026.<\/p>\n<p>A Estrat\u00e9gia Europeia para Constru\u00e7\u00e3o de Habita\u00e7\u00e3o foca em produtividade, licenciamento r\u00e1pido, ferramentas digitais e m\u00e9todos modernos. O Novo Bauhaus Europeu apoia renova\u00e7\u00e3o e inclus\u00e3o at\u00e9 2027.<\/p>\n<p>A Plataforma de Investimento Pan-Europeia, com o BEI, visa mobilizar mais 10 mil milh\u00f5es at\u00e9 2027. Projetos de habita\u00e7\u00e3o acess\u00edvel devem manter o bloco competitivo e socialmente est\u00e1vel.<\/p>\n<p>O caminho seguinte depende da implementa\u00e7\u00e3o pelos Estados-membros. A coopera\u00e7\u00e3o regional \u00e9 apontada como crucial para resultados concretos no n\u00edvel local.<\/p>\n","protected":false},"excerpt":{"rendered":"<ul>\n<li>O Parlamento Europeu aprovou o primeiro relat\u00f3rio sobre a crise da habita\u00e7\u00e3o na UE, pedindo uma a\u00e7\u00e3o conjunta, redu\u00e7\u00e3o da burocracia e mais investimento, para tirar pessoas de situa\u00e7\u00f5es prec\u00e1rias.<\/li>\n<li>A crise intensificou-se desde a crise financeira de 2008: os pre\u00e7os das casas na UE subiram cerca de 60,5 por cento desde 2015 e as rendas cresceram cerca de 28 por cento.<\/li>\n<li>O Plano de Habita\u00e7\u00e3o Acess\u00edvel da Comiss\u00e3o visa aumentar a oferta de habita\u00e7\u00e3o, mobilizar investimentos e apoiar os cidad\u00e3os, ajudando os Estados-membros a agir para uma habita\u00e7\u00e3o mais acess\u00edvel.<\/li>\n<li>A situa\u00e7\u00e3o afeta especialmente jovens: a taxa de propriedade entre 24 e 35 anos caiu 6 por cento desde 2005, muitos partilham casas e cerca de 1,28 por cento da popula\u00e7\u00e3o vive na rua ou em alojamento tempor\u00e1rio.<\/li>\n<li>O financiamento envolve mais de 43 mil milh\u00f5es de euros mobilizados para 2021-2027 (mais 10 mil milh\u00f5es para 2026-2027), com cerca de 100 mil milh\u00f5es de euros previstos para renova\u00e7\u00e3o de efici\u00eancia energ\u00e9tica at\u00e9 2030, apoiados por v\u00e1rias iniciativas da UE e do Banco Europeu de Investimento.<\/li>\n<\/ul>\n","protected":false},"author":2,"featured_media":419285,"comment_status":"closed","ping_status":"closed","sticky":false,"template":"","format":"standard","meta":{"footnotes":""},"categories":[1,5],"tags":[6115,1323,2417,150,1167,2055],"class_list":["post-419282","post","type-post","status-publish","format-standard","has-post-thumbnail","hentry","category-noticias","category-politica","tag-_economia","tag-coesao-social","tag-financiamento","tag-habitacao","tag-habitacao-social","tag-uniao-europeia"],"yoast_head":"<!-- This site is optimized with the Yoast SEO plugin v27.2 - https:\/\/yoast.com\/product\/yoast-seo-wordpress\/ -->\n<title>UE aprova plano para enfrentar crise de habita\u00e7\u00e3o na Europa - Portal Tela Portugal<\/title>\n<meta name=\"robots\" content=\"index, follow, max-snippet:-1, max-image-preview:large, max-video-preview:-1\" \/>\n<meta property=\"og:locale\" content=\"pt_PT\" \/>\n<meta property=\"og:type\" content=\"article\" \/>\n<meta property=\"og:title\" content=\"UE aprova plano para enfrentar crise de habita\u00e7\u00e3o na Europa - Portal Tela Portugal\" \/>\n<meta property=\"og:description\" content=\"O Parlamento Europeu aprovou o primeiro relat\u00f3rio sobre a crise da habita\u00e7\u00e3o na UE, pedindo uma a\u00e7\u00e3o conjunta, redu\u00e7\u00e3o da burocracia e mais investimento, para tirar pessoas de situa\u00e7\u00f5es prec\u00e1rias. A crise intensificou-se desde a crise financeira de 2008: os pre\u00e7os das casas na UE subiram cerca de 60,5 por cento desde 2015 e as rendas cresceram cerca de 28 por cento. O Plano de Habita\u00e7\u00e3o Acess\u00edvel da Comiss\u00e3o visa aumentar a oferta de habita\u00e7\u00e3o, mobilizar investimentos e apoiar os cidad\u00e3os, ajudando os Estados-membros a agir para uma habita\u00e7\u00e3o mais acess\u00edvel. A situa\u00e7\u00e3o afeta especialmente jovens: a taxa de propriedade entre 24 e 35 anos caiu 6 por cento desde 2005, muitos partilham casas e cerca de 1,28 por cento da popula\u00e7\u00e3o vive na rua ou em alojamento tempor\u00e1rio. O financiamento envolve mais de 43 mil milh\u00f5es de euros mobilizados para 2021-2027 (mais 10 mil milh\u00f5es para 2026-2027), com cerca de 100 mil milh\u00f5es de euros previstos para renova\u00e7\u00e3o de efici\u00eancia energ\u00e9tica at\u00e9 2030, apoiados por v\u00e1rias iniciativas da UE e do Banco Europeu de Investimento.\" \/>\n<meta property=\"og:url\" content=\"https:\/\/portaltela.pt\/noticias\/2026\/03\/24\/ue-aprova-plano-para-enfrentar-crise-de-habitacao-na-europa\/\" \/>\n<meta property=\"og:site_name\" content=\"Portal Tela Portugal\" \/>\n<meta property=\"article:published_time\" content=\"2026-03-24T09:17:38+00:00\" \/>\n<meta name=\"author\" content=\"Telinha\" \/>\n<meta name=\"twitter:card\" content=\"summary_large_image\" \/>\n<meta name=\"twitter:label1\" content=\"Escrito por\" \/>\n\t<meta name=\"twitter:data1\" content=\"Telinha\" \/>\n\t<meta name=\"twitter:label2\" content=\"Tempo estimado de leitura\" \/>\n\t<meta name=\"twitter:data2\" content=\"3 minutos\" \/>\n<script type=\"application\/ld+json\" class=\"yoast-schema-graph\">{\"@context\":\"https:\/\/schema.org\",\"@graph\":[{\"@type\":\"Article\",\"@id\":\"https:\/\/portaltela.pt\/noticias\/2026\/03\/24\/ue-aprova-plano-para-enfrentar-crise-de-habitacao-na-europa\/#article\",\"isPartOf\":{\"@id\":\"https:\/\/portaltela.pt\/noticias\/2026\/03\/24\/ue-aprova-plano-para-enfrentar-crise-de-habitacao-na-europa\/\"},\"author\":{\"name\":\"Telinha\",\"@id\":\"https:\/\/portaltela.pt\/#\/schema\/person\/c4278d4a6028830caff9ee44b42d32ed\"},\"headline\":\"UE aprova plano para enfrentar crise de habita\u00e7\u00e3o na Europa\",\"datePublished\":\"2026-03-24T09:17:38+00:00\",\"mainEntityOfPage\":{\"@id\":\"https:\/\/portaltela.pt\/noticias\/2026\/03\/24\/ue-aprova-plano-para-enfrentar-crise-de-habitacao-na-europa\/\"},\"wordCount\":683,\"image\":{\"@id\":\"https:\/\/portaltela.pt\/noticias\/2026\/03\/24\/ue-aprova-plano-para-enfrentar-crise-de-habitacao-na-europa\/#primaryimage\"},\"thumbnailUrl\":\"https:\/\/portaltela.pt\/s.01k8rhncp4jt1\/2026\/03\/1536x864_cmsv2_344fc4fd-c937-52e4-915c-932f6d81c0fc-9695335.jpg\",\"keywords\":[\"_economia\",\"Coes\u00e3o social\",\"financiamento\",\"habita\u00e7\u00e3o\",\"habita\u00e7\u00e3o social\",\"Uni\u00e3o Europeia\"],\"articleSection\":[\"Not\u00edcias\",\"Pol\u00edtica\"],\"inLanguage\":\"pt-PT\"},{\"@type\":\"WebPage\",\"@id\":\"https:\/\/portaltela.pt\/noticias\/2026\/03\/24\/ue-aprova-plano-para-enfrentar-crise-de-habitacao-na-europa\/\",\"url\":\"https:\/\/portaltela.pt\/noticias\/2026\/03\/24\/ue-aprova-plano-para-enfrentar-crise-de-habitacao-na-europa\/\",\"name\":\"UE aprova plano para enfrentar crise de habita\u00e7\u00e3o na Europa - Portal Tela Portugal\",\"isPartOf\":{\"@id\":\"https:\/\/portaltela.pt\/#website\"},\"primaryImageOfPage\":{\"@id\":\"https:\/\/portaltela.pt\/noticias\/2026\/03\/24\/ue-aprova-plano-para-enfrentar-crise-de-habitacao-na-europa\/#primaryimage\"},\"image\":{\"@id\":\"https:\/\/portaltela.pt\/noticias\/2026\/03\/24\/ue-aprova-plano-para-enfrentar-crise-de-habitacao-na-europa\/#primaryimage\"},\"thumbnailUrl\":\"https:\/\/portaltela.pt\/s.01k8rhncp4jt1\/2026\/03\/1536x864_cmsv2_344fc4fd-c937-52e4-915c-932f6d81c0fc-9695335.jpg\",\"datePublished\":\"2026-03-24T09:17:38+00:00\",\"author\":{\"@id\":\"https:\/\/portaltela.pt\/#\/schema\/person\/c4278d4a6028830caff9ee44b42d32ed\"},\"breadcrumb\":{\"@id\":\"https:\/\/portaltela.pt\/noticias\/2026\/03\/24\/ue-aprova-plano-para-enfrentar-crise-de-habitacao-na-europa\/#breadcrumb\"},\"inLanguage\":\"pt-PT\",\"potentialAction\":[{\"@type\":\"ReadAction\",\"target\":[\"https:\/\/portaltela.pt\/noticias\/2026\/03\/24\/ue-aprova-plano-para-enfrentar-crise-de-habitacao-na-europa\/\"]}]},{\"@type\":\"ImageObject\",\"inLanguage\":\"pt-PT\",\"@id\":\"https:\/\/portaltela.pt\/noticias\/2026\/03\/24\/ue-aprova-plano-para-enfrentar-crise-de-habitacao-na-europa\/#primaryimage\",\"url\":\"https:\/\/portaltela.pt\/s.01k8rhncp4jt1\/2026\/03\/1536x864_cmsv2_344fc4fd-c937-52e4-915c-932f6d81c0fc-9695335.jpg\",\"contentUrl\":\"https:\/\/portaltela.pt\/s.01k8rhncp4jt1\/2026\/03\/1536x864_cmsv2_344fc4fd-c937-52e4-915c-932f6d81c0fc-9695335.jpg\",\"width\":796,\"height\":448,\"caption\":\"Espanha Protesto sobre a habita\u00e7\u00e3o\"},{\"@type\":\"BreadcrumbList\",\"@id\":\"https:\/\/portaltela.pt\/noticias\/2026\/03\/24\/ue-aprova-plano-para-enfrentar-crise-de-habitacao-na-europa\/#breadcrumb\",\"itemListElement\":[{\"@type\":\"ListItem\",\"position\":1,\"name\":\"In\u00edcio\",\"item\":\"https:\/\/portaltela.pt\/\"},{\"@type\":\"ListItem\",\"position\":2,\"name\":\"UE aprova plano para enfrentar crise de habita\u00e7\u00e3o na Europa\"}]},{\"@type\":\"WebSite\",\"@id\":\"https:\/\/portaltela.pt\/#website\",\"url\":\"https:\/\/portaltela.pt\/\",\"name\":\"Portal Tela Portugal\",\"description\":\"\",\"potentialAction\":[{\"@type\":\"SearchAction\",\"target\":{\"@type\":\"EntryPoint\",\"urlTemplate\":\"https:\/\/portaltela.pt\/?s={search_term_string}\"},\"query-input\":{\"@type\":\"PropertyValueSpecification\",\"valueRequired\":true,\"valueName\":\"search_term_string\"}}],\"inLanguage\":\"pt-PT\"},{\"@type\":\"Person\",\"@id\":\"https:\/\/portaltela.pt\/#\/schema\/person\/c4278d4a6028830caff9ee44b42d32ed\",\"name\":\"Telinha\",\"image\":{\"@type\":\"ImageObject\",\"inLanguage\":\"pt-PT\",\"@id\":\"https:\/\/portaltela.pt\/s.01k8rhncp4jt1\/2025\/11\/talking-bot-125x125.png\",\"url\":\"https:\/\/portaltela.pt\/s.01k8rhncp4jt1\/2025\/11\/talking-bot-125x125.png\",\"contentUrl\":\"https:\/\/portaltela.pt\/s.01k8rhncp4jt1\/2025\/11\/talking-bot-125x125.png\",\"caption\":\"Telinha\"},\"sameAs\":[\"https:\/\/portaltela.pt\/\"],\"url\":\"https:\/\/portaltela.pt\/por\/367410592786\/\"}]}<\/script>\n<!-- \/ Yoast SEO plugin. -->","yoast_head_json":{"title":"UE aprova plano para enfrentar crise de habita\u00e7\u00e3o na Europa - Portal Tela Portugal","robots":{"index":"index","follow":"follow","max-snippet":"max-snippet:-1","max-image-preview":"max-image-preview:large","max-video-preview":"max-video-preview:-1"},"og_locale":"pt_PT","og_type":"article","og_title":"UE aprova plano para enfrentar crise de habita\u00e7\u00e3o na Europa - Portal Tela Portugal","og_description":"O Parlamento Europeu aprovou o primeiro relat\u00f3rio sobre a crise da habita\u00e7\u00e3o na UE, pedindo uma a\u00e7\u00e3o conjunta, redu\u00e7\u00e3o da burocracia e mais investimento, para tirar pessoas de situa\u00e7\u00f5es prec\u00e1rias. A crise intensificou-se desde a crise financeira de 2008: os pre\u00e7os das casas na UE subiram cerca de 60,5 por cento desde 2015 e as rendas cresceram cerca de 28 por cento. O Plano de Habita\u00e7\u00e3o Acess\u00edvel da Comiss\u00e3o visa aumentar a oferta de habita\u00e7\u00e3o, mobilizar investimentos e apoiar os cidad\u00e3os, ajudando os Estados-membros a agir para uma habita\u00e7\u00e3o mais acess\u00edvel. A situa\u00e7\u00e3o afeta especialmente jovens: a taxa de propriedade entre 24 e 35 anos caiu 6 por cento desde 2005, muitos partilham casas e cerca de 1,28 por cento da popula\u00e7\u00e3o vive na rua ou em alojamento tempor\u00e1rio. O financiamento envolve mais de 43 mil milh\u00f5es de euros mobilizados para 2021-2027 (mais 10 mil milh\u00f5es para 2026-2027), com cerca de 100 mil milh\u00f5es de euros previstos para renova\u00e7\u00e3o de efici\u00eancia energ\u00e9tica at\u00e9 2030, apoiados por v\u00e1rias iniciativas da UE e do Banco Europeu de Investimento.","og_url":"https:\/\/portaltela.pt\/noticias\/2026\/03\/24\/ue-aprova-plano-para-enfrentar-crise-de-habitacao-na-europa\/","og_site_name":"Portal Tela Portugal","article_published_time":"2026-03-24T09:17:38+00:00","author":"Telinha","twitter_card":"summary_large_image","twitter_misc":{"Escrito por":"Telinha","Tempo estimado de leitura":"3 minutos"},"schema":{"@context":"https:\/\/schema.org","@graph":[{"@type":"Article","@id":"https:\/\/portaltela.pt\/noticias\/2026\/03\/24\/ue-aprova-plano-para-enfrentar-crise-de-habitacao-na-europa\/#article","isPartOf":{"@id":"https:\/\/portaltela.pt\/noticias\/2026\/03\/24\/ue-aprova-plano-para-enfrentar-crise-de-habitacao-na-europa\/"},"author":{"name":"Telinha","@id":"https:\/\/portaltela.pt\/#\/schema\/person\/c4278d4a6028830caff9ee44b42d32ed"},"headline":"UE aprova plano para enfrentar crise de habita\u00e7\u00e3o na Europa","datePublished":"2026-03-24T09:17:38+00:00","mainEntityOfPage":{"@id":"https:\/\/portaltela.pt\/noticias\/2026\/03\/24\/ue-aprova-plano-para-enfrentar-crise-de-habitacao-na-europa\/"},"wordCount":683,"image":{"@id":"https:\/\/portaltela.pt\/noticias\/2026\/03\/24\/ue-aprova-plano-para-enfrentar-crise-de-habitacao-na-europa\/#primaryimage"},"thumbnailUrl":"https:\/\/portaltela.pt\/s.01k8rhncp4jt1\/2026\/03\/1536x864_cmsv2_344fc4fd-c937-52e4-915c-932f6d81c0fc-9695335.jpg","keywords":["_economia","Coes\u00e3o social","financiamento","habita\u00e7\u00e3o","habita\u00e7\u00e3o social","Uni\u00e3o Europeia"],"articleSection":["Not\u00edcias","Pol\u00edtica"],"inLanguage":"pt-PT"},{"@type":"WebPage","@id":"https:\/\/portaltela.pt\/noticias\/2026\/03\/24\/ue-aprova-plano-para-enfrentar-crise-de-habitacao-na-europa\/","url":"https:\/\/portaltela.pt\/noticias\/2026\/03\/24\/ue-aprova-plano-para-enfrentar-crise-de-habitacao-na-europa\/","name":"UE aprova plano para enfrentar crise de habita\u00e7\u00e3o na Europa - Portal Tela Portugal","isPartOf":{"@id":"https:\/\/portaltela.pt\/#website"},"primaryImageOfPage":{"@id":"https:\/\/portaltela.pt\/noticias\/2026\/03\/24\/ue-aprova-plano-para-enfrentar-crise-de-habitacao-na-europa\/#primaryimage"},"image":{"@id":"https:\/\/portaltela.pt\/noticias\/2026\/03\/24\/ue-aprova-plano-para-enfrentar-crise-de-habitacao-na-europa\/#primaryimage"},"thumbnailUrl":"https:\/\/portaltela.pt\/s.01k8rhncp4jt1\/2026\/03\/1536x864_cmsv2_344fc4fd-c937-52e4-915c-932f6d81c0fc-9695335.jpg","datePublished":"2026-03-24T09:17:38+00:00","author":{"@id":"https:\/\/portaltela.pt\/#\/schema\/person\/c4278d4a6028830caff9ee44b42d32ed"},"breadcrumb":{"@id":"https:\/\/portaltela.pt\/noticias\/2026\/03\/24\/ue-aprova-plano-para-enfrentar-crise-de-habitacao-na-europa\/#breadcrumb"},"inLanguage":"pt-PT","potentialAction":[{"@type":"ReadAction","target":["https:\/\/portaltela.pt\/noticias\/2026\/03\/24\/ue-aprova-plano-para-enfrentar-crise-de-habitacao-na-europa\/"]}]},{"@type":"ImageObject","inLanguage":"pt-PT","@id":"https:\/\/portaltela.pt\/noticias\/2026\/03\/24\/ue-aprova-plano-para-enfrentar-crise-de-habitacao-na-europa\/#primaryimage","url":"https:\/\/portaltela.pt\/s.01k8rhncp4jt1\/2026\/03\/1536x864_cmsv2_344fc4fd-c937-52e4-915c-932f6d81c0fc-9695335.jpg","contentUrl":"https:\/\/portaltela.pt\/s.01k8rhncp4jt1\/2026\/03\/1536x864_cmsv2_344fc4fd-c937-52e4-915c-932f6d81c0fc-9695335.jpg","width":796,"height":448,"caption":"Espanha Protesto sobre a habita\u00e7\u00e3o"},{"@type":"BreadcrumbList","@id":"https:\/\/portaltela.pt\/noticias\/2026\/03\/24\/ue-aprova-plano-para-enfrentar-crise-de-habitacao-na-europa\/#breadcrumb","itemListElement":[{"@type":"ListItem","position":1,"name":"In\u00edcio","item":"https:\/\/portaltela.pt\/"},{"@type":"ListItem","position":2,"name":"UE aprova plano para enfrentar crise de habita\u00e7\u00e3o na Europa"}]},{"@type":"WebSite","@id":"https:\/\/portaltela.pt\/#website","url":"https:\/\/portaltela.pt\/","name":"Portal Tela Portugal","description":"","potentialAction":[{"@type":"SearchAction","target":{"@type":"EntryPoint","urlTemplate":"https:\/\/portaltela.pt\/?s={search_term_string}"},"query-input":{"@type":"PropertyValueSpecification","valueRequired":true,"valueName":"search_term_string"}}],"inLanguage":"pt-PT"},{"@type":"Person","@id":"https:\/\/portaltela.pt\/#\/schema\/person\/c4278d4a6028830caff9ee44b42d32ed","name":"Telinha","image":{"@type":"ImageObject","inLanguage":"pt-PT","@id":"https:\/\/portaltela.pt\/s.01k8rhncp4jt1\/2025\/11\/talking-bot-125x125.png","url":"https:\/\/portaltela.pt\/s.01k8rhncp4jt1\/2025\/11\/talking-bot-125x125.png","contentUrl":"https:\/\/portaltela.pt\/s.01k8rhncp4jt1\/2025\/11\/talking-bot-125x125.png","caption":"Telinha"},"sameAs":["https:\/\/portaltela.pt\/"],"url":"https:\/\/portaltela.pt\/por\/367410592786\/"}]}},"_links":{"self":[{"href":"https:\/\/portaltela.pt\/api\/wp\/v2\/posts\/419282","targetHints":{"allow":["GET"]}}],"collection":[{"href":"https:\/\/portaltela.pt\/api\/wp\/v2\/posts"}],"about":[{"href":"https:\/\/portaltela.pt\/api\/wp\/v2\/types\/post"}],"author":[{"embeddable":true,"href":"https:\/\/portaltela.pt\/api\/wp\/v2\/users\/2"}],"replies":[{"embeddable":true,"href":"https:\/\/portaltela.pt\/api\/wp\/v2\/comments?post=419282"}],"version-history":[{"count":0,"href":"https:\/\/portaltela.pt\/api\/wp\/v2\/posts\/419282\/revisions"}],"wp:featuredmedia":[{"embeddable":true,"href":"https:\/\/portaltela.pt\/api\/wp\/v2\/media\/419285"}],"wp:attachment":[{"href":"https:\/\/portaltela.pt\/api\/wp\/v2\/media?parent=419282"}],"wp:term":[{"taxonomy":"category","embeddable":true,"href":"https:\/\/portaltela.pt\/api\/wp\/v2\/categories?post=419282"},{"taxonomy":"post_tag","embeddable":true,"href":"https:\/\/portaltela.pt\/api\/wp\/v2\/tags?post=419282"}],"curies":[{"name":"wp","href":"https:\/\/api.w.org\/{rel}","templated":true}]}}