{"id":419278,"date":"2026-03-24T06:13:34","date_gmt":"2026-03-24T09:13:34","guid":{"rendered":"https:\/\/portaltela.pt\/noticias\/2026\/03\/24\/audios-mostram-falhas-no-sistema-eletrico-espanhol-dias-antes-do-apagao-iberico\/"},"modified":"2026-03-24T06:13:34","modified_gmt":"2026-03-24T09:13:34","slug":"audios-mostram-falhas-no-sistema-eletrico-espanhol-dias-antes-do-apagao-iberico","status":"publish","type":"post","link":"https:\/\/portaltela.pt\/energia\/2026\/03\/24\/audios-mostram-falhas-no-sistema-eletrico-espanhol-dias-antes-do-apagao-iberico\/","title":{"rendered":"\u00c1udios mostram falhas no sistema el\u00e9trico espanhol dias antes do apag\u00e3o ib\u00e9rico"},"content":{"rendered":"<p>Os \u00e1udios mostraram que o sistema el\u00e9trico espanhol j\u00e1 registava falhas dias antes do apag\u00e3o ib\u00e9rico. Os registros foram apresentados \u00e0 comiss\u00e3o de inqu\u00e9rito do Senado que investiga o incidente de 28 de abril do ano passado.<\/p>\n<p>Segundo as grava\u00e7\u00f5es, as comunica\u00e7\u00f5es entre as companhias de energia e a Red El\u00e9ctrica indicaram oscila\u00e7\u00f5es e anomalias na rede at\u00e9 12 dias antes do colapso. As empresas alertaram o operador nacional sobre as altera\u00e7\u00f5es.<\/p>\n<p>Numa chamada feita dois dias antes do apag\u00e3o, um t\u00e9cnico referiu muitas oscila\u00e7\u00f5es, ao que o centro de controlo respondeu que o problema estava relacionado com a produ\u00e7\u00e3o fotovoltaica. O material aponta para uma s\u00e9rie de incidentes ao longo de v\u00e1rios dias.<\/p>\n<h3>Detalhes das grava\u00e7\u00f5es e contexto<\/h3>\n<p>As grava\u00e7\u00f5es comp\u00f5em a documenta\u00e7\u00e3o analisada pelos senadores respons\u00e1veis pela investiga\u00e7\u00e3o. O objetivo \u00e9 compreender a sequ\u00eancia de eventos que levou \u00e0 interrup\u00e7\u00e3o massiva de energia na Pen\u00ednsula Ib\u00e9rica.<\/p>\n<p>De acordo com a investiga\u00e7\u00e3o, as falhas n\u00e3o aparecem como acontecimentos isolados, mas como parte de um regime de stress no sistema el\u00e9trico. A an\u00e1lise segue para confirmar se o apag\u00e3o poderia ter sido evitado com medidas adicionais.<\/p>\n","protected":false},"excerpt":{"rendered":"<ul>\n<li>Grava\u00e7\u00f5es de \u00e1udio revelam falhas e oscila\u00e7\u00f5es no sistema el\u00e9trico espanhol at\u00e9 12 dias antes do apag\u00e3o ib\u00e9rico de 28 de abril do ano passado.<\/li>\n<li>As comunica\u00e7\u00f5es entre as empresas de eletricidade e a Red El\u00e9ctrica indicam altera\u00e7\u00f5es relevantes na rede e alertam para riscos ao operador nacional.<\/li>\n<li>Numa chamada dois dias antes do apag\u00e3o, um t\u00e9cnico reporta \u201cmuitas oscila\u00e7\u00f5es\u201d e o centro de controlo diz que o problema est\u00e1 relacionado com a produ\u00e7\u00e3o fotovoltaica.<\/li>\n<li>Os incidentes n\u00e3o parecem pontuais: repetiram-se ao longo de v\u00e1rios dias, sugerindo instabilidade pr\u00e9-existente ao colapso.<\/li>\n<li>O material supervisionado pelo Senado refor\u00e7a a hip\u00f3tese de stress no sistema e reabre o debate sobre se o apag\u00e3o poderia ter sido evitado.<\/li>\n<\/ul>\n","protected":false},"author":2,"featured_media":419283,"comment_status":"closed","ping_status":"closed","sticky":false,"template":"","format":"standard","meta":{"footnotes":""},"categories":[6806],"tags":[1550,174,4549,2031,215,5113],"class_list":["post-419278","post","type-post","status-publish","format-standard","has-post-thumbnail","hentry","category-energia","tag-apagao","tag-energia","tag-energia-eletrica","tag-espanha","tag-investigacao","tag-redes-eletricas"],"yoast_head":"<!-- This site is optimized with the Yoast SEO plugin v27.2 - https:\/\/yoast.com\/product\/yoast-seo-wordpress\/ -->\n<title>\u00c1udios mostram falhas no sistema el\u00e9trico espanhol dias antes do apag\u00e3o ib\u00e9rico - Portal Tela Portugal<\/title>\n<meta name=\"robots\" content=\"index, follow, max-snippet:-1, max-image-preview:large, max-video-preview:-1\" \/>\n<meta property=\"og:locale\" content=\"pt_PT\" \/>\n<meta property=\"og:type\" content=\"article\" \/>\n<meta property=\"og:title\" content=\"\u00c1udios mostram falhas no sistema el\u00e9trico espanhol dias antes do apag\u00e3o ib\u00e9rico - Portal Tela Portugal\" \/>\n<meta property=\"og:description\" content=\"Grava\u00e7\u00f5es de \u00e1udio revelam falhas e oscila\u00e7\u00f5es no sistema el\u00e9trico espanhol at\u00e9 12 dias antes do apag\u00e3o ib\u00e9rico de 28 de abril do ano passado. As comunica\u00e7\u00f5es entre as empresas de eletricidade e a Red El\u00e9ctrica indicam altera\u00e7\u00f5es relevantes na rede e alertam para riscos ao operador nacional. Numa chamada dois dias antes do apag\u00e3o, um t\u00e9cnico reporta \u201cmuitas oscila\u00e7\u00f5es\u201d e o centro de controlo diz que o problema est\u00e1 relacionado com a produ\u00e7\u00e3o fotovoltaica. Os incidentes n\u00e3o parecem pontuais: repetiram-se ao longo de v\u00e1rios dias, sugerindo instabilidade pr\u00e9-existente ao colapso. O material supervisionado pelo Senado refor\u00e7a a hip\u00f3tese de stress no sistema e reabre o debate sobre se o apag\u00e3o poderia ter sido evitado.\" \/>\n<meta property=\"og:url\" content=\"https:\/\/portaltela.pt\/noticias\/2026\/03\/24\/audios-mostram-falhas-no-sistema-eletrico-espanhol-dias-antes-do-apagao-iberico\/\" \/>\n<meta property=\"og:site_name\" content=\"Portal Tela Portugal\" \/>\n<meta property=\"article:published_time\" content=\"2026-03-24T09:13:34+00:00\" \/>\n<meta name=\"author\" content=\"Telinha\" \/>\n<meta name=\"twitter:card\" content=\"summary_large_image\" \/>\n<meta name=\"twitter:label1\" content=\"Escrito por\" \/>\n\t<meta name=\"twitter:data1\" content=\"Telinha\" \/>\n\t<meta name=\"twitter:label2\" content=\"Tempo estimado de leitura\" \/>\n\t<meta name=\"twitter:data2\" content=\"1 minuto\" \/>\n<script type=\"application\/ld+json\" class=\"yoast-schema-graph\">{\"@context\":\"https:\/\/schema.org\",\"@graph\":[{\"@type\":\"Article\",\"@id\":\"https:\/\/portaltela.pt\/noticias\/2026\/03\/24\/audios-mostram-falhas-no-sistema-eletrico-espanhol-dias-antes-do-apagao-iberico\/#article\",\"isPartOf\":{\"@id\":\"https:\/\/portaltela.pt\/noticias\/2026\/03\/24\/audios-mostram-falhas-no-sistema-eletrico-espanhol-dias-antes-do-apagao-iberico\/\"},\"author\":{\"name\":\"Telinha\",\"@id\":\"https:\/\/portaltela.pt\/#\/schema\/person\/c4278d4a6028830caff9ee44b42d32ed\"},\"headline\":\"\u00c1udios mostram falhas no sistema el\u00e9trico espanhol dias antes do apag\u00e3o ib\u00e9rico\",\"datePublished\":\"2026-03-24T09:13:34+00:00\",\"mainEntityOfPage\":{\"@id\":\"https:\/\/portaltela.pt\/noticias\/2026\/03\/24\/audios-mostram-falhas-no-sistema-eletrico-espanhol-dias-antes-do-apagao-iberico\/\"},\"wordCount\":227,\"image\":{\"@id\":\"https:\/\/portaltela.pt\/noticias\/2026\/03\/24\/audios-mostram-falhas-no-sistema-eletrico-espanhol-dias-antes-do-apagao-iberico\/#primaryimage\"},\"thumbnailUrl\":\"https:\/\/portaltela.pt\/s.01k8rhncp4jt1\/2026\/03\/1536x864_cmsv2_4a572272-5ce8-5bf3-bba1-a32840aec9c9-9695892.jpg\",\"keywords\":[\"apag\u00e3o\",\"energia\",\"energia el\u00e9trica\",\"Espanha\",\"investiga\u00e7\u00e3o\",\"redes el\u00e9tricas\"],\"articleSection\":[\"Energia\"],\"inLanguage\":\"pt-PT\"},{\"@type\":\"WebPage\",\"@id\":\"https:\/\/portaltela.pt\/noticias\/2026\/03\/24\/audios-mostram-falhas-no-sistema-eletrico-espanhol-dias-antes-do-apagao-iberico\/\",\"url\":\"https:\/\/portaltela.pt\/noticias\/2026\/03\/24\/audios-mostram-falhas-no-sistema-eletrico-espanhol-dias-antes-do-apagao-iberico\/\",\"name\":\"\u00c1udios mostram falhas no sistema el\u00e9trico espanhol dias antes do apag\u00e3o ib\u00e9rico - Portal Tela Portugal\",\"isPartOf\":{\"@id\":\"https:\/\/portaltela.pt\/#website\"},\"primaryImageOfPage\":{\"@id\":\"https:\/\/portaltela.pt\/noticias\/2026\/03\/24\/audios-mostram-falhas-no-sistema-eletrico-espanhol-dias-antes-do-apagao-iberico\/#primaryimage\"},\"image\":{\"@id\":\"https:\/\/portaltela.pt\/noticias\/2026\/03\/24\/audios-mostram-falhas-no-sistema-eletrico-espanhol-dias-antes-do-apagao-iberico\/#primaryimage\"},\"thumbnailUrl\":\"https:\/\/portaltela.pt\/s.01k8rhncp4jt1\/2026\/03\/1536x864_cmsv2_4a572272-5ce8-5bf3-bba1-a32840aec9c9-9695892.jpg\",\"datePublished\":\"2026-03-24T09:13:34+00:00\",\"author\":{\"@id\":\"https:\/\/portaltela.pt\/#\/schema\/person\/c4278d4a6028830caff9ee44b42d32ed\"},\"breadcrumb\":{\"@id\":\"https:\/\/portaltela.pt\/noticias\/2026\/03\/24\/audios-mostram-falhas-no-sistema-eletrico-espanhol-dias-antes-do-apagao-iberico\/#breadcrumb\"},\"inLanguage\":\"pt-PT\",\"potentialAction\":[{\"@type\":\"ReadAction\",\"target\":[\"https:\/\/portaltela.pt\/noticias\/2026\/03\/24\/audios-mostram-falhas-no-sistema-eletrico-espanhol-dias-antes-do-apagao-iberico\/\"]}]},{\"@type\":\"ImageObject\",\"inLanguage\":\"pt-PT\",\"@id\":\"https:\/\/portaltela.pt\/noticias\/2026\/03\/24\/audios-mostram-falhas-no-sistema-eletrico-espanhol-dias-antes-do-apagao-iberico\/#primaryimage\",\"url\":\"https:\/\/portaltela.pt\/s.01k8rhncp4jt1\/2026\/03\/1536x864_cmsv2_4a572272-5ce8-5bf3-bba1-a32840aec9c9-9695892.jpg\",\"contentUrl\":\"https:\/\/portaltela.pt\/s.01k8rhncp4jt1\/2026\/03\/1536x864_cmsv2_4a572272-5ce8-5bf3-bba1-a32840aec9c9-9695892.jpg\",\"width\":796,\"height\":448,\"caption\":\"Clientes jantam num restaurante iluminado por um gerador durante um apag\u00e3o em Barcelona, Espanha, segunda-feira, 28 de abril de 2025.\"},{\"@type\":\"BreadcrumbList\",\"@id\":\"https:\/\/portaltela.pt\/noticias\/2026\/03\/24\/audios-mostram-falhas-no-sistema-eletrico-espanhol-dias-antes-do-apagao-iberico\/#breadcrumb\",\"itemListElement\":[{\"@type\":\"ListItem\",\"position\":1,\"name\":\"In\u00edcio\",\"item\":\"https:\/\/portaltela.pt\/\"},{\"@type\":\"ListItem\",\"position\":2,\"name\":\"\u00c1udios mostram falhas no sistema el\u00e9trico espanhol dias antes do apag\u00e3o ib\u00e9rico\"}]},{\"@type\":\"WebSite\",\"@id\":\"https:\/\/portaltela.pt\/#website\",\"url\":\"https:\/\/portaltela.pt\/\",\"name\":\"Portal Tela Portugal\",\"description\":\"\",\"potentialAction\":[{\"@type\":\"SearchAction\",\"target\":{\"@type\":\"EntryPoint\",\"urlTemplate\":\"https:\/\/portaltela.pt\/?s={search_term_string}\"},\"query-input\":{\"@type\":\"PropertyValueSpecification\",\"valueRequired\":true,\"valueName\":\"search_term_string\"}}],\"inLanguage\":\"pt-PT\"},{\"@type\":\"Person\",\"@id\":\"https:\/\/portaltela.pt\/#\/schema\/person\/c4278d4a6028830caff9ee44b42d32ed\",\"name\":\"Telinha\",\"image\":{\"@type\":\"ImageObject\",\"inLanguage\":\"pt-PT\",\"@id\":\"https:\/\/portaltela.pt\/s.01k8rhncp4jt1\/2025\/11\/talking-bot-125x125.png\",\"url\":\"https:\/\/portaltela.pt\/s.01k8rhncp4jt1\/2025\/11\/talking-bot-125x125.png\",\"contentUrl\":\"https:\/\/portaltela.pt\/s.01k8rhncp4jt1\/2025\/11\/talking-bot-125x125.png\",\"caption\":\"Telinha\"},\"sameAs\":[\"https:\/\/portaltela.pt\/\"],\"url\":\"https:\/\/portaltela.pt\/por\/367410592786\/\"}]}<\/script>\n<!-- \/ Yoast SEO plugin. -->","yoast_head_json":{"title":"\u00c1udios mostram falhas no sistema el\u00e9trico espanhol dias antes do apag\u00e3o ib\u00e9rico - Portal Tela Portugal","robots":{"index":"index","follow":"follow","max-snippet":"max-snippet:-1","max-image-preview":"max-image-preview:large","max-video-preview":"max-video-preview:-1"},"og_locale":"pt_PT","og_type":"article","og_title":"\u00c1udios mostram falhas no sistema el\u00e9trico espanhol dias antes do apag\u00e3o ib\u00e9rico - Portal Tela Portugal","og_description":"Grava\u00e7\u00f5es de \u00e1udio revelam falhas e oscila\u00e7\u00f5es no sistema el\u00e9trico espanhol at\u00e9 12 dias antes do apag\u00e3o ib\u00e9rico de 28 de abril do ano passado. As comunica\u00e7\u00f5es entre as empresas de eletricidade e a Red El\u00e9ctrica indicam altera\u00e7\u00f5es relevantes na rede e alertam para riscos ao operador nacional. Numa chamada dois dias antes do apag\u00e3o, um t\u00e9cnico reporta \u201cmuitas oscila\u00e7\u00f5es\u201d e o centro de controlo diz que o problema est\u00e1 relacionado com a produ\u00e7\u00e3o fotovoltaica. Os incidentes n\u00e3o parecem pontuais: repetiram-se ao longo de v\u00e1rios dias, sugerindo instabilidade pr\u00e9-existente ao colapso. O material supervisionado pelo Senado refor\u00e7a a hip\u00f3tese de stress no sistema e reabre o debate sobre se o apag\u00e3o poderia ter sido evitado.","og_url":"https:\/\/portaltela.pt\/noticias\/2026\/03\/24\/audios-mostram-falhas-no-sistema-eletrico-espanhol-dias-antes-do-apagao-iberico\/","og_site_name":"Portal Tela Portugal","article_published_time":"2026-03-24T09:13:34+00:00","author":"Telinha","twitter_card":"summary_large_image","twitter_misc":{"Escrito por":"Telinha","Tempo estimado de leitura":"1 minuto"},"schema":{"@context":"https:\/\/schema.org","@graph":[{"@type":"Article","@id":"https:\/\/portaltela.pt\/noticias\/2026\/03\/24\/audios-mostram-falhas-no-sistema-eletrico-espanhol-dias-antes-do-apagao-iberico\/#article","isPartOf":{"@id":"https:\/\/portaltela.pt\/noticias\/2026\/03\/24\/audios-mostram-falhas-no-sistema-eletrico-espanhol-dias-antes-do-apagao-iberico\/"},"author":{"name":"Telinha","@id":"https:\/\/portaltela.pt\/#\/schema\/person\/c4278d4a6028830caff9ee44b42d32ed"},"headline":"\u00c1udios mostram falhas no sistema el\u00e9trico espanhol dias antes do apag\u00e3o ib\u00e9rico","datePublished":"2026-03-24T09:13:34+00:00","mainEntityOfPage":{"@id":"https:\/\/portaltela.pt\/noticias\/2026\/03\/24\/audios-mostram-falhas-no-sistema-eletrico-espanhol-dias-antes-do-apagao-iberico\/"},"wordCount":227,"image":{"@id":"https:\/\/portaltela.pt\/noticias\/2026\/03\/24\/audios-mostram-falhas-no-sistema-eletrico-espanhol-dias-antes-do-apagao-iberico\/#primaryimage"},"thumbnailUrl":"https:\/\/portaltela.pt\/s.01k8rhncp4jt1\/2026\/03\/1536x864_cmsv2_4a572272-5ce8-5bf3-bba1-a32840aec9c9-9695892.jpg","keywords":["apag\u00e3o","energia","energia el\u00e9trica","Espanha","investiga\u00e7\u00e3o","redes el\u00e9tricas"],"articleSection":["Energia"],"inLanguage":"pt-PT"},{"@type":"WebPage","@id":"https:\/\/portaltela.pt\/noticias\/2026\/03\/24\/audios-mostram-falhas-no-sistema-eletrico-espanhol-dias-antes-do-apagao-iberico\/","url":"https:\/\/portaltela.pt\/noticias\/2026\/03\/24\/audios-mostram-falhas-no-sistema-eletrico-espanhol-dias-antes-do-apagao-iberico\/","name":"\u00c1udios mostram falhas no sistema el\u00e9trico espanhol dias antes do apag\u00e3o ib\u00e9rico - Portal Tela Portugal","isPartOf":{"@id":"https:\/\/portaltela.pt\/#website"},"primaryImageOfPage":{"@id":"https:\/\/portaltela.pt\/noticias\/2026\/03\/24\/audios-mostram-falhas-no-sistema-eletrico-espanhol-dias-antes-do-apagao-iberico\/#primaryimage"},"image":{"@id":"https:\/\/portaltela.pt\/noticias\/2026\/03\/24\/audios-mostram-falhas-no-sistema-eletrico-espanhol-dias-antes-do-apagao-iberico\/#primaryimage"},"thumbnailUrl":"https:\/\/portaltela.pt\/s.01k8rhncp4jt1\/2026\/03\/1536x864_cmsv2_4a572272-5ce8-5bf3-bba1-a32840aec9c9-9695892.jpg","datePublished":"2026-03-24T09:13:34+00:00","author":{"@id":"https:\/\/portaltela.pt\/#\/schema\/person\/c4278d4a6028830caff9ee44b42d32ed"},"breadcrumb":{"@id":"https:\/\/portaltela.pt\/noticias\/2026\/03\/24\/audios-mostram-falhas-no-sistema-eletrico-espanhol-dias-antes-do-apagao-iberico\/#breadcrumb"},"inLanguage":"pt-PT","potentialAction":[{"@type":"ReadAction","target":["https:\/\/portaltela.pt\/noticias\/2026\/03\/24\/audios-mostram-falhas-no-sistema-eletrico-espanhol-dias-antes-do-apagao-iberico\/"]}]},{"@type":"ImageObject","inLanguage":"pt-PT","@id":"https:\/\/portaltela.pt\/noticias\/2026\/03\/24\/audios-mostram-falhas-no-sistema-eletrico-espanhol-dias-antes-do-apagao-iberico\/#primaryimage","url":"https:\/\/portaltela.pt\/s.01k8rhncp4jt1\/2026\/03\/1536x864_cmsv2_4a572272-5ce8-5bf3-bba1-a32840aec9c9-9695892.jpg","contentUrl":"https:\/\/portaltela.pt\/s.01k8rhncp4jt1\/2026\/03\/1536x864_cmsv2_4a572272-5ce8-5bf3-bba1-a32840aec9c9-9695892.jpg","width":796,"height":448,"caption":"Clientes jantam num restaurante iluminado por um gerador durante um apag\u00e3o em Barcelona, Espanha, segunda-feira, 28 de abril de 2025."},{"@type":"BreadcrumbList","@id":"https:\/\/portaltela.pt\/noticias\/2026\/03\/24\/audios-mostram-falhas-no-sistema-eletrico-espanhol-dias-antes-do-apagao-iberico\/#breadcrumb","itemListElement":[{"@type":"ListItem","position":1,"name":"In\u00edcio","item":"https:\/\/portaltela.pt\/"},{"@type":"ListItem","position":2,"name":"\u00c1udios mostram falhas no sistema el\u00e9trico espanhol dias antes do apag\u00e3o ib\u00e9rico"}]},{"@type":"WebSite","@id":"https:\/\/portaltela.pt\/#website","url":"https:\/\/portaltela.pt\/","name":"Portal Tela Portugal","description":"","potentialAction":[{"@type":"SearchAction","target":{"@type":"EntryPoint","urlTemplate":"https:\/\/portaltela.pt\/?s={search_term_string}"},"query-input":{"@type":"PropertyValueSpecification","valueRequired":true,"valueName":"search_term_string"}}],"inLanguage":"pt-PT"},{"@type":"Person","@id":"https:\/\/portaltela.pt\/#\/schema\/person\/c4278d4a6028830caff9ee44b42d32ed","name":"Telinha","image":{"@type":"ImageObject","inLanguage":"pt-PT","@id":"https:\/\/portaltela.pt\/s.01k8rhncp4jt1\/2025\/11\/talking-bot-125x125.png","url":"https:\/\/portaltela.pt\/s.01k8rhncp4jt1\/2025\/11\/talking-bot-125x125.png","contentUrl":"https:\/\/portaltela.pt\/s.01k8rhncp4jt1\/2025\/11\/talking-bot-125x125.png","caption":"Telinha"},"sameAs":["https:\/\/portaltela.pt\/"],"url":"https:\/\/portaltela.pt\/por\/367410592786\/"}]}},"_links":{"self":[{"href":"https:\/\/portaltela.pt\/api\/wp\/v2\/posts\/419278","targetHints":{"allow":["GET"]}}],"collection":[{"href":"https:\/\/portaltela.pt\/api\/wp\/v2\/posts"}],"about":[{"href":"https:\/\/portaltela.pt\/api\/wp\/v2\/types\/post"}],"author":[{"embeddable":true,"href":"https:\/\/portaltela.pt\/api\/wp\/v2\/users\/2"}],"replies":[{"embeddable":true,"href":"https:\/\/portaltela.pt\/api\/wp\/v2\/comments?post=419278"}],"version-history":[{"count":0,"href":"https:\/\/portaltela.pt\/api\/wp\/v2\/posts\/419278\/revisions"}],"wp:featuredmedia":[{"embeddable":true,"href":"https:\/\/portaltela.pt\/api\/wp\/v2\/media\/419283"}],"wp:attachment":[{"href":"https:\/\/portaltela.pt\/api\/wp\/v2\/media?parent=419278"}],"wp:term":[{"taxonomy":"category","embeddable":true,"href":"https:\/\/portaltela.pt\/api\/wp\/v2\/categories?post=419278"},{"taxonomy":"post_tag","embeddable":true,"href":"https:\/\/portaltela.pt\/api\/wp\/v2\/tags?post=419278"}],"curies":[{"name":"wp","href":"https:\/\/api.w.org\/{rel}","templated":true}]}}