{"id":419276,"date":"2026-03-24T06:30:33","date_gmt":"2026-03-24T09:30:33","guid":{"rendered":"https:\/\/portaltela.pt\/noticias\/2026\/03\/24\/guarda-redes-de-20-anos-morto-a-tiro-por-engano-na-suecia\/"},"modified":"2026-03-24T06:30:33","modified_gmt":"2026-03-24T09:30:33","slug":"guarda-redes-de-20-anos-morto-a-tiro-por-engano-na-suecia","status":"publish","type":"post","link":"https:\/\/portaltela.pt\/policia\/2026\/03\/24\/guarda-redes-de-20-anos-morto-a-tiro-por-engano-na-suecia\/","title":{"rendered":"Guarda-redes de 20 anos morto a tiro por engano na Su\u00e9cia"},"content":{"rendered":"<p>Um guarda-redes de 20 anos, Hugo Mosshagen, do BK Forward, da terceira divis\u00e3o sueca, foi morto a tiro numa zona residencial a oeste de \u00d6rebro. O tiroteio ocorreu na noite de ontem; o atleta foi transportado para o hospital, onde acabou por falecer.<\/p>\n<p>At\u00e9 ao momento n\u00e3o houve deten\u00e7\u00f5es. As autoridades estudam a hip\u00f3tese de assassinato por engano, acreditando que o atacante pretendia alvejar uma pessoa que acompanhava o jogador e que n\u00e3o tinha liga\u00e7\u00f5es a gangues ou grupos criminosos.<\/p>\n<p>O BK Forward manifestou o seu pesar nas redes sociais, descrevendo Hugo como guarda-redes talentoso e colega muito querido, cujo desaparecimento deixou a equipa em choque.<\/p>\n<p>A investiga\u00e7\u00e3o permanece em curso. A pol\u00edcia solicitou \u00e0 popula\u00e7\u00e3o que repare em qualquer informa\u00e7\u00e3o relevante para esclarecer as circunst\u00e2ncias do tiroteio ocorrido na regi\u00e3o.<\/p>\n","protected":false},"excerpt":{"rendered":"<ul>\n<li>Hugo Mosshagen, guarda-redes de 20 anos do BK Forward, da terceira divis\u00e3o da Su\u00e9cia, foi morto a tiro.<\/li>\n<li>O incidente ocorreu numa zona residencial a oeste de \u00d6rebro, onde as autoridades encontraram o atleta ferido; ele acabou por falecer no hospital.<\/li>\n<li>N\u00e3o h\u00e1 deten\u00e7\u00f5es no momento e as autoridades estudam a hip\u00f3tese de o assassinato ter sido por engano, j\u00e1 que o suspeito pretendia alvejar uma pessoa que acompanhava o guarda-redes.<\/li>\n<li>O BK Forward lamentou a morte de Hugo Mosshagen numa mensagem publicada nas redes sociais, descrevendo-o como um guarda-redes talentoso, colega e amigo muito querido.<\/li>\n<\/ul>\n","protected":false},"author":2,"featured_media":419279,"comment_status":"closed","ping_status":"closed","sticky":false,"template":"","format":"standard","meta":{"footnotes":""},"categories":[6907,6781],"tags":[147,32,3338,1345,242,2645],"class_list":["post-419276","post","type-post","status-publish","format-standard","has-post-thumbnail","hentry","category-crime","category-policia","tag-crime","tag-futebol","tag-futebol-internacional","tag-homicidio","tag-jogadores","tag-suecia"],"yoast_head":"<!-- This site is optimized with the Yoast SEO plugin v27.2 - https:\/\/yoast.com\/product\/yoast-seo-wordpress\/ -->\n<title>Guarda-redes de 20 anos morto a tiro por engano na Su\u00e9cia - Portal Tela Portugal<\/title>\n<meta name=\"robots\" content=\"index, follow, max-snippet:-1, max-image-preview:large, max-video-preview:-1\" \/>\n<meta property=\"og:locale\" content=\"pt_PT\" \/>\n<meta property=\"og:type\" content=\"article\" \/>\n<meta property=\"og:title\" content=\"Guarda-redes de 20 anos morto a tiro por engano na Su\u00e9cia - Portal Tela Portugal\" \/>\n<meta property=\"og:description\" content=\"Hugo Mosshagen, guarda-redes de 20 anos do BK Forward, da terceira divis\u00e3o da Su\u00e9cia, foi morto a tiro. O incidente ocorreu numa zona residencial a oeste de \u00d6rebro, onde as autoridades encontraram o atleta ferido; ele acabou por falecer no hospital. N\u00e3o h\u00e1 deten\u00e7\u00f5es no momento e as autoridades estudam a hip\u00f3tese de o assassinato ter sido por engano, j\u00e1 que o suspeito pretendia alvejar uma pessoa que acompanhava o guarda-redes. O BK Forward lamentou a morte de Hugo Mosshagen numa mensagem publicada nas redes sociais, descrevendo-o como um guarda-redes talentoso, colega e amigo muito querido.\" \/>\n<meta property=\"og:url\" content=\"https:\/\/portaltela.pt\/noticias\/2026\/03\/24\/guarda-redes-de-20-anos-morto-a-tiro-por-engano-na-suecia\/\" \/>\n<meta property=\"og:site_name\" content=\"Portal Tela Portugal\" \/>\n<meta property=\"article:published_time\" content=\"2026-03-24T09:30:33+00:00\" \/>\n<meta name=\"author\" content=\"Telinha\" \/>\n<meta name=\"twitter:card\" content=\"summary_large_image\" \/>\n<meta name=\"twitter:label1\" content=\"Escrito por\" \/>\n\t<meta name=\"twitter:data1\" content=\"Telinha\" \/>\n\t<meta name=\"twitter:label2\" content=\"Tempo estimado de leitura\" \/>\n\t<meta name=\"twitter:data2\" content=\"1 minuto\" \/>\n<script type=\"application\/ld+json\" class=\"yoast-schema-graph\">{\"@context\":\"https:\/\/schema.org\",\"@graph\":[{\"@type\":\"Article\",\"@id\":\"https:\/\/portaltela.pt\/noticias\/2026\/03\/24\/guarda-redes-de-20-anos-morto-a-tiro-por-engano-na-suecia\/#article\",\"isPartOf\":{\"@id\":\"https:\/\/portaltela.pt\/noticias\/2026\/03\/24\/guarda-redes-de-20-anos-morto-a-tiro-por-engano-na-suecia\/\"},\"author\":{\"name\":\"Telinha\",\"@id\":\"https:\/\/portaltela.pt\/#\/schema\/person\/c4278d4a6028830caff9ee44b42d32ed\"},\"headline\":\"Guarda-redes de 20 anos morto a tiro por engano na Su\u00e9cia\",\"datePublished\":\"2026-03-24T09:30:33+00:00\",\"mainEntityOfPage\":{\"@id\":\"https:\/\/portaltela.pt\/noticias\/2026\/03\/24\/guarda-redes-de-20-anos-morto-a-tiro-por-engano-na-suecia\/\"},\"wordCount\":152,\"image\":{\"@id\":\"https:\/\/portaltela.pt\/noticias\/2026\/03\/24\/guarda-redes-de-20-anos-morto-a-tiro-por-engano-na-suecia\/#primaryimage\"},\"thumbnailUrl\":\"https:\/\/portaltela.pt\/s.01k8rhncp4jt1\/2026\/03\/img_920x518uu2026-03-24-09-30-24-2429020.jpg\",\"keywords\":[\"crime\",\"futebol\",\"futebol internacional\",\"homic\u00eddio\",\"jogadores\",\"Su\u00e9cia\"],\"articleSection\":[\"Crime\",\"Pol\u00edcia\"],\"inLanguage\":\"pt-PT\"},{\"@type\":\"WebPage\",\"@id\":\"https:\/\/portaltela.pt\/noticias\/2026\/03\/24\/guarda-redes-de-20-anos-morto-a-tiro-por-engano-na-suecia\/\",\"url\":\"https:\/\/portaltela.pt\/noticias\/2026\/03\/24\/guarda-redes-de-20-anos-morto-a-tiro-por-engano-na-suecia\/\",\"name\":\"Guarda-redes de 20 anos morto a tiro por engano na Su\u00e9cia - Portal Tela Portugal\",\"isPartOf\":{\"@id\":\"https:\/\/portaltela.pt\/#website\"},\"primaryImageOfPage\":{\"@id\":\"https:\/\/portaltela.pt\/noticias\/2026\/03\/24\/guarda-redes-de-20-anos-morto-a-tiro-por-engano-na-suecia\/#primaryimage\"},\"image\":{\"@id\":\"https:\/\/portaltela.pt\/noticias\/2026\/03\/24\/guarda-redes-de-20-anos-morto-a-tiro-por-engano-na-suecia\/#primaryimage\"},\"thumbnailUrl\":\"https:\/\/portaltela.pt\/s.01k8rhncp4jt1\/2026\/03\/img_920x518uu2026-03-24-09-30-24-2429020.jpg\",\"datePublished\":\"2026-03-24T09:30:33+00:00\",\"author\":{\"@id\":\"https:\/\/portaltela.pt\/#\/schema\/person\/c4278d4a6028830caff9ee44b42d32ed\"},\"breadcrumb\":{\"@id\":\"https:\/\/portaltela.pt\/noticias\/2026\/03\/24\/guarda-redes-de-20-anos-morto-a-tiro-por-engano-na-suecia\/#breadcrumb\"},\"inLanguage\":\"pt-PT\",\"potentialAction\":[{\"@type\":\"ReadAction\",\"target\":[\"https:\/\/portaltela.pt\/noticias\/2026\/03\/24\/guarda-redes-de-20-anos-morto-a-tiro-por-engano-na-suecia\/\"]}]},{\"@type\":\"ImageObject\",\"inLanguage\":\"pt-PT\",\"@id\":\"https:\/\/portaltela.pt\/noticias\/2026\/03\/24\/guarda-redes-de-20-anos-morto-a-tiro-por-engano-na-suecia\/#primaryimage\",\"url\":\"https:\/\/portaltela.pt\/s.01k8rhncp4jt1\/2026\/03\/img_920x518uu2026-03-24-09-30-24-2429020.jpg\",\"contentUrl\":\"https:\/\/portaltela.pt\/s.01k8rhncp4jt1\/2026\/03\/img_920x518uu2026-03-24-09-30-24-2429020.jpg\",\"width\":796,\"height\":448,\"caption\":\"Hugo Mosshagen\"},{\"@type\":\"BreadcrumbList\",\"@id\":\"https:\/\/portaltela.pt\/noticias\/2026\/03\/24\/guarda-redes-de-20-anos-morto-a-tiro-por-engano-na-suecia\/#breadcrumb\",\"itemListElement\":[{\"@type\":\"ListItem\",\"position\":1,\"name\":\"In\u00edcio\",\"item\":\"https:\/\/portaltela.pt\/\"},{\"@type\":\"ListItem\",\"position\":2,\"name\":\"Guarda-redes de 20 anos morto a tiro por engano na Su\u00e9cia\"}]},{\"@type\":\"WebSite\",\"@id\":\"https:\/\/portaltela.pt\/#website\",\"url\":\"https:\/\/portaltela.pt\/\",\"name\":\"Portal Tela Portugal\",\"description\":\"\",\"potentialAction\":[{\"@type\":\"SearchAction\",\"target\":{\"@type\":\"EntryPoint\",\"urlTemplate\":\"https:\/\/portaltela.pt\/?s={search_term_string}\"},\"query-input\":{\"@type\":\"PropertyValueSpecification\",\"valueRequired\":true,\"valueName\":\"search_term_string\"}}],\"inLanguage\":\"pt-PT\"},{\"@type\":\"Person\",\"@id\":\"https:\/\/portaltela.pt\/#\/schema\/person\/c4278d4a6028830caff9ee44b42d32ed\",\"name\":\"Telinha\",\"image\":{\"@type\":\"ImageObject\",\"inLanguage\":\"pt-PT\",\"@id\":\"https:\/\/portaltela.pt\/s.01k8rhncp4jt1\/2025\/11\/talking-bot-125x125.png\",\"url\":\"https:\/\/portaltela.pt\/s.01k8rhncp4jt1\/2025\/11\/talking-bot-125x125.png\",\"contentUrl\":\"https:\/\/portaltela.pt\/s.01k8rhncp4jt1\/2025\/11\/talking-bot-125x125.png\",\"caption\":\"Telinha\"},\"sameAs\":[\"https:\/\/portaltela.pt\/\"],\"url\":\"https:\/\/portaltela.pt\/por\/367410592786\/\"}]}<\/script>\n<!-- \/ Yoast SEO plugin. -->","yoast_head_json":{"title":"Guarda-redes de 20 anos morto a tiro por engano na Su\u00e9cia - Portal Tela Portugal","robots":{"index":"index","follow":"follow","max-snippet":"max-snippet:-1","max-image-preview":"max-image-preview:large","max-video-preview":"max-video-preview:-1"},"og_locale":"pt_PT","og_type":"article","og_title":"Guarda-redes de 20 anos morto a tiro por engano na Su\u00e9cia - Portal Tela Portugal","og_description":"Hugo Mosshagen, guarda-redes de 20 anos do BK Forward, da terceira divis\u00e3o da Su\u00e9cia, foi morto a tiro. O incidente ocorreu numa zona residencial a oeste de \u00d6rebro, onde as autoridades encontraram o atleta ferido; ele acabou por falecer no hospital. N\u00e3o h\u00e1 deten\u00e7\u00f5es no momento e as autoridades estudam a hip\u00f3tese de o assassinato ter sido por engano, j\u00e1 que o suspeito pretendia alvejar uma pessoa que acompanhava o guarda-redes. O BK Forward lamentou a morte de Hugo Mosshagen numa mensagem publicada nas redes sociais, descrevendo-o como um guarda-redes talentoso, colega e amigo muito querido.","og_url":"https:\/\/portaltela.pt\/noticias\/2026\/03\/24\/guarda-redes-de-20-anos-morto-a-tiro-por-engano-na-suecia\/","og_site_name":"Portal Tela Portugal","article_published_time":"2026-03-24T09:30:33+00:00","author":"Telinha","twitter_card":"summary_large_image","twitter_misc":{"Escrito por":"Telinha","Tempo estimado de leitura":"1 minuto"},"schema":{"@context":"https:\/\/schema.org","@graph":[{"@type":"Article","@id":"https:\/\/portaltela.pt\/noticias\/2026\/03\/24\/guarda-redes-de-20-anos-morto-a-tiro-por-engano-na-suecia\/#article","isPartOf":{"@id":"https:\/\/portaltela.pt\/noticias\/2026\/03\/24\/guarda-redes-de-20-anos-morto-a-tiro-por-engano-na-suecia\/"},"author":{"name":"Telinha","@id":"https:\/\/portaltela.pt\/#\/schema\/person\/c4278d4a6028830caff9ee44b42d32ed"},"headline":"Guarda-redes de 20 anos morto a tiro por engano na Su\u00e9cia","datePublished":"2026-03-24T09:30:33+00:00","mainEntityOfPage":{"@id":"https:\/\/portaltela.pt\/noticias\/2026\/03\/24\/guarda-redes-de-20-anos-morto-a-tiro-por-engano-na-suecia\/"},"wordCount":152,"image":{"@id":"https:\/\/portaltela.pt\/noticias\/2026\/03\/24\/guarda-redes-de-20-anos-morto-a-tiro-por-engano-na-suecia\/#primaryimage"},"thumbnailUrl":"https:\/\/portaltela.pt\/s.01k8rhncp4jt1\/2026\/03\/img_920x518uu2026-03-24-09-30-24-2429020.jpg","keywords":["crime","futebol","futebol internacional","homic\u00eddio","jogadores","Su\u00e9cia"],"articleSection":["Crime","Pol\u00edcia"],"inLanguage":"pt-PT"},{"@type":"WebPage","@id":"https:\/\/portaltela.pt\/noticias\/2026\/03\/24\/guarda-redes-de-20-anos-morto-a-tiro-por-engano-na-suecia\/","url":"https:\/\/portaltela.pt\/noticias\/2026\/03\/24\/guarda-redes-de-20-anos-morto-a-tiro-por-engano-na-suecia\/","name":"Guarda-redes de 20 anos morto a tiro por engano na Su\u00e9cia - Portal Tela Portugal","isPartOf":{"@id":"https:\/\/portaltela.pt\/#website"},"primaryImageOfPage":{"@id":"https:\/\/portaltela.pt\/noticias\/2026\/03\/24\/guarda-redes-de-20-anos-morto-a-tiro-por-engano-na-suecia\/#primaryimage"},"image":{"@id":"https:\/\/portaltela.pt\/noticias\/2026\/03\/24\/guarda-redes-de-20-anos-morto-a-tiro-por-engano-na-suecia\/#primaryimage"},"thumbnailUrl":"https:\/\/portaltela.pt\/s.01k8rhncp4jt1\/2026\/03\/img_920x518uu2026-03-24-09-30-24-2429020.jpg","datePublished":"2026-03-24T09:30:33+00:00","author":{"@id":"https:\/\/portaltela.pt\/#\/schema\/person\/c4278d4a6028830caff9ee44b42d32ed"},"breadcrumb":{"@id":"https:\/\/portaltela.pt\/noticias\/2026\/03\/24\/guarda-redes-de-20-anos-morto-a-tiro-por-engano-na-suecia\/#breadcrumb"},"inLanguage":"pt-PT","potentialAction":[{"@type":"ReadAction","target":["https:\/\/portaltela.pt\/noticias\/2026\/03\/24\/guarda-redes-de-20-anos-morto-a-tiro-por-engano-na-suecia\/"]}]},{"@type":"ImageObject","inLanguage":"pt-PT","@id":"https:\/\/portaltela.pt\/noticias\/2026\/03\/24\/guarda-redes-de-20-anos-morto-a-tiro-por-engano-na-suecia\/#primaryimage","url":"https:\/\/portaltela.pt\/s.01k8rhncp4jt1\/2026\/03\/img_920x518uu2026-03-24-09-30-24-2429020.jpg","contentUrl":"https:\/\/portaltela.pt\/s.01k8rhncp4jt1\/2026\/03\/img_920x518uu2026-03-24-09-30-24-2429020.jpg","width":796,"height":448,"caption":"Hugo Mosshagen"},{"@type":"BreadcrumbList","@id":"https:\/\/portaltela.pt\/noticias\/2026\/03\/24\/guarda-redes-de-20-anos-morto-a-tiro-por-engano-na-suecia\/#breadcrumb","itemListElement":[{"@type":"ListItem","position":1,"name":"In\u00edcio","item":"https:\/\/portaltela.pt\/"},{"@type":"ListItem","position":2,"name":"Guarda-redes de 20 anos morto a tiro por engano na Su\u00e9cia"}]},{"@type":"WebSite","@id":"https:\/\/portaltela.pt\/#website","url":"https:\/\/portaltela.pt\/","name":"Portal Tela Portugal","description":"","potentialAction":[{"@type":"SearchAction","target":{"@type":"EntryPoint","urlTemplate":"https:\/\/portaltela.pt\/?s={search_term_string}"},"query-input":{"@type":"PropertyValueSpecification","valueRequired":true,"valueName":"search_term_string"}}],"inLanguage":"pt-PT"},{"@type":"Person","@id":"https:\/\/portaltela.pt\/#\/schema\/person\/c4278d4a6028830caff9ee44b42d32ed","name":"Telinha","image":{"@type":"ImageObject","inLanguage":"pt-PT","@id":"https:\/\/portaltela.pt\/s.01k8rhncp4jt1\/2025\/11\/talking-bot-125x125.png","url":"https:\/\/portaltela.pt\/s.01k8rhncp4jt1\/2025\/11\/talking-bot-125x125.png","contentUrl":"https:\/\/portaltela.pt\/s.01k8rhncp4jt1\/2025\/11\/talking-bot-125x125.png","caption":"Telinha"},"sameAs":["https:\/\/portaltela.pt\/"],"url":"https:\/\/portaltela.pt\/por\/367410592786\/"}]}},"_links":{"self":[{"href":"https:\/\/portaltela.pt\/api\/wp\/v2\/posts\/419276","targetHints":{"allow":["GET"]}}],"collection":[{"href":"https:\/\/portaltela.pt\/api\/wp\/v2\/posts"}],"about":[{"href":"https:\/\/portaltela.pt\/api\/wp\/v2\/types\/post"}],"author":[{"embeddable":true,"href":"https:\/\/portaltela.pt\/api\/wp\/v2\/users\/2"}],"replies":[{"embeddable":true,"href":"https:\/\/portaltela.pt\/api\/wp\/v2\/comments?post=419276"}],"version-history":[{"count":0,"href":"https:\/\/portaltela.pt\/api\/wp\/v2\/posts\/419276\/revisions"}],"wp:featuredmedia":[{"embeddable":true,"href":"https:\/\/portaltela.pt\/api\/wp\/v2\/media\/419279"}],"wp:attachment":[{"href":"https:\/\/portaltela.pt\/api\/wp\/v2\/media?parent=419276"}],"wp:term":[{"taxonomy":"category","embeddable":true,"href":"https:\/\/portaltela.pt\/api\/wp\/v2\/categories?post=419276"},{"taxonomy":"post_tag","embeddable":true,"href":"https:\/\/portaltela.pt\/api\/wp\/v2\/tags?post=419276"}],"curies":[{"name":"wp","href":"https:\/\/api.w.org\/{rel}","templated":true}]}}