{"id":419262,"date":"2026-03-24T06:10:00","date_gmt":"2026-03-24T09:10:00","guid":{"rendered":"https:\/\/portaltela.pt\/noticias\/2026\/03\/24\/renato-paiva-elogia-paulinho-pela-chamada-a-selecao\/"},"modified":"2026-03-24T06:10:00","modified_gmt":"2026-03-24T09:10:00","slug":"renato-paiva-elogia-paulinho-pela-chamada-a-selecao","status":"publish","type":"post","link":"https:\/\/portaltela.pt\/desporto\/futebol\/2026\/03\/24\/renato-paiva-elogia-paulinho-pela-chamada-a-selecao\/","title":{"rendered":"Renato Paiva elogia Paulinho pela chamada \u00e0 sele\u00e7\u00e3o"},"content":{"rendered":"<p>O avan\u00e7ado Paulinho foi convocado por Roberto Mart\u00ednez para os jogos particulares da sele\u00e7\u00e3o de Portugal contra os Estados Unidos e o M\u00e9xico. A chamada deveu-se \u00e0 indisponibilidade de v\u00e1rios jogadores por les\u00e3o, incluindo Rafael Le\u00e3o, do Milan, o que abriu espa\u00e7o no plantel.<\/p>\n<p>Em junho de 2024, Paulinho foi contratado pelo Toluca, do M\u00e9xico, a pedido de Renato Paiva, que na altura liderava a equipa mexicana. A liga\u00e7\u00e3o entre Paiva e o jogador j\u00e1 era conhecida, com o t\u00e9cnico a promover a chegada do atacante ao emblema verde e branco.<\/p>\n<p>A inclus\u00e3o de Paulinho na lista de convocados mostra uma recupera\u00e7\u00e3o de confian\u00e7a do selecionador Roberto Mart\u00ednez em jogadores que t\u00eam espa\u00e7o em clubes europeus e no M\u00e9xico. A decis\u00e3o reflecte o objetivo de fortalecer o ataque diante das aus\u00eancias por les\u00e3o no plantel.<\/p>\n<p>Renato Paiva reagiu de forma favor\u00e1vel \u00e0 chamada do ex-jogador do Sporting, destacando a import\u00e2ncia da op\u00e7\u00e3o para a equipa mexicana e portuguesa no momento da convocat\u00f3ria. A not\u00edcia chega numa fase em que Portugal refor\u00e7a o grupo para os compromissos internacionais.<\/p>\n<p>A chamada de Paulinho evidencia a liga\u00e7\u00e3o entre o treinador portugu\u00eas Renato Paiva e o futebol internacional, que incluiu a passagem pelo Toluca antes de o jogador integrar a raz\u00e3o t\u00e1tica de Portugal para os encontros frente aos Estados Unidos e ao M\u00e9xico.<\/p>\n","protected":false},"excerpt":{"rendered":"<ul>\n<li>Em junho de 2024, o avan\u00e7ado Paulinho foi contratado pelo Toluca, a pedido do ent\u00e3o treinador Renato Paiva.<\/li>\n<li>Renato Paiva tinha acabado de assumir o comando do Toluca na altura.<\/li>\n<li>O selecionador de Portugal, Roberto Mart\u00ednez, chamou Paulinho para jogos particulares contra Estados Unidos e M\u00e9xico.<\/li>\n<li>A convoca\u00e7\u00e3o deveu-se \u00e0s aus\u00eancias de jogadores por les\u00e3o, incluindo Rafael Le\u00e3o, antigo jogador do Milan.<\/li>\n<\/ul>\n","protected":false},"author":2,"featured_media":419266,"comment_status":"closed","ping_status":"closed","sticky":false,"template":"","format":"standard","meta":{"footnotes":""},"categories":[21,24],"tags":[3364,32,81,242,1014,2057],"class_list":["post-419262","post","type-post","status-publish","format-standard","has-post-thumbnail","hentry","category-desporto","category-futebol","tag-convocacoes","tag-futebol","tag-internacionais","tag-jogadores","tag-portugal","tag-selecao-nacional"],"yoast_head":"<!-- This site is optimized with the Yoast SEO plugin v27.2 - https:\/\/yoast.com\/product\/yoast-seo-wordpress\/ -->\n<title>Renato Paiva elogia Paulinho pela chamada \u00e0 sele\u00e7\u00e3o - Portal Tela Portugal<\/title>\n<meta name=\"robots\" content=\"index, follow, max-snippet:-1, max-image-preview:large, max-video-preview:-1\" \/>\n<meta property=\"og:locale\" content=\"pt_PT\" \/>\n<meta property=\"og:type\" content=\"article\" \/>\n<meta property=\"og:title\" content=\"Renato Paiva elogia Paulinho pela chamada \u00e0 sele\u00e7\u00e3o - Portal Tela Portugal\" \/>\n<meta property=\"og:description\" content=\"Em junho de 2024, o avan\u00e7ado Paulinho foi contratado pelo Toluca, a pedido do ent\u00e3o treinador Renato Paiva. Renato Paiva tinha acabado de assumir o comando do Toluca na altura. O selecionador de Portugal, Roberto Mart\u00ednez, chamou Paulinho para jogos particulares contra Estados Unidos e M\u00e9xico. A convoca\u00e7\u00e3o deveu-se \u00e0s aus\u00eancias de jogadores por les\u00e3o, incluindo Rafael Le\u00e3o, antigo jogador do Milan.\" \/>\n<meta property=\"og:url\" content=\"https:\/\/portaltela.pt\/noticias\/2026\/03\/24\/renato-paiva-elogia-paulinho-pela-chamada-a-selecao\/\" \/>\n<meta property=\"og:site_name\" content=\"Portal Tela Portugal\" \/>\n<meta property=\"article:published_time\" content=\"2026-03-24T09:10:00+00:00\" \/>\n<meta name=\"author\" content=\"Telinha\" \/>\n<meta name=\"twitter:card\" content=\"summary_large_image\" \/>\n<meta name=\"twitter:label1\" content=\"Escrito por\" \/>\n\t<meta name=\"twitter:data1\" content=\"Telinha\" \/>\n\t<meta name=\"twitter:label2\" content=\"Tempo estimado de leitura\" \/>\n\t<meta name=\"twitter:data2\" content=\"1 minuto\" \/>\n<script type=\"application\/ld+json\" class=\"yoast-schema-graph\">{\"@context\":\"https:\/\/schema.org\",\"@graph\":[{\"@type\":\"Article\",\"@id\":\"https:\/\/portaltela.pt\/noticias\/2026\/03\/24\/renato-paiva-elogia-paulinho-pela-chamada-a-selecao\/#article\",\"isPartOf\":{\"@id\":\"https:\/\/portaltela.pt\/noticias\/2026\/03\/24\/renato-paiva-elogia-paulinho-pela-chamada-a-selecao\/\"},\"author\":{\"name\":\"Telinha\",\"@id\":\"https:\/\/portaltela.pt\/#\/schema\/person\/c4278d4a6028830caff9ee44b42d32ed\"},\"headline\":\"Renato Paiva elogia Paulinho pela chamada \u00e0 sele\u00e7\u00e3o\",\"datePublished\":\"2026-03-24T09:10:00+00:00\",\"mainEntityOfPage\":{\"@id\":\"https:\/\/portaltela.pt\/noticias\/2026\/03\/24\/renato-paiva-elogia-paulinho-pela-chamada-a-selecao\/\"},\"wordCount\":257,\"image\":{\"@id\":\"https:\/\/portaltela.pt\/noticias\/2026\/03\/24\/renato-paiva-elogia-paulinho-pela-chamada-a-selecao\/#primaryimage\"},\"thumbnailUrl\":\"https:\/\/portaltela.pt\/s.01k8rhncp4jt1\/2026\/03\/img_920x518uu2026-03-23-10-58-34-2428859.jpg\",\"keywords\":[\"convoca\u00e7\u00f5es\",\"futebol\",\"internacionais\",\"jogadores\",\"Portugal\",\"Sele\u00e7\u00e3o Nacional\"],\"articleSection\":[\"Desporto\",\"Futebol\"],\"inLanguage\":\"pt-PT\"},{\"@type\":\"WebPage\",\"@id\":\"https:\/\/portaltela.pt\/noticias\/2026\/03\/24\/renato-paiva-elogia-paulinho-pela-chamada-a-selecao\/\",\"url\":\"https:\/\/portaltela.pt\/noticias\/2026\/03\/24\/renato-paiva-elogia-paulinho-pela-chamada-a-selecao\/\",\"name\":\"Renato Paiva elogia Paulinho pela chamada \u00e0 sele\u00e7\u00e3o - Portal Tela Portugal\",\"isPartOf\":{\"@id\":\"https:\/\/portaltela.pt\/#website\"},\"primaryImageOfPage\":{\"@id\":\"https:\/\/portaltela.pt\/noticias\/2026\/03\/24\/renato-paiva-elogia-paulinho-pela-chamada-a-selecao\/#primaryimage\"},\"image\":{\"@id\":\"https:\/\/portaltela.pt\/noticias\/2026\/03\/24\/renato-paiva-elogia-paulinho-pela-chamada-a-selecao\/#primaryimage\"},\"thumbnailUrl\":\"https:\/\/portaltela.pt\/s.01k8rhncp4jt1\/2026\/03\/img_920x518uu2026-03-23-10-58-34-2428859.jpg\",\"datePublished\":\"2026-03-24T09:10:00+00:00\",\"author\":{\"@id\":\"https:\/\/portaltela.pt\/#\/schema\/person\/c4278d4a6028830caff9ee44b42d32ed\"},\"breadcrumb\":{\"@id\":\"https:\/\/portaltela.pt\/noticias\/2026\/03\/24\/renato-paiva-elogia-paulinho-pela-chamada-a-selecao\/#breadcrumb\"},\"inLanguage\":\"pt-PT\",\"potentialAction\":[{\"@type\":\"ReadAction\",\"target\":[\"https:\/\/portaltela.pt\/noticias\/2026\/03\/24\/renato-paiva-elogia-paulinho-pela-chamada-a-selecao\/\"]}]},{\"@type\":\"ImageObject\",\"inLanguage\":\"pt-PT\",\"@id\":\"https:\/\/portaltela.pt\/noticias\/2026\/03\/24\/renato-paiva-elogia-paulinho-pela-chamada-a-selecao\/#primaryimage\",\"url\":\"https:\/\/portaltela.pt\/s.01k8rhncp4jt1\/2026\/03\/img_920x518uu2026-03-23-10-58-34-2428859.jpg\",\"contentUrl\":\"https:\/\/portaltela.pt\/s.01k8rhncp4jt1\/2026\/03\/img_920x518uu2026-03-23-10-58-34-2428859.jpg\",\"width\":796,\"height\":448,\"caption\":\"Paulinho\"},{\"@type\":\"BreadcrumbList\",\"@id\":\"https:\/\/portaltela.pt\/noticias\/2026\/03\/24\/renato-paiva-elogia-paulinho-pela-chamada-a-selecao\/#breadcrumb\",\"itemListElement\":[{\"@type\":\"ListItem\",\"position\":1,\"name\":\"In\u00edcio\",\"item\":\"https:\/\/portaltela.pt\/\"},{\"@type\":\"ListItem\",\"position\":2,\"name\":\"Renato Paiva elogia Paulinho pela chamada \u00e0 sele\u00e7\u00e3o\"}]},{\"@type\":\"WebSite\",\"@id\":\"https:\/\/portaltela.pt\/#website\",\"url\":\"https:\/\/portaltela.pt\/\",\"name\":\"Portal Tela Portugal\",\"description\":\"\",\"potentialAction\":[{\"@type\":\"SearchAction\",\"target\":{\"@type\":\"EntryPoint\",\"urlTemplate\":\"https:\/\/portaltela.pt\/?s={search_term_string}\"},\"query-input\":{\"@type\":\"PropertyValueSpecification\",\"valueRequired\":true,\"valueName\":\"search_term_string\"}}],\"inLanguage\":\"pt-PT\"},{\"@type\":\"Person\",\"@id\":\"https:\/\/portaltela.pt\/#\/schema\/person\/c4278d4a6028830caff9ee44b42d32ed\",\"name\":\"Telinha\",\"image\":{\"@type\":\"ImageObject\",\"inLanguage\":\"pt-PT\",\"@id\":\"https:\/\/portaltela.pt\/s.01k8rhncp4jt1\/2025\/11\/talking-bot-125x125.png\",\"url\":\"https:\/\/portaltela.pt\/s.01k8rhncp4jt1\/2025\/11\/talking-bot-125x125.png\",\"contentUrl\":\"https:\/\/portaltela.pt\/s.01k8rhncp4jt1\/2025\/11\/talking-bot-125x125.png\",\"caption\":\"Telinha\"},\"sameAs\":[\"https:\/\/portaltela.pt\/\"],\"url\":\"https:\/\/portaltela.pt\/por\/367410592786\/\"}]}<\/script>\n<!-- \/ Yoast SEO plugin. -->","yoast_head_json":{"title":"Renato Paiva elogia Paulinho pela chamada \u00e0 sele\u00e7\u00e3o - Portal Tela Portugal","robots":{"index":"index","follow":"follow","max-snippet":"max-snippet:-1","max-image-preview":"max-image-preview:large","max-video-preview":"max-video-preview:-1"},"og_locale":"pt_PT","og_type":"article","og_title":"Renato Paiva elogia Paulinho pela chamada \u00e0 sele\u00e7\u00e3o - Portal Tela Portugal","og_description":"Em junho de 2024, o avan\u00e7ado Paulinho foi contratado pelo Toluca, a pedido do ent\u00e3o treinador Renato Paiva. Renato Paiva tinha acabado de assumir o comando do Toluca na altura. O selecionador de Portugal, Roberto Mart\u00ednez, chamou Paulinho para jogos particulares contra Estados Unidos e M\u00e9xico. A convoca\u00e7\u00e3o deveu-se \u00e0s aus\u00eancias de jogadores por les\u00e3o, incluindo Rafael Le\u00e3o, antigo jogador do Milan.","og_url":"https:\/\/portaltela.pt\/noticias\/2026\/03\/24\/renato-paiva-elogia-paulinho-pela-chamada-a-selecao\/","og_site_name":"Portal Tela Portugal","article_published_time":"2026-03-24T09:10:00+00:00","author":"Telinha","twitter_card":"summary_large_image","twitter_misc":{"Escrito por":"Telinha","Tempo estimado de leitura":"1 minuto"},"schema":{"@context":"https:\/\/schema.org","@graph":[{"@type":"Article","@id":"https:\/\/portaltela.pt\/noticias\/2026\/03\/24\/renato-paiva-elogia-paulinho-pela-chamada-a-selecao\/#article","isPartOf":{"@id":"https:\/\/portaltela.pt\/noticias\/2026\/03\/24\/renato-paiva-elogia-paulinho-pela-chamada-a-selecao\/"},"author":{"name":"Telinha","@id":"https:\/\/portaltela.pt\/#\/schema\/person\/c4278d4a6028830caff9ee44b42d32ed"},"headline":"Renato Paiva elogia Paulinho pela chamada \u00e0 sele\u00e7\u00e3o","datePublished":"2026-03-24T09:10:00+00:00","mainEntityOfPage":{"@id":"https:\/\/portaltela.pt\/noticias\/2026\/03\/24\/renato-paiva-elogia-paulinho-pela-chamada-a-selecao\/"},"wordCount":257,"image":{"@id":"https:\/\/portaltela.pt\/noticias\/2026\/03\/24\/renato-paiva-elogia-paulinho-pela-chamada-a-selecao\/#primaryimage"},"thumbnailUrl":"https:\/\/portaltela.pt\/s.01k8rhncp4jt1\/2026\/03\/img_920x518uu2026-03-23-10-58-34-2428859.jpg","keywords":["convoca\u00e7\u00f5es","futebol","internacionais","jogadores","Portugal","Sele\u00e7\u00e3o Nacional"],"articleSection":["Desporto","Futebol"],"inLanguage":"pt-PT"},{"@type":"WebPage","@id":"https:\/\/portaltela.pt\/noticias\/2026\/03\/24\/renato-paiva-elogia-paulinho-pela-chamada-a-selecao\/","url":"https:\/\/portaltela.pt\/noticias\/2026\/03\/24\/renato-paiva-elogia-paulinho-pela-chamada-a-selecao\/","name":"Renato Paiva elogia Paulinho pela chamada \u00e0 sele\u00e7\u00e3o - Portal Tela Portugal","isPartOf":{"@id":"https:\/\/portaltela.pt\/#website"},"primaryImageOfPage":{"@id":"https:\/\/portaltela.pt\/noticias\/2026\/03\/24\/renato-paiva-elogia-paulinho-pela-chamada-a-selecao\/#primaryimage"},"image":{"@id":"https:\/\/portaltela.pt\/noticias\/2026\/03\/24\/renato-paiva-elogia-paulinho-pela-chamada-a-selecao\/#primaryimage"},"thumbnailUrl":"https:\/\/portaltela.pt\/s.01k8rhncp4jt1\/2026\/03\/img_920x518uu2026-03-23-10-58-34-2428859.jpg","datePublished":"2026-03-24T09:10:00+00:00","author":{"@id":"https:\/\/portaltela.pt\/#\/schema\/person\/c4278d4a6028830caff9ee44b42d32ed"},"breadcrumb":{"@id":"https:\/\/portaltela.pt\/noticias\/2026\/03\/24\/renato-paiva-elogia-paulinho-pela-chamada-a-selecao\/#breadcrumb"},"inLanguage":"pt-PT","potentialAction":[{"@type":"ReadAction","target":["https:\/\/portaltela.pt\/noticias\/2026\/03\/24\/renato-paiva-elogia-paulinho-pela-chamada-a-selecao\/"]}]},{"@type":"ImageObject","inLanguage":"pt-PT","@id":"https:\/\/portaltela.pt\/noticias\/2026\/03\/24\/renato-paiva-elogia-paulinho-pela-chamada-a-selecao\/#primaryimage","url":"https:\/\/portaltela.pt\/s.01k8rhncp4jt1\/2026\/03\/img_920x518uu2026-03-23-10-58-34-2428859.jpg","contentUrl":"https:\/\/portaltela.pt\/s.01k8rhncp4jt1\/2026\/03\/img_920x518uu2026-03-23-10-58-34-2428859.jpg","width":796,"height":448,"caption":"Paulinho"},{"@type":"BreadcrumbList","@id":"https:\/\/portaltela.pt\/noticias\/2026\/03\/24\/renato-paiva-elogia-paulinho-pela-chamada-a-selecao\/#breadcrumb","itemListElement":[{"@type":"ListItem","position":1,"name":"In\u00edcio","item":"https:\/\/portaltela.pt\/"},{"@type":"ListItem","position":2,"name":"Renato Paiva elogia Paulinho pela chamada \u00e0 sele\u00e7\u00e3o"}]},{"@type":"WebSite","@id":"https:\/\/portaltela.pt\/#website","url":"https:\/\/portaltela.pt\/","name":"Portal Tela Portugal","description":"","potentialAction":[{"@type":"SearchAction","target":{"@type":"EntryPoint","urlTemplate":"https:\/\/portaltela.pt\/?s={search_term_string}"},"query-input":{"@type":"PropertyValueSpecification","valueRequired":true,"valueName":"search_term_string"}}],"inLanguage":"pt-PT"},{"@type":"Person","@id":"https:\/\/portaltela.pt\/#\/schema\/person\/c4278d4a6028830caff9ee44b42d32ed","name":"Telinha","image":{"@type":"ImageObject","inLanguage":"pt-PT","@id":"https:\/\/portaltela.pt\/s.01k8rhncp4jt1\/2025\/11\/talking-bot-125x125.png","url":"https:\/\/portaltela.pt\/s.01k8rhncp4jt1\/2025\/11\/talking-bot-125x125.png","contentUrl":"https:\/\/portaltela.pt\/s.01k8rhncp4jt1\/2025\/11\/talking-bot-125x125.png","caption":"Telinha"},"sameAs":["https:\/\/portaltela.pt\/"],"url":"https:\/\/portaltela.pt\/por\/367410592786\/"}]}},"_links":{"self":[{"href":"https:\/\/portaltela.pt\/api\/wp\/v2\/posts\/419262","targetHints":{"allow":["GET"]}}],"collection":[{"href":"https:\/\/portaltela.pt\/api\/wp\/v2\/posts"}],"about":[{"href":"https:\/\/portaltela.pt\/api\/wp\/v2\/types\/post"}],"author":[{"embeddable":true,"href":"https:\/\/portaltela.pt\/api\/wp\/v2\/users\/2"}],"replies":[{"embeddable":true,"href":"https:\/\/portaltela.pt\/api\/wp\/v2\/comments?post=419262"}],"version-history":[{"count":0,"href":"https:\/\/portaltela.pt\/api\/wp\/v2\/posts\/419262\/revisions"}],"wp:featuredmedia":[{"embeddable":true,"href":"https:\/\/portaltela.pt\/api\/wp\/v2\/media\/419266"}],"wp:attachment":[{"href":"https:\/\/portaltela.pt\/api\/wp\/v2\/media?parent=419262"}],"wp:term":[{"taxonomy":"category","embeddable":true,"href":"https:\/\/portaltela.pt\/api\/wp\/v2\/categories?post=419262"},{"taxonomy":"post_tag","embeddable":true,"href":"https:\/\/portaltela.pt\/api\/wp\/v2\/tags?post=419262"}],"curies":[{"name":"wp","href":"https:\/\/api.w.org\/{rel}","templated":true}]}}