{"id":419258,"date":"2026-03-24T06:00:00","date_gmt":"2026-03-24T09:00:00","guid":{"rendered":"https:\/\/portaltela.pt\/noticias\/2026\/03\/24\/johan-cruyff-expoente-maximo-do-futebol-total-partiu-ha-dez-anos\/"},"modified":"2026-03-24T06:00:00","modified_gmt":"2026-03-24T09:00:00","slug":"johan-cruyff-expoente-maximo-do-futebol-total-partiu-ha-dez-anos","status":"publish","type":"post","link":"https:\/\/portaltela.pt\/desporto\/futebol\/2026\/03\/24\/johan-cruyff-expoente-maximo-do-futebol-total-partiu-ha-dez-anos\/","title":{"rendered":"Johan Cruyff, expoente m\u00e1ximo do futebol total, partiu h\u00e1 dez anos"},"content":{"rendered":"<p>Partiu h\u00e1 dez anos o expoente m\u00e1ximo do futebol total. Johan Cruyff fica na mem\u00f3ria como figura central do Ajax, do Barcelona e da sele\u00e7\u00e3o holandesa, e \u00e9 lembrado como o inventor do futebol moderno. O percurso como jogador e treinador marcou \u00e9poca.<\/p>\n<p>O di\u00e1rio desportivo Marca, tradicional refer\u00eancia, retratou Cruyff como o g\u00e9nio que reinventou o futebol, mesmo numa publica\u00e7\u00e3o dedicada ao universo catal\u00e3o. A liga\u00e7\u00e3o com o Barcelona ajudou a consolidar a vis\u00e3o de jogo que ele defendia.<\/p>\n<p>Entre os reconhecimentos p\u00fablicos, destacam-se as avalia\u00e7\u00f5es de Josep Guardiola, que brilhou sob Cruyff no Barcelona e hoje treina o Manchester City, ao considerar Cruyff como uma das figuras mais importantes da hist\u00f3ria do desporto. Joan Laporta, antigo presidente blaugrana, tamb\u00e9m enfatiza o papel transformador do jogador- treinador.<\/p>\n<p>Cruyff continua a ser citado entre os melhores de sempre, frequentemente ao lado de nomes como Maradona, Pel\u00e9 e Di St\u00e9fano. A marca que deixou permanece activa nos palcos do futebol mundial e inspira gera\u00e7\u00f5es de jogadores e treinadores.<\/p>\n","protected":false},"excerpt":{"rendered":"<ul>\n<li>Johan Cruyff, estrela do Ajax, do Barcelona e da sele\u00e7\u00e3o holandesa, \u00e9 considerado o inventor do futebol moderno.<\/li>\n<li>Morreu h\u00e1 dez anos; o di\u00e1rio Marca o apelidou de \u201cg\u00e9nio que reinventou o futebol\u201d.<\/li>\n<li>Josep Guardiola, que brilhou no Barcelona sob Cruyff, disse que \u00e9 a personagem mais importante da hist\u00f3ria do futebol.<\/li>\n<li>Joan Laporta, antigo presidente do Bar\u00e7a, elogiou-o por ter transformado o futebol numa arte.<\/li>\n<li>O legado de Cruyff mant\u00e9m-se presente nos maiores palcos do futebol mundial, frequentemente citado entre os melhores de sempre.<\/li>\n<\/ul>\n","protected":false},"author":2,"featured_media":419265,"comment_status":"closed","ping_status":"closed","sticky":false,"template":"","format":"standard","meta":{"footnotes":""},"categories":[21,24],"tags":[1714,2587,152,32,299,2227],"class_list":["post-419258","post","type-post","status-publish","format-standard","has-post-thumbnail","hentry","category-desporto","category-futebol","tag-ajax","tag-barcelona","tag-desporto","tag-futebol","tag-historia","tag-holanda"],"yoast_head":"<!-- This site is optimized with the Yoast SEO plugin v27.2 - https:\/\/yoast.com\/product\/yoast-seo-wordpress\/ -->\n<title>Johan Cruyff, expoente m\u00e1ximo do futebol total, partiu h\u00e1 dez anos - Portal Tela Portugal<\/title>\n<meta name=\"robots\" content=\"index, follow, max-snippet:-1, max-image-preview:large, max-video-preview:-1\" \/>\n<meta property=\"og:locale\" content=\"pt_PT\" \/>\n<meta property=\"og:type\" content=\"article\" \/>\n<meta property=\"og:title\" content=\"Johan Cruyff, expoente m\u00e1ximo do futebol total, partiu h\u00e1 dez anos - Portal Tela Portugal\" \/>\n<meta property=\"og:description\" content=\"Johan Cruyff, estrela do Ajax, do Barcelona e da sele\u00e7\u00e3o holandesa, \u00e9 considerado o inventor do futebol moderno. Morreu h\u00e1 dez anos; o di\u00e1rio Marca o apelidou de \u201cg\u00e9nio que reinventou o futebol\u201d. Josep Guardiola, que brilhou no Barcelona sob Cruyff, disse que \u00e9 a personagem mais importante da hist\u00f3ria do futebol. Joan Laporta, antigo presidente do Bar\u00e7a, elogiou-o por ter transformado o futebol numa arte. O legado de Cruyff mant\u00e9m-se presente nos maiores palcos do futebol mundial, frequentemente citado entre os melhores de sempre.\" \/>\n<meta property=\"og:url\" content=\"https:\/\/portaltela.pt\/noticias\/2026\/03\/24\/johan-cruyff-expoente-maximo-do-futebol-total-partiu-ha-dez-anos\/\" \/>\n<meta property=\"og:site_name\" content=\"Portal Tela Portugal\" \/>\n<meta property=\"article:published_time\" content=\"2026-03-24T09:00:00+00:00\" \/>\n<meta name=\"author\" content=\"Telinha\" \/>\n<meta name=\"twitter:card\" content=\"summary_large_image\" \/>\n<meta name=\"twitter:label1\" content=\"Escrito por\" \/>\n\t<meta name=\"twitter:data1\" content=\"Telinha\" \/>\n\t<meta name=\"twitter:label2\" content=\"Tempo estimado de leitura\" \/>\n\t<meta name=\"twitter:data2\" content=\"1 minuto\" \/>\n<script type=\"application\/ld+json\" class=\"yoast-schema-graph\">{\"@context\":\"https:\/\/schema.org\",\"@graph\":[{\"@type\":\"Article\",\"@id\":\"https:\/\/portaltela.pt\/noticias\/2026\/03\/24\/johan-cruyff-expoente-maximo-do-futebol-total-partiu-ha-dez-anos\/#article\",\"isPartOf\":{\"@id\":\"https:\/\/portaltela.pt\/noticias\/2026\/03\/24\/johan-cruyff-expoente-maximo-do-futebol-total-partiu-ha-dez-anos\/\"},\"author\":{\"name\":\"Telinha\",\"@id\":\"https:\/\/portaltela.pt\/#\/schema\/person\/c4278d4a6028830caff9ee44b42d32ed\"},\"headline\":\"Johan Cruyff, expoente m\u00e1ximo do futebol total, partiu h\u00e1 dez anos\",\"datePublished\":\"2026-03-24T09:00:00+00:00\",\"mainEntityOfPage\":{\"@id\":\"https:\/\/portaltela.pt\/noticias\/2026\/03\/24\/johan-cruyff-expoente-maximo-do-futebol-total-partiu-ha-dez-anos\/\"},\"wordCount\":194,\"image\":{\"@id\":\"https:\/\/portaltela.pt\/noticias\/2026\/03\/24\/johan-cruyff-expoente-maximo-do-futebol-total-partiu-ha-dez-anos\/#primaryimage\"},\"thumbnailUrl\":\"https:\/\/portaltela.pt\/s.01k8rhncp4jt1\/2026\/03\/image-1434.jpg\",\"keywords\":[\"Ajax\",\"Barcelona\",\"desporto\",\"futebol\",\"hist\u00f3ria\",\"Holanda\"],\"articleSection\":[\"Desporto\",\"Futebol\"],\"inLanguage\":\"pt-PT\"},{\"@type\":\"WebPage\",\"@id\":\"https:\/\/portaltela.pt\/noticias\/2026\/03\/24\/johan-cruyff-expoente-maximo-do-futebol-total-partiu-ha-dez-anos\/\",\"url\":\"https:\/\/portaltela.pt\/noticias\/2026\/03\/24\/johan-cruyff-expoente-maximo-do-futebol-total-partiu-ha-dez-anos\/\",\"name\":\"Johan Cruyff, expoente m\u00e1ximo do futebol total, partiu h\u00e1 dez anos - Portal Tela Portugal\",\"isPartOf\":{\"@id\":\"https:\/\/portaltela.pt\/#website\"},\"primaryImageOfPage\":{\"@id\":\"https:\/\/portaltela.pt\/noticias\/2026\/03\/24\/johan-cruyff-expoente-maximo-do-futebol-total-partiu-ha-dez-anos\/#primaryimage\"},\"image\":{\"@id\":\"https:\/\/portaltela.pt\/noticias\/2026\/03\/24\/johan-cruyff-expoente-maximo-do-futebol-total-partiu-ha-dez-anos\/#primaryimage\"},\"thumbnailUrl\":\"https:\/\/portaltela.pt\/s.01k8rhncp4jt1\/2026\/03\/image-1434.jpg\",\"datePublished\":\"2026-03-24T09:00:00+00:00\",\"author\":{\"@id\":\"https:\/\/portaltela.pt\/#\/schema\/person\/c4278d4a6028830caff9ee44b42d32ed\"},\"breadcrumb\":{\"@id\":\"https:\/\/portaltela.pt\/noticias\/2026\/03\/24\/johan-cruyff-expoente-maximo-do-futebol-total-partiu-ha-dez-anos\/#breadcrumb\"},\"inLanguage\":\"pt-PT\",\"potentialAction\":[{\"@type\":\"ReadAction\",\"target\":[\"https:\/\/portaltela.pt\/noticias\/2026\/03\/24\/johan-cruyff-expoente-maximo-do-futebol-total-partiu-ha-dez-anos\/\"]}]},{\"@type\":\"ImageObject\",\"inLanguage\":\"pt-PT\",\"@id\":\"https:\/\/portaltela.pt\/noticias\/2026\/03\/24\/johan-cruyff-expoente-maximo-do-futebol-total-partiu-ha-dez-anos\/#primaryimage\",\"url\":\"https:\/\/portaltela.pt\/s.01k8rhncp4jt1\/2026\/03\/image-1434.jpg\",\"contentUrl\":\"https:\/\/portaltela.pt\/s.01k8rhncp4jt1\/2026\/03\/image-1434.jpg\",\"width\":796,\"height\":448,\"caption\":\"Foto: Getty Images\"},{\"@type\":\"BreadcrumbList\",\"@id\":\"https:\/\/portaltela.pt\/noticias\/2026\/03\/24\/johan-cruyff-expoente-maximo-do-futebol-total-partiu-ha-dez-anos\/#breadcrumb\",\"itemListElement\":[{\"@type\":\"ListItem\",\"position\":1,\"name\":\"In\u00edcio\",\"item\":\"https:\/\/portaltela.pt\/\"},{\"@type\":\"ListItem\",\"position\":2,\"name\":\"Johan Cruyff, expoente m\u00e1ximo do futebol total, partiu h\u00e1 dez anos\"}]},{\"@type\":\"WebSite\",\"@id\":\"https:\/\/portaltela.pt\/#website\",\"url\":\"https:\/\/portaltela.pt\/\",\"name\":\"Portal Tela Portugal\",\"description\":\"\",\"potentialAction\":[{\"@type\":\"SearchAction\",\"target\":{\"@type\":\"EntryPoint\",\"urlTemplate\":\"https:\/\/portaltela.pt\/?s={search_term_string}\"},\"query-input\":{\"@type\":\"PropertyValueSpecification\",\"valueRequired\":true,\"valueName\":\"search_term_string\"}}],\"inLanguage\":\"pt-PT\"},{\"@type\":\"Person\",\"@id\":\"https:\/\/portaltela.pt\/#\/schema\/person\/c4278d4a6028830caff9ee44b42d32ed\",\"name\":\"Telinha\",\"image\":{\"@type\":\"ImageObject\",\"inLanguage\":\"pt-PT\",\"@id\":\"https:\/\/portaltela.pt\/s.01k8rhncp4jt1\/2025\/11\/talking-bot-125x125.png\",\"url\":\"https:\/\/portaltela.pt\/s.01k8rhncp4jt1\/2025\/11\/talking-bot-125x125.png\",\"contentUrl\":\"https:\/\/portaltela.pt\/s.01k8rhncp4jt1\/2025\/11\/talking-bot-125x125.png\",\"caption\":\"Telinha\"},\"sameAs\":[\"https:\/\/portaltela.pt\/\"],\"url\":\"https:\/\/portaltela.pt\/por\/367410592786\/\"}]}<\/script>\n<!-- \/ Yoast SEO plugin. -->","yoast_head_json":{"title":"Johan Cruyff, expoente m\u00e1ximo do futebol total, partiu h\u00e1 dez anos - Portal Tela Portugal","robots":{"index":"index","follow":"follow","max-snippet":"max-snippet:-1","max-image-preview":"max-image-preview:large","max-video-preview":"max-video-preview:-1"},"og_locale":"pt_PT","og_type":"article","og_title":"Johan Cruyff, expoente m\u00e1ximo do futebol total, partiu h\u00e1 dez anos - Portal Tela Portugal","og_description":"Johan Cruyff, estrela do Ajax, do Barcelona e da sele\u00e7\u00e3o holandesa, \u00e9 considerado o inventor do futebol moderno. Morreu h\u00e1 dez anos; o di\u00e1rio Marca o apelidou de \u201cg\u00e9nio que reinventou o futebol\u201d. Josep Guardiola, que brilhou no Barcelona sob Cruyff, disse que \u00e9 a personagem mais importante da hist\u00f3ria do futebol. Joan Laporta, antigo presidente do Bar\u00e7a, elogiou-o por ter transformado o futebol numa arte. O legado de Cruyff mant\u00e9m-se presente nos maiores palcos do futebol mundial, frequentemente citado entre os melhores de sempre.","og_url":"https:\/\/portaltela.pt\/noticias\/2026\/03\/24\/johan-cruyff-expoente-maximo-do-futebol-total-partiu-ha-dez-anos\/","og_site_name":"Portal Tela Portugal","article_published_time":"2026-03-24T09:00:00+00:00","author":"Telinha","twitter_card":"summary_large_image","twitter_misc":{"Escrito por":"Telinha","Tempo estimado de leitura":"1 minuto"},"schema":{"@context":"https:\/\/schema.org","@graph":[{"@type":"Article","@id":"https:\/\/portaltela.pt\/noticias\/2026\/03\/24\/johan-cruyff-expoente-maximo-do-futebol-total-partiu-ha-dez-anos\/#article","isPartOf":{"@id":"https:\/\/portaltela.pt\/noticias\/2026\/03\/24\/johan-cruyff-expoente-maximo-do-futebol-total-partiu-ha-dez-anos\/"},"author":{"name":"Telinha","@id":"https:\/\/portaltela.pt\/#\/schema\/person\/c4278d4a6028830caff9ee44b42d32ed"},"headline":"Johan Cruyff, expoente m\u00e1ximo do futebol total, partiu h\u00e1 dez anos","datePublished":"2026-03-24T09:00:00+00:00","mainEntityOfPage":{"@id":"https:\/\/portaltela.pt\/noticias\/2026\/03\/24\/johan-cruyff-expoente-maximo-do-futebol-total-partiu-ha-dez-anos\/"},"wordCount":194,"image":{"@id":"https:\/\/portaltela.pt\/noticias\/2026\/03\/24\/johan-cruyff-expoente-maximo-do-futebol-total-partiu-ha-dez-anos\/#primaryimage"},"thumbnailUrl":"https:\/\/portaltela.pt\/s.01k8rhncp4jt1\/2026\/03\/image-1434.jpg","keywords":["Ajax","Barcelona","desporto","futebol","hist\u00f3ria","Holanda"],"articleSection":["Desporto","Futebol"],"inLanguage":"pt-PT"},{"@type":"WebPage","@id":"https:\/\/portaltela.pt\/noticias\/2026\/03\/24\/johan-cruyff-expoente-maximo-do-futebol-total-partiu-ha-dez-anos\/","url":"https:\/\/portaltela.pt\/noticias\/2026\/03\/24\/johan-cruyff-expoente-maximo-do-futebol-total-partiu-ha-dez-anos\/","name":"Johan Cruyff, expoente m\u00e1ximo do futebol total, partiu h\u00e1 dez anos - Portal Tela Portugal","isPartOf":{"@id":"https:\/\/portaltela.pt\/#website"},"primaryImageOfPage":{"@id":"https:\/\/portaltela.pt\/noticias\/2026\/03\/24\/johan-cruyff-expoente-maximo-do-futebol-total-partiu-ha-dez-anos\/#primaryimage"},"image":{"@id":"https:\/\/portaltela.pt\/noticias\/2026\/03\/24\/johan-cruyff-expoente-maximo-do-futebol-total-partiu-ha-dez-anos\/#primaryimage"},"thumbnailUrl":"https:\/\/portaltela.pt\/s.01k8rhncp4jt1\/2026\/03\/image-1434.jpg","datePublished":"2026-03-24T09:00:00+00:00","author":{"@id":"https:\/\/portaltela.pt\/#\/schema\/person\/c4278d4a6028830caff9ee44b42d32ed"},"breadcrumb":{"@id":"https:\/\/portaltela.pt\/noticias\/2026\/03\/24\/johan-cruyff-expoente-maximo-do-futebol-total-partiu-ha-dez-anos\/#breadcrumb"},"inLanguage":"pt-PT","potentialAction":[{"@type":"ReadAction","target":["https:\/\/portaltela.pt\/noticias\/2026\/03\/24\/johan-cruyff-expoente-maximo-do-futebol-total-partiu-ha-dez-anos\/"]}]},{"@type":"ImageObject","inLanguage":"pt-PT","@id":"https:\/\/portaltela.pt\/noticias\/2026\/03\/24\/johan-cruyff-expoente-maximo-do-futebol-total-partiu-ha-dez-anos\/#primaryimage","url":"https:\/\/portaltela.pt\/s.01k8rhncp4jt1\/2026\/03\/image-1434.jpg","contentUrl":"https:\/\/portaltela.pt\/s.01k8rhncp4jt1\/2026\/03\/image-1434.jpg","width":796,"height":448,"caption":"Foto: Getty Images"},{"@type":"BreadcrumbList","@id":"https:\/\/portaltela.pt\/noticias\/2026\/03\/24\/johan-cruyff-expoente-maximo-do-futebol-total-partiu-ha-dez-anos\/#breadcrumb","itemListElement":[{"@type":"ListItem","position":1,"name":"In\u00edcio","item":"https:\/\/portaltela.pt\/"},{"@type":"ListItem","position":2,"name":"Johan Cruyff, expoente m\u00e1ximo do futebol total, partiu h\u00e1 dez anos"}]},{"@type":"WebSite","@id":"https:\/\/portaltela.pt\/#website","url":"https:\/\/portaltela.pt\/","name":"Portal Tela Portugal","description":"","potentialAction":[{"@type":"SearchAction","target":{"@type":"EntryPoint","urlTemplate":"https:\/\/portaltela.pt\/?s={search_term_string}"},"query-input":{"@type":"PropertyValueSpecification","valueRequired":true,"valueName":"search_term_string"}}],"inLanguage":"pt-PT"},{"@type":"Person","@id":"https:\/\/portaltela.pt\/#\/schema\/person\/c4278d4a6028830caff9ee44b42d32ed","name":"Telinha","image":{"@type":"ImageObject","inLanguage":"pt-PT","@id":"https:\/\/portaltela.pt\/s.01k8rhncp4jt1\/2025\/11\/talking-bot-125x125.png","url":"https:\/\/portaltela.pt\/s.01k8rhncp4jt1\/2025\/11\/talking-bot-125x125.png","contentUrl":"https:\/\/portaltela.pt\/s.01k8rhncp4jt1\/2025\/11\/talking-bot-125x125.png","caption":"Telinha"},"sameAs":["https:\/\/portaltela.pt\/"],"url":"https:\/\/portaltela.pt\/por\/367410592786\/"}]}},"_links":{"self":[{"href":"https:\/\/portaltela.pt\/api\/wp\/v2\/posts\/419258","targetHints":{"allow":["GET"]}}],"collection":[{"href":"https:\/\/portaltela.pt\/api\/wp\/v2\/posts"}],"about":[{"href":"https:\/\/portaltela.pt\/api\/wp\/v2\/types\/post"}],"author":[{"embeddable":true,"href":"https:\/\/portaltela.pt\/api\/wp\/v2\/users\/2"}],"replies":[{"embeddable":true,"href":"https:\/\/portaltela.pt\/api\/wp\/v2\/comments?post=419258"}],"version-history":[{"count":0,"href":"https:\/\/portaltela.pt\/api\/wp\/v2\/posts\/419258\/revisions"}],"wp:featuredmedia":[{"embeddable":true,"href":"https:\/\/portaltela.pt\/api\/wp\/v2\/media\/419265"}],"wp:attachment":[{"href":"https:\/\/portaltela.pt\/api\/wp\/v2\/media?parent=419258"}],"wp:term":[{"taxonomy":"category","embeddable":true,"href":"https:\/\/portaltela.pt\/api\/wp\/v2\/categories?post=419258"},{"taxonomy":"post_tag","embeddable":true,"href":"https:\/\/portaltela.pt\/api\/wp\/v2\/tags?post=419258"}],"curies":[{"name":"wp","href":"https:\/\/api.w.org\/{rel}","templated":true}]}}