{"id":419257,"date":"2026-03-24T06:02:00","date_gmt":"2026-03-24T09:02:00","guid":{"rendered":"https:\/\/portaltela.pt\/noticias\/2026\/03\/24\/jurgen-klopp-rejeita-rumores-sobre-o-real-madrid-e-diz-que-e-tudo-treta\/"},"modified":"2026-03-24T06:02:00","modified_gmt":"2026-03-24T09:02:00","slug":"jurgen-klopp-rejeita-rumores-sobre-o-real-madrid-e-diz-que-e-tudo-treta","status":"publish","type":"post","link":"https:\/\/portaltela.pt\/desporto\/futebol\/2026\/03\/24\/jurgen-klopp-rejeita-rumores-sobre-o-real-madrid-e-diz-que-e-tudo-treta\/","title":{"rendered":"J\u00fcrgen Klopp rejeita rumores sobre o Real Madrid e diz que \u00e9 tudo treta"},"content":{"rendered":"<p>J\u00fcrgen Klopp, diretor geral para o futebol da Red Bull, negou categoricamente os rumores de que seria o futuro treinador do Real Madrid. O desmentido aconteceu durante um evento em Munique e teve como alvo reports de imprensa.<\/p>\n<p>Segundo Klopp, n\u00e3o houve qualquer contacto formal ou convite do Real Madrid para o cargo. Ele afirmou que, se houvesse um convite, j\u00e1 seria do conhecimento p\u00fablico, e acrescentou que n\u00e3o houve liga\u00e7\u00e3o nem ao seu empres\u00e1rio.<\/p>\n<p>O dirigente da Red Bull tamb\u00e9m criticou a dissemina\u00e7\u00e3o de not\u00edcias falsas sobre o tema, atribuindo a responsabilidade a fontes obscurecidas ou n\u00e3o verificadas. N\u00e3o houve pedido de retrata\u00e7\u00e3o ou corre\u00e7\u00e3o por parte das fontes citadas.<\/p>\n<p>Sobre o futuro da carreira, Klopp disse n\u00e3o ter planos ou inten\u00e7\u00f5es de abandonar a Red Bull a curto prazo. Reiterou que continua a exercer a fun\u00e7\u00e3o com foco no clube, sem qualquer decis\u00e3o tomada quanto a outras op\u00e7\u00f5es.<\/p>\n<p>Para contextualizar, Klopp tornou-se diretor geral para o futebol da Red Bull em janeiro de 2025, ap\u00f3s nove \u00e9pocas \u00e0 frente do Liverpool. O novo cargo encerra a fase como treinador da equipa inglesa, pelo menos at\u00e9 ao momento.<\/p>\n<p>A not\u00edcia surge num momento em que circulavam v\u00e1rias vers\u00f5es sobre poss\u00edveis substitutos no Real Madrid, sem confirma\u00e7\u00e3o oficial. A Red Bull n\u00e3o forneceu qualquer informa\u00e7\u00e3o adicional sobre o tema.<\/p>\n","protected":false},"excerpt":{"rendered":"<ul>\n<li>J\u00fcrgen Klopp negou os rumores de que seria o pr\u00f3ximo treinador do Real Madrid, afirmando que s\u00e3o falsas.<\/li>\n<li>Questionou o que caracteriza uma not\u00edcia real, dizendo que o Real Madrid nunca o contactou nem ao seu empres\u00e1rio.<\/li>\n<li>Garantiu que, se houver interesse do clube espanhol, j\u00e1 seria do conhecimento p\u00fablico; afirmou que tudo o que circula \u00e9 \u201ctreta\u201d.<\/li>\n<li>Reiterou que ainda n\u00e3o pensa em abandonar a Red Bull e que n\u00e3o h\u00e1 planos definidos para o futuro imediato.<\/li>\n<li>Recordou que assumiu como diretor geral para o futebol da Red Bull em janeiro de 2025, ap\u00f3s nove \u00e9pocas como treinador do Liverpool.<\/li>\n<\/ul>\n","protected":false},"author":2,"featured_media":419260,"comment_status":"closed","ping_status":"closed","sticky":false,"template":"","format":"standard","meta":{"footnotes":""},"categories":[21,24],"tags":[32,1981,2036,2714,4043,2050],"class_list":["post-419257","post","type-post","status-publish","format-standard","has-post-thumbnail","hentry","category-desporto","category-futebol","tag-futebol","tag-liverpool","tag-negociacoes-internacionais","tag-real-madrid","tag-rumores-internacionais","tag-transferencias"],"yoast_head":"<!-- This site is optimized with the Yoast SEO plugin v27.2 - https:\/\/yoast.com\/product\/yoast-seo-wordpress\/ -->\n<title>J\u00fcrgen Klopp rejeita rumores sobre o Real Madrid e diz que \u00e9 tudo treta - Portal Tela Portugal<\/title>\n<meta name=\"robots\" content=\"index, follow, max-snippet:-1, max-image-preview:large, max-video-preview:-1\" \/>\n<meta property=\"og:locale\" content=\"pt_PT\" \/>\n<meta property=\"og:type\" content=\"article\" \/>\n<meta property=\"og:title\" content=\"J\u00fcrgen Klopp rejeita rumores sobre o Real Madrid e diz que \u00e9 tudo treta - Portal Tela Portugal\" \/>\n<meta property=\"og:description\" content=\"J\u00fcrgen Klopp negou os rumores de que seria o pr\u00f3ximo treinador do Real Madrid, afirmando que s\u00e3o falsas. Questionou o que caracteriza uma not\u00edcia real, dizendo que o Real Madrid nunca o contactou nem ao seu empres\u00e1rio. Garantiu que, se houver interesse do clube espanhol, j\u00e1 seria do conhecimento p\u00fablico; afirmou que tudo o que circula \u00e9 \u201ctreta\u201d. Reiterou que ainda n\u00e3o pensa em abandonar a Red Bull e que n\u00e3o h\u00e1 planos definidos para o futuro imediato. Recordou que assumiu como diretor geral para o futebol da Red Bull em janeiro de 2025, ap\u00f3s nove \u00e9pocas como treinador do Liverpool.\" \/>\n<meta property=\"og:url\" content=\"https:\/\/portaltela.pt\/noticias\/2026\/03\/24\/jurgen-klopp-rejeita-rumores-sobre-o-real-madrid-e-diz-que-e-tudo-treta\/\" \/>\n<meta property=\"og:site_name\" content=\"Portal Tela Portugal\" \/>\n<meta property=\"article:published_time\" content=\"2026-03-24T09:02:00+00:00\" \/>\n<meta name=\"author\" content=\"Telinha\" \/>\n<meta name=\"twitter:card\" content=\"summary_large_image\" \/>\n<meta name=\"twitter:label1\" content=\"Escrito por\" \/>\n\t<meta name=\"twitter:data1\" content=\"Telinha\" \/>\n\t<meta name=\"twitter:label2\" content=\"Tempo estimado de leitura\" \/>\n\t<meta name=\"twitter:data2\" content=\"1 minuto\" \/>\n<script type=\"application\/ld+json\" class=\"yoast-schema-graph\">{\"@context\":\"https:\/\/schema.org\",\"@graph\":[{\"@type\":\"Article\",\"@id\":\"https:\/\/portaltela.pt\/noticias\/2026\/03\/24\/jurgen-klopp-rejeita-rumores-sobre-o-real-madrid-e-diz-que-e-tudo-treta\/#article\",\"isPartOf\":{\"@id\":\"https:\/\/portaltela.pt\/noticias\/2026\/03\/24\/jurgen-klopp-rejeita-rumores-sobre-o-real-madrid-e-diz-que-e-tudo-treta\/\"},\"author\":{\"name\":\"Telinha\",\"@id\":\"https:\/\/portaltela.pt\/#\/schema\/person\/c4278d4a6028830caff9ee44b42d32ed\"},\"headline\":\"J\u00fcrgen Klopp rejeita rumores sobre o Real Madrid e diz que \u00e9 tudo treta\",\"datePublished\":\"2026-03-24T09:02:00+00:00\",\"mainEntityOfPage\":{\"@id\":\"https:\/\/portaltela.pt\/noticias\/2026\/03\/24\/jurgen-klopp-rejeita-rumores-sobre-o-real-madrid-e-diz-que-e-tudo-treta\/\"},\"wordCount\":257,\"image\":{\"@id\":\"https:\/\/portaltela.pt\/noticias\/2026\/03\/24\/jurgen-klopp-rejeita-rumores-sobre-o-real-madrid-e-diz-que-e-tudo-treta\/#primaryimage\"},\"thumbnailUrl\":\"https:\/\/portaltela.pt\/s.01k8rhncp4jt1\/2026\/03\/img_920x518uu2026-03-24-09-01-55-2429018.jpg\",\"keywords\":[\"futebol\",\"Liverpool\",\"negocia\u00e7\u00f5es internacionais\",\"Real Madrid\",\"rumores internacionais\",\"transfer\u00eancias\"],\"articleSection\":[\"Desporto\",\"Futebol\"],\"inLanguage\":\"pt-PT\"},{\"@type\":\"WebPage\",\"@id\":\"https:\/\/portaltela.pt\/noticias\/2026\/03\/24\/jurgen-klopp-rejeita-rumores-sobre-o-real-madrid-e-diz-que-e-tudo-treta\/\",\"url\":\"https:\/\/portaltela.pt\/noticias\/2026\/03\/24\/jurgen-klopp-rejeita-rumores-sobre-o-real-madrid-e-diz-que-e-tudo-treta\/\",\"name\":\"J\u00fcrgen Klopp rejeita rumores sobre o Real Madrid e diz que \u00e9 tudo treta - Portal Tela Portugal\",\"isPartOf\":{\"@id\":\"https:\/\/portaltela.pt\/#website\"},\"primaryImageOfPage\":{\"@id\":\"https:\/\/portaltela.pt\/noticias\/2026\/03\/24\/jurgen-klopp-rejeita-rumores-sobre-o-real-madrid-e-diz-que-e-tudo-treta\/#primaryimage\"},\"image\":{\"@id\":\"https:\/\/portaltela.pt\/noticias\/2026\/03\/24\/jurgen-klopp-rejeita-rumores-sobre-o-real-madrid-e-diz-que-e-tudo-treta\/#primaryimage\"},\"thumbnailUrl\":\"https:\/\/portaltela.pt\/s.01k8rhncp4jt1\/2026\/03\/img_920x518uu2026-03-24-09-01-55-2429018.jpg\",\"datePublished\":\"2026-03-24T09:02:00+00:00\",\"author\":{\"@id\":\"https:\/\/portaltela.pt\/#\/schema\/person\/c4278d4a6028830caff9ee44b42d32ed\"},\"breadcrumb\":{\"@id\":\"https:\/\/portaltela.pt\/noticias\/2026\/03\/24\/jurgen-klopp-rejeita-rumores-sobre-o-real-madrid-e-diz-que-e-tudo-treta\/#breadcrumb\"},\"inLanguage\":\"pt-PT\",\"potentialAction\":[{\"@type\":\"ReadAction\",\"target\":[\"https:\/\/portaltela.pt\/noticias\/2026\/03\/24\/jurgen-klopp-rejeita-rumores-sobre-o-real-madrid-e-diz-que-e-tudo-treta\/\"]}]},{\"@type\":\"ImageObject\",\"inLanguage\":\"pt-PT\",\"@id\":\"https:\/\/portaltela.pt\/noticias\/2026\/03\/24\/jurgen-klopp-rejeita-rumores-sobre-o-real-madrid-e-diz-que-e-tudo-treta\/#primaryimage\",\"url\":\"https:\/\/portaltela.pt\/s.01k8rhncp4jt1\/2026\/03\/img_920x518uu2026-03-24-09-01-55-2429018.jpg\",\"contentUrl\":\"https:\/\/portaltela.pt\/s.01k8rhncp4jt1\/2026\/03\/img_920x518uu2026-03-24-09-01-55-2429018.jpg\",\"width\":796,\"height\":448,\"caption\":\"J\u00fcrgen Klopp\"},{\"@type\":\"BreadcrumbList\",\"@id\":\"https:\/\/portaltela.pt\/noticias\/2026\/03\/24\/jurgen-klopp-rejeita-rumores-sobre-o-real-madrid-e-diz-que-e-tudo-treta\/#breadcrumb\",\"itemListElement\":[{\"@type\":\"ListItem\",\"position\":1,\"name\":\"In\u00edcio\",\"item\":\"https:\/\/portaltela.pt\/\"},{\"@type\":\"ListItem\",\"position\":2,\"name\":\"J\u00fcrgen Klopp rejeita rumores sobre o Real Madrid e diz que \u00e9 tudo treta\"}]},{\"@type\":\"WebSite\",\"@id\":\"https:\/\/portaltela.pt\/#website\",\"url\":\"https:\/\/portaltela.pt\/\",\"name\":\"Portal Tela Portugal\",\"description\":\"\",\"potentialAction\":[{\"@type\":\"SearchAction\",\"target\":{\"@type\":\"EntryPoint\",\"urlTemplate\":\"https:\/\/portaltela.pt\/?s={search_term_string}\"},\"query-input\":{\"@type\":\"PropertyValueSpecification\",\"valueRequired\":true,\"valueName\":\"search_term_string\"}}],\"inLanguage\":\"pt-PT\"},{\"@type\":\"Person\",\"@id\":\"https:\/\/portaltela.pt\/#\/schema\/person\/c4278d4a6028830caff9ee44b42d32ed\",\"name\":\"Telinha\",\"image\":{\"@type\":\"ImageObject\",\"inLanguage\":\"pt-PT\",\"@id\":\"https:\/\/portaltela.pt\/s.01k8rhncp4jt1\/2025\/11\/talking-bot-125x125.png\",\"url\":\"https:\/\/portaltela.pt\/s.01k8rhncp4jt1\/2025\/11\/talking-bot-125x125.png\",\"contentUrl\":\"https:\/\/portaltela.pt\/s.01k8rhncp4jt1\/2025\/11\/talking-bot-125x125.png\",\"caption\":\"Telinha\"},\"sameAs\":[\"https:\/\/portaltela.pt\/\"],\"url\":\"https:\/\/portaltela.pt\/por\/367410592786\/\"}]}<\/script>\n<!-- \/ Yoast SEO plugin. -->","yoast_head_json":{"title":"J\u00fcrgen Klopp rejeita rumores sobre o Real Madrid e diz que \u00e9 tudo treta - Portal Tela Portugal","robots":{"index":"index","follow":"follow","max-snippet":"max-snippet:-1","max-image-preview":"max-image-preview:large","max-video-preview":"max-video-preview:-1"},"og_locale":"pt_PT","og_type":"article","og_title":"J\u00fcrgen Klopp rejeita rumores sobre o Real Madrid e diz que \u00e9 tudo treta - Portal Tela Portugal","og_description":"J\u00fcrgen Klopp negou os rumores de que seria o pr\u00f3ximo treinador do Real Madrid, afirmando que s\u00e3o falsas. Questionou o que caracteriza uma not\u00edcia real, dizendo que o Real Madrid nunca o contactou nem ao seu empres\u00e1rio. Garantiu que, se houver interesse do clube espanhol, j\u00e1 seria do conhecimento p\u00fablico; afirmou que tudo o que circula \u00e9 \u201ctreta\u201d. Reiterou que ainda n\u00e3o pensa em abandonar a Red Bull e que n\u00e3o h\u00e1 planos definidos para o futuro imediato. Recordou que assumiu como diretor geral para o futebol da Red Bull em janeiro de 2025, ap\u00f3s nove \u00e9pocas como treinador do Liverpool.","og_url":"https:\/\/portaltela.pt\/noticias\/2026\/03\/24\/jurgen-klopp-rejeita-rumores-sobre-o-real-madrid-e-diz-que-e-tudo-treta\/","og_site_name":"Portal Tela Portugal","article_published_time":"2026-03-24T09:02:00+00:00","author":"Telinha","twitter_card":"summary_large_image","twitter_misc":{"Escrito por":"Telinha","Tempo estimado de leitura":"1 minuto"},"schema":{"@context":"https:\/\/schema.org","@graph":[{"@type":"Article","@id":"https:\/\/portaltela.pt\/noticias\/2026\/03\/24\/jurgen-klopp-rejeita-rumores-sobre-o-real-madrid-e-diz-que-e-tudo-treta\/#article","isPartOf":{"@id":"https:\/\/portaltela.pt\/noticias\/2026\/03\/24\/jurgen-klopp-rejeita-rumores-sobre-o-real-madrid-e-diz-que-e-tudo-treta\/"},"author":{"name":"Telinha","@id":"https:\/\/portaltela.pt\/#\/schema\/person\/c4278d4a6028830caff9ee44b42d32ed"},"headline":"J\u00fcrgen Klopp rejeita rumores sobre o Real Madrid e diz que \u00e9 tudo treta","datePublished":"2026-03-24T09:02:00+00:00","mainEntityOfPage":{"@id":"https:\/\/portaltela.pt\/noticias\/2026\/03\/24\/jurgen-klopp-rejeita-rumores-sobre-o-real-madrid-e-diz-que-e-tudo-treta\/"},"wordCount":257,"image":{"@id":"https:\/\/portaltela.pt\/noticias\/2026\/03\/24\/jurgen-klopp-rejeita-rumores-sobre-o-real-madrid-e-diz-que-e-tudo-treta\/#primaryimage"},"thumbnailUrl":"https:\/\/portaltela.pt\/s.01k8rhncp4jt1\/2026\/03\/img_920x518uu2026-03-24-09-01-55-2429018.jpg","keywords":["futebol","Liverpool","negocia\u00e7\u00f5es internacionais","Real Madrid","rumores internacionais","transfer\u00eancias"],"articleSection":["Desporto","Futebol"],"inLanguage":"pt-PT"},{"@type":"WebPage","@id":"https:\/\/portaltela.pt\/noticias\/2026\/03\/24\/jurgen-klopp-rejeita-rumores-sobre-o-real-madrid-e-diz-que-e-tudo-treta\/","url":"https:\/\/portaltela.pt\/noticias\/2026\/03\/24\/jurgen-klopp-rejeita-rumores-sobre-o-real-madrid-e-diz-que-e-tudo-treta\/","name":"J\u00fcrgen Klopp rejeita rumores sobre o Real Madrid e diz que \u00e9 tudo treta - Portal Tela Portugal","isPartOf":{"@id":"https:\/\/portaltela.pt\/#website"},"primaryImageOfPage":{"@id":"https:\/\/portaltela.pt\/noticias\/2026\/03\/24\/jurgen-klopp-rejeita-rumores-sobre-o-real-madrid-e-diz-que-e-tudo-treta\/#primaryimage"},"image":{"@id":"https:\/\/portaltela.pt\/noticias\/2026\/03\/24\/jurgen-klopp-rejeita-rumores-sobre-o-real-madrid-e-diz-que-e-tudo-treta\/#primaryimage"},"thumbnailUrl":"https:\/\/portaltela.pt\/s.01k8rhncp4jt1\/2026\/03\/img_920x518uu2026-03-24-09-01-55-2429018.jpg","datePublished":"2026-03-24T09:02:00+00:00","author":{"@id":"https:\/\/portaltela.pt\/#\/schema\/person\/c4278d4a6028830caff9ee44b42d32ed"},"breadcrumb":{"@id":"https:\/\/portaltela.pt\/noticias\/2026\/03\/24\/jurgen-klopp-rejeita-rumores-sobre-o-real-madrid-e-diz-que-e-tudo-treta\/#breadcrumb"},"inLanguage":"pt-PT","potentialAction":[{"@type":"ReadAction","target":["https:\/\/portaltela.pt\/noticias\/2026\/03\/24\/jurgen-klopp-rejeita-rumores-sobre-o-real-madrid-e-diz-que-e-tudo-treta\/"]}]},{"@type":"ImageObject","inLanguage":"pt-PT","@id":"https:\/\/portaltela.pt\/noticias\/2026\/03\/24\/jurgen-klopp-rejeita-rumores-sobre-o-real-madrid-e-diz-que-e-tudo-treta\/#primaryimage","url":"https:\/\/portaltela.pt\/s.01k8rhncp4jt1\/2026\/03\/img_920x518uu2026-03-24-09-01-55-2429018.jpg","contentUrl":"https:\/\/portaltela.pt\/s.01k8rhncp4jt1\/2026\/03\/img_920x518uu2026-03-24-09-01-55-2429018.jpg","width":796,"height":448,"caption":"J\u00fcrgen Klopp"},{"@type":"BreadcrumbList","@id":"https:\/\/portaltela.pt\/noticias\/2026\/03\/24\/jurgen-klopp-rejeita-rumores-sobre-o-real-madrid-e-diz-que-e-tudo-treta\/#breadcrumb","itemListElement":[{"@type":"ListItem","position":1,"name":"In\u00edcio","item":"https:\/\/portaltela.pt\/"},{"@type":"ListItem","position":2,"name":"J\u00fcrgen Klopp rejeita rumores sobre o Real Madrid e diz que \u00e9 tudo treta"}]},{"@type":"WebSite","@id":"https:\/\/portaltela.pt\/#website","url":"https:\/\/portaltela.pt\/","name":"Portal Tela Portugal","description":"","potentialAction":[{"@type":"SearchAction","target":{"@type":"EntryPoint","urlTemplate":"https:\/\/portaltela.pt\/?s={search_term_string}"},"query-input":{"@type":"PropertyValueSpecification","valueRequired":true,"valueName":"search_term_string"}}],"inLanguage":"pt-PT"},{"@type":"Person","@id":"https:\/\/portaltela.pt\/#\/schema\/person\/c4278d4a6028830caff9ee44b42d32ed","name":"Telinha","image":{"@type":"ImageObject","inLanguage":"pt-PT","@id":"https:\/\/portaltela.pt\/s.01k8rhncp4jt1\/2025\/11\/talking-bot-125x125.png","url":"https:\/\/portaltela.pt\/s.01k8rhncp4jt1\/2025\/11\/talking-bot-125x125.png","contentUrl":"https:\/\/portaltela.pt\/s.01k8rhncp4jt1\/2025\/11\/talking-bot-125x125.png","caption":"Telinha"},"sameAs":["https:\/\/portaltela.pt\/"],"url":"https:\/\/portaltela.pt\/por\/367410592786\/"}]}},"_links":{"self":[{"href":"https:\/\/portaltela.pt\/api\/wp\/v2\/posts\/419257","targetHints":{"allow":["GET"]}}],"collection":[{"href":"https:\/\/portaltela.pt\/api\/wp\/v2\/posts"}],"about":[{"href":"https:\/\/portaltela.pt\/api\/wp\/v2\/types\/post"}],"author":[{"embeddable":true,"href":"https:\/\/portaltela.pt\/api\/wp\/v2\/users\/2"}],"replies":[{"embeddable":true,"href":"https:\/\/portaltela.pt\/api\/wp\/v2\/comments?post=419257"}],"version-history":[{"count":0,"href":"https:\/\/portaltela.pt\/api\/wp\/v2\/posts\/419257\/revisions"}],"wp:featuredmedia":[{"embeddable":true,"href":"https:\/\/portaltela.pt\/api\/wp\/v2\/media\/419260"}],"wp:attachment":[{"href":"https:\/\/portaltela.pt\/api\/wp\/v2\/media?parent=419257"}],"wp:term":[{"taxonomy":"category","embeddable":true,"href":"https:\/\/portaltela.pt\/api\/wp\/v2\/categories?post=419257"},{"taxonomy":"post_tag","embeddable":true,"href":"https:\/\/portaltela.pt\/api\/wp\/v2\/tags?post=419257"}],"curies":[{"name":"wp","href":"https:\/\/api.w.org\/{rel}","templated":true}]}}