{"id":419249,"date":"2026-03-24T05:52:00","date_gmt":"2026-03-24T08:52:00","guid":{"rendered":"https:\/\/portaltela.pt\/noticias\/2026\/03\/24\/ong-denuncia-condenacao-de-advogado-de-direitos-humanos-a-cinco-anos-na-china\/"},"modified":"2026-03-24T05:52:00","modified_gmt":"2026-03-24T08:52:00","slug":"ong-denuncia-condenacao-de-advogado-de-direitos-humanos-a-cinco-anos-na-china","status":"publish","type":"post","link":"https:\/\/portaltela.pt\/noticias\/politica\/2026\/03\/24\/ong-denuncia-condenacao-de-advogado-de-direitos-humanos-a-cinco-anos-na-china\/","title":{"rendered":"ONG denuncia condena\u00e7\u00e3o de advogado de direitos humanos a cinco anos na China"},"content":{"rendered":"<p>O Observat\u00f3rio de Direitos Humanos (ODH) informou hoje sobre a condena\u00e7\u00e3o do advogado chin\u00eas Xie Yang a cinco anos de pris\u00e3o por subvers\u00e3o. A senten\u00e7a foi proferida pelo Tribunal Popular Interm\u00e9dio de Changsha, na prov\u00edncia de Hunan, com base em publica\u00e7\u00f5es do jurista na rede social WeChat. Al\u00e9m disso, o tribunal ordenou a apreens\u00e3o de 100 mil yuan.<\/p>\n<p>Segundo o ODH, a decis\u00e3o foi anunciada na segunda-feira, e a ONG destaca que o processo ter\u00e1 tido v\u00e1rias irregularidades nas garantias de defesa. A organiza\u00e7\u00e3o sustenta que as falhas no devido processo refletem problemas no respeito pelo estado de direito na China.<\/p>\n<p>Maya Wang, diretora-adjunta para a \u00c1sia do ODH, afirmou que a acusa\u00e7\u00e3o e a severidade da pena indicam profundas press\u00f5es sobre advogados de direitos humanos. A ONG refor\u00e7a a import\u00e2ncia de procedimentos justos e de salvaguardas processuais em casos sens\u00edveis.<\/p>\n<h3>Contexto legal<\/h3>\n<p>A organiza\u00e7\u00e3o acrescenta que a condena\u00e7\u00e3o surge num contexto de crescente repress\u00e3o a dissidentes legais na China, com cr\u00edticas ao uso de leis de seguran\u00e7a nacional para restringir a atua\u00e7\u00e3o de advogados e defensores dos direitos humanos. A informa\u00e7\u00e3o foi disponibilizada pelo ODH para o p\u00fablico internacional.<\/p>\n<p>O caso de Xie Yang passa a servir como refer\u00eancia para observadores externos que monitorizam o estado de direito no pa\u00eds, segundo a relato do ODH. A entidade continua a acompanhar desenvolvimentos legais e eventuais recursos procedentes.<\/p>\n","protected":false},"excerpt":{"rendered":"<ul>\n<li>O Observat\u00f3rio de Direitos Humanos denunciou a condena\u00e7\u00e3o do advogado chin\u00eas Xie Yang a cinco anos de pris\u00e3o por subvers\u00e3o.<\/li>\n<li>A ONG aponta que o processo teve v\u00e1rias viola\u00e7\u00f5es das garantias de defesa.<\/li>\n<li>A senten\u00e7a foi proferida pelo Tribunal Popular Interm\u00e9dio de Changsha, na prov\u00edncia de Hunan.<\/li>\n<li>A decis\u00e3o baseou-se em publica\u00e7\u00f5es do advogado na rede social WeChat, e houve ainda a apreens\u00e3o de 100 mil yuan (cerca de 12.500 euros).<\/li>\n<li>Maya Wang, diretora-adjunta para a \u00c1sia do Observat\u00f3rio, afirmou que a senten\u00e7a mostra o desrespeito de Pequim pelo Estado de direito.<\/li>\n<\/ul>\n","protected":false},"author":2,"featured_media":419252,"comment_status":"closed","ping_status":"closed","sticky":false,"template":"","format":"standard","meta":{"footnotes":""},"categories":[6912,5],"tags":[5913,6618,147,2633,1465,136],"class_list":["post-419249","post","type-post","status-publish","format-standard","has-post-thumbnail","hentry","category-internacionais","category-politica","tag-a-china","tag-advogados","tag-crime","tag-direitos-humanos","tag-direitos-internacionais","tag-organizacoes"],"yoast_head":"<!-- This site is optimized with the Yoast SEO plugin v27.2 - https:\/\/yoast.com\/product\/yoast-seo-wordpress\/ -->\n<title>ONG denuncia condena\u00e7\u00e3o de advogado de direitos humanos a cinco anos na China - Portal Tela Portugal<\/title>\n<meta name=\"robots\" content=\"index, follow, max-snippet:-1, max-image-preview:large, max-video-preview:-1\" \/>\n<meta property=\"og:locale\" content=\"pt_PT\" \/>\n<meta property=\"og:type\" content=\"article\" \/>\n<meta property=\"og:title\" content=\"ONG denuncia condena\u00e7\u00e3o de advogado de direitos humanos a cinco anos na China - Portal Tela Portugal\" \/>\n<meta property=\"og:description\" content=\"O Observat\u00f3rio de Direitos Humanos denunciou a condena\u00e7\u00e3o do advogado chin\u00eas Xie Yang a cinco anos de pris\u00e3o por subvers\u00e3o. A ONG aponta que o processo teve v\u00e1rias viola\u00e7\u00f5es das garantias de defesa. A senten\u00e7a foi proferida pelo Tribunal Popular Interm\u00e9dio de Changsha, na prov\u00edncia de Hunan. A decis\u00e3o baseou-se em publica\u00e7\u00f5es do advogado na rede social WeChat, e houve ainda a apreens\u00e3o de 100 mil yuan (cerca de 12.500 euros). Maya Wang, diretora-adjunta para a \u00c1sia do Observat\u00f3rio, afirmou que a senten\u00e7a mostra o desrespeito de Pequim pelo Estado de direito.\" \/>\n<meta property=\"og:url\" content=\"https:\/\/portaltela.pt\/noticias\/2026\/03\/24\/ong-denuncia-condenacao-de-advogado-de-direitos-humanos-a-cinco-anos-na-china\/\" \/>\n<meta property=\"og:site_name\" content=\"Portal Tela Portugal\" \/>\n<meta property=\"article:published_time\" content=\"2026-03-24T08:52:00+00:00\" \/>\n<meta name=\"author\" content=\"Telinha\" \/>\n<meta name=\"twitter:card\" content=\"summary_large_image\" \/>\n<meta name=\"twitter:label1\" content=\"Escrito por\" \/>\n\t<meta name=\"twitter:data1\" content=\"Telinha\" \/>\n\t<meta name=\"twitter:label2\" content=\"Tempo estimado de leitura\" \/>\n\t<meta name=\"twitter:data2\" content=\"1 minuto\" \/>\n<script type=\"application\/ld+json\" class=\"yoast-schema-graph\">{\"@context\":\"https:\/\/schema.org\",\"@graph\":[{\"@type\":\"Article\",\"@id\":\"https:\/\/portaltela.pt\/noticias\/2026\/03\/24\/ong-denuncia-condenacao-de-advogado-de-direitos-humanos-a-cinco-anos-na-china\/#article\",\"isPartOf\":{\"@id\":\"https:\/\/portaltela.pt\/noticias\/2026\/03\/24\/ong-denuncia-condenacao-de-advogado-de-direitos-humanos-a-cinco-anos-na-china\/\"},\"author\":{\"name\":\"Telinha\",\"@id\":\"https:\/\/portaltela.pt\/#\/schema\/person\/c4278d4a6028830caff9ee44b42d32ed\"},\"headline\":\"ONG denuncia condena\u00e7\u00e3o de advogado de direitos humanos a cinco anos na China\",\"datePublished\":\"2026-03-24T08:52:00+00:00\",\"mainEntityOfPage\":{\"@id\":\"https:\/\/portaltela.pt\/noticias\/2026\/03\/24\/ong-denuncia-condenacao-de-advogado-de-direitos-humanos-a-cinco-anos-na-china\/\"},\"wordCount\":269,\"image\":{\"@id\":\"https:\/\/portaltela.pt\/noticias\/2026\/03\/24\/ong-denuncia-condenacao-de-advogado-de-direitos-humanos-a-cinco-anos-na-china\/#primaryimage\"},\"thumbnailUrl\":\"https:\/\/portaltela.pt\/s.01k8rhncp4jt1\/2026\/03\/img_1500x1000uu2022-03-15-12-45-59-1131177.jpg\",\"keywords\":[\"a china\",\"Advogados\",\"crime\",\"direitos humanos\",\"direitos internacionais\",\"organiza\u00e7\u00f5es\"],\"articleSection\":[\"Internacionais\",\"Pol\u00edtica\"],\"inLanguage\":\"pt-PT\"},{\"@type\":\"WebPage\",\"@id\":\"https:\/\/portaltela.pt\/noticias\/2026\/03\/24\/ong-denuncia-condenacao-de-advogado-de-direitos-humanos-a-cinco-anos-na-china\/\",\"url\":\"https:\/\/portaltela.pt\/noticias\/2026\/03\/24\/ong-denuncia-condenacao-de-advogado-de-direitos-humanos-a-cinco-anos-na-china\/\",\"name\":\"ONG denuncia condena\u00e7\u00e3o de advogado de direitos humanos a cinco anos na China - Portal Tela Portugal\",\"isPartOf\":{\"@id\":\"https:\/\/portaltela.pt\/#website\"},\"primaryImageOfPage\":{\"@id\":\"https:\/\/portaltela.pt\/noticias\/2026\/03\/24\/ong-denuncia-condenacao-de-advogado-de-direitos-humanos-a-cinco-anos-na-china\/#primaryimage\"},\"image\":{\"@id\":\"https:\/\/portaltela.pt\/noticias\/2026\/03\/24\/ong-denuncia-condenacao-de-advogado-de-direitos-humanos-a-cinco-anos-na-china\/#primaryimage\"},\"thumbnailUrl\":\"https:\/\/portaltela.pt\/s.01k8rhncp4jt1\/2026\/03\/img_1500x1000uu2022-03-15-12-45-59-1131177.jpg\",\"datePublished\":\"2026-03-24T08:52:00+00:00\",\"author\":{\"@id\":\"https:\/\/portaltela.pt\/#\/schema\/person\/c4278d4a6028830caff9ee44b42d32ed\"},\"breadcrumb\":{\"@id\":\"https:\/\/portaltela.pt\/noticias\/2026\/03\/24\/ong-denuncia-condenacao-de-advogado-de-direitos-humanos-a-cinco-anos-na-china\/#breadcrumb\"},\"inLanguage\":\"pt-PT\",\"potentialAction\":[{\"@type\":\"ReadAction\",\"target\":[\"https:\/\/portaltela.pt\/noticias\/2026\/03\/24\/ong-denuncia-condenacao-de-advogado-de-direitos-humanos-a-cinco-anos-na-china\/\"]}]},{\"@type\":\"ImageObject\",\"inLanguage\":\"pt-PT\",\"@id\":\"https:\/\/portaltela.pt\/noticias\/2026\/03\/24\/ong-denuncia-condenacao-de-advogado-de-direitos-humanos-a-cinco-anos-na-china\/#primaryimage\",\"url\":\"https:\/\/portaltela.pt\/s.01k8rhncp4jt1\/2026\/03\/img_1500x1000uu2022-03-15-12-45-59-1131177.jpg\",\"contentUrl\":\"https:\/\/portaltela.pt\/s.01k8rhncp4jt1\/2026\/03\/img_1500x1000uu2022-03-15-12-45-59-1131177.jpg\",\"width\":796,\"height\":448,\"caption\":\"Bandeira da China\"},{\"@type\":\"BreadcrumbList\",\"@id\":\"https:\/\/portaltela.pt\/noticias\/2026\/03\/24\/ong-denuncia-condenacao-de-advogado-de-direitos-humanos-a-cinco-anos-na-china\/#breadcrumb\",\"itemListElement\":[{\"@type\":\"ListItem\",\"position\":1,\"name\":\"In\u00edcio\",\"item\":\"https:\/\/portaltela.pt\/\"},{\"@type\":\"ListItem\",\"position\":2,\"name\":\"ONG denuncia condena\u00e7\u00e3o de advogado de direitos humanos a cinco anos na China\"}]},{\"@type\":\"WebSite\",\"@id\":\"https:\/\/portaltela.pt\/#website\",\"url\":\"https:\/\/portaltela.pt\/\",\"name\":\"Portal Tela Portugal\",\"description\":\"\",\"potentialAction\":[{\"@type\":\"SearchAction\",\"target\":{\"@type\":\"EntryPoint\",\"urlTemplate\":\"https:\/\/portaltela.pt\/?s={search_term_string}\"},\"query-input\":{\"@type\":\"PropertyValueSpecification\",\"valueRequired\":true,\"valueName\":\"search_term_string\"}}],\"inLanguage\":\"pt-PT\"},{\"@type\":\"Person\",\"@id\":\"https:\/\/portaltela.pt\/#\/schema\/person\/c4278d4a6028830caff9ee44b42d32ed\",\"name\":\"Telinha\",\"image\":{\"@type\":\"ImageObject\",\"inLanguage\":\"pt-PT\",\"@id\":\"https:\/\/portaltela.pt\/s.01k8rhncp4jt1\/2025\/11\/talking-bot-125x125.png\",\"url\":\"https:\/\/portaltela.pt\/s.01k8rhncp4jt1\/2025\/11\/talking-bot-125x125.png\",\"contentUrl\":\"https:\/\/portaltela.pt\/s.01k8rhncp4jt1\/2025\/11\/talking-bot-125x125.png\",\"caption\":\"Telinha\"},\"sameAs\":[\"https:\/\/portaltela.pt\/\"],\"url\":\"https:\/\/portaltela.pt\/por\/367410592786\/\"}]}<\/script>\n<!-- \/ Yoast SEO plugin. -->","yoast_head_json":{"title":"ONG denuncia condena\u00e7\u00e3o de advogado de direitos humanos a cinco anos na China - Portal Tela Portugal","robots":{"index":"index","follow":"follow","max-snippet":"max-snippet:-1","max-image-preview":"max-image-preview:large","max-video-preview":"max-video-preview:-1"},"og_locale":"pt_PT","og_type":"article","og_title":"ONG denuncia condena\u00e7\u00e3o de advogado de direitos humanos a cinco anos na China - Portal Tela Portugal","og_description":"O Observat\u00f3rio de Direitos Humanos denunciou a condena\u00e7\u00e3o do advogado chin\u00eas Xie Yang a cinco anos de pris\u00e3o por subvers\u00e3o. A ONG aponta que o processo teve v\u00e1rias viola\u00e7\u00f5es das garantias de defesa. A senten\u00e7a foi proferida pelo Tribunal Popular Interm\u00e9dio de Changsha, na prov\u00edncia de Hunan. A decis\u00e3o baseou-se em publica\u00e7\u00f5es do advogado na rede social WeChat, e houve ainda a apreens\u00e3o de 100 mil yuan (cerca de 12.500 euros). Maya Wang, diretora-adjunta para a \u00c1sia do Observat\u00f3rio, afirmou que a senten\u00e7a mostra o desrespeito de Pequim pelo Estado de direito.","og_url":"https:\/\/portaltela.pt\/noticias\/2026\/03\/24\/ong-denuncia-condenacao-de-advogado-de-direitos-humanos-a-cinco-anos-na-china\/","og_site_name":"Portal Tela Portugal","article_published_time":"2026-03-24T08:52:00+00:00","author":"Telinha","twitter_card":"summary_large_image","twitter_misc":{"Escrito por":"Telinha","Tempo estimado de leitura":"1 minuto"},"schema":{"@context":"https:\/\/schema.org","@graph":[{"@type":"Article","@id":"https:\/\/portaltela.pt\/noticias\/2026\/03\/24\/ong-denuncia-condenacao-de-advogado-de-direitos-humanos-a-cinco-anos-na-china\/#article","isPartOf":{"@id":"https:\/\/portaltela.pt\/noticias\/2026\/03\/24\/ong-denuncia-condenacao-de-advogado-de-direitos-humanos-a-cinco-anos-na-china\/"},"author":{"name":"Telinha","@id":"https:\/\/portaltela.pt\/#\/schema\/person\/c4278d4a6028830caff9ee44b42d32ed"},"headline":"ONG denuncia condena\u00e7\u00e3o de advogado de direitos humanos a cinco anos na China","datePublished":"2026-03-24T08:52:00+00:00","mainEntityOfPage":{"@id":"https:\/\/portaltela.pt\/noticias\/2026\/03\/24\/ong-denuncia-condenacao-de-advogado-de-direitos-humanos-a-cinco-anos-na-china\/"},"wordCount":269,"image":{"@id":"https:\/\/portaltela.pt\/noticias\/2026\/03\/24\/ong-denuncia-condenacao-de-advogado-de-direitos-humanos-a-cinco-anos-na-china\/#primaryimage"},"thumbnailUrl":"https:\/\/portaltela.pt\/s.01k8rhncp4jt1\/2026\/03\/img_1500x1000uu2022-03-15-12-45-59-1131177.jpg","keywords":["a china","Advogados","crime","direitos humanos","direitos internacionais","organiza\u00e7\u00f5es"],"articleSection":["Internacionais","Pol\u00edtica"],"inLanguage":"pt-PT"},{"@type":"WebPage","@id":"https:\/\/portaltela.pt\/noticias\/2026\/03\/24\/ong-denuncia-condenacao-de-advogado-de-direitos-humanos-a-cinco-anos-na-china\/","url":"https:\/\/portaltela.pt\/noticias\/2026\/03\/24\/ong-denuncia-condenacao-de-advogado-de-direitos-humanos-a-cinco-anos-na-china\/","name":"ONG denuncia condena\u00e7\u00e3o de advogado de direitos humanos a cinco anos na China - Portal Tela Portugal","isPartOf":{"@id":"https:\/\/portaltela.pt\/#website"},"primaryImageOfPage":{"@id":"https:\/\/portaltela.pt\/noticias\/2026\/03\/24\/ong-denuncia-condenacao-de-advogado-de-direitos-humanos-a-cinco-anos-na-china\/#primaryimage"},"image":{"@id":"https:\/\/portaltela.pt\/noticias\/2026\/03\/24\/ong-denuncia-condenacao-de-advogado-de-direitos-humanos-a-cinco-anos-na-china\/#primaryimage"},"thumbnailUrl":"https:\/\/portaltela.pt\/s.01k8rhncp4jt1\/2026\/03\/img_1500x1000uu2022-03-15-12-45-59-1131177.jpg","datePublished":"2026-03-24T08:52:00+00:00","author":{"@id":"https:\/\/portaltela.pt\/#\/schema\/person\/c4278d4a6028830caff9ee44b42d32ed"},"breadcrumb":{"@id":"https:\/\/portaltela.pt\/noticias\/2026\/03\/24\/ong-denuncia-condenacao-de-advogado-de-direitos-humanos-a-cinco-anos-na-china\/#breadcrumb"},"inLanguage":"pt-PT","potentialAction":[{"@type":"ReadAction","target":["https:\/\/portaltela.pt\/noticias\/2026\/03\/24\/ong-denuncia-condenacao-de-advogado-de-direitos-humanos-a-cinco-anos-na-china\/"]}]},{"@type":"ImageObject","inLanguage":"pt-PT","@id":"https:\/\/portaltela.pt\/noticias\/2026\/03\/24\/ong-denuncia-condenacao-de-advogado-de-direitos-humanos-a-cinco-anos-na-china\/#primaryimage","url":"https:\/\/portaltela.pt\/s.01k8rhncp4jt1\/2026\/03\/img_1500x1000uu2022-03-15-12-45-59-1131177.jpg","contentUrl":"https:\/\/portaltela.pt\/s.01k8rhncp4jt1\/2026\/03\/img_1500x1000uu2022-03-15-12-45-59-1131177.jpg","width":796,"height":448,"caption":"Bandeira da China"},{"@type":"BreadcrumbList","@id":"https:\/\/portaltela.pt\/noticias\/2026\/03\/24\/ong-denuncia-condenacao-de-advogado-de-direitos-humanos-a-cinco-anos-na-china\/#breadcrumb","itemListElement":[{"@type":"ListItem","position":1,"name":"In\u00edcio","item":"https:\/\/portaltela.pt\/"},{"@type":"ListItem","position":2,"name":"ONG denuncia condena\u00e7\u00e3o de advogado de direitos humanos a cinco anos na China"}]},{"@type":"WebSite","@id":"https:\/\/portaltela.pt\/#website","url":"https:\/\/portaltela.pt\/","name":"Portal Tela Portugal","description":"","potentialAction":[{"@type":"SearchAction","target":{"@type":"EntryPoint","urlTemplate":"https:\/\/portaltela.pt\/?s={search_term_string}"},"query-input":{"@type":"PropertyValueSpecification","valueRequired":true,"valueName":"search_term_string"}}],"inLanguage":"pt-PT"},{"@type":"Person","@id":"https:\/\/portaltela.pt\/#\/schema\/person\/c4278d4a6028830caff9ee44b42d32ed","name":"Telinha","image":{"@type":"ImageObject","inLanguage":"pt-PT","@id":"https:\/\/portaltela.pt\/s.01k8rhncp4jt1\/2025\/11\/talking-bot-125x125.png","url":"https:\/\/portaltela.pt\/s.01k8rhncp4jt1\/2025\/11\/talking-bot-125x125.png","contentUrl":"https:\/\/portaltela.pt\/s.01k8rhncp4jt1\/2025\/11\/talking-bot-125x125.png","caption":"Telinha"},"sameAs":["https:\/\/portaltela.pt\/"],"url":"https:\/\/portaltela.pt\/por\/367410592786\/"}]}},"_links":{"self":[{"href":"https:\/\/portaltela.pt\/api\/wp\/v2\/posts\/419249","targetHints":{"allow":["GET"]}}],"collection":[{"href":"https:\/\/portaltela.pt\/api\/wp\/v2\/posts"}],"about":[{"href":"https:\/\/portaltela.pt\/api\/wp\/v2\/types\/post"}],"author":[{"embeddable":true,"href":"https:\/\/portaltela.pt\/api\/wp\/v2\/users\/2"}],"replies":[{"embeddable":true,"href":"https:\/\/portaltela.pt\/api\/wp\/v2\/comments?post=419249"}],"version-history":[{"count":0,"href":"https:\/\/portaltela.pt\/api\/wp\/v2\/posts\/419249\/revisions"}],"wp:featuredmedia":[{"embeddable":true,"href":"https:\/\/portaltela.pt\/api\/wp\/v2\/media\/419252"}],"wp:attachment":[{"href":"https:\/\/portaltela.pt\/api\/wp\/v2\/media?parent=419249"}],"wp:term":[{"taxonomy":"category","embeddable":true,"href":"https:\/\/portaltela.pt\/api\/wp\/v2\/categories?post=419249"},{"taxonomy":"post_tag","embeddable":true,"href":"https:\/\/portaltela.pt\/api\/wp\/v2\/tags?post=419249"}],"curies":[{"name":"wp","href":"https:\/\/api.w.org\/{rel}","templated":true}]}}