{"id":419248,"date":"2026-03-24T05:55:00","date_gmt":"2026-03-24T08:55:00","guid":{"rendered":"https:\/\/portaltela.pt\/noticias\/2026\/03\/24\/gnr-detem-condutor-alcoolizado-que-invadiu-esplanada-em-albufeira\/"},"modified":"2026-03-24T05:55:00","modified_gmt":"2026-03-24T08:55:00","slug":"gnr-detem-condutor-alcoolizado-que-invadiu-esplanada-em-albufeira","status":"publish","type":"post","link":"https:\/\/portaltela.pt\/seguranca\/2026\/03\/24\/gnr-detem-condutor-alcoolizado-que-invadiu-esplanada-em-albufeira\/","title":{"rendered":"GNR det\u00e9m condutor alcoolizado que invadiu esplanada em Albufeira"},"content":{"rendered":"<p>Na madrugada de domingo, em Albufeira, um homem envolvido numa rixa expulsou-se de um bar e invadiu com o carro a esplanada da Av. 25 de Abril, gerando p\u00e2nico junto dos clientes. O incidente ocorreu ap\u00f3s o arguido ter sido expulso do estabelecimento.<\/p>\n<p>Segundo o CM Jornal, o condutor alcoolizado tentou atropelar funcion\u00e1rios enquanto procurava fugir. Aos olhos dos testemunhas, o ve\u00edculo avan\u00e7ou na dire\u00e7\u00e3o das pessoas que tentavam impedir a fuga.<\/p>\n<p>A GNR chegou ao local e o motorista desobedeceu \u00e0 ordem de paragem emitida pela primeira patrulha. Momentos depois foi intercetado por uma segunda equipa, que impediu a continua\u00e7\u00e3o da fuga.<\/p>\n<p>O condutor ficou detido por condu\u00e7\u00e3o sob efeito de \u00e1lcool, sem registo de feridos at\u00e9 ao momento. A autoridade mant\u00e9m a investiga\u00e7\u00e3o em curso para apurar as circunst\u00e2ncias da rixa.<\/p>\n<h3>Interven\u00e7\u00e3o da GNR e pr\u00f3ximos passos<\/h3>\n<p>A GNR descreve a a\u00e7\u00e3o como r\u00e1pida e decisiva para evitar atropelamentos na \u00e1rea da esplanada. O bar confirmou que n\u00e3o houve v\u00edtimas entre os trabalhadores, apenas o susto causado pelo incidente. A investiga\u00e7\u00e3o visa esclarecer as causas da rixa e eventuais responsabilidades.<\/p>\n<p>Fonte: CM Jornal<\/p>\n","protected":false},"excerpt":{"rendered":"<ul>\n<li>GNR deteve um condutor alcoolizado que invadiu a esplanada de um bar em Albufeira, causando p\u00e2nico na Av. 25 de Abril.<\/li>\n<li>O incidente ocorreu na madrugada de domingo, depois de o suspeito ter sido expulso do bar.<\/li>\n<li>Em estado de embriaguez, o homem usou o ve\u00edculo para avan\u00e7ar contra a esplanada, tentando atropelar funcion\u00e1rios.<\/li>\n<li>O motorista fugiu a alta velocidade e desobedeceu a ordem de paragem dada pela primeira patrulha da GNR, sendo intercetado por outra equipa pouco depois.<\/li>\n<li>O condutor foi detido por condu\u00e7\u00e3o sob efeito de \u00e1lcool.<\/li>\n<\/ul>\n","protected":false},"author":2,"featured_media":419251,"comment_status":"closed","ping_status":"closed","sticky":false,"template":"","format":"standard","meta":{"footnotes":""},"categories":[6907,6779],"tags":[5487,1202,5710,147,1380,250],"class_list":["post-419248","post","type-post","status-publish","format-standard","has-post-thumbnail","hentry","category-crime","category-seguranca","tag-acidente","tag-albufeira","tag-conducao-sob-efeito-do-alcool","tag-crime","tag-gnr","tag-seguranca-publica"],"yoast_head":"<!-- This site is optimized with the Yoast SEO plugin v27.2 - https:\/\/yoast.com\/product\/yoast-seo-wordpress\/ -->\n<title>GNR det\u00e9m condutor alcoolizado que invadiu esplanada em Albufeira - Portal Tela Portugal<\/title>\n<meta name=\"robots\" content=\"index, follow, max-snippet:-1, max-image-preview:large, max-video-preview:-1\" \/>\n<meta property=\"og:locale\" content=\"pt_PT\" \/>\n<meta property=\"og:type\" content=\"article\" \/>\n<meta property=\"og:title\" content=\"GNR det\u00e9m condutor alcoolizado que invadiu esplanada em Albufeira - Portal Tela Portugal\" \/>\n<meta property=\"og:description\" content=\"GNR deteve um condutor alcoolizado que invadiu a esplanada de um bar em Albufeira, causando p\u00e2nico na Av. 25 de Abril. O incidente ocorreu na madrugada de domingo, depois de o suspeito ter sido expulso do bar. Em estado de embriaguez, o homem usou o ve\u00edculo para avan\u00e7ar contra a esplanada, tentando atropelar funcion\u00e1rios. O motorista fugiu a alta velocidade e desobedeceu a ordem de paragem dada pela primeira patrulha da GNR, sendo intercetado por outra equipa pouco depois. O condutor foi detido por condu\u00e7\u00e3o sob efeito de \u00e1lcool.\" \/>\n<meta property=\"og:url\" content=\"https:\/\/portaltela.pt\/noticias\/2026\/03\/24\/gnr-detem-condutor-alcoolizado-que-invadiu-esplanada-em-albufeira\/\" \/>\n<meta property=\"og:site_name\" content=\"Portal Tela Portugal\" \/>\n<meta property=\"article:published_time\" content=\"2026-03-24T08:55:00+00:00\" \/>\n<meta name=\"author\" content=\"Telinha\" \/>\n<meta name=\"twitter:card\" content=\"summary_large_image\" \/>\n<meta name=\"twitter:label1\" content=\"Escrito por\" \/>\n\t<meta name=\"twitter:data1\" content=\"Telinha\" \/>\n\t<meta name=\"twitter:label2\" content=\"Tempo estimado de leitura\" \/>\n\t<meta name=\"twitter:data2\" content=\"1 minuto\" \/>\n<script type=\"application\/ld+json\" class=\"yoast-schema-graph\">{\"@context\":\"https:\/\/schema.org\",\"@graph\":[{\"@type\":\"Article\",\"@id\":\"https:\/\/portaltela.pt\/noticias\/2026\/03\/24\/gnr-detem-condutor-alcoolizado-que-invadiu-esplanada-em-albufeira\/#article\",\"isPartOf\":{\"@id\":\"https:\/\/portaltela.pt\/noticias\/2026\/03\/24\/gnr-detem-condutor-alcoolizado-que-invadiu-esplanada-em-albufeira\/\"},\"author\":{\"name\":\"Telinha\",\"@id\":\"https:\/\/portaltela.pt\/#\/schema\/person\/c4278d4a6028830caff9ee44b42d32ed\"},\"headline\":\"GNR det\u00e9m condutor alcoolizado que invadiu esplanada em Albufeira\",\"datePublished\":\"2026-03-24T08:55:00+00:00\",\"mainEntityOfPage\":{\"@id\":\"https:\/\/portaltela.pt\/noticias\/2026\/03\/24\/gnr-detem-condutor-alcoolizado-que-invadiu-esplanada-em-albufeira\/\"},\"wordCount\":211,\"image\":{\"@id\":\"https:\/\/portaltela.pt\/noticias\/2026\/03\/24\/gnr-detem-condutor-alcoolizado-que-invadiu-esplanada-em-albufeira\/#primaryimage\"},\"thumbnailUrl\":\"https:\/\/portaltela.pt\/s.01k8rhncp4jt1\/2026\/03\/img_1500x1000uu2026-03-22-22-20-40-2274220.jpg\",\"keywords\":[\"acidente\",\"Albufeira\",\"condu\u00e7\u00e3o sob efeito do \u00e1lcool\",\"crime\",\"GNR\",\"seguran\u00e7a p\u00fablica\"],\"articleSection\":[\"Crime\",\"Seguran\u00e7a\"],\"inLanguage\":\"pt-PT\"},{\"@type\":\"WebPage\",\"@id\":\"https:\/\/portaltela.pt\/noticias\/2026\/03\/24\/gnr-detem-condutor-alcoolizado-que-invadiu-esplanada-em-albufeira\/\",\"url\":\"https:\/\/portaltela.pt\/noticias\/2026\/03\/24\/gnr-detem-condutor-alcoolizado-que-invadiu-esplanada-em-albufeira\/\",\"name\":\"GNR det\u00e9m condutor alcoolizado que invadiu esplanada em Albufeira - Portal Tela Portugal\",\"isPartOf\":{\"@id\":\"https:\/\/portaltela.pt\/#website\"},\"primaryImageOfPage\":{\"@id\":\"https:\/\/portaltela.pt\/noticias\/2026\/03\/24\/gnr-detem-condutor-alcoolizado-que-invadiu-esplanada-em-albufeira\/#primaryimage\"},\"image\":{\"@id\":\"https:\/\/portaltela.pt\/noticias\/2026\/03\/24\/gnr-detem-condutor-alcoolizado-que-invadiu-esplanada-em-albufeira\/#primaryimage\"},\"thumbnailUrl\":\"https:\/\/portaltela.pt\/s.01k8rhncp4jt1\/2026\/03\/img_1500x1000uu2026-03-22-22-20-40-2274220.jpg\",\"datePublished\":\"2026-03-24T08:55:00+00:00\",\"author\":{\"@id\":\"https:\/\/portaltela.pt\/#\/schema\/person\/c4278d4a6028830caff9ee44b42d32ed\"},\"breadcrumb\":{\"@id\":\"https:\/\/portaltela.pt\/noticias\/2026\/03\/24\/gnr-detem-condutor-alcoolizado-que-invadiu-esplanada-em-albufeira\/#breadcrumb\"},\"inLanguage\":\"pt-PT\",\"potentialAction\":[{\"@type\":\"ReadAction\",\"target\":[\"https:\/\/portaltela.pt\/noticias\/2026\/03\/24\/gnr-detem-condutor-alcoolizado-que-invadiu-esplanada-em-albufeira\/\"]}]},{\"@type\":\"ImageObject\",\"inLanguage\":\"pt-PT\",\"@id\":\"https:\/\/portaltela.pt\/noticias\/2026\/03\/24\/gnr-detem-condutor-alcoolizado-que-invadiu-esplanada-em-albufeira\/#primaryimage\",\"url\":\"https:\/\/portaltela.pt\/s.01k8rhncp4jt1\/2026\/03\/img_1500x1000uu2026-03-22-22-20-40-2274220.jpg\",\"contentUrl\":\"https:\/\/portaltela.pt\/s.01k8rhncp4jt1\/2026\/03\/img_1500x1000uu2026-03-22-22-20-40-2274220.jpg\",\"width\":796,\"height\":448,\"caption\":\"Condutor b\u00eabado invade esplanada de bar com carro depois de ser expulso\"},{\"@type\":\"BreadcrumbList\",\"@id\":\"https:\/\/portaltela.pt\/noticias\/2026\/03\/24\/gnr-detem-condutor-alcoolizado-que-invadiu-esplanada-em-albufeira\/#breadcrumb\",\"itemListElement\":[{\"@type\":\"ListItem\",\"position\":1,\"name\":\"In\u00edcio\",\"item\":\"https:\/\/portaltela.pt\/\"},{\"@type\":\"ListItem\",\"position\":2,\"name\":\"GNR det\u00e9m condutor alcoolizado que invadiu esplanada em Albufeira\"}]},{\"@type\":\"WebSite\",\"@id\":\"https:\/\/portaltela.pt\/#website\",\"url\":\"https:\/\/portaltela.pt\/\",\"name\":\"Portal Tela Portugal\",\"description\":\"\",\"potentialAction\":[{\"@type\":\"SearchAction\",\"target\":{\"@type\":\"EntryPoint\",\"urlTemplate\":\"https:\/\/portaltela.pt\/?s={search_term_string}\"},\"query-input\":{\"@type\":\"PropertyValueSpecification\",\"valueRequired\":true,\"valueName\":\"search_term_string\"}}],\"inLanguage\":\"pt-PT\"},{\"@type\":\"Person\",\"@id\":\"https:\/\/portaltela.pt\/#\/schema\/person\/c4278d4a6028830caff9ee44b42d32ed\",\"name\":\"Telinha\",\"image\":{\"@type\":\"ImageObject\",\"inLanguage\":\"pt-PT\",\"@id\":\"https:\/\/portaltela.pt\/s.01k8rhncp4jt1\/2025\/11\/talking-bot-125x125.png\",\"url\":\"https:\/\/portaltela.pt\/s.01k8rhncp4jt1\/2025\/11\/talking-bot-125x125.png\",\"contentUrl\":\"https:\/\/portaltela.pt\/s.01k8rhncp4jt1\/2025\/11\/talking-bot-125x125.png\",\"caption\":\"Telinha\"},\"sameAs\":[\"https:\/\/portaltela.pt\/\"],\"url\":\"https:\/\/portaltela.pt\/por\/367410592786\/\"}]}<\/script>\n<!-- \/ Yoast SEO plugin. -->","yoast_head_json":{"title":"GNR det\u00e9m condutor alcoolizado que invadiu esplanada em Albufeira - Portal Tela Portugal","robots":{"index":"index","follow":"follow","max-snippet":"max-snippet:-1","max-image-preview":"max-image-preview:large","max-video-preview":"max-video-preview:-1"},"og_locale":"pt_PT","og_type":"article","og_title":"GNR det\u00e9m condutor alcoolizado que invadiu esplanada em Albufeira - Portal Tela Portugal","og_description":"GNR deteve um condutor alcoolizado que invadiu a esplanada de um bar em Albufeira, causando p\u00e2nico na Av. 25 de Abril. O incidente ocorreu na madrugada de domingo, depois de o suspeito ter sido expulso do bar. Em estado de embriaguez, o homem usou o ve\u00edculo para avan\u00e7ar contra a esplanada, tentando atropelar funcion\u00e1rios. O motorista fugiu a alta velocidade e desobedeceu a ordem de paragem dada pela primeira patrulha da GNR, sendo intercetado por outra equipa pouco depois. O condutor foi detido por condu\u00e7\u00e3o sob efeito de \u00e1lcool.","og_url":"https:\/\/portaltela.pt\/noticias\/2026\/03\/24\/gnr-detem-condutor-alcoolizado-que-invadiu-esplanada-em-albufeira\/","og_site_name":"Portal Tela Portugal","article_published_time":"2026-03-24T08:55:00+00:00","author":"Telinha","twitter_card":"summary_large_image","twitter_misc":{"Escrito por":"Telinha","Tempo estimado de leitura":"1 minuto"},"schema":{"@context":"https:\/\/schema.org","@graph":[{"@type":"Article","@id":"https:\/\/portaltela.pt\/noticias\/2026\/03\/24\/gnr-detem-condutor-alcoolizado-que-invadiu-esplanada-em-albufeira\/#article","isPartOf":{"@id":"https:\/\/portaltela.pt\/noticias\/2026\/03\/24\/gnr-detem-condutor-alcoolizado-que-invadiu-esplanada-em-albufeira\/"},"author":{"name":"Telinha","@id":"https:\/\/portaltela.pt\/#\/schema\/person\/c4278d4a6028830caff9ee44b42d32ed"},"headline":"GNR det\u00e9m condutor alcoolizado que invadiu esplanada em Albufeira","datePublished":"2026-03-24T08:55:00+00:00","mainEntityOfPage":{"@id":"https:\/\/portaltela.pt\/noticias\/2026\/03\/24\/gnr-detem-condutor-alcoolizado-que-invadiu-esplanada-em-albufeira\/"},"wordCount":211,"image":{"@id":"https:\/\/portaltela.pt\/noticias\/2026\/03\/24\/gnr-detem-condutor-alcoolizado-que-invadiu-esplanada-em-albufeira\/#primaryimage"},"thumbnailUrl":"https:\/\/portaltela.pt\/s.01k8rhncp4jt1\/2026\/03\/img_1500x1000uu2026-03-22-22-20-40-2274220.jpg","keywords":["acidente","Albufeira","condu\u00e7\u00e3o sob efeito do \u00e1lcool","crime","GNR","seguran\u00e7a p\u00fablica"],"articleSection":["Crime","Seguran\u00e7a"],"inLanguage":"pt-PT"},{"@type":"WebPage","@id":"https:\/\/portaltela.pt\/noticias\/2026\/03\/24\/gnr-detem-condutor-alcoolizado-que-invadiu-esplanada-em-albufeira\/","url":"https:\/\/portaltela.pt\/noticias\/2026\/03\/24\/gnr-detem-condutor-alcoolizado-que-invadiu-esplanada-em-albufeira\/","name":"GNR det\u00e9m condutor alcoolizado que invadiu esplanada em Albufeira - Portal Tela Portugal","isPartOf":{"@id":"https:\/\/portaltela.pt\/#website"},"primaryImageOfPage":{"@id":"https:\/\/portaltela.pt\/noticias\/2026\/03\/24\/gnr-detem-condutor-alcoolizado-que-invadiu-esplanada-em-albufeira\/#primaryimage"},"image":{"@id":"https:\/\/portaltela.pt\/noticias\/2026\/03\/24\/gnr-detem-condutor-alcoolizado-que-invadiu-esplanada-em-albufeira\/#primaryimage"},"thumbnailUrl":"https:\/\/portaltela.pt\/s.01k8rhncp4jt1\/2026\/03\/img_1500x1000uu2026-03-22-22-20-40-2274220.jpg","datePublished":"2026-03-24T08:55:00+00:00","author":{"@id":"https:\/\/portaltela.pt\/#\/schema\/person\/c4278d4a6028830caff9ee44b42d32ed"},"breadcrumb":{"@id":"https:\/\/portaltela.pt\/noticias\/2026\/03\/24\/gnr-detem-condutor-alcoolizado-que-invadiu-esplanada-em-albufeira\/#breadcrumb"},"inLanguage":"pt-PT","potentialAction":[{"@type":"ReadAction","target":["https:\/\/portaltela.pt\/noticias\/2026\/03\/24\/gnr-detem-condutor-alcoolizado-que-invadiu-esplanada-em-albufeira\/"]}]},{"@type":"ImageObject","inLanguage":"pt-PT","@id":"https:\/\/portaltela.pt\/noticias\/2026\/03\/24\/gnr-detem-condutor-alcoolizado-que-invadiu-esplanada-em-albufeira\/#primaryimage","url":"https:\/\/portaltela.pt\/s.01k8rhncp4jt1\/2026\/03\/img_1500x1000uu2026-03-22-22-20-40-2274220.jpg","contentUrl":"https:\/\/portaltela.pt\/s.01k8rhncp4jt1\/2026\/03\/img_1500x1000uu2026-03-22-22-20-40-2274220.jpg","width":796,"height":448,"caption":"Condutor b\u00eabado invade esplanada de bar com carro depois de ser expulso"},{"@type":"BreadcrumbList","@id":"https:\/\/portaltela.pt\/noticias\/2026\/03\/24\/gnr-detem-condutor-alcoolizado-que-invadiu-esplanada-em-albufeira\/#breadcrumb","itemListElement":[{"@type":"ListItem","position":1,"name":"In\u00edcio","item":"https:\/\/portaltela.pt\/"},{"@type":"ListItem","position":2,"name":"GNR det\u00e9m condutor alcoolizado que invadiu esplanada em Albufeira"}]},{"@type":"WebSite","@id":"https:\/\/portaltela.pt\/#website","url":"https:\/\/portaltela.pt\/","name":"Portal Tela Portugal","description":"","potentialAction":[{"@type":"SearchAction","target":{"@type":"EntryPoint","urlTemplate":"https:\/\/portaltela.pt\/?s={search_term_string}"},"query-input":{"@type":"PropertyValueSpecification","valueRequired":true,"valueName":"search_term_string"}}],"inLanguage":"pt-PT"},{"@type":"Person","@id":"https:\/\/portaltela.pt\/#\/schema\/person\/c4278d4a6028830caff9ee44b42d32ed","name":"Telinha","image":{"@type":"ImageObject","inLanguage":"pt-PT","@id":"https:\/\/portaltela.pt\/s.01k8rhncp4jt1\/2025\/11\/talking-bot-125x125.png","url":"https:\/\/portaltela.pt\/s.01k8rhncp4jt1\/2025\/11\/talking-bot-125x125.png","contentUrl":"https:\/\/portaltela.pt\/s.01k8rhncp4jt1\/2025\/11\/talking-bot-125x125.png","caption":"Telinha"},"sameAs":["https:\/\/portaltela.pt\/"],"url":"https:\/\/portaltela.pt\/por\/367410592786\/"}]}},"_links":{"self":[{"href":"https:\/\/portaltela.pt\/api\/wp\/v2\/posts\/419248","targetHints":{"allow":["GET"]}}],"collection":[{"href":"https:\/\/portaltela.pt\/api\/wp\/v2\/posts"}],"about":[{"href":"https:\/\/portaltela.pt\/api\/wp\/v2\/types\/post"}],"author":[{"embeddable":true,"href":"https:\/\/portaltela.pt\/api\/wp\/v2\/users\/2"}],"replies":[{"embeddable":true,"href":"https:\/\/portaltela.pt\/api\/wp\/v2\/comments?post=419248"}],"version-history":[{"count":0,"href":"https:\/\/portaltela.pt\/api\/wp\/v2\/posts\/419248\/revisions"}],"wp:featuredmedia":[{"embeddable":true,"href":"https:\/\/portaltela.pt\/api\/wp\/v2\/media\/419251"}],"wp:attachment":[{"href":"https:\/\/portaltela.pt\/api\/wp\/v2\/media?parent=419248"}],"wp:term":[{"taxonomy":"category","embeddable":true,"href":"https:\/\/portaltela.pt\/api\/wp\/v2\/categories?post=419248"},{"taxonomy":"post_tag","embeddable":true,"href":"https:\/\/portaltela.pt\/api\/wp\/v2\/tags?post=419248"}],"curies":[{"name":"wp","href":"https:\/\/api.w.org\/{rel}","templated":true}]}}