{"id":419223,"date":"2026-03-24T05:01:47","date_gmt":"2026-03-24T08:01:47","guid":{"rendered":"https:\/\/portaltela.pt\/noticias\/2026\/03\/24\/portugal-treina-na-cidade-do-futebol-antes-da-viagem-a-cancun\/"},"modified":"2026-03-24T05:01:47","modified_gmt":"2026-03-24T08:01:47","slug":"portugal-treina-na-cidade-do-futebol-antes-da-viagem-a-cancun","status":"publish","type":"post","link":"https:\/\/portaltela.pt\/desporto\/futebol\/2026\/03\/24\/portugal-treina-na-cidade-do-futebol-antes-da-viagem-a-cancun\/","title":{"rendered":"Portugal treina na Cidade do Futebol antes da viagem a Canc\u00fan"},"content":{"rendered":"<p>Portugal treinou esta manh\u00e3 na Cidade do Futebol, em Oeiras, antes de seguir viagem para o M\u00e9xico. A sess\u00e3o, marcada para as 10h30, teve os primeiros 15 minutos abertos \u00e0 comunica\u00e7\u00e3o social.<\/p>\n<p>No arranque dos trabalhos, Pedro Gon\u00e7alves esteve no gin\u00e1sio de recupera\u00e7\u00e3o e n\u00e3o participou no relvado principal. Paulinho junta-se mais tarde \u00e0 comitiva em solo mexicano.<\/p>\n<p>Roberto Mart\u00ednez chamou 27 jogadores inicialmente, mas j\u00e1 sofreu baixas por les\u00e3o: Diogo Costa, Rodrigo Mora e Rafael Le\u00e3o ficaram de fora. Ricardo Velho e Paulinho foram chamados para suprir as aus\u00eancias.<\/p>\n<h3>Prepara\u00e7\u00e3o e partida<\/h3>\n<p>Antes do treino, \u00e0s 09h45, um jogador designado dar\u00e1 uma confer\u00eancia de imprensa na Cidade do Futebol. Ap\u00f3s o almo\u00e7o, a equipa parte para Canc\u00fan, num voo \u00e0s 14h30, onde ficar\u00e1 at\u00e9 sexta-feira, v\u00e9spera do jogo com o M\u00e9xico.<\/p>\n<p>A sele\u00e7\u00e3o fica hospedada na Cidade do M\u00e9xico e disputa o particular com os mexicanos no s\u00e1bado, no Est\u00e1dio Azteca. O encontro est\u00e1 marcado para as 02:00 de Lisboa.<\/p>\n<h3>Calend\u00e1rio e contexto<\/h3>\n<p>No Mundial 2026, Portugal integra o Grupo K, com Uzbequist\u00e3o, Col\u00f4mbia e um advers\u00e1rio por definir. O advers\u00e1rio ser\u00e1 o vencedor do play-off intercontinental entre Rep\u00fablica Democr\u00e1tica do Congo, Jamaica e Nova Caled\u00f3nia.<\/p>\n","protected":false},"excerpt":{"rendered":"<ul>\n<li>A sele\u00e7\u00e3o portuguesa treina \u00e0s 10h30 na Cidade do Futebol, em Oeiras, antes de viajar para o M\u00e9xico.<\/li>\n<li>Ap\u00f3s o almo\u00e7o, a comitiva segue para Canc\u00fan, onde, no s\u00e1bado, defronta o M\u00e9xico num particular de prepara\u00e7\u00e3o para o Mundial 2026.<\/li>\n<li>A sess\u00e3o de treino de sexta-feira \u00e9 a \u00faltima em solo nacional neste est\u00e1gio de mar\u00e7o; os primeiros 15 minutos s\u00e3o abertos \u00e0 imprensa.<\/li>\n<li>A lista inicial de 27 jogadores ficou reduzida por les\u00f5es: Diogo Costa, Rodrigo Mora e Rafael Le\u00e3o ficam de fora; Ricardo Velho e Paulinho entram na comitiva; o capit\u00e3o Cristiano Ronaldo n\u00e3o estar\u00e1 dispon\u00edvel.<\/li>\n<li>Portugal ainda defronta os Estados Unidos a 31 de mar\u00e7o, em Atlanta; no Mundial 2026, a sele\u00e7\u00e3o est\u00e1 no Grupo K com Uzbequist\u00e3o, Col\u00f4mbia e um advers\u00e1rio por definir.<\/li>\n<\/ul>\n","protected":false},"author":2,"featured_media":419224,"comment_status":"closed","ping_status":"closed","sticky":false,"template":"","format":"standard","meta":{"footnotes":""},"categories":[21,24],"tags":[5838,32,3338,6380,1014,2057],"class_list":["post-419223","post","type-post","status-publish","format-standard","has-post-thumbnail","hentry","category-desporto","category-futebol","tag-cidade-do-futebol","tag-futebol","tag-futebol-internacional","tag-mexico","tag-portugal","tag-selecao-nacional"],"yoast_head":"<!-- This site is optimized with the Yoast SEO plugin v27.2 - https:\/\/yoast.com\/product\/yoast-seo-wordpress\/ -->\n<title>Portugal treina na Cidade do Futebol antes da viagem a Canc\u00fan - Portal Tela Portugal<\/title>\n<meta name=\"robots\" content=\"index, follow, max-snippet:-1, max-image-preview:large, max-video-preview:-1\" \/>\n<meta property=\"og:locale\" content=\"pt_PT\" \/>\n<meta property=\"og:type\" content=\"article\" \/>\n<meta property=\"og:title\" content=\"Portugal treina na Cidade do Futebol antes da viagem a Canc\u00fan - Portal Tela Portugal\" \/>\n<meta property=\"og:description\" content=\"A sele\u00e7\u00e3o portuguesa treina \u00e0s 10h30 na Cidade do Futebol, em Oeiras, antes de viajar para o M\u00e9xico. Ap\u00f3s o almo\u00e7o, a comitiva segue para Canc\u00fan, onde, no s\u00e1bado, defronta o M\u00e9xico num particular de prepara\u00e7\u00e3o para o Mundial 2026. A sess\u00e3o de treino de sexta-feira \u00e9 a \u00faltima em solo nacional neste est\u00e1gio de mar\u00e7o; os primeiros 15 minutos s\u00e3o abertos \u00e0 imprensa. A lista inicial de 27 jogadores ficou reduzida por les\u00f5es: Diogo Costa, Rodrigo Mora e Rafael Le\u00e3o ficam de fora; Ricardo Velho e Paulinho entram na comitiva; o capit\u00e3o Cristiano Ronaldo n\u00e3o estar\u00e1 dispon\u00edvel. Portugal ainda defronta os Estados Unidos a 31 de mar\u00e7o, em Atlanta; no Mundial 2026, a sele\u00e7\u00e3o est\u00e1 no Grupo K com Uzbequist\u00e3o, Col\u00f4mbia e um advers\u00e1rio por definir.\" \/>\n<meta property=\"og:url\" content=\"https:\/\/portaltela.pt\/noticias\/2026\/03\/24\/portugal-treina-na-cidade-do-futebol-antes-da-viagem-a-cancun\/\" \/>\n<meta property=\"og:site_name\" content=\"Portal Tela Portugal\" \/>\n<meta property=\"article:published_time\" content=\"2026-03-24T08:01:47+00:00\" \/>\n<meta name=\"author\" content=\"Telinha\" \/>\n<meta name=\"twitter:card\" content=\"summary_large_image\" \/>\n<meta name=\"twitter:label1\" content=\"Escrito por\" \/>\n\t<meta name=\"twitter:data1\" content=\"Telinha\" \/>\n\t<meta name=\"twitter:label2\" content=\"Tempo estimado de leitura\" \/>\n\t<meta name=\"twitter:data2\" content=\"1 minuto\" \/>\n<script type=\"application\/ld+json\" class=\"yoast-schema-graph\">{\"@context\":\"https:\/\/schema.org\",\"@graph\":[{\"@type\":\"Article\",\"@id\":\"https:\/\/portaltela.pt\/noticias\/2026\/03\/24\/portugal-treina-na-cidade-do-futebol-antes-da-viagem-a-cancun\/#article\",\"isPartOf\":{\"@id\":\"https:\/\/portaltela.pt\/noticias\/2026\/03\/24\/portugal-treina-na-cidade-do-futebol-antes-da-viagem-a-cancun\/\"},\"author\":{\"name\":\"Telinha\",\"@id\":\"https:\/\/portaltela.pt\/#\/schema\/person\/c4278d4a6028830caff9ee44b42d32ed\"},\"headline\":\"Portugal treina na Cidade do Futebol antes da viagem a Canc\u00fan\",\"datePublished\":\"2026-03-24T08:01:47+00:00\",\"mainEntityOfPage\":{\"@id\":\"https:\/\/portaltela.pt\/noticias\/2026\/03\/24\/portugal-treina-na-cidade-do-futebol-antes-da-viagem-a-cancun\/\"},\"wordCount\":233,\"image\":{\"@id\":\"https:\/\/portaltela.pt\/noticias\/2026\/03\/24\/portugal-treina-na-cidade-do-futebol-antes-da-viagem-a-cancun\/#primaryimage\"},\"thumbnailUrl\":\"https:\/\/portaltela.pt\/s.01k8rhncp4jt1\/2026\/03\/img_1500x1000uu2025-11-12-07-26-34-2247622.jpg\",\"keywords\":[\"Cidade do Futebol\",\"futebol\",\"futebol internacional\",\"M\u00e9xico\",\"Portugal\",\"Sele\u00e7\u00e3o Nacional\"],\"articleSection\":[\"Desporto\",\"Futebol\"],\"inLanguage\":\"pt-PT\"},{\"@type\":\"WebPage\",\"@id\":\"https:\/\/portaltela.pt\/noticias\/2026\/03\/24\/portugal-treina-na-cidade-do-futebol-antes-da-viagem-a-cancun\/\",\"url\":\"https:\/\/portaltela.pt\/noticias\/2026\/03\/24\/portugal-treina-na-cidade-do-futebol-antes-da-viagem-a-cancun\/\",\"name\":\"Portugal treina na Cidade do Futebol antes da viagem a Canc\u00fan - Portal Tela Portugal\",\"isPartOf\":{\"@id\":\"https:\/\/portaltela.pt\/#website\"},\"primaryImageOfPage\":{\"@id\":\"https:\/\/portaltela.pt\/noticias\/2026\/03\/24\/portugal-treina-na-cidade-do-futebol-antes-da-viagem-a-cancun\/#primaryimage\"},\"image\":{\"@id\":\"https:\/\/portaltela.pt\/noticias\/2026\/03\/24\/portugal-treina-na-cidade-do-futebol-antes-da-viagem-a-cancun\/#primaryimage\"},\"thumbnailUrl\":\"https:\/\/portaltela.pt\/s.01k8rhncp4jt1\/2026\/03\/img_1500x1000uu2025-11-12-07-26-34-2247622.jpg\",\"datePublished\":\"2026-03-24T08:01:47+00:00\",\"author\":{\"@id\":\"https:\/\/portaltela.pt\/#\/schema\/person\/c4278d4a6028830caff9ee44b42d32ed\"},\"breadcrumb\":{\"@id\":\"https:\/\/portaltela.pt\/noticias\/2026\/03\/24\/portugal-treina-na-cidade-do-futebol-antes-da-viagem-a-cancun\/#breadcrumb\"},\"inLanguage\":\"pt-PT\",\"potentialAction\":[{\"@type\":\"ReadAction\",\"target\":[\"https:\/\/portaltela.pt\/noticias\/2026\/03\/24\/portugal-treina-na-cidade-do-futebol-antes-da-viagem-a-cancun\/\"]}]},{\"@type\":\"ImageObject\",\"inLanguage\":\"pt-PT\",\"@id\":\"https:\/\/portaltela.pt\/noticias\/2026\/03\/24\/portugal-treina-na-cidade-do-futebol-antes-da-viagem-a-cancun\/#primaryimage\",\"url\":\"https:\/\/portaltela.pt\/s.01k8rhncp4jt1\/2026\/03\/img_1500x1000uu2025-11-12-07-26-34-2247622.jpg\",\"contentUrl\":\"https:\/\/portaltela.pt\/s.01k8rhncp4jt1\/2026\/03\/img_1500x1000uu2025-11-12-07-26-34-2247622.jpg\",\"width\":796,\"height\":448,\"caption\":\"Sele\u00e7\u00e3o portuguesa treina na Cidade do Futebol antes de viagem at\u00e9 Canc\u00fan\"},{\"@type\":\"BreadcrumbList\",\"@id\":\"https:\/\/portaltela.pt\/noticias\/2026\/03\/24\/portugal-treina-na-cidade-do-futebol-antes-da-viagem-a-cancun\/#breadcrumb\",\"itemListElement\":[{\"@type\":\"ListItem\",\"position\":1,\"name\":\"In\u00edcio\",\"item\":\"https:\/\/portaltela.pt\/\"},{\"@type\":\"ListItem\",\"position\":2,\"name\":\"Portugal treina na Cidade do Futebol antes da viagem a Canc\u00fan\"}]},{\"@type\":\"WebSite\",\"@id\":\"https:\/\/portaltela.pt\/#website\",\"url\":\"https:\/\/portaltela.pt\/\",\"name\":\"Portal Tela Portugal\",\"description\":\"\",\"potentialAction\":[{\"@type\":\"SearchAction\",\"target\":{\"@type\":\"EntryPoint\",\"urlTemplate\":\"https:\/\/portaltela.pt\/?s={search_term_string}\"},\"query-input\":{\"@type\":\"PropertyValueSpecification\",\"valueRequired\":true,\"valueName\":\"search_term_string\"}}],\"inLanguage\":\"pt-PT\"},{\"@type\":\"Person\",\"@id\":\"https:\/\/portaltela.pt\/#\/schema\/person\/c4278d4a6028830caff9ee44b42d32ed\",\"name\":\"Telinha\",\"image\":{\"@type\":\"ImageObject\",\"inLanguage\":\"pt-PT\",\"@id\":\"https:\/\/portaltela.pt\/s.01k8rhncp4jt1\/2025\/11\/talking-bot-125x125.png\",\"url\":\"https:\/\/portaltela.pt\/s.01k8rhncp4jt1\/2025\/11\/talking-bot-125x125.png\",\"contentUrl\":\"https:\/\/portaltela.pt\/s.01k8rhncp4jt1\/2025\/11\/talking-bot-125x125.png\",\"caption\":\"Telinha\"},\"sameAs\":[\"https:\/\/portaltela.pt\/\"],\"url\":\"https:\/\/portaltela.pt\/por\/367410592786\/\"}]}<\/script>\n<!-- \/ Yoast SEO plugin. -->","yoast_head_json":{"title":"Portugal treina na Cidade do Futebol antes da viagem a Canc\u00fan - Portal Tela Portugal","robots":{"index":"index","follow":"follow","max-snippet":"max-snippet:-1","max-image-preview":"max-image-preview:large","max-video-preview":"max-video-preview:-1"},"og_locale":"pt_PT","og_type":"article","og_title":"Portugal treina na Cidade do Futebol antes da viagem a Canc\u00fan - Portal Tela Portugal","og_description":"A sele\u00e7\u00e3o portuguesa treina \u00e0s 10h30 na Cidade do Futebol, em Oeiras, antes de viajar para o M\u00e9xico. Ap\u00f3s o almo\u00e7o, a comitiva segue para Canc\u00fan, onde, no s\u00e1bado, defronta o M\u00e9xico num particular de prepara\u00e7\u00e3o para o Mundial 2026. A sess\u00e3o de treino de sexta-feira \u00e9 a \u00faltima em solo nacional neste est\u00e1gio de mar\u00e7o; os primeiros 15 minutos s\u00e3o abertos \u00e0 imprensa. A lista inicial de 27 jogadores ficou reduzida por les\u00f5es: Diogo Costa, Rodrigo Mora e Rafael Le\u00e3o ficam de fora; Ricardo Velho e Paulinho entram na comitiva; o capit\u00e3o Cristiano Ronaldo n\u00e3o estar\u00e1 dispon\u00edvel. Portugal ainda defronta os Estados Unidos a 31 de mar\u00e7o, em Atlanta; no Mundial 2026, a sele\u00e7\u00e3o est\u00e1 no Grupo K com Uzbequist\u00e3o, Col\u00f4mbia e um advers\u00e1rio por definir.","og_url":"https:\/\/portaltela.pt\/noticias\/2026\/03\/24\/portugal-treina-na-cidade-do-futebol-antes-da-viagem-a-cancun\/","og_site_name":"Portal Tela Portugal","article_published_time":"2026-03-24T08:01:47+00:00","author":"Telinha","twitter_card":"summary_large_image","twitter_misc":{"Escrito por":"Telinha","Tempo estimado de leitura":"1 minuto"},"schema":{"@context":"https:\/\/schema.org","@graph":[{"@type":"Article","@id":"https:\/\/portaltela.pt\/noticias\/2026\/03\/24\/portugal-treina-na-cidade-do-futebol-antes-da-viagem-a-cancun\/#article","isPartOf":{"@id":"https:\/\/portaltela.pt\/noticias\/2026\/03\/24\/portugal-treina-na-cidade-do-futebol-antes-da-viagem-a-cancun\/"},"author":{"name":"Telinha","@id":"https:\/\/portaltela.pt\/#\/schema\/person\/c4278d4a6028830caff9ee44b42d32ed"},"headline":"Portugal treina na Cidade do Futebol antes da viagem a Canc\u00fan","datePublished":"2026-03-24T08:01:47+00:00","mainEntityOfPage":{"@id":"https:\/\/portaltela.pt\/noticias\/2026\/03\/24\/portugal-treina-na-cidade-do-futebol-antes-da-viagem-a-cancun\/"},"wordCount":233,"image":{"@id":"https:\/\/portaltela.pt\/noticias\/2026\/03\/24\/portugal-treina-na-cidade-do-futebol-antes-da-viagem-a-cancun\/#primaryimage"},"thumbnailUrl":"https:\/\/portaltela.pt\/s.01k8rhncp4jt1\/2026\/03\/img_1500x1000uu2025-11-12-07-26-34-2247622.jpg","keywords":["Cidade do Futebol","futebol","futebol internacional","M\u00e9xico","Portugal","Sele\u00e7\u00e3o Nacional"],"articleSection":["Desporto","Futebol"],"inLanguage":"pt-PT"},{"@type":"WebPage","@id":"https:\/\/portaltela.pt\/noticias\/2026\/03\/24\/portugal-treina-na-cidade-do-futebol-antes-da-viagem-a-cancun\/","url":"https:\/\/portaltela.pt\/noticias\/2026\/03\/24\/portugal-treina-na-cidade-do-futebol-antes-da-viagem-a-cancun\/","name":"Portugal treina na Cidade do Futebol antes da viagem a Canc\u00fan - Portal Tela Portugal","isPartOf":{"@id":"https:\/\/portaltela.pt\/#website"},"primaryImageOfPage":{"@id":"https:\/\/portaltela.pt\/noticias\/2026\/03\/24\/portugal-treina-na-cidade-do-futebol-antes-da-viagem-a-cancun\/#primaryimage"},"image":{"@id":"https:\/\/portaltela.pt\/noticias\/2026\/03\/24\/portugal-treina-na-cidade-do-futebol-antes-da-viagem-a-cancun\/#primaryimage"},"thumbnailUrl":"https:\/\/portaltela.pt\/s.01k8rhncp4jt1\/2026\/03\/img_1500x1000uu2025-11-12-07-26-34-2247622.jpg","datePublished":"2026-03-24T08:01:47+00:00","author":{"@id":"https:\/\/portaltela.pt\/#\/schema\/person\/c4278d4a6028830caff9ee44b42d32ed"},"breadcrumb":{"@id":"https:\/\/portaltela.pt\/noticias\/2026\/03\/24\/portugal-treina-na-cidade-do-futebol-antes-da-viagem-a-cancun\/#breadcrumb"},"inLanguage":"pt-PT","potentialAction":[{"@type":"ReadAction","target":["https:\/\/portaltela.pt\/noticias\/2026\/03\/24\/portugal-treina-na-cidade-do-futebol-antes-da-viagem-a-cancun\/"]}]},{"@type":"ImageObject","inLanguage":"pt-PT","@id":"https:\/\/portaltela.pt\/noticias\/2026\/03\/24\/portugal-treina-na-cidade-do-futebol-antes-da-viagem-a-cancun\/#primaryimage","url":"https:\/\/portaltela.pt\/s.01k8rhncp4jt1\/2026\/03\/img_1500x1000uu2025-11-12-07-26-34-2247622.jpg","contentUrl":"https:\/\/portaltela.pt\/s.01k8rhncp4jt1\/2026\/03\/img_1500x1000uu2025-11-12-07-26-34-2247622.jpg","width":796,"height":448,"caption":"Sele\u00e7\u00e3o portuguesa treina na Cidade do Futebol antes de viagem at\u00e9 Canc\u00fan"},{"@type":"BreadcrumbList","@id":"https:\/\/portaltela.pt\/noticias\/2026\/03\/24\/portugal-treina-na-cidade-do-futebol-antes-da-viagem-a-cancun\/#breadcrumb","itemListElement":[{"@type":"ListItem","position":1,"name":"In\u00edcio","item":"https:\/\/portaltela.pt\/"},{"@type":"ListItem","position":2,"name":"Portugal treina na Cidade do Futebol antes da viagem a Canc\u00fan"}]},{"@type":"WebSite","@id":"https:\/\/portaltela.pt\/#website","url":"https:\/\/portaltela.pt\/","name":"Portal Tela Portugal","description":"","potentialAction":[{"@type":"SearchAction","target":{"@type":"EntryPoint","urlTemplate":"https:\/\/portaltela.pt\/?s={search_term_string}"},"query-input":{"@type":"PropertyValueSpecification","valueRequired":true,"valueName":"search_term_string"}}],"inLanguage":"pt-PT"},{"@type":"Person","@id":"https:\/\/portaltela.pt\/#\/schema\/person\/c4278d4a6028830caff9ee44b42d32ed","name":"Telinha","image":{"@type":"ImageObject","inLanguage":"pt-PT","@id":"https:\/\/portaltela.pt\/s.01k8rhncp4jt1\/2025\/11\/talking-bot-125x125.png","url":"https:\/\/portaltela.pt\/s.01k8rhncp4jt1\/2025\/11\/talking-bot-125x125.png","contentUrl":"https:\/\/portaltela.pt\/s.01k8rhncp4jt1\/2025\/11\/talking-bot-125x125.png","caption":"Telinha"},"sameAs":["https:\/\/portaltela.pt\/"],"url":"https:\/\/portaltela.pt\/por\/367410592786\/"}]}},"_links":{"self":[{"href":"https:\/\/portaltela.pt\/api\/wp\/v2\/posts\/419223","targetHints":{"allow":["GET"]}}],"collection":[{"href":"https:\/\/portaltela.pt\/api\/wp\/v2\/posts"}],"about":[{"href":"https:\/\/portaltela.pt\/api\/wp\/v2\/types\/post"}],"author":[{"embeddable":true,"href":"https:\/\/portaltela.pt\/api\/wp\/v2\/users\/2"}],"replies":[{"embeddable":true,"href":"https:\/\/portaltela.pt\/api\/wp\/v2\/comments?post=419223"}],"version-history":[{"count":0,"href":"https:\/\/portaltela.pt\/api\/wp\/v2\/posts\/419223\/revisions"}],"wp:featuredmedia":[{"embeddable":true,"href":"https:\/\/portaltela.pt\/api\/wp\/v2\/media\/419224"}],"wp:attachment":[{"href":"https:\/\/portaltela.pt\/api\/wp\/v2\/media?parent=419223"}],"wp:term":[{"taxonomy":"category","embeddable":true,"href":"https:\/\/portaltela.pt\/api\/wp\/v2\/categories?post=419223"},{"taxonomy":"post_tag","embeddable":true,"href":"https:\/\/portaltela.pt\/api\/wp\/v2\/tags?post=419223"}],"curies":[{"name":"wp","href":"https:\/\/api.w.org\/{rel}","templated":true}]}}