{"id":419217,"date":"2026-03-24T04:35:00","date_gmt":"2026-03-24T07:35:00","guid":{"rendered":"https:\/\/portaltela.pt\/noticias\/2026\/03\/24\/8-mil-aposentados-brasileiros-em-portugal-recebem-13o-salario-em-abril-e-maio\/"},"modified":"2026-03-24T04:35:00","modified_gmt":"2026-03-24T07:35:00","slug":"8-mil-aposentados-brasileiros-em-portugal-recebem-13o-salario-em-abril-e-maio","status":"publish","type":"post","link":"https:\/\/portaltela.pt\/noticias\/economia\/2026\/03\/24\/8-mil-aposentados-brasileiros-em-portugal-recebem-13o-salario-em-abril-e-maio\/","title":{"rendered":"8 mil aposentados brasileiros em Portugal recebem 13\u00ba sal\u00e1rio em abril e maio"},"content":{"rendered":"<p>Quase 8 mil aposentados brasileiros em Portugal v\u00e3o receber o 13\u00ba sal\u00e1rio de forma antecipada. O pagamento envolve residentes em Portugal que recebem o benef\u00edcio do INSS e ser\u00e1 feito em duas parcelas, totalizando cerca de 2 milh\u00f5es de euros. A medida decorre do decreto 12.884, assinado pelo presidente Lula em 19 de mar\u00e7o.<\/p>\n<p>A primeira parcela, de 50% do valor bruto, ser\u00e1 creditada entre 24 de abril e 8 de maio. A segunda parte, com os impostos devidos, ficar\u00e1 dispon\u00edvel entre 25 de maio e 8 de junho. O acesso pode ser verificado no aplicativo Meu INSS.<\/p>\n<h3>Altera\u00e7\u00f5es tribut\u00e1rias para pensionistas no estrangeiro<\/h3>\n<p>O STF decidiu manter a tributa\u00e7\u00e3o progressiva sobre rendimentos de aposentados no exterior, vetando a cobran\u00e7a da al\u00edquota \u00fanica de 25%. Assim, passam a vigorar as regras j\u00e1 aplicadas aos benefici\u00e1rios no Brasil.<\/p>\n<p>Outra mudan\u00e7a relevante \u00e9 a isen\u00e7\u00e3o do Imposto de Renda para sal\u00e1rios at\u00e9 5 mil reais (806 euros) desde este ano. A maior parte dos aposentados no Brasil recebe um sal\u00e1rio m\u00ednimo, conforme dados oficiais, e o universo de benefici\u00e1rios soma 35,2 milh\u00f5es.<\/p>\n<h3>Impacto financeiro e contexto atual<\/h3>\n<p>O decreto visa oferecer al\u00edvio imediato em meio ao aumento dos pre\u00e7os, ainda influenciados por tens\u00f5es internacionais que afetam combust\u00edveis e cestas de consumo. Em Portugal, benefici\u00e1rios observam impactos diretos no or\u00e7amento familiar.<\/p>\n<p>Especialista em finan\u00e7as pessoais do Insper recomenda cautela: com a credibilidade de opera\u00e7\u00f5es j\u00e1 adotada, o momento exige controle de gastos e foco no essencial, dada a possibilidade de prolongamento de choques externos.<\/p>\n<h3>Considera\u00e7\u00f5es finais operacionais<\/h3>\n<p>O pagamento antecipado depende do t\u00edtulo do benef\u00edcio, com a confirma\u00e7\u00e3o dispon\u00edvel no aplicativo. A medida mant\u00e9m a previsibilidade para os pensionistas no estrangeiro, conforme anunciado pelo Minist\u00e9rio da Previd\u00eancia Social.<\/p>\n","protected":false},"excerpt":{"rendered":"<ul>\n<li>O decreto assinado pelo presidente em 19 de mar\u00e7o permite que quase 8 mil aposentados do INSS que residem em Portugal recebam o 13\u00ba sal\u00e1rio antecipado, totalizando cerca de 2 milh\u00f5es de euros.<\/li>\n<li>O 13\u00ba ser\u00e1 pago em duas parcelas: a primeira, entre 24 de abril e 8 de maio, corresponde a 50% do valor bruto; a segunda, entre 25 de maio e 8 de junho, fica sujeita aos impostos previstos em lei.<\/li>\n<li>Os pagamentos podem ser verificados no aplicativo Meu INSS.<\/li>\n<li>O STF decidiu pela aplica\u00e7\u00e3o de tributa\u00e7\u00e3o progressiva aos rendimentos de aposentados no exterior, retirando a cobran\u00e7a da al\u00edquota \u00fanica de 25%. Al\u00e9m disso, desde janeiro est\u00e1 em vigor a isen\u00e7\u00e3o do Imposto de Renda at\u00e9 R$ 5 mil (806 euros).<\/li>\n<li>A medida ocorre num contexto de alta nos pre\u00e7os, com efeitos esperados no bolso dos pensionistas em Portugal, que j\u00e1 t\u00eam h\u00e1bitos de ajuste or\u00e7amental.<\/li>\n<\/ul>\n","protected":false},"author":2,"featured_media":419221,"comment_status":"closed","ping_status":"closed","sticky":false,"template":"","format":"standard","meta":{"footnotes":""},"categories":[2,6850],"tags":[2547,28,712,3613,2205,1014],"class_list":["post-419217","post","type-post","status-publish","format-standard","has-post-thumbnail","hentry","category-economia","category-financas","tag-brasil","tag-economia","tag-imigracao","tag-impostos","tag-pensionistas","tag-portugal"],"yoast_head":"<!-- This site is optimized with the Yoast SEO plugin v27.2 - https:\/\/yoast.com\/product\/yoast-seo-wordpress\/ -->\n<title>8 mil aposentados brasileiros em Portugal recebem 13\u00ba sal\u00e1rio em abril e maio - Portal Tela Portugal<\/title>\n<meta name=\"robots\" content=\"index, follow, max-snippet:-1, max-image-preview:large, max-video-preview:-1\" \/>\n<meta property=\"og:locale\" content=\"pt_PT\" \/>\n<meta property=\"og:type\" content=\"article\" \/>\n<meta property=\"og:title\" content=\"8 mil aposentados brasileiros em Portugal recebem 13\u00ba sal\u00e1rio em abril e maio - Portal Tela Portugal\" \/>\n<meta property=\"og:description\" content=\"O decreto assinado pelo presidente em 19 de mar\u00e7o permite que quase 8 mil aposentados do INSS que residem em Portugal recebam o 13\u00ba sal\u00e1rio antecipado, totalizando cerca de 2 milh\u00f5es de euros. O 13\u00ba ser\u00e1 pago em duas parcelas: a primeira, entre 24 de abril e 8 de maio, corresponde a 50% do valor bruto; a segunda, entre 25 de maio e 8 de junho, fica sujeita aos impostos previstos em lei. Os pagamentos podem ser verificados no aplicativo Meu INSS. O STF decidiu pela aplica\u00e7\u00e3o de tributa\u00e7\u00e3o progressiva aos rendimentos de aposentados no exterior, retirando a cobran\u00e7a da al\u00edquota \u00fanica de 25%. Al\u00e9m disso, desde janeiro est\u00e1 em vigor a isen\u00e7\u00e3o do Imposto de Renda at\u00e9 R$ 5 mil (806 euros). A medida ocorre num contexto de alta nos pre\u00e7os, com efeitos esperados no bolso dos pensionistas em Portugal, que j\u00e1 t\u00eam h\u00e1bitos de ajuste or\u00e7amental.\" \/>\n<meta property=\"og:url\" content=\"https:\/\/portaltela.pt\/noticias\/2026\/03\/24\/8-mil-aposentados-brasileiros-em-portugal-recebem-13o-salario-em-abril-e-maio\/\" \/>\n<meta property=\"og:site_name\" content=\"Portal Tela Portugal\" \/>\n<meta property=\"article:published_time\" content=\"2026-03-24T07:35:00+00:00\" \/>\n<meta name=\"author\" content=\"Telinha\" \/>\n<meta name=\"twitter:card\" content=\"summary_large_image\" \/>\n<meta name=\"twitter:label1\" content=\"Escrito por\" \/>\n\t<meta name=\"twitter:data1\" content=\"Telinha\" \/>\n\t<meta name=\"twitter:label2\" content=\"Tempo estimado de leitura\" \/>\n\t<meta name=\"twitter:data2\" content=\"2 minutos\" \/>\n<script type=\"application\/ld+json\" class=\"yoast-schema-graph\">{\"@context\":\"https:\/\/schema.org\",\"@graph\":[{\"@type\":\"Article\",\"@id\":\"https:\/\/portaltela.pt\/noticias\/2026\/03\/24\/8-mil-aposentados-brasileiros-em-portugal-recebem-13o-salario-em-abril-e-maio\/#article\",\"isPartOf\":{\"@id\":\"https:\/\/portaltela.pt\/noticias\/2026\/03\/24\/8-mil-aposentados-brasileiros-em-portugal-recebem-13o-salario-em-abril-e-maio\/\"},\"author\":{\"name\":\"Telinha\",\"@id\":\"https:\/\/portaltela.pt\/#\/schema\/person\/c4278d4a6028830caff9ee44b42d32ed\"},\"headline\":\"8 mil aposentados brasileiros em Portugal recebem 13\u00ba sal\u00e1rio em abril e maio\",\"datePublished\":\"2026-03-24T07:35:00+00:00\",\"mainEntityOfPage\":{\"@id\":\"https:\/\/portaltela.pt\/noticias\/2026\/03\/24\/8-mil-aposentados-brasileiros-em-portugal-recebem-13o-salario-em-abril-e-maio\/\"},\"wordCount\":317,\"image\":{\"@id\":\"https:\/\/portaltela.pt\/noticias\/2026\/03\/24\/8-mil-aposentados-brasileiros-em-portugal-recebem-13o-salario-em-abril-e-maio\/#primaryimage\"},\"thumbnailUrl\":\"https:\/\/portaltela.pt\/s.01k8rhncp4jt1\/2026\/03\/2076447.jpg\",\"keywords\":[\"Brasil\",\"economia\",\"imigra\u00e7\u00e3o\",\"impostos\",\"pensionistas\",\"Portugal\"],\"articleSection\":[\"Economia\",\"Finan\u00e7as\"],\"inLanguage\":\"pt-PT\"},{\"@type\":\"WebPage\",\"@id\":\"https:\/\/portaltela.pt\/noticias\/2026\/03\/24\/8-mil-aposentados-brasileiros-em-portugal-recebem-13o-salario-em-abril-e-maio\/\",\"url\":\"https:\/\/portaltela.pt\/noticias\/2026\/03\/24\/8-mil-aposentados-brasileiros-em-portugal-recebem-13o-salario-em-abril-e-maio\/\",\"name\":\"8 mil aposentados brasileiros em Portugal recebem 13\u00ba sal\u00e1rio em abril e maio - Portal Tela Portugal\",\"isPartOf\":{\"@id\":\"https:\/\/portaltela.pt\/#website\"},\"primaryImageOfPage\":{\"@id\":\"https:\/\/portaltela.pt\/noticias\/2026\/03\/24\/8-mil-aposentados-brasileiros-em-portugal-recebem-13o-salario-em-abril-e-maio\/#primaryimage\"},\"image\":{\"@id\":\"https:\/\/portaltela.pt\/noticias\/2026\/03\/24\/8-mil-aposentados-brasileiros-em-portugal-recebem-13o-salario-em-abril-e-maio\/#primaryimage\"},\"thumbnailUrl\":\"https:\/\/portaltela.pt\/s.01k8rhncp4jt1\/2026\/03\/2076447.jpg\",\"datePublished\":\"2026-03-24T07:35:00+00:00\",\"author\":{\"@id\":\"https:\/\/portaltela.pt\/#\/schema\/person\/c4278d4a6028830caff9ee44b42d32ed\"},\"breadcrumb\":{\"@id\":\"https:\/\/portaltela.pt\/noticias\/2026\/03\/24\/8-mil-aposentados-brasileiros-em-portugal-recebem-13o-salario-em-abril-e-maio\/#breadcrumb\"},\"inLanguage\":\"pt-PT\",\"potentialAction\":[{\"@type\":\"ReadAction\",\"target\":[\"https:\/\/portaltela.pt\/noticias\/2026\/03\/24\/8-mil-aposentados-brasileiros-em-portugal-recebem-13o-salario-em-abril-e-maio\/\"]}]},{\"@type\":\"ImageObject\",\"inLanguage\":\"pt-PT\",\"@id\":\"https:\/\/portaltela.pt\/noticias\/2026\/03\/24\/8-mil-aposentados-brasileiros-em-portugal-recebem-13o-salario-em-abril-e-maio\/#primaryimage\",\"url\":\"https:\/\/portaltela.pt\/s.01k8rhncp4jt1\/2026\/03\/2076447.jpg\",\"contentUrl\":\"https:\/\/portaltela.pt\/s.01k8rhncp4jt1\/2026\/03\/2076447.jpg\",\"width\":796,\"height\":448,\"caption\":\"Aposentados e pensionistas do INSS que moram em Portugal receber\u00e3o 13\u00ba sal\u00e1rio antecipadamente em abril e maio\"},{\"@type\":\"BreadcrumbList\",\"@id\":\"https:\/\/portaltela.pt\/noticias\/2026\/03\/24\/8-mil-aposentados-brasileiros-em-portugal-recebem-13o-salario-em-abril-e-maio\/#breadcrumb\",\"itemListElement\":[{\"@type\":\"ListItem\",\"position\":1,\"name\":\"In\u00edcio\",\"item\":\"https:\/\/portaltela.pt\/\"},{\"@type\":\"ListItem\",\"position\":2,\"name\":\"8 mil aposentados brasileiros em Portugal recebem 13\u00ba sal\u00e1rio em abril e maio\"}]},{\"@type\":\"WebSite\",\"@id\":\"https:\/\/portaltela.pt\/#website\",\"url\":\"https:\/\/portaltela.pt\/\",\"name\":\"Portal Tela Portugal\",\"description\":\"\",\"potentialAction\":[{\"@type\":\"SearchAction\",\"target\":{\"@type\":\"EntryPoint\",\"urlTemplate\":\"https:\/\/portaltela.pt\/?s={search_term_string}\"},\"query-input\":{\"@type\":\"PropertyValueSpecification\",\"valueRequired\":true,\"valueName\":\"search_term_string\"}}],\"inLanguage\":\"pt-PT\"},{\"@type\":\"Person\",\"@id\":\"https:\/\/portaltela.pt\/#\/schema\/person\/c4278d4a6028830caff9ee44b42d32ed\",\"name\":\"Telinha\",\"image\":{\"@type\":\"ImageObject\",\"inLanguage\":\"pt-PT\",\"@id\":\"https:\/\/portaltela.pt\/s.01k8rhncp4jt1\/2025\/11\/talking-bot-125x125.png\",\"url\":\"https:\/\/portaltela.pt\/s.01k8rhncp4jt1\/2025\/11\/talking-bot-125x125.png\",\"contentUrl\":\"https:\/\/portaltela.pt\/s.01k8rhncp4jt1\/2025\/11\/talking-bot-125x125.png\",\"caption\":\"Telinha\"},\"sameAs\":[\"https:\/\/portaltela.pt\/\"],\"url\":\"https:\/\/portaltela.pt\/por\/367410592786\/\"}]}<\/script>\n<!-- \/ Yoast SEO plugin. -->","yoast_head_json":{"title":"8 mil aposentados brasileiros em Portugal recebem 13\u00ba sal\u00e1rio em abril e maio - Portal Tela Portugal","robots":{"index":"index","follow":"follow","max-snippet":"max-snippet:-1","max-image-preview":"max-image-preview:large","max-video-preview":"max-video-preview:-1"},"og_locale":"pt_PT","og_type":"article","og_title":"8 mil aposentados brasileiros em Portugal recebem 13\u00ba sal\u00e1rio em abril e maio - Portal Tela Portugal","og_description":"O decreto assinado pelo presidente em 19 de mar\u00e7o permite que quase 8 mil aposentados do INSS que residem em Portugal recebam o 13\u00ba sal\u00e1rio antecipado, totalizando cerca de 2 milh\u00f5es de euros. O 13\u00ba ser\u00e1 pago em duas parcelas: a primeira, entre 24 de abril e 8 de maio, corresponde a 50% do valor bruto; a segunda, entre 25 de maio e 8 de junho, fica sujeita aos impostos previstos em lei. Os pagamentos podem ser verificados no aplicativo Meu INSS. O STF decidiu pela aplica\u00e7\u00e3o de tributa\u00e7\u00e3o progressiva aos rendimentos de aposentados no exterior, retirando a cobran\u00e7a da al\u00edquota \u00fanica de 25%. Al\u00e9m disso, desde janeiro est\u00e1 em vigor a isen\u00e7\u00e3o do Imposto de Renda at\u00e9 R$ 5 mil (806 euros). A medida ocorre num contexto de alta nos pre\u00e7os, com efeitos esperados no bolso dos pensionistas em Portugal, que j\u00e1 t\u00eam h\u00e1bitos de ajuste or\u00e7amental.","og_url":"https:\/\/portaltela.pt\/noticias\/2026\/03\/24\/8-mil-aposentados-brasileiros-em-portugal-recebem-13o-salario-em-abril-e-maio\/","og_site_name":"Portal Tela Portugal","article_published_time":"2026-03-24T07:35:00+00:00","author":"Telinha","twitter_card":"summary_large_image","twitter_misc":{"Escrito por":"Telinha","Tempo estimado de leitura":"2 minutos"},"schema":{"@context":"https:\/\/schema.org","@graph":[{"@type":"Article","@id":"https:\/\/portaltela.pt\/noticias\/2026\/03\/24\/8-mil-aposentados-brasileiros-em-portugal-recebem-13o-salario-em-abril-e-maio\/#article","isPartOf":{"@id":"https:\/\/portaltela.pt\/noticias\/2026\/03\/24\/8-mil-aposentados-brasileiros-em-portugal-recebem-13o-salario-em-abril-e-maio\/"},"author":{"name":"Telinha","@id":"https:\/\/portaltela.pt\/#\/schema\/person\/c4278d4a6028830caff9ee44b42d32ed"},"headline":"8 mil aposentados brasileiros em Portugal recebem 13\u00ba sal\u00e1rio em abril e maio","datePublished":"2026-03-24T07:35:00+00:00","mainEntityOfPage":{"@id":"https:\/\/portaltela.pt\/noticias\/2026\/03\/24\/8-mil-aposentados-brasileiros-em-portugal-recebem-13o-salario-em-abril-e-maio\/"},"wordCount":317,"image":{"@id":"https:\/\/portaltela.pt\/noticias\/2026\/03\/24\/8-mil-aposentados-brasileiros-em-portugal-recebem-13o-salario-em-abril-e-maio\/#primaryimage"},"thumbnailUrl":"https:\/\/portaltela.pt\/s.01k8rhncp4jt1\/2026\/03\/2076447.jpg","keywords":["Brasil","economia","imigra\u00e7\u00e3o","impostos","pensionistas","Portugal"],"articleSection":["Economia","Finan\u00e7as"],"inLanguage":"pt-PT"},{"@type":"WebPage","@id":"https:\/\/portaltela.pt\/noticias\/2026\/03\/24\/8-mil-aposentados-brasileiros-em-portugal-recebem-13o-salario-em-abril-e-maio\/","url":"https:\/\/portaltela.pt\/noticias\/2026\/03\/24\/8-mil-aposentados-brasileiros-em-portugal-recebem-13o-salario-em-abril-e-maio\/","name":"8 mil aposentados brasileiros em Portugal recebem 13\u00ba sal\u00e1rio em abril e maio - Portal Tela Portugal","isPartOf":{"@id":"https:\/\/portaltela.pt\/#website"},"primaryImageOfPage":{"@id":"https:\/\/portaltela.pt\/noticias\/2026\/03\/24\/8-mil-aposentados-brasileiros-em-portugal-recebem-13o-salario-em-abril-e-maio\/#primaryimage"},"image":{"@id":"https:\/\/portaltela.pt\/noticias\/2026\/03\/24\/8-mil-aposentados-brasileiros-em-portugal-recebem-13o-salario-em-abril-e-maio\/#primaryimage"},"thumbnailUrl":"https:\/\/portaltela.pt\/s.01k8rhncp4jt1\/2026\/03\/2076447.jpg","datePublished":"2026-03-24T07:35:00+00:00","author":{"@id":"https:\/\/portaltela.pt\/#\/schema\/person\/c4278d4a6028830caff9ee44b42d32ed"},"breadcrumb":{"@id":"https:\/\/portaltela.pt\/noticias\/2026\/03\/24\/8-mil-aposentados-brasileiros-em-portugal-recebem-13o-salario-em-abril-e-maio\/#breadcrumb"},"inLanguage":"pt-PT","potentialAction":[{"@type":"ReadAction","target":["https:\/\/portaltela.pt\/noticias\/2026\/03\/24\/8-mil-aposentados-brasileiros-em-portugal-recebem-13o-salario-em-abril-e-maio\/"]}]},{"@type":"ImageObject","inLanguage":"pt-PT","@id":"https:\/\/portaltela.pt\/noticias\/2026\/03\/24\/8-mil-aposentados-brasileiros-em-portugal-recebem-13o-salario-em-abril-e-maio\/#primaryimage","url":"https:\/\/portaltela.pt\/s.01k8rhncp4jt1\/2026\/03\/2076447.jpg","contentUrl":"https:\/\/portaltela.pt\/s.01k8rhncp4jt1\/2026\/03\/2076447.jpg","width":796,"height":448,"caption":"Aposentados e pensionistas do INSS que moram em Portugal receber\u00e3o 13\u00ba sal\u00e1rio antecipadamente em abril e maio"},{"@type":"BreadcrumbList","@id":"https:\/\/portaltela.pt\/noticias\/2026\/03\/24\/8-mil-aposentados-brasileiros-em-portugal-recebem-13o-salario-em-abril-e-maio\/#breadcrumb","itemListElement":[{"@type":"ListItem","position":1,"name":"In\u00edcio","item":"https:\/\/portaltela.pt\/"},{"@type":"ListItem","position":2,"name":"8 mil aposentados brasileiros em Portugal recebem 13\u00ba sal\u00e1rio em abril e maio"}]},{"@type":"WebSite","@id":"https:\/\/portaltela.pt\/#website","url":"https:\/\/portaltela.pt\/","name":"Portal Tela Portugal","description":"","potentialAction":[{"@type":"SearchAction","target":{"@type":"EntryPoint","urlTemplate":"https:\/\/portaltela.pt\/?s={search_term_string}"},"query-input":{"@type":"PropertyValueSpecification","valueRequired":true,"valueName":"search_term_string"}}],"inLanguage":"pt-PT"},{"@type":"Person","@id":"https:\/\/portaltela.pt\/#\/schema\/person\/c4278d4a6028830caff9ee44b42d32ed","name":"Telinha","image":{"@type":"ImageObject","inLanguage":"pt-PT","@id":"https:\/\/portaltela.pt\/s.01k8rhncp4jt1\/2025\/11\/talking-bot-125x125.png","url":"https:\/\/portaltela.pt\/s.01k8rhncp4jt1\/2025\/11\/talking-bot-125x125.png","contentUrl":"https:\/\/portaltela.pt\/s.01k8rhncp4jt1\/2025\/11\/talking-bot-125x125.png","caption":"Telinha"},"sameAs":["https:\/\/portaltela.pt\/"],"url":"https:\/\/portaltela.pt\/por\/367410592786\/"}]}},"_links":{"self":[{"href":"https:\/\/portaltela.pt\/api\/wp\/v2\/posts\/419217","targetHints":{"allow":["GET"]}}],"collection":[{"href":"https:\/\/portaltela.pt\/api\/wp\/v2\/posts"}],"about":[{"href":"https:\/\/portaltela.pt\/api\/wp\/v2\/types\/post"}],"author":[{"embeddable":true,"href":"https:\/\/portaltela.pt\/api\/wp\/v2\/users\/2"}],"replies":[{"embeddable":true,"href":"https:\/\/portaltela.pt\/api\/wp\/v2\/comments?post=419217"}],"version-history":[{"count":0,"href":"https:\/\/portaltela.pt\/api\/wp\/v2\/posts\/419217\/revisions"}],"wp:featuredmedia":[{"embeddable":true,"href":"https:\/\/portaltela.pt\/api\/wp\/v2\/media\/419221"}],"wp:attachment":[{"href":"https:\/\/portaltela.pt\/api\/wp\/v2\/media?parent=419217"}],"wp:term":[{"taxonomy":"category","embeddable":true,"href":"https:\/\/portaltela.pt\/api\/wp\/v2\/categories?post=419217"},{"taxonomy":"post_tag","embeddable":true,"href":"https:\/\/portaltela.pt\/api\/wp\/v2\/tags?post=419217"}],"curies":[{"name":"wp","href":"https:\/\/api.w.org\/{rel}","templated":true}]}}