{"id":419194,"date":"2026-03-24T04:34:48","date_gmt":"2026-03-24T07:34:48","guid":{"rendered":"https:\/\/portaltela.pt\/noticias\/2026\/03\/24\/governo-ugt-e-patroes-reunem-se-novamente-para-alteracoes-a-lei-laboral\/"},"modified":"2026-03-24T04:34:48","modified_gmt":"2026-03-24T07:34:48","slug":"governo-ugt-e-patroes-reunem-se-novamente-para-alteracoes-a-lei-laboral","status":"publish","type":"post","link":"https:\/\/portaltela.pt\/noticias\/economia\/2026\/03\/24\/governo-ugt-e-patroes-reunem-se-novamente-para-alteracoes-a-lei-laboral\/","title":{"rendered":"Governo, UGT e patr\u00f5es re\u00fanem-se novamente para altera\u00e7\u00f5es \u00e0 lei laboral"},"content":{"rendered":"<p>O Governo voltou a reunir-se com a UGT e as quatro confedera\u00e7\u00f5es empresariais para discutirem altera\u00e7\u00f5es \u00e0 lei laboral. O encontro est\u00e1 marcado para as 9h00 de ter\u00e7a-feira, no Minist\u00e9rio do Trabalho, Solidariedade e Seguran\u00e7a Social, em Lisboa, sem a presen\u00e7a da CGTP.<\/p>\n<p>A reuni\u00e3o sucede ao contacto de semana passada entre Governo, UGT e patronais ap\u00f3s o apelo do Presidente da Rep\u00fablica. O objetivo \u00e9 perceber se h\u00e1 possibilidade de entendimento na Concerta\u00e7\u00e3o Social sobre o tema.<\/p>\n<p>No final do encontro de segunda-feira, houve confian\u00e7a na disponibilidade para chegar a um acordo em sede de Concerta\u00e7\u00e3o Social. A ministra do Trabalho afirmou que a proposta em discuss\u00e3o \u00e9 diferente da inicial, sem detalhar avan\u00e7os.<\/p>\n<p>O Governo tem promovido v\u00e1rias reuni\u00f5es t\u00e9cnicas com as quatro confedera\u00e7\u00f5es patronais e a UGT para discutir mais de 100 altera\u00e7\u00f5es \u00e0 lei laboral. A CGTP, que n\u00e3o \u00e9 chamada a estas reuni\u00f5es, est\u00e1 \u00e0 margem das negocia\u00e7\u00f5es.<\/p>\n<p>Desde a apresenta\u00e7\u00e3o do anteprojeto &#8220;Trabalho XXI&#8221; em 24 de julho de 2025, j\u00e1 houve mais de 50 reuni\u00f5es, com consenso em mais de 76 artigos, 24 deles propostos pela UGT, segundo uma fonte ligada ao processo.<\/p>\n<p>Entre as linhas vermelhas na mesa est\u00e3o restri\u00e7\u00f5es ao outsourcing, regresso do banco de horas, dura\u00e7\u00e3o dos contratos e reintegra\u00e7\u00e3o em caso de despedimento il\u00edcito. Estas mat\u00e9rias permanecem em debate.<\/p>\n<h3>Punto de viragem<\/h3>\n<p>A reuni\u00e3o pode ser decisiva para avaliar se h\u00e1 entendimento suficiente para fechar o texto em Concerta\u00e7\u00e3o Social antes da P\u00e1scoa. O Governo pretende submeter a proposta de lei \u00e0 Assembleia da Rep\u00fablica at\u00e9 ao final de abril, com ou sem acordo.<\/p>\n<p>Mesmo sem acordo, a ministra garantiu que os contributos dos parceiros sociais e da sociedade civil ser\u00e3o considerados no anteprojeto, que depois pode ser convertido em proposta de lei. A decis\u00e3o final depende ainda de uma plen\u00e1ria da Concerta\u00e7\u00e3o Social.<\/p>\n","protected":false},"excerpt":{"rendered":"<ul>\n<li>O Governo re\u00fane-se \u00e0s nove horas, em Lisboa, com a UGT e as quatro confedera\u00e7\u00f5es empresariais para discutir altera\u00e7\u00f5es \u00e0 lei laboral.<\/li>\n<li>A CGTP volta a n\u00e3o marcar presen\u00e7a no encontro.<\/li>\n<li>J\u00e1 ocorreram mais de cinquenta reuni\u00f5es desde julho de 2025; foram consensualizados setenta e seis artigos, com quarenta e quatro j\u00e1 propostos pela UGT (ou seja, mais de cento altera\u00e7\u00f5es previstas no anteprojeto).<\/li>\n<li>As linhas de negocia\u00e7\u00e3o incluem restri\u00e7\u00f5es ao outsourcing, o regresso do banco de horas, a dura\u00e7\u00e3o dos contratos e a reintegra\u00e7\u00e3o em caso de despedimento il\u00edcito.<\/li>\n<li>O Governo pretende concluir as negocia\u00e7\u00f5es antes da P\u00e1scoa e submeter a proposta \u00e0 Assembleia da Rep\u00fablica at\u00e9 ao final de abril, com a decis\u00e3o final dependente de uma reuni\u00e3o plen\u00e1ria da Concerta\u00e7\u00e3o Social. Se n\u00e3o houver acordo, ser\u00e3o considerados os contributos relevantes dos parceiros sociais.<\/li>\n<\/ul>\n","protected":false},"author":2,"featured_media":419199,"comment_status":"closed","ping_status":"closed","sticky":false,"template":"","format":"standard","meta":{"footnotes":""},"categories":[2,6871],"tags":[2431,6331,1125,5539,5463,2201],"class_list":["post-419194","post","type-post","status-publish","format-standard","has-post-thumbnail","hentry","category-economia","category-sociedade","tag-concertacao-social","tag-condicoes-de-trabalho","tag-contratos","tag-lei","tag-outsourcing","tag-trabalho"],"yoast_head":"<!-- This site is optimized with the Yoast SEO plugin v27.2 - https:\/\/yoast.com\/product\/yoast-seo-wordpress\/ -->\n<title>Governo, UGT e patr\u00f5es re\u00fanem-se novamente para altera\u00e7\u00f5es \u00e0 lei laboral - Portal Tela Portugal<\/title>\n<meta name=\"robots\" content=\"index, follow, max-snippet:-1, max-image-preview:large, max-video-preview:-1\" \/>\n<meta property=\"og:locale\" content=\"pt_PT\" \/>\n<meta property=\"og:type\" content=\"article\" \/>\n<meta property=\"og:title\" content=\"Governo, UGT e patr\u00f5es re\u00fanem-se novamente para altera\u00e7\u00f5es \u00e0 lei laboral - Portal Tela Portugal\" \/>\n<meta property=\"og:description\" content=\"O Governo re\u00fane-se \u00e0s nove horas, em Lisboa, com a UGT e as quatro confedera\u00e7\u00f5es empresariais para discutir altera\u00e7\u00f5es \u00e0 lei laboral. A CGTP volta a n\u00e3o marcar presen\u00e7a no encontro. J\u00e1 ocorreram mais de cinquenta reuni\u00f5es desde julho de 2025; foram consensualizados setenta e seis artigos, com quarenta e quatro j\u00e1 propostos pela UGT (ou seja, mais de cento altera\u00e7\u00f5es previstas no anteprojeto). As linhas de negocia\u00e7\u00e3o incluem restri\u00e7\u00f5es ao outsourcing, o regresso do banco de horas, a dura\u00e7\u00e3o dos contratos e a reintegra\u00e7\u00e3o em caso de despedimento il\u00edcito. O Governo pretende concluir as negocia\u00e7\u00f5es antes da P\u00e1scoa e submeter a proposta \u00e0 Assembleia da Rep\u00fablica at\u00e9 ao final de abril, com a decis\u00e3o final dependente de uma reuni\u00e3o plen\u00e1ria da Concerta\u00e7\u00e3o Social. Se n\u00e3o houver acordo, ser\u00e3o considerados os contributos relevantes dos parceiros sociais.\" \/>\n<meta property=\"og:url\" content=\"https:\/\/portaltela.pt\/noticias\/2026\/03\/24\/governo-ugt-e-patroes-reunem-se-novamente-para-alteracoes-a-lei-laboral\/\" \/>\n<meta property=\"og:site_name\" content=\"Portal Tela Portugal\" \/>\n<meta property=\"article:published_time\" content=\"2026-03-24T07:34:48+00:00\" \/>\n<meta name=\"author\" content=\"Telinha\" \/>\n<meta name=\"twitter:card\" content=\"summary_large_image\" \/>\n<meta name=\"twitter:label1\" content=\"Escrito por\" \/>\n\t<meta name=\"twitter:data1\" content=\"Telinha\" \/>\n\t<meta name=\"twitter:label2\" content=\"Tempo estimado de leitura\" \/>\n\t<meta name=\"twitter:data2\" content=\"2 minutos\" \/>\n<script type=\"application\/ld+json\" class=\"yoast-schema-graph\">{\"@context\":\"https:\/\/schema.org\",\"@graph\":[{\"@type\":\"Article\",\"@id\":\"https:\/\/portaltela.pt\/noticias\/2026\/03\/24\/governo-ugt-e-patroes-reunem-se-novamente-para-alteracoes-a-lei-laboral\/#article\",\"isPartOf\":{\"@id\":\"https:\/\/portaltela.pt\/noticias\/2026\/03\/24\/governo-ugt-e-patroes-reunem-se-novamente-para-alteracoes-a-lei-laboral\/\"},\"author\":{\"name\":\"Telinha\",\"@id\":\"https:\/\/portaltela.pt\/#\/schema\/person\/c4278d4a6028830caff9ee44b42d32ed\"},\"headline\":\"Governo, UGT e patr\u00f5es re\u00fanem-se novamente para altera\u00e7\u00f5es \u00e0 lei laboral\",\"datePublished\":\"2026-03-24T07:34:48+00:00\",\"mainEntityOfPage\":{\"@id\":\"https:\/\/portaltela.pt\/noticias\/2026\/03\/24\/governo-ugt-e-patroes-reunem-se-novamente-para-alteracoes-a-lei-laboral\/\"},\"wordCount\":343,\"image\":{\"@id\":\"https:\/\/portaltela.pt\/noticias\/2026\/03\/24\/governo-ugt-e-patroes-reunem-se-novamente-para-alteracoes-a-lei-laboral\/#primaryimage\"},\"thumbnailUrl\":\"https:\/\/portaltela.pt\/s.01k8rhncp4jt1\/2026\/03\/img_1280x721uu2026-01-13-15-56-52-2259882.jpg\",\"keywords\":[\"Concerta\u00e7\u00e3o Social\",\"condi\u00e7\u00f5es de trabalho\",\"contratos\",\"lei\",\"outsourcing\",\"trabalho\"],\"articleSection\":[\"Economia\",\"Sociedade\"],\"inLanguage\":\"pt-PT\"},{\"@type\":\"WebPage\",\"@id\":\"https:\/\/portaltela.pt\/noticias\/2026\/03\/24\/governo-ugt-e-patroes-reunem-se-novamente-para-alteracoes-a-lei-laboral\/\",\"url\":\"https:\/\/portaltela.pt\/noticias\/2026\/03\/24\/governo-ugt-e-patroes-reunem-se-novamente-para-alteracoes-a-lei-laboral\/\",\"name\":\"Governo, UGT e patr\u00f5es re\u00fanem-se novamente para altera\u00e7\u00f5es \u00e0 lei laboral - Portal Tela Portugal\",\"isPartOf\":{\"@id\":\"https:\/\/portaltela.pt\/#website\"},\"primaryImageOfPage\":{\"@id\":\"https:\/\/portaltela.pt\/noticias\/2026\/03\/24\/governo-ugt-e-patroes-reunem-se-novamente-para-alteracoes-a-lei-laboral\/#primaryimage\"},\"image\":{\"@id\":\"https:\/\/portaltela.pt\/noticias\/2026\/03\/24\/governo-ugt-e-patroes-reunem-se-novamente-para-alteracoes-a-lei-laboral\/#primaryimage\"},\"thumbnailUrl\":\"https:\/\/portaltela.pt\/s.01k8rhncp4jt1\/2026\/03\/img_1280x721uu2026-01-13-15-56-52-2259882.jpg\",\"datePublished\":\"2026-03-24T07:34:48+00:00\",\"author\":{\"@id\":\"https:\/\/portaltela.pt\/#\/schema\/person\/c4278d4a6028830caff9ee44b42d32ed\"},\"breadcrumb\":{\"@id\":\"https:\/\/portaltela.pt\/noticias\/2026\/03\/24\/governo-ugt-e-patroes-reunem-se-novamente-para-alteracoes-a-lei-laboral\/#breadcrumb\"},\"inLanguage\":\"pt-PT\",\"potentialAction\":[{\"@type\":\"ReadAction\",\"target\":[\"https:\/\/portaltela.pt\/noticias\/2026\/03\/24\/governo-ugt-e-patroes-reunem-se-novamente-para-alteracoes-a-lei-laboral\/\"]}]},{\"@type\":\"ImageObject\",\"inLanguage\":\"pt-PT\",\"@id\":\"https:\/\/portaltela.pt\/noticias\/2026\/03\/24\/governo-ugt-e-patroes-reunem-se-novamente-para-alteracoes-a-lei-laboral\/#primaryimage\",\"url\":\"https:\/\/portaltela.pt\/s.01k8rhncp4jt1\/2026\/03\/img_1280x721uu2026-01-13-15-56-52-2259882.jpg\",\"contentUrl\":\"https:\/\/portaltela.pt\/s.01k8rhncp4jt1\/2026\/03\/img_1280x721uu2026-01-13-15-56-52-2259882.jpg\",\"width\":796,\"height\":448,\"caption\":\"Governo, UGT e patr\u00f5es voltam a reunir-se sobre altera\u00e7\u00f5es \u00e0 lei laboral\"},{\"@type\":\"BreadcrumbList\",\"@id\":\"https:\/\/portaltela.pt\/noticias\/2026\/03\/24\/governo-ugt-e-patroes-reunem-se-novamente-para-alteracoes-a-lei-laboral\/#breadcrumb\",\"itemListElement\":[{\"@type\":\"ListItem\",\"position\":1,\"name\":\"In\u00edcio\",\"item\":\"https:\/\/portaltela.pt\/\"},{\"@type\":\"ListItem\",\"position\":2,\"name\":\"Governo, UGT e patr\u00f5es re\u00fanem-se novamente para altera\u00e7\u00f5es \u00e0 lei laboral\"}]},{\"@type\":\"WebSite\",\"@id\":\"https:\/\/portaltela.pt\/#website\",\"url\":\"https:\/\/portaltela.pt\/\",\"name\":\"Portal Tela Portugal\",\"description\":\"\",\"potentialAction\":[{\"@type\":\"SearchAction\",\"target\":{\"@type\":\"EntryPoint\",\"urlTemplate\":\"https:\/\/portaltela.pt\/?s={search_term_string}\"},\"query-input\":{\"@type\":\"PropertyValueSpecification\",\"valueRequired\":true,\"valueName\":\"search_term_string\"}}],\"inLanguage\":\"pt-PT\"},{\"@type\":\"Person\",\"@id\":\"https:\/\/portaltela.pt\/#\/schema\/person\/c4278d4a6028830caff9ee44b42d32ed\",\"name\":\"Telinha\",\"image\":{\"@type\":\"ImageObject\",\"inLanguage\":\"pt-PT\",\"@id\":\"https:\/\/portaltela.pt\/s.01k8rhncp4jt1\/2025\/11\/talking-bot-125x125.png\",\"url\":\"https:\/\/portaltela.pt\/s.01k8rhncp4jt1\/2025\/11\/talking-bot-125x125.png\",\"contentUrl\":\"https:\/\/portaltela.pt\/s.01k8rhncp4jt1\/2025\/11\/talking-bot-125x125.png\",\"caption\":\"Telinha\"},\"sameAs\":[\"https:\/\/portaltela.pt\/\"],\"url\":\"https:\/\/portaltela.pt\/por\/367410592786\/\"}]}<\/script>\n<!-- \/ Yoast SEO plugin. -->","yoast_head_json":{"title":"Governo, UGT e patr\u00f5es re\u00fanem-se novamente para altera\u00e7\u00f5es \u00e0 lei laboral - Portal Tela Portugal","robots":{"index":"index","follow":"follow","max-snippet":"max-snippet:-1","max-image-preview":"max-image-preview:large","max-video-preview":"max-video-preview:-1"},"og_locale":"pt_PT","og_type":"article","og_title":"Governo, UGT e patr\u00f5es re\u00fanem-se novamente para altera\u00e7\u00f5es \u00e0 lei laboral - Portal Tela Portugal","og_description":"O Governo re\u00fane-se \u00e0s nove horas, em Lisboa, com a UGT e as quatro confedera\u00e7\u00f5es empresariais para discutir altera\u00e7\u00f5es \u00e0 lei laboral. A CGTP volta a n\u00e3o marcar presen\u00e7a no encontro. J\u00e1 ocorreram mais de cinquenta reuni\u00f5es desde julho de 2025; foram consensualizados setenta e seis artigos, com quarenta e quatro j\u00e1 propostos pela UGT (ou seja, mais de cento altera\u00e7\u00f5es previstas no anteprojeto). As linhas de negocia\u00e7\u00e3o incluem restri\u00e7\u00f5es ao outsourcing, o regresso do banco de horas, a dura\u00e7\u00e3o dos contratos e a reintegra\u00e7\u00e3o em caso de despedimento il\u00edcito. O Governo pretende concluir as negocia\u00e7\u00f5es antes da P\u00e1scoa e submeter a proposta \u00e0 Assembleia da Rep\u00fablica at\u00e9 ao final de abril, com a decis\u00e3o final dependente de uma reuni\u00e3o plen\u00e1ria da Concerta\u00e7\u00e3o Social. Se n\u00e3o houver acordo, ser\u00e3o considerados os contributos relevantes dos parceiros sociais.","og_url":"https:\/\/portaltela.pt\/noticias\/2026\/03\/24\/governo-ugt-e-patroes-reunem-se-novamente-para-alteracoes-a-lei-laboral\/","og_site_name":"Portal Tela Portugal","article_published_time":"2026-03-24T07:34:48+00:00","author":"Telinha","twitter_card":"summary_large_image","twitter_misc":{"Escrito por":"Telinha","Tempo estimado de leitura":"2 minutos"},"schema":{"@context":"https:\/\/schema.org","@graph":[{"@type":"Article","@id":"https:\/\/portaltela.pt\/noticias\/2026\/03\/24\/governo-ugt-e-patroes-reunem-se-novamente-para-alteracoes-a-lei-laboral\/#article","isPartOf":{"@id":"https:\/\/portaltela.pt\/noticias\/2026\/03\/24\/governo-ugt-e-patroes-reunem-se-novamente-para-alteracoes-a-lei-laboral\/"},"author":{"name":"Telinha","@id":"https:\/\/portaltela.pt\/#\/schema\/person\/c4278d4a6028830caff9ee44b42d32ed"},"headline":"Governo, UGT e patr\u00f5es re\u00fanem-se novamente para altera\u00e7\u00f5es \u00e0 lei laboral","datePublished":"2026-03-24T07:34:48+00:00","mainEntityOfPage":{"@id":"https:\/\/portaltela.pt\/noticias\/2026\/03\/24\/governo-ugt-e-patroes-reunem-se-novamente-para-alteracoes-a-lei-laboral\/"},"wordCount":343,"image":{"@id":"https:\/\/portaltela.pt\/noticias\/2026\/03\/24\/governo-ugt-e-patroes-reunem-se-novamente-para-alteracoes-a-lei-laboral\/#primaryimage"},"thumbnailUrl":"https:\/\/portaltela.pt\/s.01k8rhncp4jt1\/2026\/03\/img_1280x721uu2026-01-13-15-56-52-2259882.jpg","keywords":["Concerta\u00e7\u00e3o Social","condi\u00e7\u00f5es de trabalho","contratos","lei","outsourcing","trabalho"],"articleSection":["Economia","Sociedade"],"inLanguage":"pt-PT"},{"@type":"WebPage","@id":"https:\/\/portaltela.pt\/noticias\/2026\/03\/24\/governo-ugt-e-patroes-reunem-se-novamente-para-alteracoes-a-lei-laboral\/","url":"https:\/\/portaltela.pt\/noticias\/2026\/03\/24\/governo-ugt-e-patroes-reunem-se-novamente-para-alteracoes-a-lei-laboral\/","name":"Governo, UGT e patr\u00f5es re\u00fanem-se novamente para altera\u00e7\u00f5es \u00e0 lei laboral - Portal Tela Portugal","isPartOf":{"@id":"https:\/\/portaltela.pt\/#website"},"primaryImageOfPage":{"@id":"https:\/\/portaltela.pt\/noticias\/2026\/03\/24\/governo-ugt-e-patroes-reunem-se-novamente-para-alteracoes-a-lei-laboral\/#primaryimage"},"image":{"@id":"https:\/\/portaltela.pt\/noticias\/2026\/03\/24\/governo-ugt-e-patroes-reunem-se-novamente-para-alteracoes-a-lei-laboral\/#primaryimage"},"thumbnailUrl":"https:\/\/portaltela.pt\/s.01k8rhncp4jt1\/2026\/03\/img_1280x721uu2026-01-13-15-56-52-2259882.jpg","datePublished":"2026-03-24T07:34:48+00:00","author":{"@id":"https:\/\/portaltela.pt\/#\/schema\/person\/c4278d4a6028830caff9ee44b42d32ed"},"breadcrumb":{"@id":"https:\/\/portaltela.pt\/noticias\/2026\/03\/24\/governo-ugt-e-patroes-reunem-se-novamente-para-alteracoes-a-lei-laboral\/#breadcrumb"},"inLanguage":"pt-PT","potentialAction":[{"@type":"ReadAction","target":["https:\/\/portaltela.pt\/noticias\/2026\/03\/24\/governo-ugt-e-patroes-reunem-se-novamente-para-alteracoes-a-lei-laboral\/"]}]},{"@type":"ImageObject","inLanguage":"pt-PT","@id":"https:\/\/portaltela.pt\/noticias\/2026\/03\/24\/governo-ugt-e-patroes-reunem-se-novamente-para-alteracoes-a-lei-laboral\/#primaryimage","url":"https:\/\/portaltela.pt\/s.01k8rhncp4jt1\/2026\/03\/img_1280x721uu2026-01-13-15-56-52-2259882.jpg","contentUrl":"https:\/\/portaltela.pt\/s.01k8rhncp4jt1\/2026\/03\/img_1280x721uu2026-01-13-15-56-52-2259882.jpg","width":796,"height":448,"caption":"Governo, UGT e patr\u00f5es voltam a reunir-se sobre altera\u00e7\u00f5es \u00e0 lei laboral"},{"@type":"BreadcrumbList","@id":"https:\/\/portaltela.pt\/noticias\/2026\/03\/24\/governo-ugt-e-patroes-reunem-se-novamente-para-alteracoes-a-lei-laboral\/#breadcrumb","itemListElement":[{"@type":"ListItem","position":1,"name":"In\u00edcio","item":"https:\/\/portaltela.pt\/"},{"@type":"ListItem","position":2,"name":"Governo, UGT e patr\u00f5es re\u00fanem-se novamente para altera\u00e7\u00f5es \u00e0 lei laboral"}]},{"@type":"WebSite","@id":"https:\/\/portaltela.pt\/#website","url":"https:\/\/portaltela.pt\/","name":"Portal Tela Portugal","description":"","potentialAction":[{"@type":"SearchAction","target":{"@type":"EntryPoint","urlTemplate":"https:\/\/portaltela.pt\/?s={search_term_string}"},"query-input":{"@type":"PropertyValueSpecification","valueRequired":true,"valueName":"search_term_string"}}],"inLanguage":"pt-PT"},{"@type":"Person","@id":"https:\/\/portaltela.pt\/#\/schema\/person\/c4278d4a6028830caff9ee44b42d32ed","name":"Telinha","image":{"@type":"ImageObject","inLanguage":"pt-PT","@id":"https:\/\/portaltela.pt\/s.01k8rhncp4jt1\/2025\/11\/talking-bot-125x125.png","url":"https:\/\/portaltela.pt\/s.01k8rhncp4jt1\/2025\/11\/talking-bot-125x125.png","contentUrl":"https:\/\/portaltela.pt\/s.01k8rhncp4jt1\/2025\/11\/talking-bot-125x125.png","caption":"Telinha"},"sameAs":["https:\/\/portaltela.pt\/"],"url":"https:\/\/portaltela.pt\/por\/367410592786\/"}]}},"_links":{"self":[{"href":"https:\/\/portaltela.pt\/api\/wp\/v2\/posts\/419194","targetHints":{"allow":["GET"]}}],"collection":[{"href":"https:\/\/portaltela.pt\/api\/wp\/v2\/posts"}],"about":[{"href":"https:\/\/portaltela.pt\/api\/wp\/v2\/types\/post"}],"author":[{"embeddable":true,"href":"https:\/\/portaltela.pt\/api\/wp\/v2\/users\/2"}],"replies":[{"embeddable":true,"href":"https:\/\/portaltela.pt\/api\/wp\/v2\/comments?post=419194"}],"version-history":[{"count":0,"href":"https:\/\/portaltela.pt\/api\/wp\/v2\/posts\/419194\/revisions"}],"wp:featuredmedia":[{"embeddable":true,"href":"https:\/\/portaltela.pt\/api\/wp\/v2\/media\/419199"}],"wp:attachment":[{"href":"https:\/\/portaltela.pt\/api\/wp\/v2\/media?parent=419194"}],"wp:term":[{"taxonomy":"category","embeddable":true,"href":"https:\/\/portaltela.pt\/api\/wp\/v2\/categories?post=419194"},{"taxonomy":"post_tag","embeddable":true,"href":"https:\/\/portaltela.pt\/api\/wp\/v2\/tags?post=419194"}],"curies":[{"name":"wp","href":"https:\/\/api.w.org\/{rel}","templated":true}]}}