{"id":419181,"date":"2026-03-24T04:00:00","date_gmt":"2026-03-24T07:00:00","guid":{"rendered":"https:\/\/portaltela.pt\/noticias\/2026\/03\/24\/tuberculose-atraso-de-mais-de-dois-meses-entre-sintomas-e-tratamento\/"},"modified":"2026-03-24T04:00:00","modified_gmt":"2026-03-24T07:00:00","slug":"tuberculose-atraso-de-mais-de-dois-meses-entre-sintomas-e-tratamento","status":"publish","type":"post","link":"https:\/\/portaltela.pt\/saude\/2026\/03\/24\/tuberculose-atraso-de-mais-de-dois-meses-entre-sintomas-e-tratamento\/","title":{"rendered":"Tuberculose: atraso de mais de dois meses entre sintomas e tratamento"},"content":{"rendered":"<p>Em 2024, Portugal registou 1536 casos de tuberculose, dos quais 1418 foram novos e 118 retratamentos. O diagn\u00f3stico tardio persiste como desafio, com a mediana entre os primeiros sintomas e o in\u00edcio do tratamento a ultrapassar os dois meses.<\/p>\n<p>A taxa de notifica\u00e7\u00e3o nacional foi de 14,3 casos por 100 mil habitantes, mantendo a trajet\u00f3ria descendente. No entanto, a taxa entre a popula\u00e7\u00e3o migrante divergiu, sendo 2,7 vezes superior \u00e0 m\u00e9dia nacional.<\/p>\n<h3>Dados por grupo e leitura de contexto<\/h3>\n<p>Segundo a Dire\u00e7\u00e3o-Geral da Sa\u00fade, o atraso no in\u00edcio do tratamento permanece uma preocupa\u00e7\u00e3o em termos de sa\u00fade p\u00fablica. As autoridades destacam a necessidade de estrat\u00e9gias para acelerar o diagn\u00f3stico e o acesso a tratamento, sem altera\u00e7\u00f5es na pr\u00e1tica cl\u00ednica.<\/p>\n<p>A divis\u00e3o por territ\u00f3rio e por tipologia de caso (novo vs retratamento) continua a orientar a\u00e7\u00f5es de vigil\u00e2ncia e de preven\u00e7\u00e3o, com foco em popula\u00e7\u00f5es de maior vulnerabilidade. As informa\u00e7\u00f5es oficiais visam fundamentar decis\u00f5es de pol\u00edticas p\u00fablicas na \u00e1rea da tuberculose.<\/p>\n","protected":false},"excerpt":{"rendered":"<ul>\n<li>Em 2024 foram notificados 1.536 casos de tuberculose em Portugal, dos quais 1.418 foram novos casos e 118 retratamentos.<\/li>\n<li>A mediana do tempo entre os primeiros sintomas e o in\u00edcio do tratamento em 2024 ultrapassou os dois meses.<\/li>\n<li>A taxa de notifica\u00e7\u00e3o nacional foi de 14,3 casos por cem mil habitantes, mantendo-se a trajet\u00f3ria descendente.<\/li>\n<li>Na popula\u00e7\u00e3o migrante, a taxa de notifica\u00e7\u00e3o foi 2,7 vezes superior \u00e0 m\u00e9dia nacional.<\/li>\n<li>O relat\u00f3rio \u00e9 da Dire\u00e7\u00e3o-Geral da Sa\u00fade, que acompanha o cen\u00e1rio da tuberculose no pa\u00eds.<\/li>\n<\/ul>\n","protected":false},"author":2,"featured_media":419185,"comment_status":"closed","ping_status":"closed","sticky":false,"template":"","format":"standard","meta":{"footnotes":""},"categories":[7371,6745],"tags":[61,6483,4684,1456,1014,271],"class_list":["post-419181","post","type-post","status-publish","format-standard","has-post-thumbnail","hentry","category-medicina","category-saude","tag-doencas","tag-doencas-infecciosas-e-parasitarias","tag-epidemiologia","tag-migracao","tag-portugal","tag-saude-publica"],"yoast_head":"<!-- This site is optimized with the Yoast SEO plugin v27.2 - https:\/\/yoast.com\/product\/yoast-seo-wordpress\/ -->\n<title>Tuberculose: atraso de mais de dois meses entre sintomas e tratamento - Portal Tela Portugal<\/title>\n<meta name=\"robots\" content=\"index, follow, max-snippet:-1, max-image-preview:large, max-video-preview:-1\" \/>\n<meta property=\"og:locale\" content=\"pt_PT\" \/>\n<meta property=\"og:type\" content=\"article\" \/>\n<meta property=\"og:title\" content=\"Tuberculose: atraso de mais de dois meses entre sintomas e tratamento - Portal Tela Portugal\" \/>\n<meta property=\"og:description\" content=\"Em 2024 foram notificados 1.536 casos de tuberculose em Portugal, dos quais 1.418 foram novos casos e 118 retratamentos. A mediana do tempo entre os primeiros sintomas e o in\u00edcio do tratamento em 2024 ultrapassou os dois meses. A taxa de notifica\u00e7\u00e3o nacional foi de 14,3 casos por cem mil habitantes, mantendo-se a trajet\u00f3ria descendente. Na popula\u00e7\u00e3o migrante, a taxa de notifica\u00e7\u00e3o foi 2,7 vezes superior \u00e0 m\u00e9dia nacional. O relat\u00f3rio \u00e9 da Dire\u00e7\u00e3o-Geral da Sa\u00fade, que acompanha o cen\u00e1rio da tuberculose no pa\u00eds.\" \/>\n<meta property=\"og:url\" content=\"https:\/\/portaltela.pt\/noticias\/2026\/03\/24\/tuberculose-atraso-de-mais-de-dois-meses-entre-sintomas-e-tratamento\/\" \/>\n<meta property=\"og:site_name\" content=\"Portal Tela Portugal\" \/>\n<meta property=\"article:published_time\" content=\"2026-03-24T07:00:00+00:00\" \/>\n<meta name=\"author\" content=\"Telinha\" \/>\n<meta name=\"twitter:card\" content=\"summary_large_image\" \/>\n<meta name=\"twitter:label1\" content=\"Escrito por\" \/>\n\t<meta name=\"twitter:data1\" content=\"Telinha\" \/>\n\t<meta name=\"twitter:label2\" content=\"Tempo estimado de leitura\" \/>\n\t<meta name=\"twitter:data2\" content=\"1 minuto\" \/>\n<script type=\"application\/ld+json\" class=\"yoast-schema-graph\">{\"@context\":\"https:\/\/schema.org\",\"@graph\":[{\"@type\":\"Article\",\"@id\":\"https:\/\/portaltela.pt\/noticias\/2026\/03\/24\/tuberculose-atraso-de-mais-de-dois-meses-entre-sintomas-e-tratamento\/#article\",\"isPartOf\":{\"@id\":\"https:\/\/portaltela.pt\/noticias\/2026\/03\/24\/tuberculose-atraso-de-mais-de-dois-meses-entre-sintomas-e-tratamento\/\"},\"author\":{\"name\":\"Telinha\",\"@id\":\"https:\/\/portaltela.pt\/#\/schema\/person\/c4278d4a6028830caff9ee44b42d32ed\"},\"headline\":\"Tuberculose: atraso de mais de dois meses entre sintomas e tratamento\",\"datePublished\":\"2026-03-24T07:00:00+00:00\",\"mainEntityOfPage\":{\"@id\":\"https:\/\/portaltela.pt\/noticias\/2026\/03\/24\/tuberculose-atraso-de-mais-de-dois-meses-entre-sintomas-e-tratamento\/\"},\"wordCount\":190,\"image\":{\"@id\":\"https:\/\/portaltela.pt\/noticias\/2026\/03\/24\/tuberculose-atraso-de-mais-de-dois-meses-entre-sintomas-e-tratamento\/#primaryimage\"},\"thumbnailUrl\":\"https:\/\/portaltela.pt\/s.01k8rhncp4jt1\/2026\/03\/2076316.jpg\",\"keywords\":[\"doen\u00e7as\",\"Doen\u00e7as infecciosas e parasit\u00e1rias\",\"epidemiologia\",\"migra\u00e7\u00e3o\",\"Portugal\",\"sa\u00fade p\u00fablica\"],\"articleSection\":[\"Medicina\",\"Sa\u00fade\"],\"inLanguage\":\"pt-PT\"},{\"@type\":\"WebPage\",\"@id\":\"https:\/\/portaltela.pt\/noticias\/2026\/03\/24\/tuberculose-atraso-de-mais-de-dois-meses-entre-sintomas-e-tratamento\/\",\"url\":\"https:\/\/portaltela.pt\/noticias\/2026\/03\/24\/tuberculose-atraso-de-mais-de-dois-meses-entre-sintomas-e-tratamento\/\",\"name\":\"Tuberculose: atraso de mais de dois meses entre sintomas e tratamento - Portal Tela Portugal\",\"isPartOf\":{\"@id\":\"https:\/\/portaltela.pt\/#website\"},\"primaryImageOfPage\":{\"@id\":\"https:\/\/portaltela.pt\/noticias\/2026\/03\/24\/tuberculose-atraso-de-mais-de-dois-meses-entre-sintomas-e-tratamento\/#primaryimage\"},\"image\":{\"@id\":\"https:\/\/portaltela.pt\/noticias\/2026\/03\/24\/tuberculose-atraso-de-mais-de-dois-meses-entre-sintomas-e-tratamento\/#primaryimage\"},\"thumbnailUrl\":\"https:\/\/portaltela.pt\/s.01k8rhncp4jt1\/2026\/03\/2076316.jpg\",\"datePublished\":\"2026-03-24T07:00:00+00:00\",\"author\":{\"@id\":\"https:\/\/portaltela.pt\/#\/schema\/person\/c4278d4a6028830caff9ee44b42d32ed\"},\"breadcrumb\":{\"@id\":\"https:\/\/portaltela.pt\/noticias\/2026\/03\/24\/tuberculose-atraso-de-mais-de-dois-meses-entre-sintomas-e-tratamento\/#breadcrumb\"},\"inLanguage\":\"pt-PT\",\"potentialAction\":[{\"@type\":\"ReadAction\",\"target\":[\"https:\/\/portaltela.pt\/noticias\/2026\/03\/24\/tuberculose-atraso-de-mais-de-dois-meses-entre-sintomas-e-tratamento\/\"]}]},{\"@type\":\"ImageObject\",\"inLanguage\":\"pt-PT\",\"@id\":\"https:\/\/portaltela.pt\/noticias\/2026\/03\/24\/tuberculose-atraso-de-mais-de-dois-meses-entre-sintomas-e-tratamento\/#primaryimage\",\"url\":\"https:\/\/portaltela.pt\/s.01k8rhncp4jt1\/2026\/03\/2076316.jpg\",\"contentUrl\":\"https:\/\/portaltela.pt\/s.01k8rhncp4jt1\/2026\/03\/2076316.jpg\",\"width\":796,\"height\":448,\"caption\":\"A realiza\u00e7\u00e3o de um raio X \u00e9 um dos exames que fazem parte do rastreio \u00e0 tuberculose\"},{\"@type\":\"BreadcrumbList\",\"@id\":\"https:\/\/portaltela.pt\/noticias\/2026\/03\/24\/tuberculose-atraso-de-mais-de-dois-meses-entre-sintomas-e-tratamento\/#breadcrumb\",\"itemListElement\":[{\"@type\":\"ListItem\",\"position\":1,\"name\":\"In\u00edcio\",\"item\":\"https:\/\/portaltela.pt\/\"},{\"@type\":\"ListItem\",\"position\":2,\"name\":\"Tuberculose: atraso de mais de dois meses entre sintomas e tratamento\"}]},{\"@type\":\"WebSite\",\"@id\":\"https:\/\/portaltela.pt\/#website\",\"url\":\"https:\/\/portaltela.pt\/\",\"name\":\"Portal Tela Portugal\",\"description\":\"\",\"potentialAction\":[{\"@type\":\"SearchAction\",\"target\":{\"@type\":\"EntryPoint\",\"urlTemplate\":\"https:\/\/portaltela.pt\/?s={search_term_string}\"},\"query-input\":{\"@type\":\"PropertyValueSpecification\",\"valueRequired\":true,\"valueName\":\"search_term_string\"}}],\"inLanguage\":\"pt-PT\"},{\"@type\":\"Person\",\"@id\":\"https:\/\/portaltela.pt\/#\/schema\/person\/c4278d4a6028830caff9ee44b42d32ed\",\"name\":\"Telinha\",\"image\":{\"@type\":\"ImageObject\",\"inLanguage\":\"pt-PT\",\"@id\":\"https:\/\/portaltela.pt\/s.01k8rhncp4jt1\/2025\/11\/talking-bot-125x125.png\",\"url\":\"https:\/\/portaltela.pt\/s.01k8rhncp4jt1\/2025\/11\/talking-bot-125x125.png\",\"contentUrl\":\"https:\/\/portaltela.pt\/s.01k8rhncp4jt1\/2025\/11\/talking-bot-125x125.png\",\"caption\":\"Telinha\"},\"sameAs\":[\"https:\/\/portaltela.pt\/\"],\"url\":\"https:\/\/portaltela.pt\/por\/367410592786\/\"}]}<\/script>\n<!-- \/ Yoast SEO plugin. -->","yoast_head_json":{"title":"Tuberculose: atraso de mais de dois meses entre sintomas e tratamento - Portal Tela Portugal","robots":{"index":"index","follow":"follow","max-snippet":"max-snippet:-1","max-image-preview":"max-image-preview:large","max-video-preview":"max-video-preview:-1"},"og_locale":"pt_PT","og_type":"article","og_title":"Tuberculose: atraso de mais de dois meses entre sintomas e tratamento - Portal Tela Portugal","og_description":"Em 2024 foram notificados 1.536 casos de tuberculose em Portugal, dos quais 1.418 foram novos casos e 118 retratamentos. A mediana do tempo entre os primeiros sintomas e o in\u00edcio do tratamento em 2024 ultrapassou os dois meses. A taxa de notifica\u00e7\u00e3o nacional foi de 14,3 casos por cem mil habitantes, mantendo-se a trajet\u00f3ria descendente. Na popula\u00e7\u00e3o migrante, a taxa de notifica\u00e7\u00e3o foi 2,7 vezes superior \u00e0 m\u00e9dia nacional. O relat\u00f3rio \u00e9 da Dire\u00e7\u00e3o-Geral da Sa\u00fade, que acompanha o cen\u00e1rio da tuberculose no pa\u00eds.","og_url":"https:\/\/portaltela.pt\/noticias\/2026\/03\/24\/tuberculose-atraso-de-mais-de-dois-meses-entre-sintomas-e-tratamento\/","og_site_name":"Portal Tela Portugal","article_published_time":"2026-03-24T07:00:00+00:00","author":"Telinha","twitter_card":"summary_large_image","twitter_misc":{"Escrito por":"Telinha","Tempo estimado de leitura":"1 minuto"},"schema":{"@context":"https:\/\/schema.org","@graph":[{"@type":"Article","@id":"https:\/\/portaltela.pt\/noticias\/2026\/03\/24\/tuberculose-atraso-de-mais-de-dois-meses-entre-sintomas-e-tratamento\/#article","isPartOf":{"@id":"https:\/\/portaltela.pt\/noticias\/2026\/03\/24\/tuberculose-atraso-de-mais-de-dois-meses-entre-sintomas-e-tratamento\/"},"author":{"name":"Telinha","@id":"https:\/\/portaltela.pt\/#\/schema\/person\/c4278d4a6028830caff9ee44b42d32ed"},"headline":"Tuberculose: atraso de mais de dois meses entre sintomas e tratamento","datePublished":"2026-03-24T07:00:00+00:00","mainEntityOfPage":{"@id":"https:\/\/portaltela.pt\/noticias\/2026\/03\/24\/tuberculose-atraso-de-mais-de-dois-meses-entre-sintomas-e-tratamento\/"},"wordCount":190,"image":{"@id":"https:\/\/portaltela.pt\/noticias\/2026\/03\/24\/tuberculose-atraso-de-mais-de-dois-meses-entre-sintomas-e-tratamento\/#primaryimage"},"thumbnailUrl":"https:\/\/portaltela.pt\/s.01k8rhncp4jt1\/2026\/03\/2076316.jpg","keywords":["doen\u00e7as","Doen\u00e7as infecciosas e parasit\u00e1rias","epidemiologia","migra\u00e7\u00e3o","Portugal","sa\u00fade p\u00fablica"],"articleSection":["Medicina","Sa\u00fade"],"inLanguage":"pt-PT"},{"@type":"WebPage","@id":"https:\/\/portaltela.pt\/noticias\/2026\/03\/24\/tuberculose-atraso-de-mais-de-dois-meses-entre-sintomas-e-tratamento\/","url":"https:\/\/portaltela.pt\/noticias\/2026\/03\/24\/tuberculose-atraso-de-mais-de-dois-meses-entre-sintomas-e-tratamento\/","name":"Tuberculose: atraso de mais de dois meses entre sintomas e tratamento - Portal Tela Portugal","isPartOf":{"@id":"https:\/\/portaltela.pt\/#website"},"primaryImageOfPage":{"@id":"https:\/\/portaltela.pt\/noticias\/2026\/03\/24\/tuberculose-atraso-de-mais-de-dois-meses-entre-sintomas-e-tratamento\/#primaryimage"},"image":{"@id":"https:\/\/portaltela.pt\/noticias\/2026\/03\/24\/tuberculose-atraso-de-mais-de-dois-meses-entre-sintomas-e-tratamento\/#primaryimage"},"thumbnailUrl":"https:\/\/portaltela.pt\/s.01k8rhncp4jt1\/2026\/03\/2076316.jpg","datePublished":"2026-03-24T07:00:00+00:00","author":{"@id":"https:\/\/portaltela.pt\/#\/schema\/person\/c4278d4a6028830caff9ee44b42d32ed"},"breadcrumb":{"@id":"https:\/\/portaltela.pt\/noticias\/2026\/03\/24\/tuberculose-atraso-de-mais-de-dois-meses-entre-sintomas-e-tratamento\/#breadcrumb"},"inLanguage":"pt-PT","potentialAction":[{"@type":"ReadAction","target":["https:\/\/portaltela.pt\/noticias\/2026\/03\/24\/tuberculose-atraso-de-mais-de-dois-meses-entre-sintomas-e-tratamento\/"]}]},{"@type":"ImageObject","inLanguage":"pt-PT","@id":"https:\/\/portaltela.pt\/noticias\/2026\/03\/24\/tuberculose-atraso-de-mais-de-dois-meses-entre-sintomas-e-tratamento\/#primaryimage","url":"https:\/\/portaltela.pt\/s.01k8rhncp4jt1\/2026\/03\/2076316.jpg","contentUrl":"https:\/\/portaltela.pt\/s.01k8rhncp4jt1\/2026\/03\/2076316.jpg","width":796,"height":448,"caption":"A realiza\u00e7\u00e3o de um raio X \u00e9 um dos exames que fazem parte do rastreio \u00e0 tuberculose"},{"@type":"BreadcrumbList","@id":"https:\/\/portaltela.pt\/noticias\/2026\/03\/24\/tuberculose-atraso-de-mais-de-dois-meses-entre-sintomas-e-tratamento\/#breadcrumb","itemListElement":[{"@type":"ListItem","position":1,"name":"In\u00edcio","item":"https:\/\/portaltela.pt\/"},{"@type":"ListItem","position":2,"name":"Tuberculose: atraso de mais de dois meses entre sintomas e tratamento"}]},{"@type":"WebSite","@id":"https:\/\/portaltela.pt\/#website","url":"https:\/\/portaltela.pt\/","name":"Portal Tela Portugal","description":"","potentialAction":[{"@type":"SearchAction","target":{"@type":"EntryPoint","urlTemplate":"https:\/\/portaltela.pt\/?s={search_term_string}"},"query-input":{"@type":"PropertyValueSpecification","valueRequired":true,"valueName":"search_term_string"}}],"inLanguage":"pt-PT"},{"@type":"Person","@id":"https:\/\/portaltela.pt\/#\/schema\/person\/c4278d4a6028830caff9ee44b42d32ed","name":"Telinha","image":{"@type":"ImageObject","inLanguage":"pt-PT","@id":"https:\/\/portaltela.pt\/s.01k8rhncp4jt1\/2025\/11\/talking-bot-125x125.png","url":"https:\/\/portaltela.pt\/s.01k8rhncp4jt1\/2025\/11\/talking-bot-125x125.png","contentUrl":"https:\/\/portaltela.pt\/s.01k8rhncp4jt1\/2025\/11\/talking-bot-125x125.png","caption":"Telinha"},"sameAs":["https:\/\/portaltela.pt\/"],"url":"https:\/\/portaltela.pt\/por\/367410592786\/"}]}},"_links":{"self":[{"href":"https:\/\/portaltela.pt\/api\/wp\/v2\/posts\/419181","targetHints":{"allow":["GET"]}}],"collection":[{"href":"https:\/\/portaltela.pt\/api\/wp\/v2\/posts"}],"about":[{"href":"https:\/\/portaltela.pt\/api\/wp\/v2\/types\/post"}],"author":[{"embeddable":true,"href":"https:\/\/portaltela.pt\/api\/wp\/v2\/users\/2"}],"replies":[{"embeddable":true,"href":"https:\/\/portaltela.pt\/api\/wp\/v2\/comments?post=419181"}],"version-history":[{"count":0,"href":"https:\/\/portaltela.pt\/api\/wp\/v2\/posts\/419181\/revisions"}],"wp:featuredmedia":[{"embeddable":true,"href":"https:\/\/portaltela.pt\/api\/wp\/v2\/media\/419185"}],"wp:attachment":[{"href":"https:\/\/portaltela.pt\/api\/wp\/v2\/media?parent=419181"}],"wp:term":[{"taxonomy":"category","embeddable":true,"href":"https:\/\/portaltela.pt\/api\/wp\/v2\/categories?post=419181"},{"taxonomy":"post_tag","embeddable":true,"href":"https:\/\/portaltela.pt\/api\/wp\/v2\/tags?post=419181"}],"curies":[{"name":"wp","href":"https:\/\/api.w.org\/{rel}","templated":true}]}}